{"id":70534,"date":"2021-02-03T12:54:14","date_gmt":"2021-02-03T11:54:14","guid":{"rendered":"https:\/\/www.copealcoy.es\/?p=70534"},"modified":"2021-02-03T13:04:47","modified_gmt":"2021-02-03T12:04:47","slug":"el-pp-presentara-una-mocion-para-reprobar-al-alcalde-por-huir-de-alcoy-en-plena-pandemia","status":"publish","type":"post","link":"https:\/\/www.copealcoy.es\/es\/el-pp-presentara-una-mocion-para-reprobar-al-alcalde-por-huir-de-alcoy-en-plena-pandemia\/","title":{"rendered":"El PP presentar\u00e1 una moci\u00f3n para reprobar al alcalde por huir de Alcoy en plena pandemia"},"content":{"rendered":"<p style=\"text-align: justify;\">El<strong> Partido Popular de Alcoy<\/strong> plantear\u00e1 <strong>una moci\u00f3n<\/strong> en el pr\u00f3ximo pleno para que<strong> la Corporaci\u00f3n Municipal repruebe al alcalde<\/strong>, Antonio Franc\u00e9s, despu\u00e9s de que este <strong>se viese envuelto en la pol\u00e9mica<\/strong> el pasado fin de semana. Todo ello <strong>al haberse trasladado a su segunda residencia ubicada en Pen\u00e1guila<\/strong> y en pleno cierre perimetral de la ciudad, un hecho que <a href=\"https:\/\/www.copealcoy.es\/acusan-al-alcalde-de-saltarse-el-cierre-perimetral-y-este-alega-un-cambio-de-domicilio-a-penaguila\/\"><span style=\"color: #0000ff;\"><strong>sali\u00f3 a la luz por la geolocalizaci\u00f3n de un tuit<\/strong><\/span><\/a> que hizo el primer edil y que llev\u00f3 a Franc\u00e9s a<a href=\"https:\/\/www.copealcoy.es\/frances-pide-disculpas-y-anuncia-su-regreso-a-alcoy\/\"><span style=\"color: #0000ff;\"><strong> tener que pedir disculpas<\/strong><\/span><\/a> en la ma\u00f1ana del lunes.<\/p>\n<p style=\"text-align: justify;\"><strong>Quique Ruiz<\/strong>, portavoz de los populares alcoyanos, detalla que <strong>esta moci\u00f3n se presenta para garantizar el cumplimiento del principio de ejemplaridad<\/strong> que debe regir a todos los componentes de la Corporaci\u00f3n Local. Adem\u00e1s insiste en que<strong> la actitud del alcalde es totalmente reprobable<\/strong> <em>&#8220;es exigible a la primera autoridad municipal una actitud ejemplar, especialmente en un momento en el que la ciudad sufr\u00eda sus peores cifras de contagios y destacaba tristemente con la peor tasa de casos de Covid-19 en toda Espa\u00f1a. Esta moci\u00f3n se propone al margen de que el hecho concreto del regreso del alcalde a su segunda residencia el domingo, 31 de enero, tras un acto celebrado en Alcoy, pueda constituir una infracci\u00f3n administrativa por vulnerar las limitaciones de movilidad decretadas por el Gobierno valenciano, lo que deber\u00e1n determinar, en su caso, los organismos competentes. Nos encontramos ante una conducta censurable por parte del alcalde, que con su comportamiento irresponsable va en contra de la ejemplaridad que los alcoyanos esperan de sus responsables pol\u00edticos<\/em>&#8220;, afirma el portavoz popular.<\/p>\n<p style=\"text-align: justify;\">La moci\u00f3n que presentar\u00e1 el PP de Alcoy se a\u00f1ade a <a href=\"https:\/\/www.copealcoy.es\/el-pp-pide-que-se-le-aplique-al-alcalde-el-regimen-sancionador-previsto-contra-quienes-incumplan-el-confinamiento-perimetral\/\"><strong><span style=\"color: #0000ff;\">la denuncia presentada por los populares de la provincia de Alicante<\/span><\/strong><\/a> anunciada ayer. En esta \u00faltima <strong>se pide a la Generalitat Valenciana que aplique al alcalde el r\u00e9gimen sancionador previsto<\/strong> contra quienes incumplen el confinamiento perimetral.<\/p>\n","protected":false},"excerpt":{"rendered":"<p>El Partido Popular de Alcoy plantear\u00e1 una moci\u00f3n en el pr\u00f3ximo pleno para que la Corporaci\u00f3n Municipal repruebe al alcalde,&#8230;<\/p>\n","protected":false},"author":1,"featured_media":51196,"comment_status":"open","ping_status":"open","sticky":false,"template":"","format":"standard","meta":{"footnotes":""},"categories":[97,75,79],"tags":[388,10268,1402,448,660,10753],"class_list":["post-70534","post","type-post","status-publish","format-standard","has-post-thumbnail","hentry","category-alcoy","category-noticias","category-politicayeconomia","tag-alcalde","tag-cierre-perimetral","tag-mocion","tag-partido-popular","tag-penaguila","tag-reprobacion"],"yoast_head":"<!-- This site is optimized with the Yoast SEO plugin v27.3 - https:\/\/yoast.com\/product\/yoast-seo-wordpress\/ -->\n<title>El PP presentar\u00e1 una moci\u00f3n para reprobar al alcalde por huir de Alcoy en plena pandemia - COPE Alcoy<\/title>\n<meta name=\"robots\" content=\"index, follow, max-snippet:-1, max-image-preview:large, max-video-preview:-1\" \/>\n<link rel=\"canonical\" href=\"https:\/\/www.copealcoy.es\/es\/el-pp-presentara-una-mocion-para-reprobar-al-alcalde-por-huir-de-alcoy-en-plena-pandemia\/\" \/>\n<meta property=\"og:locale\" content=\"es_ES\" \/>\n<meta property=\"og:type\" content=\"article\" \/>\n<meta property=\"og:title\" content=\"El PP presentar\u00e1 una moci\u00f3n para reprobar al alcalde por huir de Alcoy en plena pandemia - COPE Alcoy\" \/>\n<meta property=\"og:description\" content=\"El Partido Popular de Alcoy plantear\u00e1 una moci\u00f3n en el pr\u00f3ximo pleno para que la Corporaci\u00f3n Municipal repruebe al alcalde,...\" \/>\n<meta property=\"og:url\" content=\"https:\/\/www.copealcoy.es\/es\/el-pp-presentara-una-mocion-para-reprobar-al-alcalde-por-huir-de-alcoy-en-plena-pandemia\/\" \/>\n<meta property=\"og:site_name\" content=\"COPE Alcoy\" \/>\n<meta property=\"article:published_time\" content=\"2021-02-03T11:54:14+00:00\" \/>\n<meta property=\"article:modified_time\" content=\"2021-02-03T12:04:47+00:00\" \/>\n<meta property=\"og:image\" content=\"https:\/\/www.copealcoy.es\/wp-content\/uploads\/2019\/05\/IMG_8339-e1558449043277-1-scaled.jpg\" \/>\n\t<meta property=\"og:image:width\" content=\"2560\" \/>\n\t<meta property=\"og:image:height\" content=\"1547\" \/>\n\t<meta property=\"og:image:type\" content=\"image\/jpeg\" \/>\n<meta name=\"author\" content=\"Cope Alcoy\" \/>\n<meta name=\"twitter:label1\" content=\"Escrito por\" \/>\n\t<meta name=\"twitter:data1\" content=\"Cope Alcoy\" \/>\n\t<meta name=\"twitter:label2\" content=\"Tiempo de lectura\" \/>\n\t<meta name=\"twitter:data2\" content=\"2 minutos\" \/>\n<script type=\"application\/ld+json\" class=\"yoast-schema-graph\">{\"@context\":\"https:\\\/\\\/schema.org\",\"@graph\":[{\"@type\":\"Article\",\"@id\":\"https:\\\/\\\/www.copealcoy.es\\\/es\\\/el-pp-presentara-una-mocion-para-reprobar-al-alcalde-por-huir-de-alcoy-en-plena-pandemia\\\/#article\",\"isPartOf\":{\"@id\":\"https:\\\/\\\/www.copealcoy.es\\\/es\\\/el-pp-presentara-una-mocion-para-reprobar-al-alcalde-por-huir-de-alcoy-en-plena-pandemia\\\/\"},\"author\":{\"name\":\"Cope Alcoy\",\"@id\":\"https:\\\/\\\/www.copealcoy.es\\\/es\\\/#\\\/schema\\\/person\\\/e777c87fa024e57d40170af9df39882c\"},\"headline\":\"El PP presentar\u00e1 una moci\u00f3n para reprobar al alcalde por huir de Alcoy en plena pandemia\",\"datePublished\":\"2021-02-03T11:54:14+00:00\",\"dateModified\":\"2021-02-03T12:04:47+00:00\",\"mainEntityOfPage\":{\"@id\":\"https:\\\/\\\/www.copealcoy.es\\\/es\\\/el-pp-presentara-una-mocion-para-reprobar-al-alcalde-por-huir-de-alcoy-en-plena-pandemia\\\/\"},\"wordCount\":346,\"commentCount\":0,\"image\":{\"@id\":\"https:\\\/\\\/www.copealcoy.es\\\/es\\\/el-pp-presentara-una-mocion-para-reprobar-al-alcalde-por-huir-de-alcoy-en-plena-pandemia\\\/#primaryimage\"},\"thumbnailUrl\":\"https:\\\/\\\/www.copealcoy.es\\\/wp-content\\\/uploads\\\/2019\\\/05\\\/IMG_8339-e1558449043277-1-scaled.jpg\",\"keywords\":[\"Alcalde\",\"cierre perimetral\",\"moci\u00f3n\",\"Partido Popular\",\"Penaguila\",\"reprobaci\u00f3n\"],\"articleSection\":[\"Alcoy\",\"Noticias\",\"Pol\u00edtica y Econom\u00eda\"],\"inLanguage\":\"es\"},{\"@type\":\"WebPage\",\"@id\":\"https:\\\/\\\/www.copealcoy.es\\\/es\\\/el-pp-presentara-una-mocion-para-reprobar-al-alcalde-por-huir-de-alcoy-en-plena-pandemia\\\/\",\"url\":\"https:\\\/\\\/www.copealcoy.es\\\/es\\\/el-pp-presentara-una-mocion-para-reprobar-al-alcalde-por-huir-de-alcoy-en-plena-pandemia\\\/\",\"name\":\"El PP presentar\u00e1 una moci\u00f3n para reprobar al alcalde por huir de Alcoy en plena pandemia - COPE Alcoy\",\"isPartOf\":{\"@id\":\"https:\\\/\\\/www.copealcoy.es\\\/es\\\/#website\"},\"primaryImageOfPage\":{\"@id\":\"https:\\\/\\\/www.copealcoy.es\\\/es\\\/el-pp-presentara-una-mocion-para-reprobar-al-alcalde-por-huir-de-alcoy-en-plena-pandemia\\\/#primaryimage\"},\"image\":{\"@id\":\"https:\\\/\\\/www.copealcoy.es\\\/es\\\/el-pp-presentara-una-mocion-para-reprobar-al-alcalde-por-huir-de-alcoy-en-plena-pandemia\\\/#primaryimage\"},\"thumbnailUrl\":\"https:\\\/\\\/www.copealcoy.es\\\/wp-content\\\/uploads\\\/2019\\\/05\\\/IMG_8339-e1558449043277-1-scaled.jpg\",\"datePublished\":\"2021-02-03T11:54:14+00:00\",\"dateModified\":\"2021-02-03T12:04:47+00:00\",\"author\":{\"@id\":\"https:\\\/\\\/www.copealcoy.es\\\/es\\\/#\\\/schema\\\/person\\\/e777c87fa024e57d40170af9df39882c\"},\"breadcrumb\":{\"@id\":\"https:\\\/\\\/www.copealcoy.es\\\/es\\\/el-pp-presentara-una-mocion-para-reprobar-al-alcalde-por-huir-de-alcoy-en-plena-pandemia\\\/#breadcrumb\"},\"inLanguage\":\"es\",\"potentialAction\":[{\"@type\":\"ReadAction\",\"target\":[\"https:\\\/\\\/www.copealcoy.es\\\/es\\\/el-pp-presentara-una-mocion-para-reprobar-al-alcalde-por-huir-de-alcoy-en-plena-pandemia\\\/\"]}]},{\"@type\":\"ImageObject\",\"inLanguage\":\"es\",\"@id\":\"https:\\\/\\\/www.copealcoy.es\\\/es\\\/el-pp-presentara-una-mocion-para-reprobar-al-alcalde-por-huir-de-alcoy-en-plena-pandemia\\\/#primaryimage\",\"url\":\"https:\\\/\\\/www.copealcoy.es\\\/wp-content\\\/uploads\\\/2019\\\/05\\\/IMG_8339-e1558449043277-1-scaled.jpg\",\"contentUrl\":\"https:\\\/\\\/www.copealcoy.es\\\/wp-content\\\/uploads\\\/2019\\\/05\\\/IMG_8339-e1558449043277-1-scaled.jpg\",\"width\":2560,\"height\":1547,\"caption\":\"Quique Ruiz en su entrevista en #LaMa\u00f1anaEnAlcoy de este martes\"},{\"@type\":\"BreadcrumbList\",\"@id\":\"https:\\\/\\\/www.copealcoy.es\\\/es\\\/el-pp-presentara-una-mocion-para-reprobar-al-alcalde-por-huir-de-alcoy-en-plena-pandemia\\\/#breadcrumb\",\"itemListElement\":[{\"@type\":\"ListItem\",\"position\":1,\"name\":\"Portada\",\"item\":\"https:\\\/\\\/www.copealcoy.es\\\/es\\\/\"},{\"@type\":\"ListItem\",\"position\":2,\"name\":\"El PP presentar\u00e1 una moci\u00f3n para reprobar al alcalde por huir de Alcoy en plena pandemia\"}]},{\"@type\":\"WebSite\",\"@id\":\"https:\\\/\\\/www.copealcoy.es\\\/es\\\/#website\",\"url\":\"https:\\\/\\\/www.copealcoy.es\\\/es\\\/\",\"name\":\"COPE Alcoy\",\"description\":\"Emisora COPE de radio local con emisi\u00f3n online. Pont de Sant Jordi 8-10 03803 Alcoy\",\"potentialAction\":[{\"@type\":\"SearchAction\",\"target\":{\"@type\":\"EntryPoint\",\"urlTemplate\":\"https:\\\/\\\/www.copealcoy.es\\\/es\\\/?s={search_term_string}\"},\"query-input\":{\"@type\":\"PropertyValueSpecification\",\"valueRequired\":true,\"valueName\":\"search_term_string\"}}],\"inLanguage\":\"es\"},{\"@type\":\"Person\",\"@id\":\"https:\\\/\\\/www.copealcoy.es\\\/es\\\/#\\\/schema\\\/person\\\/e777c87fa024e57d40170af9df39882c\",\"name\":\"Cope Alcoy\",\"image\":{\"@type\":\"ImageObject\",\"inLanguage\":\"es\",\"@id\":\"https:\\\/\\\/secure.gravatar.com\\\/avatar\\\/bb65d0283347e303893ba14f0692005417c1e0e690a325a4c5d8bb2b3943ee14?s=96&d=mm&r=g\",\"url\":\"https:\\\/\\\/secure.gravatar.com\\\/avatar\\\/bb65d0283347e303893ba14f0692005417c1e0e690a325a4c5d8bb2b3943ee14?s=96&d=mm&r=g\",\"contentUrl\":\"https:\\\/\\\/secure.gravatar.com\\\/avatar\\\/bb65d0283347e303893ba14f0692005417c1e0e690a325a4c5d8bb2b3943ee14?s=96&d=mm&r=g\",\"caption\":\"Cope Alcoy\"}}]}<\/script>\n<!-- \/ Yoast SEO plugin. -->","yoast_head_json":{"title":"El PP presentar\u00e1 una moci\u00f3n para reprobar al alcalde por huir de Alcoy en plena pandemia - COPE Alcoy","robots":{"index":"index","follow":"follow","max-snippet":"max-snippet:-1","max-image-preview":"max-image-preview:large","max-video-preview":"max-video-preview:-1"},"canonical":"https:\/\/www.copealcoy.es\/es\/el-pp-presentara-una-mocion-para-reprobar-al-alcalde-por-huir-de-alcoy-en-plena-pandemia\/","og_locale":"es_ES","og_type":"article","og_title":"El PP presentar\u00e1 una moci\u00f3n para reprobar al alcalde por huir de Alcoy en plena pandemia - COPE Alcoy","og_description":"El Partido Popular de Alcoy plantear\u00e1 una moci\u00f3n en el pr\u00f3ximo pleno para que la Corporaci\u00f3n Municipal repruebe al alcalde,...","og_url":"https:\/\/www.copealcoy.es\/es\/el-pp-presentara-una-mocion-para-reprobar-al-alcalde-por-huir-de-alcoy-en-plena-pandemia\/","og_site_name":"COPE Alcoy","article_published_time":"2021-02-03T11:54:14+00:00","article_modified_time":"2021-02-03T12:04:47+00:00","og_image":[{"width":2560,"height":1547,"url":"https:\/\/www.copealcoy.es\/wp-content\/uploads\/2019\/05\/IMG_8339-e1558449043277-1-scaled.jpg","type":"image\/jpeg"}],"author":"Cope Alcoy","twitter_misc":{"Escrito por":"Cope Alcoy","Tiempo de lectura":"2 minutos"},"schema":{"@context":"https:\/\/schema.org","@graph":[{"@type":"Article","@id":"https:\/\/www.copealcoy.es\/es\/el-pp-presentara-una-mocion-para-reprobar-al-alcalde-por-huir-de-alcoy-en-plena-pandemia\/#article","isPartOf":{"@id":"https:\/\/www.copealcoy.es\/es\/el-pp-presentara-una-mocion-para-reprobar-al-alcalde-por-huir-de-alcoy-en-plena-pandemia\/"},"author":{"name":"Cope Alcoy","@id":"https:\/\/www.copealcoy.es\/es\/#\/schema\/person\/e777c87fa024e57d40170af9df39882c"},"headline":"El PP presentar\u00e1 una moci\u00f3n para reprobar al alcalde por huir de Alcoy en plena pandemia","datePublished":"2021-02-03T11:54:14+00:00","dateModified":"2021-02-03T12:04:47+00:00","mainEntityOfPage":{"@id":"https:\/\/www.copealcoy.es\/es\/el-pp-presentara-una-mocion-para-reprobar-al-alcalde-por-huir-de-alcoy-en-plena-pandemia\/"},"wordCount":346,"commentCount":0,"image":{"@id":"https:\/\/www.copealcoy.es\/es\/el-pp-presentara-una-mocion-para-reprobar-al-alcalde-por-huir-de-alcoy-en-plena-pandemia\/#primaryimage"},"thumbnailUrl":"https:\/\/www.copealcoy.es\/wp-content\/uploads\/2019\/05\/IMG_8339-e1558449043277-1-scaled.jpg","keywords":["Alcalde","cierre perimetral","moci\u00f3n","Partido Popular","Penaguila","reprobaci\u00f3n"],"articleSection":["Alcoy","Noticias","Pol\u00edtica y Econom\u00eda"],"inLanguage":"es"},{"@type":"WebPage","@id":"https:\/\/www.copealcoy.es\/es\/el-pp-presentara-una-mocion-para-reprobar-al-alcalde-por-huir-de-alcoy-en-plena-pandemia\/","url":"https:\/\/www.copealcoy.es\/es\/el-pp-presentara-una-mocion-para-reprobar-al-alcalde-por-huir-de-alcoy-en-plena-pandemia\/","name":"El PP presentar\u00e1 una moci\u00f3n para reprobar al alcalde por huir de Alcoy en plena pandemia - COPE Alcoy","isPartOf":{"@id":"https:\/\/www.copealcoy.es\/es\/#website"},"primaryImageOfPage":{"@id":"https:\/\/www.copealcoy.es\/es\/el-pp-presentara-una-mocion-para-reprobar-al-alcalde-por-huir-de-alcoy-en-plena-pandemia\/#primaryimage"},"image":{"@id":"https:\/\/www.copealcoy.es\/es\/el-pp-presentara-una-mocion-para-reprobar-al-alcalde-por-huir-de-alcoy-en-plena-pandemia\/#primaryimage"},"thumbnailUrl":"https:\/\/www.copealcoy.es\/wp-content\/uploads\/2019\/05\/IMG_8339-e1558449043277-1-scaled.jpg","datePublished":"2021-02-03T11:54:14+00:00","dateModified":"2021-02-03T12:04:47+00:00","author":{"@id":"https:\/\/www.copealcoy.es\/es\/#\/schema\/person\/e777c87fa024e57d40170af9df39882c"},"breadcrumb":{"@id":"https:\/\/www.copealcoy.es\/es\/el-pp-presentara-una-mocion-para-reprobar-al-alcalde-por-huir-de-alcoy-en-plena-pandemia\/#breadcrumb"},"inLanguage":"es","potentialAction":[{"@type":"ReadAction","target":["https:\/\/www.copealcoy.es\/es\/el-pp-presentara-una-mocion-para-reprobar-al-alcalde-por-huir-de-alcoy-en-plena-pandemia\/"]}]},{"@type":"ImageObject","inLanguage":"es","@id":"https:\/\/www.copealcoy.es\/es\/el-pp-presentara-una-mocion-para-reprobar-al-alcalde-por-huir-de-alcoy-en-plena-pandemia\/#primaryimage","url":"https:\/\/www.copealcoy.es\/wp-content\/uploads\/2019\/05\/IMG_8339-e1558449043277-1-scaled.jpg","contentUrl":"https:\/\/www.copealcoy.es\/wp-content\/uploads\/2019\/05\/IMG_8339-e1558449043277-1-scaled.jpg","width":2560,"height":1547,"caption":"Quique Ruiz en su entrevista en #LaMa\u00f1anaEnAlcoy de este martes"},{"@type":"BreadcrumbList","@id":"https:\/\/www.copealcoy.es\/es\/el-pp-presentara-una-mocion-para-reprobar-al-alcalde-por-huir-de-alcoy-en-plena-pandemia\/#breadcrumb","itemListElement":[{"@type":"ListItem","position":1,"name":"Portada","item":"https:\/\/www.copealcoy.es\/es\/"},{"@type":"ListItem","position":2,"name":"El PP presentar\u00e1 una moci\u00f3n para reprobar al alcalde por huir de Alcoy en plena pandemia"}]},{"@type":"WebSite","@id":"https:\/\/www.copealcoy.es\/es\/#website","url":"https:\/\/www.copealcoy.es\/es\/","name":"COPE Alcoy","description":"Emisora COPE de radio local con emisi\u00f3n online. Pont de Sant Jordi 8-10 03803 Alcoy","potentialAction":[{"@type":"SearchAction","target":{"@type":"EntryPoint","urlTemplate":"https:\/\/www.copealcoy.es\/es\/?s={search_term_string}"},"query-input":{"@type":"PropertyValueSpecification","valueRequired":true,"valueName":"search_term_string"}}],"inLanguage":"es"},{"@type":"Person","@id":"https:\/\/www.copealcoy.es\/es\/#\/schema\/person\/e777c87fa024e57d40170af9df39882c","name":"Cope Alcoy","image":{"@type":"ImageObject","inLanguage":"es","@id":"https:\/\/secure.gravatar.com\/avatar\/bb65d0283347e303893ba14f0692005417c1e0e690a325a4c5d8bb2b3943ee14?s=96&d=mm&r=g","url":"https:\/\/secure.gravatar.com\/avatar\/bb65d0283347e303893ba14f0692005417c1e0e690a325a4c5d8bb2b3943ee14?s=96&d=mm&r=g","contentUrl":"https:\/\/secure.gravatar.com\/avatar\/bb65d0283347e303893ba14f0692005417c1e0e690a325a4c5d8bb2b3943ee14?s=96&d=mm&r=g","caption":"Cope Alcoy"}}]}},"_links":{"self":[{"href":"https:\/\/www.copealcoy.es\/es\/wp-json\/wp\/v2\/posts\/70534","targetHints":{"allow":["GET"]}}],"collection":[{"href":"https:\/\/www.copealcoy.es\/es\/wp-json\/wp\/v2\/posts"}],"about":[{"href":"https:\/\/www.copealcoy.es\/es\/wp-json\/wp\/v2\/types\/post"}],"author":[{"embeddable":true,"href":"https:\/\/www.copealcoy.es\/es\/wp-json\/wp\/v2\/users\/1"}],"replies":[{"embeddable":true,"href":"https:\/\/www.copealcoy.es\/es\/wp-json\/wp\/v2\/comments?post=70534"}],"version-history":[{"count":0,"href":"https:\/\/www.copealcoy.es\/es\/wp-json\/wp\/v2\/posts\/70534\/revisions"}],"wp:featuredmedia":[{"embeddable":true,"href":"https:\/\/www.copealcoy.es\/es\/wp-json\/wp\/v2\/media\/51196"}],"wp:attachment":[{"href":"https:\/\/www.copealcoy.es\/es\/wp-json\/wp\/v2\/media?parent=70534"}],"wp:term":[{"taxonomy":"category","embeddable":true,"href":"https:\/\/www.copealcoy.es\/es\/wp-json\/wp\/v2\/categories?post=70534"},{"taxonomy":"post_tag","embeddable":true,"href":"https:\/\/www.copealcoy.es\/es\/wp-json\/wp\/v2\/tags?post=70534"}],"curies":[{"name":"wp","href":"https:\/\/api.w.org\/{rel}","templated":true}]}}