{"id":70529,"date":"2021-02-03T12:47:36","date_gmt":"2021-02-03T11:47:36","guid":{"rendered":"https:\/\/www.copealcoy.es\/?p=70529"},"modified":"2021-02-03T12:53:17","modified_gmt":"2021-02-03T11:53:17","slug":"puig-descarta-flexibilizar-las-restricciones-por-coronavirus-en-la-comunitat","status":"publish","type":"post","link":"https:\/\/www.copealcoy.es\/es\/puig-descarta-flexibilizar-las-restricciones-por-coronavirus-en-la-comunitat\/","title":{"rendered":"Puig descarta flexibilizar las restricciones por Coronavirus en la Comunitat"},"content":{"rendered":"<p style=\"text-align: justify;\"><strong>El President de la Generalitat, Ximo Puig,<\/strong>\u00a0ha manifestado que\u00a0<strong>no es el momento de flexibilizar medidas anticovid ni bajar los brazos<\/strong>, sino todo lo contrario, de intensificar &#8220;<em>el trabajo conjunto<\/em>&#8221; de las instituciones y la sociedad, y ha pedido que a la hora de tomar decisiones hay que pensar en el conjunto.<\/p>\n<p style=\"text-align: justify;\">Puig, sobre las nuevas medidas aprobadas por la Comunidad de Madrid para la hosteler\u00eda, ha se\u00f1alado que <strong>cada uno debe adoptar las decisiones que considera oportuno en funci\u00f3n de su responsabilidad<\/strong> y \u00e9l considera que la pandemia est\u00e1 en &#8220;<em>una situaci\u00f3n extremadamente complicada<\/em>&#8221; en la Comunitat Valenciana y en el conjunto de Espa\u00f1a.<\/p>\n<p style=\"text-align: justify;\">Por eso, considera que &#8220;<em>no es el momento de flexibilizar, de bajar los brazos<\/em>&#8221; porque &#8220;<em>no estamos en condiciones de relajar<\/em>&#8221; con una pandemia que &#8220;<em>no sabe de fronteras<\/em>&#8220;, y ha instado a tomar decisiones pensando &#8220;<em>en el conjunto<\/em>&#8220;.<\/p>\n<p style=\"text-align: justify;\">Y ha reiterado que ninguna Comunidad Aut\u00f3noma est\u00e1 para &#8220;<em>ninguna relajaci\u00f3n<\/em>&#8220;, y\u00a0<strong>las instituciones tienen que decir a los ciudadanos la verdad <\/strong>-&#8220;<em>la verdad es que a\u00fan estamos en el centro de la pandemia<\/em>&#8220;-, ha dicho Puig, que se ha referido <strong>al apoyo que necesitan tener los profesionales de la sanidad<\/strong> por parte de toda la sociedad y las instituciones.<\/p>\n<p style=\"text-align: justify;\">&#8220;<em>La pandemia solo tiene dos caminos: la restricci\u00f3n de contactos y de movilidad, y de contagios; y otro que nos lleva a m\u00e1s contagios, m\u00e1s muerte y m\u00e1s desolaci\u00f3n<\/em>&#8220;, ha asegurado.<\/p>\n<p style=\"text-align: justify;\"><strong>Semana Santa<\/strong><\/p>\n<p style=\"text-align: justify;\">El President de la Generalitat, Ximo Puig, ha insistido que <strong>la Comunitat sigue en el centro de la pandemia y en una situaci\u00f3n <\/strong>&#8220;<em>muy dif\u00edcil<\/em>&#8220;<strong> con muchas muertes, ingresos y nuevos contagios, y por tanto <\/strong>&#8220;<em>no es ninguna prioridad salvar la Semana Santa<\/em>&#8220;, y ha puntualizado que<strong> no pueden generarse falsas ilusiones a corto plazo<\/strong>, en relaci\u00f3n a las declaraciones de la ministra de Industria, Turismo y Comercio, Reyes Maroto, que se mostr\u00f3 esperanzada en que la Semana Santa pueda ser el reinicio de los viajes nacionales.<\/p>\n<p style=\"text-align: justify;\">Para Puig, en estos momentos,\u00a0<strong>no estamos en condiciones de pensar que estaremos en una situaci\u00f3n de normalidad aunque cada d\u00eda que pasa <\/strong>&#8220;<em>estamos un poco mejor<\/em>&#8221;\u00a0y si el proceso de vacunaci\u00f3n avanza <strong>habr\u00e1 mejores expectativas<\/strong>, pero a\u00fan se est\u00e1 &#8220;<em>en el centro de la pandemia<\/em>&#8221; y &#8220;<em>hay muchas personas muertas, muchos ingresos y nuevos contagios<\/em>&#8220;.<\/p>\n<p style=\"text-align: justify;\">&#8220;<em>Hemos de tomar conciencia de que estamos a unos cuantos meses de la superaci\u00f3n de la pandemia<\/em>&#8220;. El descenso en la incidencia acumulada del virus en la Comunitat y los contagios, <strong>todav\u00eda no son motivo de optimismo<\/strong> para el gobierno valenciano.\u00a0&#8220;<em>No podemos generar falsas ilusiones a corto plazo,\u00a0porque no se pueden producir, y debemos acompa\u00f1ar a la ciudadan\u00eda en la din\u00e1mica de restricciones<\/em>&#8221; que est\u00e1n vigentes ahora mismo, ha agregado.<\/p>\n<p style=\"text-align: justify;\">Sobre la posibilidad de<strong> celebrar las Fallas<\/strong> en otro mes que no sea marzo, ha opinado que todav\u00eda <strong>no ve oportuno la realizaci\u00f3n de fiestas<\/strong>, si bien ha se\u00f1alado que c<strong>ada instituci\u00f3n debe tomar las decisiones que le corresponden.<\/strong><\/p>\n","protected":false},"excerpt":{"rendered":"<p>El President de la Generalitat, Ximo Puig,\u00a0ha manifestado que\u00a0no es el momento de flexibilizar medidas anticovid ni bajar los brazos,&#8230;<\/p>\n","protected":false},"author":1,"featured_media":70299,"comment_status":"open","ping_status":"open","sticky":false,"template":"","format":"standard","meta":{"footnotes":""},"categories":[97,75,79],"tags":[7281,10752,994,7477,400,745,1728],"class_list":["post-70529","post","type-post","status-publish","format-standard","has-post-thumbnail","hentry","category-alcoy","category-noticias","category-politicayeconomia","tag-coronavirus","tag-flexibilizacion","tag-generalitat-valenciana","tag-pandemia","tag-restricciones","tag-semana-santa","tag-ximo-puig"],"yoast_head":"<!-- This site is optimized with the Yoast SEO plugin v27.3 - https:\/\/yoast.com\/product\/yoast-seo-wordpress\/ -->\n<title>Puig descarta flexibilizar las restricciones por Coronavirus en la Comunitat - COPE Alcoy<\/title>\n<meta name=\"robots\" content=\"index, follow, max-snippet:-1, max-image-preview:large, max-video-preview:-1\" \/>\n<link rel=\"canonical\" href=\"https:\/\/www.copealcoy.es\/es\/puig-descarta-flexibilizar-las-restricciones-por-coronavirus-en-la-comunitat\/\" \/>\n<meta property=\"og:locale\" content=\"es_ES\" \/>\n<meta property=\"og:type\" content=\"article\" \/>\n<meta property=\"og:title\" content=\"Puig descarta flexibilizar las restricciones por Coronavirus en la Comunitat - COPE Alcoy\" \/>\n<meta property=\"og:description\" content=\"El President de la Generalitat, Ximo Puig,\u00a0ha manifestado que\u00a0no es el momento de flexibilizar medidas anticovid ni bajar los brazos,...\" \/>\n<meta property=\"og:url\" content=\"https:\/\/www.copealcoy.es\/es\/puig-descarta-flexibilizar-las-restricciones-por-coronavirus-en-la-comunitat\/\" \/>\n<meta property=\"og:site_name\" content=\"COPE Alcoy\" \/>\n<meta property=\"article:published_time\" content=\"2021-02-03T11:47:36+00:00\" \/>\n<meta property=\"article:modified_time\" content=\"2021-02-03T11:53:17+00:00\" \/>\n<meta property=\"og:image\" content=\"https:\/\/www.copealcoy.es\/wp-content\/uploads\/2021\/01\/unnamed-4.jpg\" \/>\n\t<meta property=\"og:image:width\" content=\"644\" \/>\n\t<meta property=\"og:image:height\" content=\"483\" \/>\n\t<meta property=\"og:image:type\" content=\"image\/jpeg\" \/>\n<meta name=\"author\" content=\"Cope Alcoy\" \/>\n<meta name=\"twitter:label1\" content=\"Escrito por\" \/>\n\t<meta name=\"twitter:data1\" content=\"Cope Alcoy\" \/>\n\t<meta name=\"twitter:label2\" content=\"Tiempo de lectura\" \/>\n\t<meta name=\"twitter:data2\" content=\"3 minutos\" \/>\n<script type=\"application\/ld+json\" class=\"yoast-schema-graph\">{\"@context\":\"https:\\\/\\\/schema.org\",\"@graph\":[{\"@type\":\"Article\",\"@id\":\"https:\\\/\\\/www.copealcoy.es\\\/es\\\/puig-descarta-flexibilizar-las-restricciones-por-coronavirus-en-la-comunitat\\\/#article\",\"isPartOf\":{\"@id\":\"https:\\\/\\\/www.copealcoy.es\\\/es\\\/puig-descarta-flexibilizar-las-restricciones-por-coronavirus-en-la-comunitat\\\/\"},\"author\":{\"name\":\"Cope Alcoy\",\"@id\":\"https:\\\/\\\/www.copealcoy.es\\\/es\\\/#\\\/schema\\\/person\\\/e777c87fa024e57d40170af9df39882c\"},\"headline\":\"Puig descarta flexibilizar las restricciones por Coronavirus en la Comunitat\",\"datePublished\":\"2021-02-03T11:47:36+00:00\",\"dateModified\":\"2021-02-03T11:53:17+00:00\",\"mainEntityOfPage\":{\"@id\":\"https:\\\/\\\/www.copealcoy.es\\\/es\\\/puig-descarta-flexibilizar-las-restricciones-por-coronavirus-en-la-comunitat\\\/\"},\"wordCount\":535,\"commentCount\":0,\"image\":{\"@id\":\"https:\\\/\\\/www.copealcoy.es\\\/es\\\/puig-descarta-flexibilizar-las-restricciones-por-coronavirus-en-la-comunitat\\\/#primaryimage\"},\"thumbnailUrl\":\"https:\\\/\\\/www.copealcoy.es\\\/wp-content\\\/uploads\\\/2021\\\/01\\\/unnamed-4.jpg\",\"keywords\":[\"Coronavirus\",\"flexibilizaci\u00f3n\",\"Generalitat Valenciana\",\"pandemia\",\"Restricciones\",\"Semana Santa\",\"Ximo Puig\"],\"articleSection\":[\"Alcoy\",\"Noticias\",\"Pol\u00edtica y Econom\u00eda\"],\"inLanguage\":\"es\"},{\"@type\":\"WebPage\",\"@id\":\"https:\\\/\\\/www.copealcoy.es\\\/es\\\/puig-descarta-flexibilizar-las-restricciones-por-coronavirus-en-la-comunitat\\\/\",\"url\":\"https:\\\/\\\/www.copealcoy.es\\\/es\\\/puig-descarta-flexibilizar-las-restricciones-por-coronavirus-en-la-comunitat\\\/\",\"name\":\"Puig descarta flexibilizar las restricciones por Coronavirus en la Comunitat - COPE Alcoy\",\"isPartOf\":{\"@id\":\"https:\\\/\\\/www.copealcoy.es\\\/es\\\/#website\"},\"primaryImageOfPage\":{\"@id\":\"https:\\\/\\\/www.copealcoy.es\\\/es\\\/puig-descarta-flexibilizar-las-restricciones-por-coronavirus-en-la-comunitat\\\/#primaryimage\"},\"image\":{\"@id\":\"https:\\\/\\\/www.copealcoy.es\\\/es\\\/puig-descarta-flexibilizar-las-restricciones-por-coronavirus-en-la-comunitat\\\/#primaryimage\"},\"thumbnailUrl\":\"https:\\\/\\\/www.copealcoy.es\\\/wp-content\\\/uploads\\\/2021\\\/01\\\/unnamed-4.jpg\",\"datePublished\":\"2021-02-03T11:47:36+00:00\",\"dateModified\":\"2021-02-03T11:53:17+00:00\",\"author\":{\"@id\":\"https:\\\/\\\/www.copealcoy.es\\\/es\\\/#\\\/schema\\\/person\\\/e777c87fa024e57d40170af9df39882c\"},\"breadcrumb\":{\"@id\":\"https:\\\/\\\/www.copealcoy.es\\\/es\\\/puig-descarta-flexibilizar-las-restricciones-por-coronavirus-en-la-comunitat\\\/#breadcrumb\"},\"inLanguage\":\"es\",\"potentialAction\":[{\"@type\":\"ReadAction\",\"target\":[\"https:\\\/\\\/www.copealcoy.es\\\/es\\\/puig-descarta-flexibilizar-las-restricciones-por-coronavirus-en-la-comunitat\\\/\"]}]},{\"@type\":\"ImageObject\",\"inLanguage\":\"es\",\"@id\":\"https:\\\/\\\/www.copealcoy.es\\\/es\\\/puig-descarta-flexibilizar-las-restricciones-por-coronavirus-en-la-comunitat\\\/#primaryimage\",\"url\":\"https:\\\/\\\/www.copealcoy.es\\\/wp-content\\\/uploads\\\/2021\\\/01\\\/unnamed-4.jpg\",\"contentUrl\":\"https:\\\/\\\/www.copealcoy.es\\\/wp-content\\\/uploads\\\/2021\\\/01\\\/unnamed-4.jpg\",\"width\":644,\"height\":483},{\"@type\":\"BreadcrumbList\",\"@id\":\"https:\\\/\\\/www.copealcoy.es\\\/es\\\/puig-descarta-flexibilizar-las-restricciones-por-coronavirus-en-la-comunitat\\\/#breadcrumb\",\"itemListElement\":[{\"@type\":\"ListItem\",\"position\":1,\"name\":\"Portada\",\"item\":\"https:\\\/\\\/www.copealcoy.es\\\/es\\\/\"},{\"@type\":\"ListItem\",\"position\":2,\"name\":\"Puig descarta flexibilizar las restricciones por Coronavirus en la Comunitat\"}]},{\"@type\":\"WebSite\",\"@id\":\"https:\\\/\\\/www.copealcoy.es\\\/es\\\/#website\",\"url\":\"https:\\\/\\\/www.copealcoy.es\\\/es\\\/\",\"name\":\"COPE Alcoy\",\"description\":\"Emisora COPE de radio local con emisi\u00f3n online. Pont de Sant Jordi 8-10 03803 Alcoy\",\"potentialAction\":[{\"@type\":\"SearchAction\",\"target\":{\"@type\":\"EntryPoint\",\"urlTemplate\":\"https:\\\/\\\/www.copealcoy.es\\\/es\\\/?s={search_term_string}\"},\"query-input\":{\"@type\":\"PropertyValueSpecification\",\"valueRequired\":true,\"valueName\":\"search_term_string\"}}],\"inLanguage\":\"es\"},{\"@type\":\"Person\",\"@id\":\"https:\\\/\\\/www.copealcoy.es\\\/es\\\/#\\\/schema\\\/person\\\/e777c87fa024e57d40170af9df39882c\",\"name\":\"Cope Alcoy\",\"image\":{\"@type\":\"ImageObject\",\"inLanguage\":\"es\",\"@id\":\"https:\\\/\\\/secure.gravatar.com\\\/avatar\\\/bb65d0283347e303893ba14f0692005417c1e0e690a325a4c5d8bb2b3943ee14?s=96&d=mm&r=g\",\"url\":\"https:\\\/\\\/secure.gravatar.com\\\/avatar\\\/bb65d0283347e303893ba14f0692005417c1e0e690a325a4c5d8bb2b3943ee14?s=96&d=mm&r=g\",\"contentUrl\":\"https:\\\/\\\/secure.gravatar.com\\\/avatar\\\/bb65d0283347e303893ba14f0692005417c1e0e690a325a4c5d8bb2b3943ee14?s=96&d=mm&r=g\",\"caption\":\"Cope Alcoy\"}}]}<\/script>\n<!-- \/ Yoast SEO plugin. -->","yoast_head_json":{"title":"Puig descarta flexibilizar las restricciones por Coronavirus en la Comunitat - COPE Alcoy","robots":{"index":"index","follow":"follow","max-snippet":"max-snippet:-1","max-image-preview":"max-image-preview:large","max-video-preview":"max-video-preview:-1"},"canonical":"https:\/\/www.copealcoy.es\/es\/puig-descarta-flexibilizar-las-restricciones-por-coronavirus-en-la-comunitat\/","og_locale":"es_ES","og_type":"article","og_title":"Puig descarta flexibilizar las restricciones por Coronavirus en la Comunitat - COPE Alcoy","og_description":"El President de la Generalitat, Ximo Puig,\u00a0ha manifestado que\u00a0no es el momento de flexibilizar medidas anticovid ni bajar los brazos,...","og_url":"https:\/\/www.copealcoy.es\/es\/puig-descarta-flexibilizar-las-restricciones-por-coronavirus-en-la-comunitat\/","og_site_name":"COPE Alcoy","article_published_time":"2021-02-03T11:47:36+00:00","article_modified_time":"2021-02-03T11:53:17+00:00","og_image":[{"width":644,"height":483,"url":"https:\/\/www.copealcoy.es\/wp-content\/uploads\/2021\/01\/unnamed-4.jpg","type":"image\/jpeg"}],"author":"Cope Alcoy","twitter_misc":{"Escrito por":"Cope Alcoy","Tiempo de lectura":"3 minutos"},"schema":{"@context":"https:\/\/schema.org","@graph":[{"@type":"Article","@id":"https:\/\/www.copealcoy.es\/es\/puig-descarta-flexibilizar-las-restricciones-por-coronavirus-en-la-comunitat\/#article","isPartOf":{"@id":"https:\/\/www.copealcoy.es\/es\/puig-descarta-flexibilizar-las-restricciones-por-coronavirus-en-la-comunitat\/"},"author":{"name":"Cope Alcoy","@id":"https:\/\/www.copealcoy.es\/es\/#\/schema\/person\/e777c87fa024e57d40170af9df39882c"},"headline":"Puig descarta flexibilizar las restricciones por Coronavirus en la Comunitat","datePublished":"2021-02-03T11:47:36+00:00","dateModified":"2021-02-03T11:53:17+00:00","mainEntityOfPage":{"@id":"https:\/\/www.copealcoy.es\/es\/puig-descarta-flexibilizar-las-restricciones-por-coronavirus-en-la-comunitat\/"},"wordCount":535,"commentCount":0,"image":{"@id":"https:\/\/www.copealcoy.es\/es\/puig-descarta-flexibilizar-las-restricciones-por-coronavirus-en-la-comunitat\/#primaryimage"},"thumbnailUrl":"https:\/\/www.copealcoy.es\/wp-content\/uploads\/2021\/01\/unnamed-4.jpg","keywords":["Coronavirus","flexibilizaci\u00f3n","Generalitat Valenciana","pandemia","Restricciones","Semana Santa","Ximo Puig"],"articleSection":["Alcoy","Noticias","Pol\u00edtica y Econom\u00eda"],"inLanguage":"es"},{"@type":"WebPage","@id":"https:\/\/www.copealcoy.es\/es\/puig-descarta-flexibilizar-las-restricciones-por-coronavirus-en-la-comunitat\/","url":"https:\/\/www.copealcoy.es\/es\/puig-descarta-flexibilizar-las-restricciones-por-coronavirus-en-la-comunitat\/","name":"Puig descarta flexibilizar las restricciones por Coronavirus en la Comunitat - COPE Alcoy","isPartOf":{"@id":"https:\/\/www.copealcoy.es\/es\/#website"},"primaryImageOfPage":{"@id":"https:\/\/www.copealcoy.es\/es\/puig-descarta-flexibilizar-las-restricciones-por-coronavirus-en-la-comunitat\/#primaryimage"},"image":{"@id":"https:\/\/www.copealcoy.es\/es\/puig-descarta-flexibilizar-las-restricciones-por-coronavirus-en-la-comunitat\/#primaryimage"},"thumbnailUrl":"https:\/\/www.copealcoy.es\/wp-content\/uploads\/2021\/01\/unnamed-4.jpg","datePublished":"2021-02-03T11:47:36+00:00","dateModified":"2021-02-03T11:53:17+00:00","author":{"@id":"https:\/\/www.copealcoy.es\/es\/#\/schema\/person\/e777c87fa024e57d40170af9df39882c"},"breadcrumb":{"@id":"https:\/\/www.copealcoy.es\/es\/puig-descarta-flexibilizar-las-restricciones-por-coronavirus-en-la-comunitat\/#breadcrumb"},"inLanguage":"es","potentialAction":[{"@type":"ReadAction","target":["https:\/\/www.copealcoy.es\/es\/puig-descarta-flexibilizar-las-restricciones-por-coronavirus-en-la-comunitat\/"]}]},{"@type":"ImageObject","inLanguage":"es","@id":"https:\/\/www.copealcoy.es\/es\/puig-descarta-flexibilizar-las-restricciones-por-coronavirus-en-la-comunitat\/#primaryimage","url":"https:\/\/www.copealcoy.es\/wp-content\/uploads\/2021\/01\/unnamed-4.jpg","contentUrl":"https:\/\/www.copealcoy.es\/wp-content\/uploads\/2021\/01\/unnamed-4.jpg","width":644,"height":483},{"@type":"BreadcrumbList","@id":"https:\/\/www.copealcoy.es\/es\/puig-descarta-flexibilizar-las-restricciones-por-coronavirus-en-la-comunitat\/#breadcrumb","itemListElement":[{"@type":"ListItem","position":1,"name":"Portada","item":"https:\/\/www.copealcoy.es\/es\/"},{"@type":"ListItem","position":2,"name":"Puig descarta flexibilizar las restricciones por Coronavirus en la Comunitat"}]},{"@type":"WebSite","@id":"https:\/\/www.copealcoy.es\/es\/#website","url":"https:\/\/www.copealcoy.es\/es\/","name":"COPE Alcoy","description":"Emisora COPE de radio local con emisi\u00f3n online. Pont de Sant Jordi 8-10 03803 Alcoy","potentialAction":[{"@type":"SearchAction","target":{"@type":"EntryPoint","urlTemplate":"https:\/\/www.copealcoy.es\/es\/?s={search_term_string}"},"query-input":{"@type":"PropertyValueSpecification","valueRequired":true,"valueName":"search_term_string"}}],"inLanguage":"es"},{"@type":"Person","@id":"https:\/\/www.copealcoy.es\/es\/#\/schema\/person\/e777c87fa024e57d40170af9df39882c","name":"Cope Alcoy","image":{"@type":"ImageObject","inLanguage":"es","@id":"https:\/\/secure.gravatar.com\/avatar\/bb65d0283347e303893ba14f0692005417c1e0e690a325a4c5d8bb2b3943ee14?s=96&d=mm&r=g","url":"https:\/\/secure.gravatar.com\/avatar\/bb65d0283347e303893ba14f0692005417c1e0e690a325a4c5d8bb2b3943ee14?s=96&d=mm&r=g","contentUrl":"https:\/\/secure.gravatar.com\/avatar\/bb65d0283347e303893ba14f0692005417c1e0e690a325a4c5d8bb2b3943ee14?s=96&d=mm&r=g","caption":"Cope Alcoy"}}]}},"_links":{"self":[{"href":"https:\/\/www.copealcoy.es\/es\/wp-json\/wp\/v2\/posts\/70529","targetHints":{"allow":["GET"]}}],"collection":[{"href":"https:\/\/www.copealcoy.es\/es\/wp-json\/wp\/v2\/posts"}],"about":[{"href":"https:\/\/www.copealcoy.es\/es\/wp-json\/wp\/v2\/types\/post"}],"author":[{"embeddable":true,"href":"https:\/\/www.copealcoy.es\/es\/wp-json\/wp\/v2\/users\/1"}],"replies":[{"embeddable":true,"href":"https:\/\/www.copealcoy.es\/es\/wp-json\/wp\/v2\/comments?post=70529"}],"version-history":[{"count":0,"href":"https:\/\/www.copealcoy.es\/es\/wp-json\/wp\/v2\/posts\/70529\/revisions"}],"wp:featuredmedia":[{"embeddable":true,"href":"https:\/\/www.copealcoy.es\/es\/wp-json\/wp\/v2\/media\/70299"}],"wp:attachment":[{"href":"https:\/\/www.copealcoy.es\/es\/wp-json\/wp\/v2\/media?parent=70529"}],"wp:term":[{"taxonomy":"category","embeddable":true,"href":"https:\/\/www.copealcoy.es\/es\/wp-json\/wp\/v2\/categories?post=70529"},{"taxonomy":"post_tag","embeddable":true,"href":"https:\/\/www.copealcoy.es\/es\/wp-json\/wp\/v2\/tags?post=70529"}],"curies":[{"name":"wp","href":"https:\/\/api.w.org\/{rel}","templated":true}]}}