{"id":70486,"date":"2021-02-02T13:21:16","date_gmt":"2021-02-02T12:21:16","guid":{"rendered":"https:\/\/www.copealcoy.es\/?p=70486"},"modified":"2021-02-02T13:34:09","modified_gmt":"2021-02-02T12:34:09","slug":"el-pp-pide-que-se-le-aplique-al-alcalde-el-regimen-sancionador-previsto-contra-quienes-incumplan-el-confinamiento-perimetral","status":"publish","type":"post","link":"https:\/\/www.copealcoy.es\/es\/el-pp-pide-que-se-le-aplique-al-alcalde-el-regimen-sancionador-previsto-contra-quienes-incumplan-el-confinamiento-perimetral\/","title":{"rendered":"El PP pide que se le aplique al alcalde el r\u00e9gimen  sancionador previsto contra quienes incumplan el confinamiento perimetral"},"content":{"rendered":"<p style=\"text-align: justify;\">El <strong>Partido Popular<\/strong> de la provincia de Alicante ha presentado<strong> una denuncia contra el alcalde de Alcoy<\/strong> por saltarse el confinamiento perimetral de la ciudad durante el pasado fin de semana. Los populares <strong>reclaman al Secretario Auton\u00f3mico de Seguridad y Emergencias<\/strong> que le aplique el r\u00e9gimen sancionador previsto en estos casos <strong>a quienes incumplan las restricciones marcadas por la Generalitat Valenciana<\/strong> en su decreto 2\/2021 del 24 de enero por el que se cerraban perimetralmente durante los fines de semana las ciudades de m\u00e1s de 50.000 habitantes.<\/p>\n<p style=\"text-align: justify;\">Desde la formaci\u00f3n pol\u00edtica indican que <strong>el incumplimiento<\/strong> de las restricciones acordadas por la Generalitat para intentar frenar la expansi\u00f3n del COVID-19, entre ellas saltarse el confinamiento perimetral de un municipio, <strong>est\u00e1 regulado y tipificado como infracci\u00f3n leve<\/strong> en el Decreto Ley 11\/2020 del 24 de julio del Consell. En este sentido recuerdan que <strong>Antonio Franc\u00e9s acudi\u00f3 el domingo desde su segunda residencia en Pen\u00e1guila a la Misa del Jesuset del Miracle en Alcoy<\/strong> y que tras su celebraci\u00f3n se <strong>volvi\u00f3 a su casa de campo de Pen\u00e1guila<\/strong> incumpliendo la normativa sobre la restricci\u00f3n de movilidad acordada por el Gobierno Valenciano, que <strong>impide desplazamientos a segundas residencias <\/strong>&#8220;<em>por ser alcalde hay que predicar con la m\u00e1s absoluta ejemplaridad y asumir responsabilidades como el que m\u00e1s cuando no se han cumplido las normas.\u00a0El alcalde de Alcoy ha cometido una grave irresponsabilidad y no est\u00e1 eximido de acatar las restricciones como cualquier otro vecino de Alcoy. Como m\u00e1xima autoridad debe dar ejemplo y demostrar que todos somos iguales ante la ley, y m\u00e1s a\u00fan cuando hay miles de ciudadanos en toda la Comunidad Valenciana que est\u00e1n siendo sancionados por incumplir las restricciones de movilidad. En una ciudad en la que han fallecido m\u00e1s de 100 personas por COVID en las residencias, con una incidencia de 3.000 contagios por cada 100.000 habitantes y en una ciudad en la que se est\u00e1n pidiendo sacrificios enormes a ciudadanos, hosteleros o comerciantes, su alcalde no puede desde el punto de vista pol\u00edtico ir a pasar unos d\u00edas a su casita de campo y abandonar a los alcoyanos. Tampoco desde el punto de vista del cumplimiento de la normativa un alcalde puede saltarse las restricciones de la Generalitat por las que se est\u00e1n multando a otras personas<\/em>&#8220;, ha afirmado al respecto el Diputado Auton\u00f3mico del PP; <strong>Fernando Pastor<\/strong>.<\/p>\n<p style=\"text-align: justify;\">Recordar que <strong>el alcalde compareci\u00f3 ayer lunes por la ma\u00f1ana para pedir disculpas por los hechos ocurridos<\/strong> y anunci\u00f3 que traslada su residencia de nuevo a Alcoy.<\/p>\n","protected":false},"excerpt":{"rendered":"<p>El Partido Popular de la provincia de Alicante ha presentado una denuncia contra el alcalde de Alcoy por saltarse el&#8230;<\/p>\n","protected":false},"author":1,"featured_media":10263,"comment_status":"open","ping_status":"open","sticky":false,"template":"","format":"standard","meta":{"footnotes":""},"categories":[97,75,79],"tags":[7301,1942,9142,448,10743],"class_list":["post-70486","post","type-post","status-publish","format-standard","has-post-thumbnail","hentry","category-alcoy","category-noticias","category-politicayeconomia","tag-confinamiento","tag-fernando-pastor","tag-incumplimiento","tag-partido-popular","tag-regimen-perimetral"],"yoast_head":"<!-- This site is optimized with the Yoast SEO plugin v27.3 - https:\/\/yoast.com\/product\/yoast-seo-wordpress\/ -->\n<title>El PP pide que se le aplique al alcalde el r\u00e9gimen sancionador previsto contra quienes incumplan el confinamiento perimetral - COPE Alcoy<\/title>\n<meta name=\"robots\" content=\"index, follow, max-snippet:-1, max-image-preview:large, max-video-preview:-1\" \/>\n<link rel=\"canonical\" href=\"https:\/\/www.copealcoy.es\/es\/el-pp-pide-que-se-le-aplique-al-alcalde-el-regimen-sancionador-previsto-contra-quienes-incumplan-el-confinamiento-perimetral\/\" \/>\n<meta property=\"og:locale\" content=\"es_ES\" \/>\n<meta property=\"og:type\" content=\"article\" \/>\n<meta property=\"og:title\" content=\"El PP pide que se le aplique al alcalde el r\u00e9gimen sancionador previsto contra quienes incumplan el confinamiento perimetral - COPE Alcoy\" \/>\n<meta property=\"og:description\" content=\"El Partido Popular de la provincia de Alicante ha presentado una denuncia contra el alcalde de Alcoy por saltarse el...\" \/>\n<meta property=\"og:url\" content=\"https:\/\/www.copealcoy.es\/es\/el-pp-pide-que-se-le-aplique-al-alcalde-el-regimen-sancionador-previsto-contra-quienes-incumplan-el-confinamiento-perimetral\/\" \/>\n<meta property=\"og:site_name\" content=\"COPE Alcoy\" \/>\n<meta property=\"article:published_time\" content=\"2021-02-02T12:21:16+00:00\" \/>\n<meta property=\"article:modified_time\" content=\"2021-02-02T12:34:09+00:00\" \/>\n<meta property=\"og:image\" content=\"https:\/\/www.copealcoy.es\/wp-content\/uploads\/2015\/02\/image7.jpg\" \/>\n\t<meta property=\"og:image:width\" content=\"2092\" \/>\n\t<meta property=\"og:image:height\" content=\"1290\" \/>\n\t<meta property=\"og:image:type\" content=\"image\/jpeg\" \/>\n<meta name=\"author\" content=\"Cope Alcoy\" \/>\n<meta name=\"twitter:label1\" content=\"Escrito por\" \/>\n\t<meta name=\"twitter:data1\" content=\"Cope Alcoy\" \/>\n\t<meta name=\"twitter:label2\" content=\"Tiempo de lectura\" \/>\n\t<meta name=\"twitter:data2\" content=\"2 minutos\" \/>\n<script type=\"application\/ld+json\" class=\"yoast-schema-graph\">{\"@context\":\"https:\\\/\\\/schema.org\",\"@graph\":[{\"@type\":\"Article\",\"@id\":\"https:\\\/\\\/www.copealcoy.es\\\/es\\\/el-pp-pide-que-se-le-aplique-al-alcalde-el-regimen-sancionador-previsto-contra-quienes-incumplan-el-confinamiento-perimetral\\\/#article\",\"isPartOf\":{\"@id\":\"https:\\\/\\\/www.copealcoy.es\\\/es\\\/el-pp-pide-que-se-le-aplique-al-alcalde-el-regimen-sancionador-previsto-contra-quienes-incumplan-el-confinamiento-perimetral\\\/\"},\"author\":{\"name\":\"Cope Alcoy\",\"@id\":\"https:\\\/\\\/www.copealcoy.es\\\/es\\\/#\\\/schema\\\/person\\\/e777c87fa024e57d40170af9df39882c\"},\"headline\":\"El PP pide que se le aplique al alcalde el r\u00e9gimen sancionador previsto contra quienes incumplan el confinamiento perimetral\",\"datePublished\":\"2021-02-02T12:21:16+00:00\",\"dateModified\":\"2021-02-02T12:34:09+00:00\",\"mainEntityOfPage\":{\"@id\":\"https:\\\/\\\/www.copealcoy.es\\\/es\\\/el-pp-pide-que-se-le-aplique-al-alcalde-el-regimen-sancionador-previsto-contra-quienes-incumplan-el-confinamiento-perimetral\\\/\"},\"wordCount\":453,\"commentCount\":0,\"image\":{\"@id\":\"https:\\\/\\\/www.copealcoy.es\\\/es\\\/el-pp-pide-que-se-le-aplique-al-alcalde-el-regimen-sancionador-previsto-contra-quienes-incumplan-el-confinamiento-perimetral\\\/#primaryimage\"},\"thumbnailUrl\":\"https:\\\/\\\/www.copealcoy.es\\\/wp-content\\\/uploads\\\/2015\\\/02\\\/image7.jpg\",\"keywords\":[\"confinamiento\",\"Fernando Pastor\",\"incumplimiento\",\"Partido Popular\",\"r\u00e9gimen perimetral\"],\"articleSection\":[\"Alcoy\",\"Noticias\",\"Pol\u00edtica y Econom\u00eda\"],\"inLanguage\":\"es\"},{\"@type\":\"WebPage\",\"@id\":\"https:\\\/\\\/www.copealcoy.es\\\/es\\\/el-pp-pide-que-se-le-aplique-al-alcalde-el-regimen-sancionador-previsto-contra-quienes-incumplan-el-confinamiento-perimetral\\\/\",\"url\":\"https:\\\/\\\/www.copealcoy.es\\\/es\\\/el-pp-pide-que-se-le-aplique-al-alcalde-el-regimen-sancionador-previsto-contra-quienes-incumplan-el-confinamiento-perimetral\\\/\",\"name\":\"El PP pide que se le aplique al alcalde el r\u00e9gimen sancionador previsto contra quienes incumplan el confinamiento perimetral - COPE Alcoy\",\"isPartOf\":{\"@id\":\"https:\\\/\\\/www.copealcoy.es\\\/es\\\/#website\"},\"primaryImageOfPage\":{\"@id\":\"https:\\\/\\\/www.copealcoy.es\\\/es\\\/el-pp-pide-que-se-le-aplique-al-alcalde-el-regimen-sancionador-previsto-contra-quienes-incumplan-el-confinamiento-perimetral\\\/#primaryimage\"},\"image\":{\"@id\":\"https:\\\/\\\/www.copealcoy.es\\\/es\\\/el-pp-pide-que-se-le-aplique-al-alcalde-el-regimen-sancionador-previsto-contra-quienes-incumplan-el-confinamiento-perimetral\\\/#primaryimage\"},\"thumbnailUrl\":\"https:\\\/\\\/www.copealcoy.es\\\/wp-content\\\/uploads\\\/2015\\\/02\\\/image7.jpg\",\"datePublished\":\"2021-02-02T12:21:16+00:00\",\"dateModified\":\"2021-02-02T12:34:09+00:00\",\"author\":{\"@id\":\"https:\\\/\\\/www.copealcoy.es\\\/es\\\/#\\\/schema\\\/person\\\/e777c87fa024e57d40170af9df39882c\"},\"breadcrumb\":{\"@id\":\"https:\\\/\\\/www.copealcoy.es\\\/es\\\/el-pp-pide-que-se-le-aplique-al-alcalde-el-regimen-sancionador-previsto-contra-quienes-incumplan-el-confinamiento-perimetral\\\/#breadcrumb\"},\"inLanguage\":\"es\",\"potentialAction\":[{\"@type\":\"ReadAction\",\"target\":[\"https:\\\/\\\/www.copealcoy.es\\\/es\\\/el-pp-pide-que-se-le-aplique-al-alcalde-el-regimen-sancionador-previsto-contra-quienes-incumplan-el-confinamiento-perimetral\\\/\"]}]},{\"@type\":\"ImageObject\",\"inLanguage\":\"es\",\"@id\":\"https:\\\/\\\/www.copealcoy.es\\\/es\\\/el-pp-pide-que-se-le-aplique-al-alcalde-el-regimen-sancionador-previsto-contra-quienes-incumplan-el-confinamiento-perimetral\\\/#primaryimage\",\"url\":\"https:\\\/\\\/www.copealcoy.es\\\/wp-content\\\/uploads\\\/2015\\\/02\\\/image7.jpg\",\"contentUrl\":\"https:\\\/\\\/www.copealcoy.es\\\/wp-content\\\/uploads\\\/2015\\\/02\\\/image7.jpg\",\"width\":1751,\"height\":1080,\"caption\":\"Fernando Pastor, en su etapa de portavoz del Partido Popular en Alcoy\"},{\"@type\":\"BreadcrumbList\",\"@id\":\"https:\\\/\\\/www.copealcoy.es\\\/es\\\/el-pp-pide-que-se-le-aplique-al-alcalde-el-regimen-sancionador-previsto-contra-quienes-incumplan-el-confinamiento-perimetral\\\/#breadcrumb\",\"itemListElement\":[{\"@type\":\"ListItem\",\"position\":1,\"name\":\"Portada\",\"item\":\"https:\\\/\\\/www.copealcoy.es\\\/es\\\/\"},{\"@type\":\"ListItem\",\"position\":2,\"name\":\"El PP pide que se le aplique al alcalde el r\u00e9gimen sancionador previsto contra quienes incumplan el confinamiento perimetral\"}]},{\"@type\":\"WebSite\",\"@id\":\"https:\\\/\\\/www.copealcoy.es\\\/es\\\/#website\",\"url\":\"https:\\\/\\\/www.copealcoy.es\\\/es\\\/\",\"name\":\"COPE Alcoy\",\"description\":\"Emisora COPE de radio local con emisi\u00f3n online. Pont de Sant Jordi 8-10 03803 Alcoy\",\"potentialAction\":[{\"@type\":\"SearchAction\",\"target\":{\"@type\":\"EntryPoint\",\"urlTemplate\":\"https:\\\/\\\/www.copealcoy.es\\\/es\\\/?s={search_term_string}\"},\"query-input\":{\"@type\":\"PropertyValueSpecification\",\"valueRequired\":true,\"valueName\":\"search_term_string\"}}],\"inLanguage\":\"es\"},{\"@type\":\"Person\",\"@id\":\"https:\\\/\\\/www.copealcoy.es\\\/es\\\/#\\\/schema\\\/person\\\/e777c87fa024e57d40170af9df39882c\",\"name\":\"Cope Alcoy\",\"image\":{\"@type\":\"ImageObject\",\"inLanguage\":\"es\",\"@id\":\"https:\\\/\\\/secure.gravatar.com\\\/avatar\\\/bb65d0283347e303893ba14f0692005417c1e0e690a325a4c5d8bb2b3943ee14?s=96&d=mm&r=g\",\"url\":\"https:\\\/\\\/secure.gravatar.com\\\/avatar\\\/bb65d0283347e303893ba14f0692005417c1e0e690a325a4c5d8bb2b3943ee14?s=96&d=mm&r=g\",\"contentUrl\":\"https:\\\/\\\/secure.gravatar.com\\\/avatar\\\/bb65d0283347e303893ba14f0692005417c1e0e690a325a4c5d8bb2b3943ee14?s=96&d=mm&r=g\",\"caption\":\"Cope Alcoy\"}}]}<\/script>\n<!-- \/ Yoast SEO plugin. -->","yoast_head_json":{"title":"El PP pide que se le aplique al alcalde el r\u00e9gimen sancionador previsto contra quienes incumplan el confinamiento perimetral - COPE Alcoy","robots":{"index":"index","follow":"follow","max-snippet":"max-snippet:-1","max-image-preview":"max-image-preview:large","max-video-preview":"max-video-preview:-1"},"canonical":"https:\/\/www.copealcoy.es\/es\/el-pp-pide-que-se-le-aplique-al-alcalde-el-regimen-sancionador-previsto-contra-quienes-incumplan-el-confinamiento-perimetral\/","og_locale":"es_ES","og_type":"article","og_title":"El PP pide que se le aplique al alcalde el r\u00e9gimen sancionador previsto contra quienes incumplan el confinamiento perimetral - COPE Alcoy","og_description":"El Partido Popular de la provincia de Alicante ha presentado una denuncia contra el alcalde de Alcoy por saltarse el...","og_url":"https:\/\/www.copealcoy.es\/es\/el-pp-pide-que-se-le-aplique-al-alcalde-el-regimen-sancionador-previsto-contra-quienes-incumplan-el-confinamiento-perimetral\/","og_site_name":"COPE Alcoy","article_published_time":"2021-02-02T12:21:16+00:00","article_modified_time":"2021-02-02T12:34:09+00:00","og_image":[{"width":2092,"height":1290,"url":"https:\/\/www.copealcoy.es\/wp-content\/uploads\/2015\/02\/image7.jpg","type":"image\/jpeg"}],"author":"Cope Alcoy","twitter_misc":{"Escrito por":"Cope Alcoy","Tiempo de lectura":"2 minutos"},"schema":{"@context":"https:\/\/schema.org","@graph":[{"@type":"Article","@id":"https:\/\/www.copealcoy.es\/es\/el-pp-pide-que-se-le-aplique-al-alcalde-el-regimen-sancionador-previsto-contra-quienes-incumplan-el-confinamiento-perimetral\/#article","isPartOf":{"@id":"https:\/\/www.copealcoy.es\/es\/el-pp-pide-que-se-le-aplique-al-alcalde-el-regimen-sancionador-previsto-contra-quienes-incumplan-el-confinamiento-perimetral\/"},"author":{"name":"Cope Alcoy","@id":"https:\/\/www.copealcoy.es\/es\/#\/schema\/person\/e777c87fa024e57d40170af9df39882c"},"headline":"El PP pide que se le aplique al alcalde el r\u00e9gimen sancionador previsto contra quienes incumplan el confinamiento perimetral","datePublished":"2021-02-02T12:21:16+00:00","dateModified":"2021-02-02T12:34:09+00:00","mainEntityOfPage":{"@id":"https:\/\/www.copealcoy.es\/es\/el-pp-pide-que-se-le-aplique-al-alcalde-el-regimen-sancionador-previsto-contra-quienes-incumplan-el-confinamiento-perimetral\/"},"wordCount":453,"commentCount":0,"image":{"@id":"https:\/\/www.copealcoy.es\/es\/el-pp-pide-que-se-le-aplique-al-alcalde-el-regimen-sancionador-previsto-contra-quienes-incumplan-el-confinamiento-perimetral\/#primaryimage"},"thumbnailUrl":"https:\/\/www.copealcoy.es\/wp-content\/uploads\/2015\/02\/image7.jpg","keywords":["confinamiento","Fernando Pastor","incumplimiento","Partido Popular","r\u00e9gimen perimetral"],"articleSection":["Alcoy","Noticias","Pol\u00edtica y Econom\u00eda"],"inLanguage":"es"},{"@type":"WebPage","@id":"https:\/\/www.copealcoy.es\/es\/el-pp-pide-que-se-le-aplique-al-alcalde-el-regimen-sancionador-previsto-contra-quienes-incumplan-el-confinamiento-perimetral\/","url":"https:\/\/www.copealcoy.es\/es\/el-pp-pide-que-se-le-aplique-al-alcalde-el-regimen-sancionador-previsto-contra-quienes-incumplan-el-confinamiento-perimetral\/","name":"El PP pide que se le aplique al alcalde el r\u00e9gimen sancionador previsto contra quienes incumplan el confinamiento perimetral - COPE Alcoy","isPartOf":{"@id":"https:\/\/www.copealcoy.es\/es\/#website"},"primaryImageOfPage":{"@id":"https:\/\/www.copealcoy.es\/es\/el-pp-pide-que-se-le-aplique-al-alcalde-el-regimen-sancionador-previsto-contra-quienes-incumplan-el-confinamiento-perimetral\/#primaryimage"},"image":{"@id":"https:\/\/www.copealcoy.es\/es\/el-pp-pide-que-se-le-aplique-al-alcalde-el-regimen-sancionador-previsto-contra-quienes-incumplan-el-confinamiento-perimetral\/#primaryimage"},"thumbnailUrl":"https:\/\/www.copealcoy.es\/wp-content\/uploads\/2015\/02\/image7.jpg","datePublished":"2021-02-02T12:21:16+00:00","dateModified":"2021-02-02T12:34:09+00:00","author":{"@id":"https:\/\/www.copealcoy.es\/es\/#\/schema\/person\/e777c87fa024e57d40170af9df39882c"},"breadcrumb":{"@id":"https:\/\/www.copealcoy.es\/es\/el-pp-pide-que-se-le-aplique-al-alcalde-el-regimen-sancionador-previsto-contra-quienes-incumplan-el-confinamiento-perimetral\/#breadcrumb"},"inLanguage":"es","potentialAction":[{"@type":"ReadAction","target":["https:\/\/www.copealcoy.es\/es\/el-pp-pide-que-se-le-aplique-al-alcalde-el-regimen-sancionador-previsto-contra-quienes-incumplan-el-confinamiento-perimetral\/"]}]},{"@type":"ImageObject","inLanguage":"es","@id":"https:\/\/www.copealcoy.es\/es\/el-pp-pide-que-se-le-aplique-al-alcalde-el-regimen-sancionador-previsto-contra-quienes-incumplan-el-confinamiento-perimetral\/#primaryimage","url":"https:\/\/www.copealcoy.es\/wp-content\/uploads\/2015\/02\/image7.jpg","contentUrl":"https:\/\/www.copealcoy.es\/wp-content\/uploads\/2015\/02\/image7.jpg","width":1751,"height":1080,"caption":"Fernando Pastor, en su etapa de portavoz del Partido Popular en Alcoy"},{"@type":"BreadcrumbList","@id":"https:\/\/www.copealcoy.es\/es\/el-pp-pide-que-se-le-aplique-al-alcalde-el-regimen-sancionador-previsto-contra-quienes-incumplan-el-confinamiento-perimetral\/#breadcrumb","itemListElement":[{"@type":"ListItem","position":1,"name":"Portada","item":"https:\/\/www.copealcoy.es\/es\/"},{"@type":"ListItem","position":2,"name":"El PP pide que se le aplique al alcalde el r\u00e9gimen sancionador previsto contra quienes incumplan el confinamiento perimetral"}]},{"@type":"WebSite","@id":"https:\/\/www.copealcoy.es\/es\/#website","url":"https:\/\/www.copealcoy.es\/es\/","name":"COPE Alcoy","description":"Emisora COPE de radio local con emisi\u00f3n online. Pont de Sant Jordi 8-10 03803 Alcoy","potentialAction":[{"@type":"SearchAction","target":{"@type":"EntryPoint","urlTemplate":"https:\/\/www.copealcoy.es\/es\/?s={search_term_string}"},"query-input":{"@type":"PropertyValueSpecification","valueRequired":true,"valueName":"search_term_string"}}],"inLanguage":"es"},{"@type":"Person","@id":"https:\/\/www.copealcoy.es\/es\/#\/schema\/person\/e777c87fa024e57d40170af9df39882c","name":"Cope Alcoy","image":{"@type":"ImageObject","inLanguage":"es","@id":"https:\/\/secure.gravatar.com\/avatar\/bb65d0283347e303893ba14f0692005417c1e0e690a325a4c5d8bb2b3943ee14?s=96&d=mm&r=g","url":"https:\/\/secure.gravatar.com\/avatar\/bb65d0283347e303893ba14f0692005417c1e0e690a325a4c5d8bb2b3943ee14?s=96&d=mm&r=g","contentUrl":"https:\/\/secure.gravatar.com\/avatar\/bb65d0283347e303893ba14f0692005417c1e0e690a325a4c5d8bb2b3943ee14?s=96&d=mm&r=g","caption":"Cope Alcoy"}}]}},"_links":{"self":[{"href":"https:\/\/www.copealcoy.es\/es\/wp-json\/wp\/v2\/posts\/70486","targetHints":{"allow":["GET"]}}],"collection":[{"href":"https:\/\/www.copealcoy.es\/es\/wp-json\/wp\/v2\/posts"}],"about":[{"href":"https:\/\/www.copealcoy.es\/es\/wp-json\/wp\/v2\/types\/post"}],"author":[{"embeddable":true,"href":"https:\/\/www.copealcoy.es\/es\/wp-json\/wp\/v2\/users\/1"}],"replies":[{"embeddable":true,"href":"https:\/\/www.copealcoy.es\/es\/wp-json\/wp\/v2\/comments?post=70486"}],"version-history":[{"count":0,"href":"https:\/\/www.copealcoy.es\/es\/wp-json\/wp\/v2\/posts\/70486\/revisions"}],"wp:featuredmedia":[{"embeddable":true,"href":"https:\/\/www.copealcoy.es\/es\/wp-json\/wp\/v2\/media\/10263"}],"wp:attachment":[{"href":"https:\/\/www.copealcoy.es\/es\/wp-json\/wp\/v2\/media?parent=70486"}],"wp:term":[{"taxonomy":"category","embeddable":true,"href":"https:\/\/www.copealcoy.es\/es\/wp-json\/wp\/v2\/categories?post=70486"},{"taxonomy":"post_tag","embeddable":true,"href":"https:\/\/www.copealcoy.es\/es\/wp-json\/wp\/v2\/tags?post=70486"}],"curies":[{"name":"wp","href":"https:\/\/api.w.org\/{rel}","templated":true}]}}