{"id":70465,"date":"2021-02-02T12:43:14","date_gmt":"2021-02-02T11:43:14","guid":{"rendered":"https:\/\/www.copealcoy.es\/?p=70465"},"modified":"2021-02-02T12:52:57","modified_gmt":"2021-02-02T11:52:57","slug":"trau-la-llengua-viu-en-valencia-el-calendari-de-les-aviva-que-tambe-es-reparteix-a-muro","status":"publish","type":"post","link":"https:\/\/www.copealcoy.es\/es\/trau-la-llengua-viu-en-valencia-el-calendari-de-les-aviva-que-tambe-es-reparteix-a-muro\/","title":{"rendered":"&#8216;Trau la llengua. Viu en Valenci\u00e0&#8217;, el calendari de les AVIVA que tamb\u00e9 es reparteix a Muro"},"content":{"rendered":"<p style=\"text-align: justify;\">L\u2019<strong>Oficina de Promoci\u00f3 i \u00das del Valenci\u00e0 de Muro (AVIVA)<\/strong> s\u2019ha adherit a <strong>la campanya de promoci\u00f3 del valenci\u00e0<\/strong> titulada <strong>&#8216;Trau la llengua. Viu en valenci\u00e0&#8217;<\/strong>, una iniciativa formada per <strong>un calendari de taula<\/strong> que mostra que el valenci\u00e0<strong> \u00e9s una llengua apta<\/strong> en qualsevol situaci\u00f3 ling\u00fc\u00edstica.<\/p>\n<p style=\"text-align: justify;\">\u00c9s <strong>la llengua del poble<\/strong>, tal com ens indica gener, per\u00f2 tamb\u00e9 s\u2019usa a <strong>la fam\u00edlia<\/strong> (maig), en <strong>les festes de Nadal<\/strong> (desembre); \u00e9s <strong>la llengua de l\u2019Administraci\u00f3<\/strong> tal com veiem a l\u2019agost i de la sanitat (novembre), i \u00e9s <strong>una llengua culta i de prestigi<\/strong> ja que s\u2019empra <strong>al teatre<\/strong> (febrer),<strong> la ci\u00e8ncia<\/strong> (mar\u00e7),<strong> la literatura<\/strong> (abril) o<strong> la m\u00fasica<\/strong> (octubre).<\/p>\n<p style=\"text-align: justify;\">Des de la regidoria de Cultura de l&#8217;Ajuntament de Muro informen que <strong>els calendaris s\u2019han repartit als centres educatius del poble<\/strong> i als <strong>diferents edificis municipals<\/strong>. Per \u00faltim s&#8217;ha fet entrega entre el professorat i la ciutadania.<\/p>\n","protected":false},"excerpt":{"rendered":"<p>L\u2019Oficina de Promoci\u00f3 i \u00das del Valenci\u00e0 de Muro (AVIVA) s\u2019ha adherit a la campanya de promoci\u00f3 del valenci\u00e0 titulada&#8230;<\/p>\n","protected":false},"author":1,"featured_media":70466,"comment_status":"open","ping_status":"open","sticky":false,"template":"","format":"standard","meta":{"footnotes":""},"categories":[98,75],"tags":[4197,10739,10740,648],"class_list":["post-70465","post","type-post","status-publish","format-standard","has-post-thumbnail","hentry","category-comarcas","category-noticias","tag-ajuntament-de-muro","tag-calendaris","tag-trau-la-llengua-viu-en-valencia","tag-valencia"],"yoast_head":"<!-- This site is optimized with the Yoast SEO plugin v27.3 - https:\/\/yoast.com\/product\/yoast-seo-wordpress\/ -->\n<title>&#039;Trau la llengua. Viu en Valenci\u00e0&#039;, el calendari de les AVIVA que tamb\u00e9 es reparteix a Muro - COPE Alcoy<\/title>\n<meta name=\"robots\" content=\"index, follow, max-snippet:-1, max-image-preview:large, max-video-preview:-1\" \/>\n<link rel=\"canonical\" href=\"https:\/\/www.copealcoy.es\/es\/trau-la-llengua-viu-en-valencia-el-calendari-de-les-aviva-que-tambe-es-reparteix-a-muro\/\" \/>\n<meta property=\"og:locale\" content=\"es_ES\" \/>\n<meta property=\"og:type\" content=\"article\" \/>\n<meta property=\"og:title\" content=\"&#039;Trau la llengua. Viu en Valenci\u00e0&#039;, el calendari de les AVIVA que tamb\u00e9 es reparteix a Muro - COPE Alcoy\" \/>\n<meta property=\"og:description\" content=\"L\u2019Oficina de Promoci\u00f3 i \u00das del Valenci\u00e0 de Muro (AVIVA) s\u2019ha adherit a la campanya de promoci\u00f3 del valenci\u00e0 titulada...\" \/>\n<meta property=\"og:url\" content=\"https:\/\/www.copealcoy.es\/es\/trau-la-llengua-viu-en-valencia-el-calendari-de-les-aviva-que-tambe-es-reparteix-a-muro\/\" \/>\n<meta property=\"og:site_name\" content=\"COPE Alcoy\" \/>\n<meta property=\"article:published_time\" content=\"2021-02-02T11:43:14+00:00\" \/>\n<meta property=\"article:modified_time\" content=\"2021-02-02T11:52:57+00:00\" \/>\n<meta property=\"og:image\" content=\"https:\/\/www.copealcoy.es\/wp-content\/uploads\/2021\/02\/foto-scaled-e1612266155698.jpg\" \/>\n\t<meta property=\"og:image:width\" content=\"2560\" \/>\n\t<meta property=\"og:image:height\" content=\"1824\" \/>\n\t<meta property=\"og:image:type\" content=\"image\/jpeg\" \/>\n<meta name=\"author\" content=\"Cope Alcoy\" \/>\n<meta name=\"twitter:label1\" content=\"Escrito por\" \/>\n\t<meta name=\"twitter:data1\" content=\"Cope Alcoy\" \/>\n\t<meta name=\"twitter:label2\" content=\"Tiempo de lectura\" \/>\n\t<meta name=\"twitter:data2\" content=\"1 minuto\" \/>\n<script type=\"application\/ld+json\" class=\"yoast-schema-graph\">{\"@context\":\"https:\\\/\\\/schema.org\",\"@graph\":[{\"@type\":\"Article\",\"@id\":\"https:\\\/\\\/www.copealcoy.es\\\/es\\\/trau-la-llengua-viu-en-valencia-el-calendari-de-les-aviva-que-tambe-es-reparteix-a-muro\\\/#article\",\"isPartOf\":{\"@id\":\"https:\\\/\\\/www.copealcoy.es\\\/es\\\/trau-la-llengua-viu-en-valencia-el-calendari-de-les-aviva-que-tambe-es-reparteix-a-muro\\\/\"},\"author\":{\"name\":\"Cope Alcoy\",\"@id\":\"https:\\\/\\\/www.copealcoy.es\\\/es\\\/#\\\/schema\\\/person\\\/e777c87fa024e57d40170af9df39882c\"},\"headline\":\"&#8216;Trau la llengua. Viu en Valenci\u00e0&#8217;, el calendari de les AVIVA que tamb\u00e9 es reparteix a Muro\",\"datePublished\":\"2021-02-02T11:43:14+00:00\",\"dateModified\":\"2021-02-02T11:52:57+00:00\",\"mainEntityOfPage\":{\"@id\":\"https:\\\/\\\/www.copealcoy.es\\\/es\\\/trau-la-llengua-viu-en-valencia-el-calendari-de-les-aviva-que-tambe-es-reparteix-a-muro\\\/\"},\"wordCount\":176,\"commentCount\":0,\"image\":{\"@id\":\"https:\\\/\\\/www.copealcoy.es\\\/es\\\/trau-la-llengua-viu-en-valencia-el-calendari-de-les-aviva-que-tambe-es-reparteix-a-muro\\\/#primaryimage\"},\"thumbnailUrl\":\"https:\\\/\\\/www.copealcoy.es\\\/wp-content\\\/uploads\\\/2021\\\/02\\\/foto-scaled-e1612266155698.jpg\",\"keywords\":[\"Ajuntament de Muro\",\"calendaris\",\"Trau la llengua. Viu en Valenci\u00e0'\",\"Valencia\"],\"articleSection\":[\"Comarcas\",\"Noticias\"],\"inLanguage\":\"es\"},{\"@type\":\"WebPage\",\"@id\":\"https:\\\/\\\/www.copealcoy.es\\\/es\\\/trau-la-llengua-viu-en-valencia-el-calendari-de-les-aviva-que-tambe-es-reparteix-a-muro\\\/\",\"url\":\"https:\\\/\\\/www.copealcoy.es\\\/es\\\/trau-la-llengua-viu-en-valencia-el-calendari-de-les-aviva-que-tambe-es-reparteix-a-muro\\\/\",\"name\":\"'Trau la llengua. Viu en Valenci\u00e0', el calendari de les AVIVA que tamb\u00e9 es reparteix a Muro - COPE Alcoy\",\"isPartOf\":{\"@id\":\"https:\\\/\\\/www.copealcoy.es\\\/es\\\/#website\"},\"primaryImageOfPage\":{\"@id\":\"https:\\\/\\\/www.copealcoy.es\\\/es\\\/trau-la-llengua-viu-en-valencia-el-calendari-de-les-aviva-que-tambe-es-reparteix-a-muro\\\/#primaryimage\"},\"image\":{\"@id\":\"https:\\\/\\\/www.copealcoy.es\\\/es\\\/trau-la-llengua-viu-en-valencia-el-calendari-de-les-aviva-que-tambe-es-reparteix-a-muro\\\/#primaryimage\"},\"thumbnailUrl\":\"https:\\\/\\\/www.copealcoy.es\\\/wp-content\\\/uploads\\\/2021\\\/02\\\/foto-scaled-e1612266155698.jpg\",\"datePublished\":\"2021-02-02T11:43:14+00:00\",\"dateModified\":\"2021-02-02T11:52:57+00:00\",\"author\":{\"@id\":\"https:\\\/\\\/www.copealcoy.es\\\/es\\\/#\\\/schema\\\/person\\\/e777c87fa024e57d40170af9df39882c\"},\"breadcrumb\":{\"@id\":\"https:\\\/\\\/www.copealcoy.es\\\/es\\\/trau-la-llengua-viu-en-valencia-el-calendari-de-les-aviva-que-tambe-es-reparteix-a-muro\\\/#breadcrumb\"},\"inLanguage\":\"es\",\"potentialAction\":[{\"@type\":\"ReadAction\",\"target\":[\"https:\\\/\\\/www.copealcoy.es\\\/es\\\/trau-la-llengua-viu-en-valencia-el-calendari-de-les-aviva-que-tambe-es-reparteix-a-muro\\\/\"]}]},{\"@type\":\"ImageObject\",\"inLanguage\":\"es\",\"@id\":\"https:\\\/\\\/www.copealcoy.es\\\/es\\\/trau-la-llengua-viu-en-valencia-el-calendari-de-les-aviva-que-tambe-es-reparteix-a-muro\\\/#primaryimage\",\"url\":\"https:\\\/\\\/www.copealcoy.es\\\/wp-content\\\/uploads\\\/2021\\\/02\\\/foto-scaled-e1612266155698.jpg\",\"contentUrl\":\"https:\\\/\\\/www.copealcoy.es\\\/wp-content\\\/uploads\\\/2021\\\/02\\\/foto-scaled-e1612266155698.jpg\",\"width\":2560,\"height\":1824},{\"@type\":\"BreadcrumbList\",\"@id\":\"https:\\\/\\\/www.copealcoy.es\\\/es\\\/trau-la-llengua-viu-en-valencia-el-calendari-de-les-aviva-que-tambe-es-reparteix-a-muro\\\/#breadcrumb\",\"itemListElement\":[{\"@type\":\"ListItem\",\"position\":1,\"name\":\"Portada\",\"item\":\"https:\\\/\\\/www.copealcoy.es\\\/es\\\/\"},{\"@type\":\"ListItem\",\"position\":2,\"name\":\"&#8216;Trau la llengua. Viu en Valenci\u00e0&#8217;, el calendari de les AVIVA que tamb\u00e9 es reparteix a Muro\"}]},{\"@type\":\"WebSite\",\"@id\":\"https:\\\/\\\/www.copealcoy.es\\\/es\\\/#website\",\"url\":\"https:\\\/\\\/www.copealcoy.es\\\/es\\\/\",\"name\":\"COPE Alcoy\",\"description\":\"Emisora COPE de radio local con emisi\u00f3n online. Pont de Sant Jordi 8-10 03803 Alcoy\",\"potentialAction\":[{\"@type\":\"SearchAction\",\"target\":{\"@type\":\"EntryPoint\",\"urlTemplate\":\"https:\\\/\\\/www.copealcoy.es\\\/es\\\/?s={search_term_string}\"},\"query-input\":{\"@type\":\"PropertyValueSpecification\",\"valueRequired\":true,\"valueName\":\"search_term_string\"}}],\"inLanguage\":\"es\"},{\"@type\":\"Person\",\"@id\":\"https:\\\/\\\/www.copealcoy.es\\\/es\\\/#\\\/schema\\\/person\\\/e777c87fa024e57d40170af9df39882c\",\"name\":\"Cope Alcoy\",\"image\":{\"@type\":\"ImageObject\",\"inLanguage\":\"es\",\"@id\":\"https:\\\/\\\/secure.gravatar.com\\\/avatar\\\/bb65d0283347e303893ba14f0692005417c1e0e690a325a4c5d8bb2b3943ee14?s=96&d=mm&r=g\",\"url\":\"https:\\\/\\\/secure.gravatar.com\\\/avatar\\\/bb65d0283347e303893ba14f0692005417c1e0e690a325a4c5d8bb2b3943ee14?s=96&d=mm&r=g\",\"contentUrl\":\"https:\\\/\\\/secure.gravatar.com\\\/avatar\\\/bb65d0283347e303893ba14f0692005417c1e0e690a325a4c5d8bb2b3943ee14?s=96&d=mm&r=g\",\"caption\":\"Cope Alcoy\"}}]}<\/script>\n<!-- \/ Yoast SEO plugin. -->","yoast_head_json":{"title":"'Trau la llengua. Viu en Valenci\u00e0', el calendari de les AVIVA que tamb\u00e9 es reparteix a Muro - COPE Alcoy","robots":{"index":"index","follow":"follow","max-snippet":"max-snippet:-1","max-image-preview":"max-image-preview:large","max-video-preview":"max-video-preview:-1"},"canonical":"https:\/\/www.copealcoy.es\/es\/trau-la-llengua-viu-en-valencia-el-calendari-de-les-aviva-que-tambe-es-reparteix-a-muro\/","og_locale":"es_ES","og_type":"article","og_title":"'Trau la llengua. Viu en Valenci\u00e0', el calendari de les AVIVA que tamb\u00e9 es reparteix a Muro - COPE Alcoy","og_description":"L\u2019Oficina de Promoci\u00f3 i \u00das del Valenci\u00e0 de Muro (AVIVA) s\u2019ha adherit a la campanya de promoci\u00f3 del valenci\u00e0 titulada...","og_url":"https:\/\/www.copealcoy.es\/es\/trau-la-llengua-viu-en-valencia-el-calendari-de-les-aviva-que-tambe-es-reparteix-a-muro\/","og_site_name":"COPE Alcoy","article_published_time":"2021-02-02T11:43:14+00:00","article_modified_time":"2021-02-02T11:52:57+00:00","og_image":[{"width":2560,"height":1824,"url":"https:\/\/www.copealcoy.es\/wp-content\/uploads\/2021\/02\/foto-scaled-e1612266155698.jpg","type":"image\/jpeg"}],"author":"Cope Alcoy","twitter_misc":{"Escrito por":"Cope Alcoy","Tiempo de lectura":"1 minuto"},"schema":{"@context":"https:\/\/schema.org","@graph":[{"@type":"Article","@id":"https:\/\/www.copealcoy.es\/es\/trau-la-llengua-viu-en-valencia-el-calendari-de-les-aviva-que-tambe-es-reparteix-a-muro\/#article","isPartOf":{"@id":"https:\/\/www.copealcoy.es\/es\/trau-la-llengua-viu-en-valencia-el-calendari-de-les-aviva-que-tambe-es-reparteix-a-muro\/"},"author":{"name":"Cope Alcoy","@id":"https:\/\/www.copealcoy.es\/es\/#\/schema\/person\/e777c87fa024e57d40170af9df39882c"},"headline":"&#8216;Trau la llengua. Viu en Valenci\u00e0&#8217;, el calendari de les AVIVA que tamb\u00e9 es reparteix a Muro","datePublished":"2021-02-02T11:43:14+00:00","dateModified":"2021-02-02T11:52:57+00:00","mainEntityOfPage":{"@id":"https:\/\/www.copealcoy.es\/es\/trau-la-llengua-viu-en-valencia-el-calendari-de-les-aviva-que-tambe-es-reparteix-a-muro\/"},"wordCount":176,"commentCount":0,"image":{"@id":"https:\/\/www.copealcoy.es\/es\/trau-la-llengua-viu-en-valencia-el-calendari-de-les-aviva-que-tambe-es-reparteix-a-muro\/#primaryimage"},"thumbnailUrl":"https:\/\/www.copealcoy.es\/wp-content\/uploads\/2021\/02\/foto-scaled-e1612266155698.jpg","keywords":["Ajuntament de Muro","calendaris","Trau la llengua. Viu en Valenci\u00e0'","Valencia"],"articleSection":["Comarcas","Noticias"],"inLanguage":"es"},{"@type":"WebPage","@id":"https:\/\/www.copealcoy.es\/es\/trau-la-llengua-viu-en-valencia-el-calendari-de-les-aviva-que-tambe-es-reparteix-a-muro\/","url":"https:\/\/www.copealcoy.es\/es\/trau-la-llengua-viu-en-valencia-el-calendari-de-les-aviva-que-tambe-es-reparteix-a-muro\/","name":"'Trau la llengua. Viu en Valenci\u00e0', el calendari de les AVIVA que tamb\u00e9 es reparteix a Muro - COPE Alcoy","isPartOf":{"@id":"https:\/\/www.copealcoy.es\/es\/#website"},"primaryImageOfPage":{"@id":"https:\/\/www.copealcoy.es\/es\/trau-la-llengua-viu-en-valencia-el-calendari-de-les-aviva-que-tambe-es-reparteix-a-muro\/#primaryimage"},"image":{"@id":"https:\/\/www.copealcoy.es\/es\/trau-la-llengua-viu-en-valencia-el-calendari-de-les-aviva-que-tambe-es-reparteix-a-muro\/#primaryimage"},"thumbnailUrl":"https:\/\/www.copealcoy.es\/wp-content\/uploads\/2021\/02\/foto-scaled-e1612266155698.jpg","datePublished":"2021-02-02T11:43:14+00:00","dateModified":"2021-02-02T11:52:57+00:00","author":{"@id":"https:\/\/www.copealcoy.es\/es\/#\/schema\/person\/e777c87fa024e57d40170af9df39882c"},"breadcrumb":{"@id":"https:\/\/www.copealcoy.es\/es\/trau-la-llengua-viu-en-valencia-el-calendari-de-les-aviva-que-tambe-es-reparteix-a-muro\/#breadcrumb"},"inLanguage":"es","potentialAction":[{"@type":"ReadAction","target":["https:\/\/www.copealcoy.es\/es\/trau-la-llengua-viu-en-valencia-el-calendari-de-les-aviva-que-tambe-es-reparteix-a-muro\/"]}]},{"@type":"ImageObject","inLanguage":"es","@id":"https:\/\/www.copealcoy.es\/es\/trau-la-llengua-viu-en-valencia-el-calendari-de-les-aviva-que-tambe-es-reparteix-a-muro\/#primaryimage","url":"https:\/\/www.copealcoy.es\/wp-content\/uploads\/2021\/02\/foto-scaled-e1612266155698.jpg","contentUrl":"https:\/\/www.copealcoy.es\/wp-content\/uploads\/2021\/02\/foto-scaled-e1612266155698.jpg","width":2560,"height":1824},{"@type":"BreadcrumbList","@id":"https:\/\/www.copealcoy.es\/es\/trau-la-llengua-viu-en-valencia-el-calendari-de-les-aviva-que-tambe-es-reparteix-a-muro\/#breadcrumb","itemListElement":[{"@type":"ListItem","position":1,"name":"Portada","item":"https:\/\/www.copealcoy.es\/es\/"},{"@type":"ListItem","position":2,"name":"&#8216;Trau la llengua. Viu en Valenci\u00e0&#8217;, el calendari de les AVIVA que tamb\u00e9 es reparteix a Muro"}]},{"@type":"WebSite","@id":"https:\/\/www.copealcoy.es\/es\/#website","url":"https:\/\/www.copealcoy.es\/es\/","name":"COPE Alcoy","description":"Emisora COPE de radio local con emisi\u00f3n online. Pont de Sant Jordi 8-10 03803 Alcoy","potentialAction":[{"@type":"SearchAction","target":{"@type":"EntryPoint","urlTemplate":"https:\/\/www.copealcoy.es\/es\/?s={search_term_string}"},"query-input":{"@type":"PropertyValueSpecification","valueRequired":true,"valueName":"search_term_string"}}],"inLanguage":"es"},{"@type":"Person","@id":"https:\/\/www.copealcoy.es\/es\/#\/schema\/person\/e777c87fa024e57d40170af9df39882c","name":"Cope Alcoy","image":{"@type":"ImageObject","inLanguage":"es","@id":"https:\/\/secure.gravatar.com\/avatar\/bb65d0283347e303893ba14f0692005417c1e0e690a325a4c5d8bb2b3943ee14?s=96&d=mm&r=g","url":"https:\/\/secure.gravatar.com\/avatar\/bb65d0283347e303893ba14f0692005417c1e0e690a325a4c5d8bb2b3943ee14?s=96&d=mm&r=g","contentUrl":"https:\/\/secure.gravatar.com\/avatar\/bb65d0283347e303893ba14f0692005417c1e0e690a325a4c5d8bb2b3943ee14?s=96&d=mm&r=g","caption":"Cope Alcoy"}}]}},"_links":{"self":[{"href":"https:\/\/www.copealcoy.es\/es\/wp-json\/wp\/v2\/posts\/70465","targetHints":{"allow":["GET"]}}],"collection":[{"href":"https:\/\/www.copealcoy.es\/es\/wp-json\/wp\/v2\/posts"}],"about":[{"href":"https:\/\/www.copealcoy.es\/es\/wp-json\/wp\/v2\/types\/post"}],"author":[{"embeddable":true,"href":"https:\/\/www.copealcoy.es\/es\/wp-json\/wp\/v2\/users\/1"}],"replies":[{"embeddable":true,"href":"https:\/\/www.copealcoy.es\/es\/wp-json\/wp\/v2\/comments?post=70465"}],"version-history":[{"count":0,"href":"https:\/\/www.copealcoy.es\/es\/wp-json\/wp\/v2\/posts\/70465\/revisions"}],"wp:featuredmedia":[{"embeddable":true,"href":"https:\/\/www.copealcoy.es\/es\/wp-json\/wp\/v2\/media\/70466"}],"wp:attachment":[{"href":"https:\/\/www.copealcoy.es\/es\/wp-json\/wp\/v2\/media?parent=70465"}],"wp:term":[{"taxonomy":"category","embeddable":true,"href":"https:\/\/www.copealcoy.es\/es\/wp-json\/wp\/v2\/categories?post=70465"},{"taxonomy":"post_tag","embeddable":true,"href":"https:\/\/www.copealcoy.es\/es\/wp-json\/wp\/v2\/tags?post=70465"}],"curies":[{"name":"wp","href":"https:\/\/api.w.org\/{rel}","templated":true}]}}