{"id":70444,"date":"2021-02-01T14:00:09","date_gmt":"2021-02-01T13:00:09","guid":{"rendered":"https:\/\/www.copealcoy.es\/?p=70444"},"modified":"2021-02-01T14:12:22","modified_gmt":"2021-02-01T13:12:22","slug":"frances-pide-disculpas-y-anuncia-su-regreso-a-alcoy","status":"publish","type":"post","link":"https:\/\/www.copealcoy.es\/es\/frances-pide-disculpas-y-anuncia-su-regreso-a-alcoy\/","title":{"rendered":"Franc\u00e9s pide disculpas y anuncia su regreso a Alcoy"},"content":{"rendered":"<p style=\"text-align: justify;\">El alcalde de Alcoy, <strong>Antonio Franc\u00e9s<\/strong>, ha dado un paso al frente este lunes y ha comparecido en rueda de prensa <strong>tras la pol\u00e9mica surgida en las \u00faltimas sobre el supuesto salto del cierre perimetral de la ciudad<\/strong> que <strong>habr\u00eda cometido el primer edil este fin de semana<\/strong> al desplazarse a su segunda residencia situada en Pen\u00e1guila. Franc\u00e9s ha dado su versi\u00f3n de los hechos flanqueado <strong>por los concejales Lorena Zamorano y Jordi Mart\u00ednez<\/strong>, ambos situados tras \u00e9l en la lista electoral con la que <strong>los socialistas alcoyanos concurrieron a las Elecciones Municipales<\/strong> de mayo de 2019.<\/p>\n<p style=\"text-align: justify;\">Durante su intervenci\u00f3n ha asegurado el alcalde que <strong>se traslad\u00f3 a Pen\u00e1guila por motivos personales<\/strong> al mismo tiempo que ha afirmado que <strong>no ha infringido ninguna norma<\/strong> ya que se traslad\u00f3 a la misma antes del cierre perimetral de la ciudad. Franc\u00e9s <strong>ha pedido perd\u00f3n por el malestar que haya podido generar en la ciudad este hecho<\/strong> y ha reiterado que <strong>nunca ha pedido nada a la poblaci\u00f3n<\/strong> que \u00e9l mismo no pueda cumplir &#8220;<em>entiendo el alboroto y el cabreo de muchos ciudadanos que seguramente no han comprendido esa decisi\u00f3n que tom\u00e9 en mi \u00e1mbito privado, pero que transciende por mi responsabilidad. Las entradas y salidas de Alcoy que hecho est\u00e1n justificadas por motivos laborales e incluso puedo acreditar que estoy residiendo en Pen\u00e0guila. Esta posibilidad es completamente compatible con las normas, recomendaciones y disposiciones acordadas por las administraciones sanitarias<\/em>&#8220;, ha manifestado el propio alcalde.<\/p>\n<p style=\"text-align: justify;\">Finalmente Antonio Franc\u00e9s ha reconocido que<strong> la decisi\u00f3n que ha adoptado para su \u00e1mbito privado no era la m\u00e1s correcta desde el punto de vista pol\u00edtico. <\/strong>Todo ello teniendo en cuenta <strong>la complicada situaci\u00f3n por la que atraviesa Alcoy desde principios de a\u00f1o<\/strong> debido a la elevada incidencia del Coronavirus que registra la ciudad.<\/p>\n","protected":false},"excerpt":{"rendered":"<p>El alcalde de Alcoy, Antonio Franc\u00e9s, ha dado un paso al frente este lunes y ha comparecido en rueda de&#8230;<\/p>\n","protected":false},"author":1,"featured_media":70446,"comment_status":"open","ping_status":"open","sticky":false,"template":"","format":"standard","meta":{"footnotes":""},"categories":[97,75,125],"tags":[10268,10737,370,10738],"class_list":["post-70444","post","type-post","status-publish","format-standard","has-post-thumbnail","hentry","category-alcoy","category-noticias","category-portada","tag-cierre-perimetral","tag-frances-disculpas","tag-polemica","tag-regreso-alcoy"],"yoast_head":"<!-- This site is optimized with the Yoast SEO plugin v27.3 - https:\/\/yoast.com\/product\/yoast-seo-wordpress\/ -->\n<title>Franc\u00e9s pide disculpas y anuncia su regreso a Alcoy - COPE Alcoy<\/title>\n<meta name=\"robots\" content=\"index, follow, max-snippet:-1, max-image-preview:large, max-video-preview:-1\" \/>\n<link rel=\"canonical\" href=\"https:\/\/www.copealcoy.es\/es\/frances-pide-disculpas-y-anuncia-su-regreso-a-alcoy\/\" \/>\n<meta property=\"og:locale\" content=\"es_ES\" \/>\n<meta property=\"og:type\" content=\"article\" \/>\n<meta property=\"og:title\" content=\"Franc\u00e9s pide disculpas y anuncia su regreso a Alcoy - COPE Alcoy\" \/>\n<meta property=\"og:description\" content=\"El alcalde de Alcoy, Antonio Franc\u00e9s, ha dado un paso al frente este lunes y ha comparecido en rueda de...\" \/>\n<meta property=\"og:url\" content=\"https:\/\/www.copealcoy.es\/es\/frances-pide-disculpas-y-anuncia-su-regreso-a-alcoy\/\" \/>\n<meta property=\"og:site_name\" content=\"COPE Alcoy\" \/>\n<meta property=\"article:published_time\" content=\"2021-02-01T13:00:09+00:00\" \/>\n<meta property=\"article:modified_time\" content=\"2021-02-01T13:12:22+00:00\" \/>\n<meta property=\"og:image\" content=\"https:\/\/www.copealcoy.es\/wp-content\/uploads\/2021\/02\/unnamed-e1612184462574.jpg\" \/>\n\t<meta property=\"og:image:width\" content=\"2048\" \/>\n\t<meta property=\"og:image:height\" content=\"1090\" \/>\n\t<meta property=\"og:image:type\" content=\"image\/jpeg\" \/>\n<meta name=\"author\" content=\"Cope Alcoy\" \/>\n<meta name=\"twitter:label1\" content=\"Escrito por\" \/>\n\t<meta name=\"twitter:data1\" content=\"Cope Alcoy\" \/>\n\t<meta name=\"twitter:label2\" content=\"Tiempo de lectura\" \/>\n\t<meta name=\"twitter:data2\" content=\"2 minutos\" \/>\n<script type=\"application\/ld+json\" class=\"yoast-schema-graph\">{\"@context\":\"https:\\\/\\\/schema.org\",\"@graph\":[{\"@type\":\"Article\",\"@id\":\"https:\\\/\\\/www.copealcoy.es\\\/es\\\/frances-pide-disculpas-y-anuncia-su-regreso-a-alcoy\\\/#article\",\"isPartOf\":{\"@id\":\"https:\\\/\\\/www.copealcoy.es\\\/es\\\/frances-pide-disculpas-y-anuncia-su-regreso-a-alcoy\\\/\"},\"author\":{\"name\":\"Cope Alcoy\",\"@id\":\"https:\\\/\\\/www.copealcoy.es\\\/es\\\/#\\\/schema\\\/person\\\/e777c87fa024e57d40170af9df39882c\"},\"headline\":\"Franc\u00e9s pide disculpas y anuncia su regreso a Alcoy\",\"datePublished\":\"2021-02-01T13:00:09+00:00\",\"dateModified\":\"2021-02-01T13:12:22+00:00\",\"mainEntityOfPage\":{\"@id\":\"https:\\\/\\\/www.copealcoy.es\\\/es\\\/frances-pide-disculpas-y-anuncia-su-regreso-a-alcoy\\\/\"},\"wordCount\":326,\"commentCount\":0,\"image\":{\"@id\":\"https:\\\/\\\/www.copealcoy.es\\\/es\\\/frances-pide-disculpas-y-anuncia-su-regreso-a-alcoy\\\/#primaryimage\"},\"thumbnailUrl\":\"https:\\\/\\\/www.copealcoy.es\\\/wp-content\\\/uploads\\\/2021\\\/02\\\/unnamed-e1612184462574.jpg\",\"keywords\":[\"cierre perimetral\",\"Franc\u00e9s. disculpas\",\"Pol\u00e9mica\",\"regreso Alcoy\"],\"articleSection\":[\"Alcoy\",\"Noticias\",\"Portada\"],\"inLanguage\":\"es\"},{\"@type\":\"WebPage\",\"@id\":\"https:\\\/\\\/www.copealcoy.es\\\/es\\\/frances-pide-disculpas-y-anuncia-su-regreso-a-alcoy\\\/\",\"url\":\"https:\\\/\\\/www.copealcoy.es\\\/es\\\/frances-pide-disculpas-y-anuncia-su-regreso-a-alcoy\\\/\",\"name\":\"Franc\u00e9s pide disculpas y anuncia su regreso a Alcoy - COPE Alcoy\",\"isPartOf\":{\"@id\":\"https:\\\/\\\/www.copealcoy.es\\\/es\\\/#website\"},\"primaryImageOfPage\":{\"@id\":\"https:\\\/\\\/www.copealcoy.es\\\/es\\\/frances-pide-disculpas-y-anuncia-su-regreso-a-alcoy\\\/#primaryimage\"},\"image\":{\"@id\":\"https:\\\/\\\/www.copealcoy.es\\\/es\\\/frances-pide-disculpas-y-anuncia-su-regreso-a-alcoy\\\/#primaryimage\"},\"thumbnailUrl\":\"https:\\\/\\\/www.copealcoy.es\\\/wp-content\\\/uploads\\\/2021\\\/02\\\/unnamed-e1612184462574.jpg\",\"datePublished\":\"2021-02-01T13:00:09+00:00\",\"dateModified\":\"2021-02-01T13:12:22+00:00\",\"author\":{\"@id\":\"https:\\\/\\\/www.copealcoy.es\\\/es\\\/#\\\/schema\\\/person\\\/e777c87fa024e57d40170af9df39882c\"},\"breadcrumb\":{\"@id\":\"https:\\\/\\\/www.copealcoy.es\\\/es\\\/frances-pide-disculpas-y-anuncia-su-regreso-a-alcoy\\\/#breadcrumb\"},\"inLanguage\":\"es\",\"potentialAction\":[{\"@type\":\"ReadAction\",\"target\":[\"https:\\\/\\\/www.copealcoy.es\\\/es\\\/frances-pide-disculpas-y-anuncia-su-regreso-a-alcoy\\\/\"]}]},{\"@type\":\"ImageObject\",\"inLanguage\":\"es\",\"@id\":\"https:\\\/\\\/www.copealcoy.es\\\/es\\\/frances-pide-disculpas-y-anuncia-su-regreso-a-alcoy\\\/#primaryimage\",\"url\":\"https:\\\/\\\/www.copealcoy.es\\\/wp-content\\\/uploads\\\/2021\\\/02\\\/unnamed-e1612184462574.jpg\",\"contentUrl\":\"https:\\\/\\\/www.copealcoy.es\\\/wp-content\\\/uploads\\\/2021\\\/02\\\/unnamed-e1612184462574.jpg\",\"width\":2048,\"height\":1090},{\"@type\":\"BreadcrumbList\",\"@id\":\"https:\\\/\\\/www.copealcoy.es\\\/es\\\/frances-pide-disculpas-y-anuncia-su-regreso-a-alcoy\\\/#breadcrumb\",\"itemListElement\":[{\"@type\":\"ListItem\",\"position\":1,\"name\":\"Portada\",\"item\":\"https:\\\/\\\/www.copealcoy.es\\\/es\\\/\"},{\"@type\":\"ListItem\",\"position\":2,\"name\":\"Franc\u00e9s pide disculpas y anuncia su regreso a Alcoy\"}]},{\"@type\":\"WebSite\",\"@id\":\"https:\\\/\\\/www.copealcoy.es\\\/es\\\/#website\",\"url\":\"https:\\\/\\\/www.copealcoy.es\\\/es\\\/\",\"name\":\"COPE Alcoy\",\"description\":\"Emisora COPE de radio local con emisi\u00f3n online. Pont de Sant Jordi 8-10 03803 Alcoy\",\"potentialAction\":[{\"@type\":\"SearchAction\",\"target\":{\"@type\":\"EntryPoint\",\"urlTemplate\":\"https:\\\/\\\/www.copealcoy.es\\\/es\\\/?s={search_term_string}\"},\"query-input\":{\"@type\":\"PropertyValueSpecification\",\"valueRequired\":true,\"valueName\":\"search_term_string\"}}],\"inLanguage\":\"es\"},{\"@type\":\"Person\",\"@id\":\"https:\\\/\\\/www.copealcoy.es\\\/es\\\/#\\\/schema\\\/person\\\/e777c87fa024e57d40170af9df39882c\",\"name\":\"Cope Alcoy\",\"image\":{\"@type\":\"ImageObject\",\"inLanguage\":\"es\",\"@id\":\"https:\\\/\\\/secure.gravatar.com\\\/avatar\\\/bb65d0283347e303893ba14f0692005417c1e0e690a325a4c5d8bb2b3943ee14?s=96&d=mm&r=g\",\"url\":\"https:\\\/\\\/secure.gravatar.com\\\/avatar\\\/bb65d0283347e303893ba14f0692005417c1e0e690a325a4c5d8bb2b3943ee14?s=96&d=mm&r=g\",\"contentUrl\":\"https:\\\/\\\/secure.gravatar.com\\\/avatar\\\/bb65d0283347e303893ba14f0692005417c1e0e690a325a4c5d8bb2b3943ee14?s=96&d=mm&r=g\",\"caption\":\"Cope Alcoy\"}}]}<\/script>\n<!-- \/ Yoast SEO plugin. -->","yoast_head_json":{"title":"Franc\u00e9s pide disculpas y anuncia su regreso a Alcoy - COPE Alcoy","robots":{"index":"index","follow":"follow","max-snippet":"max-snippet:-1","max-image-preview":"max-image-preview:large","max-video-preview":"max-video-preview:-1"},"canonical":"https:\/\/www.copealcoy.es\/es\/frances-pide-disculpas-y-anuncia-su-regreso-a-alcoy\/","og_locale":"es_ES","og_type":"article","og_title":"Franc\u00e9s pide disculpas y anuncia su regreso a Alcoy - COPE Alcoy","og_description":"El alcalde de Alcoy, Antonio Franc\u00e9s, ha dado un paso al frente este lunes y ha comparecido en rueda de...","og_url":"https:\/\/www.copealcoy.es\/es\/frances-pide-disculpas-y-anuncia-su-regreso-a-alcoy\/","og_site_name":"COPE Alcoy","article_published_time":"2021-02-01T13:00:09+00:00","article_modified_time":"2021-02-01T13:12:22+00:00","og_image":[{"width":2048,"height":1090,"url":"https:\/\/www.copealcoy.es\/wp-content\/uploads\/2021\/02\/unnamed-e1612184462574.jpg","type":"image\/jpeg"}],"author":"Cope Alcoy","twitter_misc":{"Escrito por":"Cope Alcoy","Tiempo de lectura":"2 minutos"},"schema":{"@context":"https:\/\/schema.org","@graph":[{"@type":"Article","@id":"https:\/\/www.copealcoy.es\/es\/frances-pide-disculpas-y-anuncia-su-regreso-a-alcoy\/#article","isPartOf":{"@id":"https:\/\/www.copealcoy.es\/es\/frances-pide-disculpas-y-anuncia-su-regreso-a-alcoy\/"},"author":{"name":"Cope Alcoy","@id":"https:\/\/www.copealcoy.es\/es\/#\/schema\/person\/e777c87fa024e57d40170af9df39882c"},"headline":"Franc\u00e9s pide disculpas y anuncia su regreso a Alcoy","datePublished":"2021-02-01T13:00:09+00:00","dateModified":"2021-02-01T13:12:22+00:00","mainEntityOfPage":{"@id":"https:\/\/www.copealcoy.es\/es\/frances-pide-disculpas-y-anuncia-su-regreso-a-alcoy\/"},"wordCount":326,"commentCount":0,"image":{"@id":"https:\/\/www.copealcoy.es\/es\/frances-pide-disculpas-y-anuncia-su-regreso-a-alcoy\/#primaryimage"},"thumbnailUrl":"https:\/\/www.copealcoy.es\/wp-content\/uploads\/2021\/02\/unnamed-e1612184462574.jpg","keywords":["cierre perimetral","Franc\u00e9s. disculpas","Pol\u00e9mica","regreso Alcoy"],"articleSection":["Alcoy","Noticias","Portada"],"inLanguage":"es"},{"@type":"WebPage","@id":"https:\/\/www.copealcoy.es\/es\/frances-pide-disculpas-y-anuncia-su-regreso-a-alcoy\/","url":"https:\/\/www.copealcoy.es\/es\/frances-pide-disculpas-y-anuncia-su-regreso-a-alcoy\/","name":"Franc\u00e9s pide disculpas y anuncia su regreso a Alcoy - COPE Alcoy","isPartOf":{"@id":"https:\/\/www.copealcoy.es\/es\/#website"},"primaryImageOfPage":{"@id":"https:\/\/www.copealcoy.es\/es\/frances-pide-disculpas-y-anuncia-su-regreso-a-alcoy\/#primaryimage"},"image":{"@id":"https:\/\/www.copealcoy.es\/es\/frances-pide-disculpas-y-anuncia-su-regreso-a-alcoy\/#primaryimage"},"thumbnailUrl":"https:\/\/www.copealcoy.es\/wp-content\/uploads\/2021\/02\/unnamed-e1612184462574.jpg","datePublished":"2021-02-01T13:00:09+00:00","dateModified":"2021-02-01T13:12:22+00:00","author":{"@id":"https:\/\/www.copealcoy.es\/es\/#\/schema\/person\/e777c87fa024e57d40170af9df39882c"},"breadcrumb":{"@id":"https:\/\/www.copealcoy.es\/es\/frances-pide-disculpas-y-anuncia-su-regreso-a-alcoy\/#breadcrumb"},"inLanguage":"es","potentialAction":[{"@type":"ReadAction","target":["https:\/\/www.copealcoy.es\/es\/frances-pide-disculpas-y-anuncia-su-regreso-a-alcoy\/"]}]},{"@type":"ImageObject","inLanguage":"es","@id":"https:\/\/www.copealcoy.es\/es\/frances-pide-disculpas-y-anuncia-su-regreso-a-alcoy\/#primaryimage","url":"https:\/\/www.copealcoy.es\/wp-content\/uploads\/2021\/02\/unnamed-e1612184462574.jpg","contentUrl":"https:\/\/www.copealcoy.es\/wp-content\/uploads\/2021\/02\/unnamed-e1612184462574.jpg","width":2048,"height":1090},{"@type":"BreadcrumbList","@id":"https:\/\/www.copealcoy.es\/es\/frances-pide-disculpas-y-anuncia-su-regreso-a-alcoy\/#breadcrumb","itemListElement":[{"@type":"ListItem","position":1,"name":"Portada","item":"https:\/\/www.copealcoy.es\/es\/"},{"@type":"ListItem","position":2,"name":"Franc\u00e9s pide disculpas y anuncia su regreso a Alcoy"}]},{"@type":"WebSite","@id":"https:\/\/www.copealcoy.es\/es\/#website","url":"https:\/\/www.copealcoy.es\/es\/","name":"COPE Alcoy","description":"Emisora COPE de radio local con emisi\u00f3n online. Pont de Sant Jordi 8-10 03803 Alcoy","potentialAction":[{"@type":"SearchAction","target":{"@type":"EntryPoint","urlTemplate":"https:\/\/www.copealcoy.es\/es\/?s={search_term_string}"},"query-input":{"@type":"PropertyValueSpecification","valueRequired":true,"valueName":"search_term_string"}}],"inLanguage":"es"},{"@type":"Person","@id":"https:\/\/www.copealcoy.es\/es\/#\/schema\/person\/e777c87fa024e57d40170af9df39882c","name":"Cope Alcoy","image":{"@type":"ImageObject","inLanguage":"es","@id":"https:\/\/secure.gravatar.com\/avatar\/bb65d0283347e303893ba14f0692005417c1e0e690a325a4c5d8bb2b3943ee14?s=96&d=mm&r=g","url":"https:\/\/secure.gravatar.com\/avatar\/bb65d0283347e303893ba14f0692005417c1e0e690a325a4c5d8bb2b3943ee14?s=96&d=mm&r=g","contentUrl":"https:\/\/secure.gravatar.com\/avatar\/bb65d0283347e303893ba14f0692005417c1e0e690a325a4c5d8bb2b3943ee14?s=96&d=mm&r=g","caption":"Cope Alcoy"}}]}},"_links":{"self":[{"href":"https:\/\/www.copealcoy.es\/es\/wp-json\/wp\/v2\/posts\/70444","targetHints":{"allow":["GET"]}}],"collection":[{"href":"https:\/\/www.copealcoy.es\/es\/wp-json\/wp\/v2\/posts"}],"about":[{"href":"https:\/\/www.copealcoy.es\/es\/wp-json\/wp\/v2\/types\/post"}],"author":[{"embeddable":true,"href":"https:\/\/www.copealcoy.es\/es\/wp-json\/wp\/v2\/users\/1"}],"replies":[{"embeddable":true,"href":"https:\/\/www.copealcoy.es\/es\/wp-json\/wp\/v2\/comments?post=70444"}],"version-history":[{"count":0,"href":"https:\/\/www.copealcoy.es\/es\/wp-json\/wp\/v2\/posts\/70444\/revisions"}],"wp:featuredmedia":[{"embeddable":true,"href":"https:\/\/www.copealcoy.es\/es\/wp-json\/wp\/v2\/media\/70446"}],"wp:attachment":[{"href":"https:\/\/www.copealcoy.es\/es\/wp-json\/wp\/v2\/media?parent=70444"}],"wp:term":[{"taxonomy":"category","embeddable":true,"href":"https:\/\/www.copealcoy.es\/es\/wp-json\/wp\/v2\/categories?post=70444"},{"taxonomy":"post_tag","embeddable":true,"href":"https:\/\/www.copealcoy.es\/es\/wp-json\/wp\/v2\/tags?post=70444"}],"curies":[{"name":"wp","href":"https:\/\/api.w.org\/{rel}","templated":true}]}}