{"id":70418,"date":"2021-02-01T10:19:42","date_gmt":"2021-02-01T09:19:42","guid":{"rendered":"https:\/\/www.copealcoy.es\/?p=70418"},"modified":"2021-02-01T10:25:48","modified_gmt":"2021-02-01T09:25:48","slug":"el-alcoyano-se-lleva-los-tres-puntos-tras-ganar-por-0-1-al-ud-ibiza","status":"publish","type":"post","link":"https:\/\/www.copealcoy.es\/es\/el-alcoyano-se-lleva-los-tres-puntos-tras-ganar-por-0-1-al-ud-ibiza\/","title":{"rendered":"El Alcoyano se lleva los tres puntos tras ganar por 0-1 al UD Ibiza"},"content":{"rendered":"<p style=\"text-align: justify;\">El <strong>Alcoyano<\/strong> jug\u00f3 y <strong>gan\u00f3 0-1<\/strong> como visitante el duelo del pasado domingo en el Estadi Can Misses. El <strong>Ibiza<\/strong> lleg\u00f3 al encuentro con <strong>los \u00e1nimos reforzados<\/strong> tras vencer en los dos \u00faltimos partidos de la competici\u00f3n. El m\u00e1s reciente fue contra La Nuc\u00eda a domicilio (0-1) y el otro frente al At. Levante en su estadio (1-0) y por el momento <strong>llevaba una racha de tres victorias consecutivas<\/strong>. En el lado de los visitantes, <strong>el Alcoyano ven\u00eda de vencer 2-0 en casa al Orihuela C<\/strong>F en el \u00faltimo partido disputado. Con este resultado, el equipo local<strong> se qued\u00f3 con el liderato de la Segunda Divisi\u00f3n B<\/strong>, mientras que <strong>el Alcoyano ocup\u00f3 el segundo lugar<\/strong> al concluir el encuentro.<\/p>\n<p style=\"text-align: justify;\">En la <strong>primera parte<\/strong> ninguno de los equipos estuvo acertado de cara al gol, por lo que los primeros 45 minutos concluyeron con el mismo resultado de 0-0.<\/p>\n<p style=\"text-align: justify;\">En la <strong>segunda parte<\/strong> la suerte lleg\u00f3 para el Alcoyano, que estren\u00f3 su marcador con un tanto de Angel L\u00f3pez a los 80 minutos, acabando el duelo con un resultado definitivo de 0-1.<\/p>\n<p style=\"text-align: justify;\">Ambos entrenadores <strong>hicieron movimientos en los banquillos.<\/strong> El entrenador del Ibiza dio entrada a Karim, Ilyas Chaira y Ekain por Kike L\u00f3pez, Pardo y Vazquez, mientras que e<strong>l Alcoyano dio entrada a Diakit\u00e9, Solbes, Juli, Ra\u00edllo y Molt\u00f3 por Jony, Primi, Rubio, Jona y Daoudi<\/strong>.<\/p>\n<p style=\"text-align: justify;\">El \u00e1rbitro mostr\u00f3 <strong>cuatro tarjetas amarillas<\/strong>, dos de ellas al Ibiza (Pardo y Rub\u00e9n) y <strong>dos al Alcoyano (Primi y Ra\u00fal)<\/strong>.<\/p>\n<p style=\"text-align: justify;\">Con 29 puntos, el Ibiza de Juan Carlos Carcedo contin\u00faa como l\u00edder de la Segunda Divisi\u00f3n B, en posici\u00f3n de playoff de ascenso a Segunda Divisi\u00f3n, mientras que <strong>el conjunto dirigido por Vicente Parras se situ\u00f3 en segundo puesto con 22 puntos<\/strong>, en <strong>plaza de playoff<\/strong> de ascenso a Segunda Divisi\u00f3n.<\/p>\n<p style=\"text-align: justify;\">En la siguiente jornada <strong>los de Vicente Parras se medir\u00e1n al Villarreal B<\/strong>, conjunto al que recibir\u00e1n en El Collao el pr\u00f3ximo domingo a partir de las 12:00h del mediod\u00eda.<\/p>\n","protected":false},"excerpt":{"rendered":"<p>El Alcoyano jug\u00f3 y gan\u00f3 0-1 como visitante el duelo del pasado domingo en el Estadi Can Misses. El Ibiza&#8230;<\/p>\n","protected":false},"author":1,"featured_media":70419,"comment_status":"open","ping_status":"open","sticky":false,"template":"","format":"standard","meta":{"footnotes":""},"categories":[97,92,75],"tags":[1494,140,2067,10730,9035,3526],"class_list":["post-70418","post","type-post","status-publish","format-standard","has-post-thumbnail","hentry","category-alcoy","category-deportes","category-noticias","tag-alcoy","tag-alcoyano","tag-play-off","tag-ud-ibiza","tag-vicente-parras","tag-victoria"],"yoast_head":"<!-- This site is optimized with the Yoast SEO plugin v27.3 - https:\/\/yoast.com\/product\/yoast-seo-wordpress\/ -->\n<title>El Alcoyano se lleva los tres puntos tras ganar por 0-1 al UD Ibiza - COPE Alcoy<\/title>\n<meta name=\"robots\" content=\"index, follow, max-snippet:-1, max-image-preview:large, max-video-preview:-1\" \/>\n<link rel=\"canonical\" href=\"https:\/\/www.copealcoy.es\/es\/el-alcoyano-se-lleva-los-tres-puntos-tras-ganar-por-0-1-al-ud-ibiza\/\" \/>\n<meta property=\"og:locale\" content=\"es_ES\" \/>\n<meta property=\"og:type\" content=\"article\" \/>\n<meta property=\"og:title\" content=\"El Alcoyano se lleva los tres puntos tras ganar por 0-1 al UD Ibiza - COPE Alcoy\" \/>\n<meta property=\"og:description\" content=\"El Alcoyano jug\u00f3 y gan\u00f3 0-1 como visitante el duelo del pasado domingo en el Estadi Can Misses. El Ibiza...\" \/>\n<meta property=\"og:url\" content=\"https:\/\/www.copealcoy.es\/es\/el-alcoyano-se-lleva-los-tres-puntos-tras-ganar-por-0-1-al-ud-ibiza\/\" \/>\n<meta property=\"og:site_name\" content=\"COPE Alcoy\" \/>\n<meta property=\"article:published_time\" content=\"2021-02-01T09:19:42+00:00\" \/>\n<meta property=\"article:modified_time\" content=\"2021-02-01T09:25:48+00:00\" \/>\n<meta property=\"og:image\" content=\"https:\/\/www.copealcoy.es\/wp-content\/uploads\/2021\/02\/144605524_10159010314715996_8620818165333062024_o.jpg\" \/>\n\t<meta property=\"og:image:width\" content=\"1440\" \/>\n\t<meta property=\"og:image:height\" content=\"1080\" \/>\n\t<meta property=\"og:image:type\" content=\"image\/jpeg\" \/>\n<meta name=\"author\" content=\"Cope Alcoy\" \/>\n<meta name=\"twitter:label1\" content=\"Escrito por\" \/>\n\t<meta name=\"twitter:data1\" content=\"Cope Alcoy\" \/>\n\t<meta name=\"twitter:label2\" content=\"Tiempo de lectura\" \/>\n\t<meta name=\"twitter:data2\" content=\"2 minutos\" \/>\n<script type=\"application\/ld+json\" class=\"yoast-schema-graph\">{\"@context\":\"https:\\\/\\\/schema.org\",\"@graph\":[{\"@type\":\"Article\",\"@id\":\"https:\\\/\\\/www.copealcoy.es\\\/es\\\/el-alcoyano-se-lleva-los-tres-puntos-tras-ganar-por-0-1-al-ud-ibiza\\\/#article\",\"isPartOf\":{\"@id\":\"https:\\\/\\\/www.copealcoy.es\\\/es\\\/el-alcoyano-se-lleva-los-tres-puntos-tras-ganar-por-0-1-al-ud-ibiza\\\/\"},\"author\":{\"name\":\"Cope Alcoy\",\"@id\":\"https:\\\/\\\/www.copealcoy.es\\\/es\\\/#\\\/schema\\\/person\\\/e777c87fa024e57d40170af9df39882c\"},\"headline\":\"El Alcoyano se lleva los tres puntos tras ganar por 0-1 al UD Ibiza\",\"datePublished\":\"2021-02-01T09:19:42+00:00\",\"dateModified\":\"2021-02-01T09:25:48+00:00\",\"mainEntityOfPage\":{\"@id\":\"https:\\\/\\\/www.copealcoy.es\\\/es\\\/el-alcoyano-se-lleva-los-tres-puntos-tras-ganar-por-0-1-al-ud-ibiza\\\/\"},\"wordCount\":357,\"commentCount\":0,\"image\":{\"@id\":\"https:\\\/\\\/www.copealcoy.es\\\/es\\\/el-alcoyano-se-lleva-los-tres-puntos-tras-ganar-por-0-1-al-ud-ibiza\\\/#primaryimage\"},\"thumbnailUrl\":\"https:\\\/\\\/www.copealcoy.es\\\/wp-content\\\/uploads\\\/2021\\\/02\\\/144605524_10159010314715996_8620818165333062024_o.jpg\",\"keywords\":[\"Alcoy\",\"Alcoyano\",\"Play off\",\"UD Ibiza\",\"Vicente Parras\",\"Victoria\"],\"articleSection\":[\"Alcoy\",\"Deportes\",\"Noticias\"],\"inLanguage\":\"es\"},{\"@type\":\"WebPage\",\"@id\":\"https:\\\/\\\/www.copealcoy.es\\\/es\\\/el-alcoyano-se-lleva-los-tres-puntos-tras-ganar-por-0-1-al-ud-ibiza\\\/\",\"url\":\"https:\\\/\\\/www.copealcoy.es\\\/es\\\/el-alcoyano-se-lleva-los-tres-puntos-tras-ganar-por-0-1-al-ud-ibiza\\\/\",\"name\":\"El Alcoyano se lleva los tres puntos tras ganar por 0-1 al UD Ibiza - COPE Alcoy\",\"isPartOf\":{\"@id\":\"https:\\\/\\\/www.copealcoy.es\\\/es\\\/#website\"},\"primaryImageOfPage\":{\"@id\":\"https:\\\/\\\/www.copealcoy.es\\\/es\\\/el-alcoyano-se-lleva-los-tres-puntos-tras-ganar-por-0-1-al-ud-ibiza\\\/#primaryimage\"},\"image\":{\"@id\":\"https:\\\/\\\/www.copealcoy.es\\\/es\\\/el-alcoyano-se-lleva-los-tres-puntos-tras-ganar-por-0-1-al-ud-ibiza\\\/#primaryimage\"},\"thumbnailUrl\":\"https:\\\/\\\/www.copealcoy.es\\\/wp-content\\\/uploads\\\/2021\\\/02\\\/144605524_10159010314715996_8620818165333062024_o.jpg\",\"datePublished\":\"2021-02-01T09:19:42+00:00\",\"dateModified\":\"2021-02-01T09:25:48+00:00\",\"author\":{\"@id\":\"https:\\\/\\\/www.copealcoy.es\\\/es\\\/#\\\/schema\\\/person\\\/e777c87fa024e57d40170af9df39882c\"},\"breadcrumb\":{\"@id\":\"https:\\\/\\\/www.copealcoy.es\\\/es\\\/el-alcoyano-se-lleva-los-tres-puntos-tras-ganar-por-0-1-al-ud-ibiza\\\/#breadcrumb\"},\"inLanguage\":\"es\",\"potentialAction\":[{\"@type\":\"ReadAction\",\"target\":[\"https:\\\/\\\/www.copealcoy.es\\\/es\\\/el-alcoyano-se-lleva-los-tres-puntos-tras-ganar-por-0-1-al-ud-ibiza\\\/\"]}]},{\"@type\":\"ImageObject\",\"inLanguage\":\"es\",\"@id\":\"https:\\\/\\\/www.copealcoy.es\\\/es\\\/el-alcoyano-se-lleva-los-tres-puntos-tras-ganar-por-0-1-al-ud-ibiza\\\/#primaryimage\",\"url\":\"https:\\\/\\\/www.copealcoy.es\\\/wp-content\\\/uploads\\\/2021\\\/02\\\/144605524_10159010314715996_8620818165333062024_o.jpg\",\"contentUrl\":\"https:\\\/\\\/www.copealcoy.es\\\/wp-content\\\/uploads\\\/2021\\\/02\\\/144605524_10159010314715996_8620818165333062024_o.jpg\",\"width\":1440,\"height\":1080},{\"@type\":\"BreadcrumbList\",\"@id\":\"https:\\\/\\\/www.copealcoy.es\\\/es\\\/el-alcoyano-se-lleva-los-tres-puntos-tras-ganar-por-0-1-al-ud-ibiza\\\/#breadcrumb\",\"itemListElement\":[{\"@type\":\"ListItem\",\"position\":1,\"name\":\"Portada\",\"item\":\"https:\\\/\\\/www.copealcoy.es\\\/es\\\/\"},{\"@type\":\"ListItem\",\"position\":2,\"name\":\"El Alcoyano se lleva los tres puntos tras ganar por 0-1 al UD Ibiza\"}]},{\"@type\":\"WebSite\",\"@id\":\"https:\\\/\\\/www.copealcoy.es\\\/es\\\/#website\",\"url\":\"https:\\\/\\\/www.copealcoy.es\\\/es\\\/\",\"name\":\"COPE Alcoy\",\"description\":\"Emisora COPE de radio local con emisi\u00f3n online. Pont de Sant Jordi 8-10 03803 Alcoy\",\"potentialAction\":[{\"@type\":\"SearchAction\",\"target\":{\"@type\":\"EntryPoint\",\"urlTemplate\":\"https:\\\/\\\/www.copealcoy.es\\\/es\\\/?s={search_term_string}\"},\"query-input\":{\"@type\":\"PropertyValueSpecification\",\"valueRequired\":true,\"valueName\":\"search_term_string\"}}],\"inLanguage\":\"es\"},{\"@type\":\"Person\",\"@id\":\"https:\\\/\\\/www.copealcoy.es\\\/es\\\/#\\\/schema\\\/person\\\/e777c87fa024e57d40170af9df39882c\",\"name\":\"Cope Alcoy\",\"image\":{\"@type\":\"ImageObject\",\"inLanguage\":\"es\",\"@id\":\"https:\\\/\\\/secure.gravatar.com\\\/avatar\\\/bb65d0283347e303893ba14f0692005417c1e0e690a325a4c5d8bb2b3943ee14?s=96&d=mm&r=g\",\"url\":\"https:\\\/\\\/secure.gravatar.com\\\/avatar\\\/bb65d0283347e303893ba14f0692005417c1e0e690a325a4c5d8bb2b3943ee14?s=96&d=mm&r=g\",\"contentUrl\":\"https:\\\/\\\/secure.gravatar.com\\\/avatar\\\/bb65d0283347e303893ba14f0692005417c1e0e690a325a4c5d8bb2b3943ee14?s=96&d=mm&r=g\",\"caption\":\"Cope Alcoy\"}}]}<\/script>\n<!-- \/ Yoast SEO plugin. -->","yoast_head_json":{"title":"El Alcoyano se lleva los tres puntos tras ganar por 0-1 al UD Ibiza - COPE Alcoy","robots":{"index":"index","follow":"follow","max-snippet":"max-snippet:-1","max-image-preview":"max-image-preview:large","max-video-preview":"max-video-preview:-1"},"canonical":"https:\/\/www.copealcoy.es\/es\/el-alcoyano-se-lleva-los-tres-puntos-tras-ganar-por-0-1-al-ud-ibiza\/","og_locale":"es_ES","og_type":"article","og_title":"El Alcoyano se lleva los tres puntos tras ganar por 0-1 al UD Ibiza - COPE Alcoy","og_description":"El Alcoyano jug\u00f3 y gan\u00f3 0-1 como visitante el duelo del pasado domingo en el Estadi Can Misses. El Ibiza...","og_url":"https:\/\/www.copealcoy.es\/es\/el-alcoyano-se-lleva-los-tres-puntos-tras-ganar-por-0-1-al-ud-ibiza\/","og_site_name":"COPE Alcoy","article_published_time":"2021-02-01T09:19:42+00:00","article_modified_time":"2021-02-01T09:25:48+00:00","og_image":[{"width":1440,"height":1080,"url":"https:\/\/www.copealcoy.es\/wp-content\/uploads\/2021\/02\/144605524_10159010314715996_8620818165333062024_o.jpg","type":"image\/jpeg"}],"author":"Cope Alcoy","twitter_misc":{"Escrito por":"Cope Alcoy","Tiempo de lectura":"2 minutos"},"schema":{"@context":"https:\/\/schema.org","@graph":[{"@type":"Article","@id":"https:\/\/www.copealcoy.es\/es\/el-alcoyano-se-lleva-los-tres-puntos-tras-ganar-por-0-1-al-ud-ibiza\/#article","isPartOf":{"@id":"https:\/\/www.copealcoy.es\/es\/el-alcoyano-se-lleva-los-tres-puntos-tras-ganar-por-0-1-al-ud-ibiza\/"},"author":{"name":"Cope Alcoy","@id":"https:\/\/www.copealcoy.es\/es\/#\/schema\/person\/e777c87fa024e57d40170af9df39882c"},"headline":"El Alcoyano se lleva los tres puntos tras ganar por 0-1 al UD Ibiza","datePublished":"2021-02-01T09:19:42+00:00","dateModified":"2021-02-01T09:25:48+00:00","mainEntityOfPage":{"@id":"https:\/\/www.copealcoy.es\/es\/el-alcoyano-se-lleva-los-tres-puntos-tras-ganar-por-0-1-al-ud-ibiza\/"},"wordCount":357,"commentCount":0,"image":{"@id":"https:\/\/www.copealcoy.es\/es\/el-alcoyano-se-lleva-los-tres-puntos-tras-ganar-por-0-1-al-ud-ibiza\/#primaryimage"},"thumbnailUrl":"https:\/\/www.copealcoy.es\/wp-content\/uploads\/2021\/02\/144605524_10159010314715996_8620818165333062024_o.jpg","keywords":["Alcoy","Alcoyano","Play off","UD Ibiza","Vicente Parras","Victoria"],"articleSection":["Alcoy","Deportes","Noticias"],"inLanguage":"es"},{"@type":"WebPage","@id":"https:\/\/www.copealcoy.es\/es\/el-alcoyano-se-lleva-los-tres-puntos-tras-ganar-por-0-1-al-ud-ibiza\/","url":"https:\/\/www.copealcoy.es\/es\/el-alcoyano-se-lleva-los-tres-puntos-tras-ganar-por-0-1-al-ud-ibiza\/","name":"El Alcoyano se lleva los tres puntos tras ganar por 0-1 al UD Ibiza - COPE Alcoy","isPartOf":{"@id":"https:\/\/www.copealcoy.es\/es\/#website"},"primaryImageOfPage":{"@id":"https:\/\/www.copealcoy.es\/es\/el-alcoyano-se-lleva-los-tres-puntos-tras-ganar-por-0-1-al-ud-ibiza\/#primaryimage"},"image":{"@id":"https:\/\/www.copealcoy.es\/es\/el-alcoyano-se-lleva-los-tres-puntos-tras-ganar-por-0-1-al-ud-ibiza\/#primaryimage"},"thumbnailUrl":"https:\/\/www.copealcoy.es\/wp-content\/uploads\/2021\/02\/144605524_10159010314715996_8620818165333062024_o.jpg","datePublished":"2021-02-01T09:19:42+00:00","dateModified":"2021-02-01T09:25:48+00:00","author":{"@id":"https:\/\/www.copealcoy.es\/es\/#\/schema\/person\/e777c87fa024e57d40170af9df39882c"},"breadcrumb":{"@id":"https:\/\/www.copealcoy.es\/es\/el-alcoyano-se-lleva-los-tres-puntos-tras-ganar-por-0-1-al-ud-ibiza\/#breadcrumb"},"inLanguage":"es","potentialAction":[{"@type":"ReadAction","target":["https:\/\/www.copealcoy.es\/es\/el-alcoyano-se-lleva-los-tres-puntos-tras-ganar-por-0-1-al-ud-ibiza\/"]}]},{"@type":"ImageObject","inLanguage":"es","@id":"https:\/\/www.copealcoy.es\/es\/el-alcoyano-se-lleva-los-tres-puntos-tras-ganar-por-0-1-al-ud-ibiza\/#primaryimage","url":"https:\/\/www.copealcoy.es\/wp-content\/uploads\/2021\/02\/144605524_10159010314715996_8620818165333062024_o.jpg","contentUrl":"https:\/\/www.copealcoy.es\/wp-content\/uploads\/2021\/02\/144605524_10159010314715996_8620818165333062024_o.jpg","width":1440,"height":1080},{"@type":"BreadcrumbList","@id":"https:\/\/www.copealcoy.es\/es\/el-alcoyano-se-lleva-los-tres-puntos-tras-ganar-por-0-1-al-ud-ibiza\/#breadcrumb","itemListElement":[{"@type":"ListItem","position":1,"name":"Portada","item":"https:\/\/www.copealcoy.es\/es\/"},{"@type":"ListItem","position":2,"name":"El Alcoyano se lleva los tres puntos tras ganar por 0-1 al UD Ibiza"}]},{"@type":"WebSite","@id":"https:\/\/www.copealcoy.es\/es\/#website","url":"https:\/\/www.copealcoy.es\/es\/","name":"COPE Alcoy","description":"Emisora COPE de radio local con emisi\u00f3n online. Pont de Sant Jordi 8-10 03803 Alcoy","potentialAction":[{"@type":"SearchAction","target":{"@type":"EntryPoint","urlTemplate":"https:\/\/www.copealcoy.es\/es\/?s={search_term_string}"},"query-input":{"@type":"PropertyValueSpecification","valueRequired":true,"valueName":"search_term_string"}}],"inLanguage":"es"},{"@type":"Person","@id":"https:\/\/www.copealcoy.es\/es\/#\/schema\/person\/e777c87fa024e57d40170af9df39882c","name":"Cope Alcoy","image":{"@type":"ImageObject","inLanguage":"es","@id":"https:\/\/secure.gravatar.com\/avatar\/bb65d0283347e303893ba14f0692005417c1e0e690a325a4c5d8bb2b3943ee14?s=96&d=mm&r=g","url":"https:\/\/secure.gravatar.com\/avatar\/bb65d0283347e303893ba14f0692005417c1e0e690a325a4c5d8bb2b3943ee14?s=96&d=mm&r=g","contentUrl":"https:\/\/secure.gravatar.com\/avatar\/bb65d0283347e303893ba14f0692005417c1e0e690a325a4c5d8bb2b3943ee14?s=96&d=mm&r=g","caption":"Cope Alcoy"}}]}},"_links":{"self":[{"href":"https:\/\/www.copealcoy.es\/es\/wp-json\/wp\/v2\/posts\/70418","targetHints":{"allow":["GET"]}}],"collection":[{"href":"https:\/\/www.copealcoy.es\/es\/wp-json\/wp\/v2\/posts"}],"about":[{"href":"https:\/\/www.copealcoy.es\/es\/wp-json\/wp\/v2\/types\/post"}],"author":[{"embeddable":true,"href":"https:\/\/www.copealcoy.es\/es\/wp-json\/wp\/v2\/users\/1"}],"replies":[{"embeddable":true,"href":"https:\/\/www.copealcoy.es\/es\/wp-json\/wp\/v2\/comments?post=70418"}],"version-history":[{"count":0,"href":"https:\/\/www.copealcoy.es\/es\/wp-json\/wp\/v2\/posts\/70418\/revisions"}],"wp:featuredmedia":[{"embeddable":true,"href":"https:\/\/www.copealcoy.es\/es\/wp-json\/wp\/v2\/media\/70419"}],"wp:attachment":[{"href":"https:\/\/www.copealcoy.es\/es\/wp-json\/wp\/v2\/media?parent=70418"}],"wp:term":[{"taxonomy":"category","embeddable":true,"href":"https:\/\/www.copealcoy.es\/es\/wp-json\/wp\/v2\/categories?post=70418"},{"taxonomy":"post_tag","embeddable":true,"href":"https:\/\/www.copealcoy.es\/es\/wp-json\/wp\/v2\/tags?post=70418"}],"curies":[{"name":"wp","href":"https:\/\/api.w.org\/{rel}","templated":true}]}}