{"id":70082,"date":"2021-01-21T13:35:07","date_gmt":"2021-01-21T12:35:07","guid":{"rendered":"https:\/\/www.copealcoy.es\/?p=70082"},"modified":"2021-01-21T13:41:16","modified_gmt":"2021-01-21T12:41:16","slug":"denuncian-el-cierre-de-la-policia-local-de-muro-por-las-noches","status":"publish","type":"post","link":"https:\/\/www.copealcoy.es\/es\/denuncian-el-cierre-de-la-policia-local-de-muro-por-las-noches\/","title":{"rendered":"Denuncian el cierre de la Polic\u00eda Local de Muro por las noches"},"content":{"rendered":"<p style=\"text-align: justify;\">El <strong>servicio nocturno de la Polic\u00eda Local de Muro<\/strong> dejar\u00e1 de estar operativo debido a que <strong>5 agentes se encuentran confinados<\/strong> en sus domicilios a causa del Coronavirus.<\/p>\n<p style=\"text-align: justify;\">El<strong> Sindicato Profesional de Polic\u00eda<\/strong>, junto a <strong>FESEP y CSIF<\/strong>, denuncian que el Gobierno Municipal de esta localidad del Comtat <strong>no ha abordado esta situaci\u00f3n<\/strong> y <strong>no ha querido reforzar los turnos de la Polic\u00eda para evitar el cierre del citado servicio nocturno<\/strong>.\u00a0 Adem\u00e1s <strong>reclaman m\u00e1s medidas de seguridad<\/strong> para <strong>prevenir nuevos contagios<\/strong> en la plantilla como incrementar la desinfecci\u00f3n de los edificios municipales, dotar a los agentes de todos los medios de prevenci\u00f3n o realizaci\u00f3n de tests r\u00e1pidos &#8220;<em>no es momento para andar con contemplaciones y permitir que se demore en el tiempo este problema. Necesitamos m\u00e1s prevenci\u00f3n en la salud para salir m\u00e1s fuertes de esta pandemia<\/em>&#8220;, concluyen en un comunicado.<\/p>\n<p style=\"text-align: justify;\">En el documento han afirmado tambi\u00e9n que <strong>la Polic\u00eda Local de Muro no estar\u00e1 operativa por las noches<\/strong> en las pr\u00f3ximas 3 semanas.<\/p>\n","protected":false},"excerpt":{"rendered":"<p>El servicio nocturno de la Polic\u00eda Local de Muro dejar\u00e1 de estar operativo debido a que 5 agentes se encuentran&#8230;<\/p>\n","protected":false},"author":1,"featured_media":31639,"comment_status":"open","ping_status":"open","sticky":false,"template":"","format":"standard","meta":{"footnotes":""},"categories":[98,75],"tags":[1200,10670,1461,135,846],"class_list":["post-70082","post","type-post","status-publish","format-standard","has-post-thumbnail","hentry","category-comarcas","category-noticias","tag-cierre","tag-crisis-sanitaria-coronavirus","tag-denuncia","tag-muro","tag-policia-local"],"yoast_head":"<!-- This site is optimized with the Yoast SEO plugin v27.3 - https:\/\/yoast.com\/product\/yoast-seo-wordpress\/ -->\n<title>Denuncian el cierre de la Polic\u00eda Local de Muro por las noches - COPE Alcoy<\/title>\n<meta name=\"robots\" content=\"index, follow, max-snippet:-1, max-image-preview:large, max-video-preview:-1\" \/>\n<link rel=\"canonical\" href=\"https:\/\/www.copealcoy.es\/es\/denuncian-el-cierre-de-la-policia-local-de-muro-por-las-noches\/\" \/>\n<meta property=\"og:locale\" content=\"es_ES\" \/>\n<meta property=\"og:type\" content=\"article\" \/>\n<meta property=\"og:title\" content=\"Denuncian el cierre de la Polic\u00eda Local de Muro por las noches - COPE Alcoy\" \/>\n<meta property=\"og:description\" content=\"El servicio nocturno de la Polic\u00eda Local de Muro dejar\u00e1 de estar operativo debido a que 5 agentes se encuentran...\" \/>\n<meta property=\"og:url\" content=\"https:\/\/www.copealcoy.es\/es\/denuncian-el-cierre-de-la-policia-local-de-muro-por-las-noches\/\" \/>\n<meta property=\"og:site_name\" content=\"COPE Alcoy\" \/>\n<meta property=\"article:published_time\" content=\"2021-01-21T12:35:07+00:00\" \/>\n<meta property=\"article:modified_time\" content=\"2021-01-21T12:41:16+00:00\" \/>\n<meta property=\"og:image\" content=\"https:\/\/www.copealcoy.es\/wp-content\/uploads\/2017\/05\/17757351_108530003024862_2991602720400953680_n.jpg\" \/>\n\t<meta property=\"og:image:width\" content=\"800\" \/>\n\t<meta property=\"og:image:height\" content=\"521\" \/>\n\t<meta property=\"og:image:type\" content=\"image\/jpeg\" \/>\n<meta name=\"author\" content=\"Cope Alcoy\" \/>\n<meta name=\"twitter:label1\" content=\"Escrito por\" \/>\n\t<meta name=\"twitter:data1\" content=\"Cope Alcoy\" \/>\n\t<meta name=\"twitter:label2\" content=\"Tiempo de lectura\" \/>\n\t<meta name=\"twitter:data2\" content=\"1 minuto\" \/>\n<script type=\"application\/ld+json\" class=\"yoast-schema-graph\">{\"@context\":\"https:\\\/\\\/schema.org\",\"@graph\":[{\"@type\":\"Article\",\"@id\":\"https:\\\/\\\/www.copealcoy.es\\\/es\\\/denuncian-el-cierre-de-la-policia-local-de-muro-por-las-noches\\\/#article\",\"isPartOf\":{\"@id\":\"https:\\\/\\\/www.copealcoy.es\\\/es\\\/denuncian-el-cierre-de-la-policia-local-de-muro-por-las-noches\\\/\"},\"author\":{\"name\":\"Cope Alcoy\",\"@id\":\"https:\\\/\\\/www.copealcoy.es\\\/es\\\/#\\\/schema\\\/person\\\/e777c87fa024e57d40170af9df39882c\"},\"headline\":\"Denuncian el cierre de la Polic\u00eda Local de Muro por las noches\",\"datePublished\":\"2021-01-21T12:35:07+00:00\",\"dateModified\":\"2021-01-21T12:41:16+00:00\",\"mainEntityOfPage\":{\"@id\":\"https:\\\/\\\/www.copealcoy.es\\\/es\\\/denuncian-el-cierre-de-la-policia-local-de-muro-por-las-noches\\\/\"},\"wordCount\":191,\"commentCount\":0,\"image\":{\"@id\":\"https:\\\/\\\/www.copealcoy.es\\\/es\\\/denuncian-el-cierre-de-la-policia-local-de-muro-por-las-noches\\\/#primaryimage\"},\"thumbnailUrl\":\"https:\\\/\\\/www.copealcoy.es\\\/wp-content\\\/uploads\\\/2017\\\/05\\\/17757351_108530003024862_2991602720400953680_n.jpg\",\"keywords\":[\"cierre\",\"crisis sanitaria Coronavirus\",\"Denuncia\",\"Muro\",\"Polic\u00eda Local\"],\"articleSection\":[\"Comarcas\",\"Noticias\"],\"inLanguage\":\"es\"},{\"@type\":\"WebPage\",\"@id\":\"https:\\\/\\\/www.copealcoy.es\\\/es\\\/denuncian-el-cierre-de-la-policia-local-de-muro-por-las-noches\\\/\",\"url\":\"https:\\\/\\\/www.copealcoy.es\\\/es\\\/denuncian-el-cierre-de-la-policia-local-de-muro-por-las-noches\\\/\",\"name\":\"Denuncian el cierre de la Polic\u00eda Local de Muro por las noches - COPE Alcoy\",\"isPartOf\":{\"@id\":\"https:\\\/\\\/www.copealcoy.es\\\/es\\\/#website\"},\"primaryImageOfPage\":{\"@id\":\"https:\\\/\\\/www.copealcoy.es\\\/es\\\/denuncian-el-cierre-de-la-policia-local-de-muro-por-las-noches\\\/#primaryimage\"},\"image\":{\"@id\":\"https:\\\/\\\/www.copealcoy.es\\\/es\\\/denuncian-el-cierre-de-la-policia-local-de-muro-por-las-noches\\\/#primaryimage\"},\"thumbnailUrl\":\"https:\\\/\\\/www.copealcoy.es\\\/wp-content\\\/uploads\\\/2017\\\/05\\\/17757351_108530003024862_2991602720400953680_n.jpg\",\"datePublished\":\"2021-01-21T12:35:07+00:00\",\"dateModified\":\"2021-01-21T12:41:16+00:00\",\"author\":{\"@id\":\"https:\\\/\\\/www.copealcoy.es\\\/es\\\/#\\\/schema\\\/person\\\/e777c87fa024e57d40170af9df39882c\"},\"breadcrumb\":{\"@id\":\"https:\\\/\\\/www.copealcoy.es\\\/es\\\/denuncian-el-cierre-de-la-policia-local-de-muro-por-las-noches\\\/#breadcrumb\"},\"inLanguage\":\"es\",\"potentialAction\":[{\"@type\":\"ReadAction\",\"target\":[\"https:\\\/\\\/www.copealcoy.es\\\/es\\\/denuncian-el-cierre-de-la-policia-local-de-muro-por-las-noches\\\/\"]}]},{\"@type\":\"ImageObject\",\"inLanguage\":\"es\",\"@id\":\"https:\\\/\\\/www.copealcoy.es\\\/es\\\/denuncian-el-cierre-de-la-policia-local-de-muro-por-las-noches\\\/#primaryimage\",\"url\":\"https:\\\/\\\/www.copealcoy.es\\\/wp-content\\\/uploads\\\/2017\\\/05\\\/17757351_108530003024862_2991602720400953680_n.jpg\",\"contentUrl\":\"https:\\\/\\\/www.copealcoy.es\\\/wp-content\\\/uploads\\\/2017\\\/05\\\/17757351_108530003024862_2991602720400953680_n.jpg\",\"width\":800,\"height\":521},{\"@type\":\"BreadcrumbList\",\"@id\":\"https:\\\/\\\/www.copealcoy.es\\\/es\\\/denuncian-el-cierre-de-la-policia-local-de-muro-por-las-noches\\\/#breadcrumb\",\"itemListElement\":[{\"@type\":\"ListItem\",\"position\":1,\"name\":\"Portada\",\"item\":\"https:\\\/\\\/www.copealcoy.es\\\/es\\\/\"},{\"@type\":\"ListItem\",\"position\":2,\"name\":\"Denuncian el cierre de la Polic\u00eda Local de Muro por las noches\"}]},{\"@type\":\"WebSite\",\"@id\":\"https:\\\/\\\/www.copealcoy.es\\\/es\\\/#website\",\"url\":\"https:\\\/\\\/www.copealcoy.es\\\/es\\\/\",\"name\":\"COPE Alcoy\",\"description\":\"Emisora COPE de radio local con emisi\u00f3n online. Pont de Sant Jordi 8-10 03803 Alcoy\",\"potentialAction\":[{\"@type\":\"SearchAction\",\"target\":{\"@type\":\"EntryPoint\",\"urlTemplate\":\"https:\\\/\\\/www.copealcoy.es\\\/es\\\/?s={search_term_string}\"},\"query-input\":{\"@type\":\"PropertyValueSpecification\",\"valueRequired\":true,\"valueName\":\"search_term_string\"}}],\"inLanguage\":\"es\"},{\"@type\":\"Person\",\"@id\":\"https:\\\/\\\/www.copealcoy.es\\\/es\\\/#\\\/schema\\\/person\\\/e777c87fa024e57d40170af9df39882c\",\"name\":\"Cope Alcoy\",\"image\":{\"@type\":\"ImageObject\",\"inLanguage\":\"es\",\"@id\":\"https:\\\/\\\/secure.gravatar.com\\\/avatar\\\/bb65d0283347e303893ba14f0692005417c1e0e690a325a4c5d8bb2b3943ee14?s=96&d=mm&r=g\",\"url\":\"https:\\\/\\\/secure.gravatar.com\\\/avatar\\\/bb65d0283347e303893ba14f0692005417c1e0e690a325a4c5d8bb2b3943ee14?s=96&d=mm&r=g\",\"contentUrl\":\"https:\\\/\\\/secure.gravatar.com\\\/avatar\\\/bb65d0283347e303893ba14f0692005417c1e0e690a325a4c5d8bb2b3943ee14?s=96&d=mm&r=g\",\"caption\":\"Cope Alcoy\"}}]}<\/script>\n<!-- \/ Yoast SEO plugin. -->","yoast_head_json":{"title":"Denuncian el cierre de la Polic\u00eda Local de Muro por las noches - COPE Alcoy","robots":{"index":"index","follow":"follow","max-snippet":"max-snippet:-1","max-image-preview":"max-image-preview:large","max-video-preview":"max-video-preview:-1"},"canonical":"https:\/\/www.copealcoy.es\/es\/denuncian-el-cierre-de-la-policia-local-de-muro-por-las-noches\/","og_locale":"es_ES","og_type":"article","og_title":"Denuncian el cierre de la Polic\u00eda Local de Muro por las noches - COPE Alcoy","og_description":"El servicio nocturno de la Polic\u00eda Local de Muro dejar\u00e1 de estar operativo debido a que 5 agentes se encuentran...","og_url":"https:\/\/www.copealcoy.es\/es\/denuncian-el-cierre-de-la-policia-local-de-muro-por-las-noches\/","og_site_name":"COPE Alcoy","article_published_time":"2021-01-21T12:35:07+00:00","article_modified_time":"2021-01-21T12:41:16+00:00","og_image":[{"width":800,"height":521,"url":"https:\/\/www.copealcoy.es\/wp-content\/uploads\/2017\/05\/17757351_108530003024862_2991602720400953680_n.jpg","type":"image\/jpeg"}],"author":"Cope Alcoy","twitter_misc":{"Escrito por":"Cope Alcoy","Tiempo de lectura":"1 minuto"},"schema":{"@context":"https:\/\/schema.org","@graph":[{"@type":"Article","@id":"https:\/\/www.copealcoy.es\/es\/denuncian-el-cierre-de-la-policia-local-de-muro-por-las-noches\/#article","isPartOf":{"@id":"https:\/\/www.copealcoy.es\/es\/denuncian-el-cierre-de-la-policia-local-de-muro-por-las-noches\/"},"author":{"name":"Cope Alcoy","@id":"https:\/\/www.copealcoy.es\/es\/#\/schema\/person\/e777c87fa024e57d40170af9df39882c"},"headline":"Denuncian el cierre de la Polic\u00eda Local de Muro por las noches","datePublished":"2021-01-21T12:35:07+00:00","dateModified":"2021-01-21T12:41:16+00:00","mainEntityOfPage":{"@id":"https:\/\/www.copealcoy.es\/es\/denuncian-el-cierre-de-la-policia-local-de-muro-por-las-noches\/"},"wordCount":191,"commentCount":0,"image":{"@id":"https:\/\/www.copealcoy.es\/es\/denuncian-el-cierre-de-la-policia-local-de-muro-por-las-noches\/#primaryimage"},"thumbnailUrl":"https:\/\/www.copealcoy.es\/wp-content\/uploads\/2017\/05\/17757351_108530003024862_2991602720400953680_n.jpg","keywords":["cierre","crisis sanitaria Coronavirus","Denuncia","Muro","Polic\u00eda Local"],"articleSection":["Comarcas","Noticias"],"inLanguage":"es"},{"@type":"WebPage","@id":"https:\/\/www.copealcoy.es\/es\/denuncian-el-cierre-de-la-policia-local-de-muro-por-las-noches\/","url":"https:\/\/www.copealcoy.es\/es\/denuncian-el-cierre-de-la-policia-local-de-muro-por-las-noches\/","name":"Denuncian el cierre de la Polic\u00eda Local de Muro por las noches - COPE Alcoy","isPartOf":{"@id":"https:\/\/www.copealcoy.es\/es\/#website"},"primaryImageOfPage":{"@id":"https:\/\/www.copealcoy.es\/es\/denuncian-el-cierre-de-la-policia-local-de-muro-por-las-noches\/#primaryimage"},"image":{"@id":"https:\/\/www.copealcoy.es\/es\/denuncian-el-cierre-de-la-policia-local-de-muro-por-las-noches\/#primaryimage"},"thumbnailUrl":"https:\/\/www.copealcoy.es\/wp-content\/uploads\/2017\/05\/17757351_108530003024862_2991602720400953680_n.jpg","datePublished":"2021-01-21T12:35:07+00:00","dateModified":"2021-01-21T12:41:16+00:00","author":{"@id":"https:\/\/www.copealcoy.es\/es\/#\/schema\/person\/e777c87fa024e57d40170af9df39882c"},"breadcrumb":{"@id":"https:\/\/www.copealcoy.es\/es\/denuncian-el-cierre-de-la-policia-local-de-muro-por-las-noches\/#breadcrumb"},"inLanguage":"es","potentialAction":[{"@type":"ReadAction","target":["https:\/\/www.copealcoy.es\/es\/denuncian-el-cierre-de-la-policia-local-de-muro-por-las-noches\/"]}]},{"@type":"ImageObject","inLanguage":"es","@id":"https:\/\/www.copealcoy.es\/es\/denuncian-el-cierre-de-la-policia-local-de-muro-por-las-noches\/#primaryimage","url":"https:\/\/www.copealcoy.es\/wp-content\/uploads\/2017\/05\/17757351_108530003024862_2991602720400953680_n.jpg","contentUrl":"https:\/\/www.copealcoy.es\/wp-content\/uploads\/2017\/05\/17757351_108530003024862_2991602720400953680_n.jpg","width":800,"height":521},{"@type":"BreadcrumbList","@id":"https:\/\/www.copealcoy.es\/es\/denuncian-el-cierre-de-la-policia-local-de-muro-por-las-noches\/#breadcrumb","itemListElement":[{"@type":"ListItem","position":1,"name":"Portada","item":"https:\/\/www.copealcoy.es\/es\/"},{"@type":"ListItem","position":2,"name":"Denuncian el cierre de la Polic\u00eda Local de Muro por las noches"}]},{"@type":"WebSite","@id":"https:\/\/www.copealcoy.es\/es\/#website","url":"https:\/\/www.copealcoy.es\/es\/","name":"COPE Alcoy","description":"Emisora COPE de radio local con emisi\u00f3n online. Pont de Sant Jordi 8-10 03803 Alcoy","potentialAction":[{"@type":"SearchAction","target":{"@type":"EntryPoint","urlTemplate":"https:\/\/www.copealcoy.es\/es\/?s={search_term_string}"},"query-input":{"@type":"PropertyValueSpecification","valueRequired":true,"valueName":"search_term_string"}}],"inLanguage":"es"},{"@type":"Person","@id":"https:\/\/www.copealcoy.es\/es\/#\/schema\/person\/e777c87fa024e57d40170af9df39882c","name":"Cope Alcoy","image":{"@type":"ImageObject","inLanguage":"es","@id":"https:\/\/secure.gravatar.com\/avatar\/bb65d0283347e303893ba14f0692005417c1e0e690a325a4c5d8bb2b3943ee14?s=96&d=mm&r=g","url":"https:\/\/secure.gravatar.com\/avatar\/bb65d0283347e303893ba14f0692005417c1e0e690a325a4c5d8bb2b3943ee14?s=96&d=mm&r=g","contentUrl":"https:\/\/secure.gravatar.com\/avatar\/bb65d0283347e303893ba14f0692005417c1e0e690a325a4c5d8bb2b3943ee14?s=96&d=mm&r=g","caption":"Cope Alcoy"}}]}},"_links":{"self":[{"href":"https:\/\/www.copealcoy.es\/es\/wp-json\/wp\/v2\/posts\/70082","targetHints":{"allow":["GET"]}}],"collection":[{"href":"https:\/\/www.copealcoy.es\/es\/wp-json\/wp\/v2\/posts"}],"about":[{"href":"https:\/\/www.copealcoy.es\/es\/wp-json\/wp\/v2\/types\/post"}],"author":[{"embeddable":true,"href":"https:\/\/www.copealcoy.es\/es\/wp-json\/wp\/v2\/users\/1"}],"replies":[{"embeddable":true,"href":"https:\/\/www.copealcoy.es\/es\/wp-json\/wp\/v2\/comments?post=70082"}],"version-history":[{"count":0,"href":"https:\/\/www.copealcoy.es\/es\/wp-json\/wp\/v2\/posts\/70082\/revisions"}],"wp:featuredmedia":[{"embeddable":true,"href":"https:\/\/www.copealcoy.es\/es\/wp-json\/wp\/v2\/media\/31639"}],"wp:attachment":[{"href":"https:\/\/www.copealcoy.es\/es\/wp-json\/wp\/v2\/media?parent=70082"}],"wp:term":[{"taxonomy":"category","embeddable":true,"href":"https:\/\/www.copealcoy.es\/es\/wp-json\/wp\/v2\/categories?post=70082"},{"taxonomy":"post_tag","embeddable":true,"href":"https:\/\/www.copealcoy.es\/es\/wp-json\/wp\/v2\/tags?post=70082"}],"curies":[{"name":"wp","href":"https:\/\/api.w.org\/{rel}","templated":true}]}}