{"id":69919,"date":"2021-01-18T13:22:23","date_gmt":"2021-01-18T12:22:23","guid":{"rendered":"https:\/\/www.copealcoy.es\/?p=69919"},"modified":"2021-01-18T17:04:58","modified_gmt":"2021-01-18T16:04:58","slug":"cocentaina-llanca-una-nova-campana-de-pressupostos-participatius","status":"publish","type":"post","link":"https:\/\/www.copealcoy.es\/es\/cocentaina-llanca-una-nova-campana-de-pressupostos-participatius\/","title":{"rendered":"Cocentaina llan\u00e7a una nova campa\u00f1a de Pressupostos Participatius"},"content":{"rendered":"<p style=\"text-align: justify;\">L\u2019<strong>Ajuntament de Cocentaina<\/strong> ha posat en marxa <strong>una nova campanya dels Pressupostos Participatius<\/strong>, una iniciativa que de nou permetr\u00e0 que la ciutadania<strong> trie aquelles iniciatives o projectes<\/strong> que vol que es facen al poble.<\/p>\n<p style=\"text-align: justify;\">En 2021 <strong>el per\u00edode per a presentar les propostes va des del dia 18 de gener fins al dia 1 de febrer a les 23:59h<\/strong>. La presentaci\u00f3 de propostes es pot fer per dues vies. D&#8217;una banda es pot fer de manera presencial, <strong>al Servei d\u2019Informaci\u00f3 a la Ciutadania (SIC)<\/strong>, ubicat a la planta baixa de l\u2019Ajuntament, a trav\u00e9s d\u2019una inst\u00e0ncia general en paper; o b\u00e9 <strong>telem\u00e0ticament<\/strong>, opci\u00f3 m\u00e9s recomanable a causa de la situaci\u00f3 sanit\u00e0ria actual, mitjan\u00e7ant la Seu Electr\u00f2nica en&nbsp;<a href=\"https:\/\/cocentaina.sedelectronica.es\/info.0\"><strong><span style=\"color: #0000ff;\"><span class=\"hiddenSpellError\">cocentaina<\/span>.sedeelectronica.<span class=\"hiddenSpellError\">es<\/span><\/span><\/strong>.<\/a> Una vegada tancat el termini per a presentar les propostes, <strong>passaran a la fase d\u2019estudi de la viabilitat<\/strong> per part del personal t\u00e8cnic municipal, que ha d\u2019emetre els informes abans del 12 de mar\u00e7, moment en qu\u00e8 <strong>es faran p\u00fabliques les propostes<\/strong> a fi que la gent les conega i les valore. La votaci\u00f3 est\u00e0 prevista<strong> per a la setmana del 12 al 18 d\u2019abril<\/strong>, proc\u00e9s que, igual que en 2020, <strong>tornar\u00e0 a ser \u00fanicament per Internet<\/strong>, \u00e9s a dir, en l\u00ednia &#8220;<em>recomanem a totes les persones que en vulguen presentar alguna iniciativa que s\u2019assessoren pr\u00e8viament, mitjan\u00e7ant el tel\u00e8fon, amb cada t\u00e8cnic o t\u00e8cnica municipal de l\u2019\u00e0rea que corresponga<\/em>&#8220;, destaca la regidora de Participaci\u00f3 Ciutadana; <strong>Maite Valls<\/strong>.<\/p>\n<p style=\"text-align: justify;\">Tota <strong>la informaci\u00f3<\/strong> sobre el proc\u00e9s dels Pressupostos Participatius, i les seues fases, pot consultar-se en aquest <span style=\"color: #0000ff;\"><a style=\"color: #0000ff;\" href=\"https:\/\/www.cocentainaparticipa.com\/ca\/\"><strong>portal web<\/strong><\/a><\/span>.<\/p>\n","protected":false},"excerpt":{"rendered":"<p>L\u2019Ajuntament de Cocentaina ha posat en marxa una nova campanya dels Pressupostos Participatius, una iniciativa que de nou permetr\u00e0 que&#8230;<\/p>\n","protected":false},"author":1,"featured_media":12992,"comment_status":"open","ping_status":"open","sticky":false,"template":"","format":"standard","meta":{"footnotes":""},"categories":[98,75],"tags":[9761,9579,132,157,9669],"class_list":["post-69919","post","type-post","status-publish","format-standard","has-post-thumbnail","hentry","category-comarcas","category-noticias","tag-ajuntament","tag-campanya","tag-cocentaina","tag-participacio","tag-pressupostos-participatius"],"yoast_head":"<!-- This site is optimized with the Yoast SEO plugin v27.3 - https:\/\/yoast.com\/product\/yoast-seo-wordpress\/ -->\n<title>Cocentaina llan\u00e7a una nova campa\u00f1a de Pressupostos Participatius - COPE Alcoy<\/title>\n<meta name=\"robots\" content=\"index, follow, max-snippet:-1, max-image-preview:large, max-video-preview:-1\" \/>\n<link rel=\"canonical\" href=\"https:\/\/www.copealcoy.es\/es\/cocentaina-llanca-una-nova-campana-de-pressupostos-participatius\/\" \/>\n<meta property=\"og:locale\" content=\"es_ES\" \/>\n<meta property=\"og:type\" content=\"article\" \/>\n<meta property=\"og:title\" content=\"Cocentaina llan\u00e7a una nova campa\u00f1a de Pressupostos Participatius - COPE Alcoy\" \/>\n<meta property=\"og:description\" content=\"L\u2019Ajuntament de Cocentaina ha posat en marxa una nova campanya dels Pressupostos Participatius, una iniciativa que de nou permetr\u00e0 que...\" \/>\n<meta property=\"og:url\" content=\"https:\/\/www.copealcoy.es\/es\/cocentaina-llanca-una-nova-campana-de-pressupostos-participatius\/\" \/>\n<meta property=\"og:site_name\" content=\"COPE Alcoy\" \/>\n<meta property=\"article:published_time\" content=\"2021-01-18T12:22:23+00:00\" \/>\n<meta property=\"article:modified_time\" content=\"2021-01-18T16:04:58+00:00\" \/>\n<meta property=\"og:image\" content=\"https:\/\/www.copealcoy.es\/wp-content\/uploads\/2015\/05\/213-1024x768.jpg\" \/>\n\t<meta property=\"og:image:width\" content=\"1024\" \/>\n\t<meta property=\"og:image:height\" content=\"768\" \/>\n\t<meta property=\"og:image:type\" content=\"image\/jpeg\" \/>\n<meta name=\"author\" content=\"Cope Alcoy\" \/>\n<meta name=\"twitter:label1\" content=\"Escrito por\" \/>\n\t<meta name=\"twitter:data1\" content=\"Cope Alcoy\" \/>\n\t<meta name=\"twitter:label2\" content=\"Tiempo de lectura\" \/>\n\t<meta name=\"twitter:data2\" content=\"1 minuto\" \/>\n<script type=\"application\/ld+json\" class=\"yoast-schema-graph\">{\"@context\":\"https:\\\/\\\/schema.org\",\"@graph\":[{\"@type\":\"Article\",\"@id\":\"https:\\\/\\\/www.copealcoy.es\\\/es\\\/cocentaina-llanca-una-nova-campana-de-pressupostos-participatius\\\/#article\",\"isPartOf\":{\"@id\":\"https:\\\/\\\/www.copealcoy.es\\\/es\\\/cocentaina-llanca-una-nova-campana-de-pressupostos-participatius\\\/\"},\"author\":{\"name\":\"Cope Alcoy\",\"@id\":\"https:\\\/\\\/www.copealcoy.es\\\/es\\\/#\\\/schema\\\/person\\\/e777c87fa024e57d40170af9df39882c\"},\"headline\":\"Cocentaina llan\u00e7a una nova campa\u00f1a de Pressupostos Participatius\",\"datePublished\":\"2021-01-18T12:22:23+00:00\",\"dateModified\":\"2021-01-18T16:04:58+00:00\",\"mainEntityOfPage\":{\"@id\":\"https:\\\/\\\/www.copealcoy.es\\\/es\\\/cocentaina-llanca-una-nova-campana-de-pressupostos-participatius\\\/\"},\"wordCount\":287,\"commentCount\":0,\"image\":{\"@id\":\"https:\\\/\\\/www.copealcoy.es\\\/es\\\/cocentaina-llanca-una-nova-campana-de-pressupostos-participatius\\\/#primaryimage\"},\"thumbnailUrl\":\"https:\\\/\\\/www.copealcoy.es\\\/wp-content\\\/uploads\\\/2015\\\/05\\\/213-e1641226818827.jpg\",\"keywords\":[\"Ajuntament\",\"campanya\",\"Cocentaina\",\"Participaci\u00f3\",\"Pressupostos Participatius\"],\"articleSection\":[\"Comarcas\",\"Noticias\"],\"inLanguage\":\"es\"},{\"@type\":\"WebPage\",\"@id\":\"https:\\\/\\\/www.copealcoy.es\\\/es\\\/cocentaina-llanca-una-nova-campana-de-pressupostos-participatius\\\/\",\"url\":\"https:\\\/\\\/www.copealcoy.es\\\/es\\\/cocentaina-llanca-una-nova-campana-de-pressupostos-participatius\\\/\",\"name\":\"Cocentaina llan\u00e7a una nova campa\u00f1a de Pressupostos Participatius - COPE Alcoy\",\"isPartOf\":{\"@id\":\"https:\\\/\\\/www.copealcoy.es\\\/es\\\/#website\"},\"primaryImageOfPage\":{\"@id\":\"https:\\\/\\\/www.copealcoy.es\\\/es\\\/cocentaina-llanca-una-nova-campana-de-pressupostos-participatius\\\/#primaryimage\"},\"image\":{\"@id\":\"https:\\\/\\\/www.copealcoy.es\\\/es\\\/cocentaina-llanca-una-nova-campana-de-pressupostos-participatius\\\/#primaryimage\"},\"thumbnailUrl\":\"https:\\\/\\\/www.copealcoy.es\\\/wp-content\\\/uploads\\\/2015\\\/05\\\/213-e1641226818827.jpg\",\"datePublished\":\"2021-01-18T12:22:23+00:00\",\"dateModified\":\"2021-01-18T16:04:58+00:00\",\"author\":{\"@id\":\"https:\\\/\\\/www.copealcoy.es\\\/es\\\/#\\\/schema\\\/person\\\/e777c87fa024e57d40170af9df39882c\"},\"breadcrumb\":{\"@id\":\"https:\\\/\\\/www.copealcoy.es\\\/es\\\/cocentaina-llanca-una-nova-campana-de-pressupostos-participatius\\\/#breadcrumb\"},\"inLanguage\":\"es\",\"potentialAction\":[{\"@type\":\"ReadAction\",\"target\":[\"https:\\\/\\\/www.copealcoy.es\\\/es\\\/cocentaina-llanca-una-nova-campana-de-pressupostos-participatius\\\/\"]}]},{\"@type\":\"ImageObject\",\"inLanguage\":\"es\",\"@id\":\"https:\\\/\\\/www.copealcoy.es\\\/es\\\/cocentaina-llanca-una-nova-campana-de-pressupostos-participatius\\\/#primaryimage\",\"url\":\"https:\\\/\\\/www.copealcoy.es\\\/wp-content\\\/uploads\\\/2015\\\/05\\\/213-e1641226818827.jpg\",\"contentUrl\":\"https:\\\/\\\/www.copealcoy.es\\\/wp-content\\\/uploads\\\/2015\\\/05\\\/213-e1641226818827.jpg\",\"width\":640,\"height\":480},{\"@type\":\"BreadcrumbList\",\"@id\":\"https:\\\/\\\/www.copealcoy.es\\\/es\\\/cocentaina-llanca-una-nova-campana-de-pressupostos-participatius\\\/#breadcrumb\",\"itemListElement\":[{\"@type\":\"ListItem\",\"position\":1,\"name\":\"Portada\",\"item\":\"https:\\\/\\\/www.copealcoy.es\\\/es\\\/\"},{\"@type\":\"ListItem\",\"position\":2,\"name\":\"Cocentaina llan\u00e7a una nova campa\u00f1a de Pressupostos Participatius\"}]},{\"@type\":\"WebSite\",\"@id\":\"https:\\\/\\\/www.copealcoy.es\\\/es\\\/#website\",\"url\":\"https:\\\/\\\/www.copealcoy.es\\\/es\\\/\",\"name\":\"COPE Alcoy\",\"description\":\"Emisora COPE de radio local con emisi\u00f3n online. Pont de Sant Jordi 8-10 03803 Alcoy\",\"potentialAction\":[{\"@type\":\"SearchAction\",\"target\":{\"@type\":\"EntryPoint\",\"urlTemplate\":\"https:\\\/\\\/www.copealcoy.es\\\/es\\\/?s={search_term_string}\"},\"query-input\":{\"@type\":\"PropertyValueSpecification\",\"valueRequired\":true,\"valueName\":\"search_term_string\"}}],\"inLanguage\":\"es\"},{\"@type\":\"Person\",\"@id\":\"https:\\\/\\\/www.copealcoy.es\\\/es\\\/#\\\/schema\\\/person\\\/e777c87fa024e57d40170af9df39882c\",\"name\":\"Cope Alcoy\",\"image\":{\"@type\":\"ImageObject\",\"inLanguage\":\"es\",\"@id\":\"https:\\\/\\\/secure.gravatar.com\\\/avatar\\\/bb65d0283347e303893ba14f0692005417c1e0e690a325a4c5d8bb2b3943ee14?s=96&d=mm&r=g\",\"url\":\"https:\\\/\\\/secure.gravatar.com\\\/avatar\\\/bb65d0283347e303893ba14f0692005417c1e0e690a325a4c5d8bb2b3943ee14?s=96&d=mm&r=g\",\"contentUrl\":\"https:\\\/\\\/secure.gravatar.com\\\/avatar\\\/bb65d0283347e303893ba14f0692005417c1e0e690a325a4c5d8bb2b3943ee14?s=96&d=mm&r=g\",\"caption\":\"Cope Alcoy\"}}]}<\/script>\n<!-- \/ Yoast SEO plugin. -->","yoast_head_json":{"title":"Cocentaina llan\u00e7a una nova campa\u00f1a de Pressupostos Participatius - COPE Alcoy","robots":{"index":"index","follow":"follow","max-snippet":"max-snippet:-1","max-image-preview":"max-image-preview:large","max-video-preview":"max-video-preview:-1"},"canonical":"https:\/\/www.copealcoy.es\/es\/cocentaina-llanca-una-nova-campana-de-pressupostos-participatius\/","og_locale":"es_ES","og_type":"article","og_title":"Cocentaina llan\u00e7a una nova campa\u00f1a de Pressupostos Participatius - COPE Alcoy","og_description":"L\u2019Ajuntament de Cocentaina ha posat en marxa una nova campanya dels Pressupostos Participatius, una iniciativa que de nou permetr\u00e0 que...","og_url":"https:\/\/www.copealcoy.es\/es\/cocentaina-llanca-una-nova-campana-de-pressupostos-participatius\/","og_site_name":"COPE Alcoy","article_published_time":"2021-01-18T12:22:23+00:00","article_modified_time":"2021-01-18T16:04:58+00:00","og_image":[{"width":1024,"height":768,"url":"https:\/\/www.copealcoy.es\/wp-content\/uploads\/2015\/05\/213-1024x768.jpg","type":"image\/jpeg"}],"author":"Cope Alcoy","twitter_misc":{"Escrito por":"Cope Alcoy","Tiempo de lectura":"1 minuto"},"schema":{"@context":"https:\/\/schema.org","@graph":[{"@type":"Article","@id":"https:\/\/www.copealcoy.es\/es\/cocentaina-llanca-una-nova-campana-de-pressupostos-participatius\/#article","isPartOf":{"@id":"https:\/\/www.copealcoy.es\/es\/cocentaina-llanca-una-nova-campana-de-pressupostos-participatius\/"},"author":{"name":"Cope Alcoy","@id":"https:\/\/www.copealcoy.es\/es\/#\/schema\/person\/e777c87fa024e57d40170af9df39882c"},"headline":"Cocentaina llan\u00e7a una nova campa\u00f1a de Pressupostos Participatius","datePublished":"2021-01-18T12:22:23+00:00","dateModified":"2021-01-18T16:04:58+00:00","mainEntityOfPage":{"@id":"https:\/\/www.copealcoy.es\/es\/cocentaina-llanca-una-nova-campana-de-pressupostos-participatius\/"},"wordCount":287,"commentCount":0,"image":{"@id":"https:\/\/www.copealcoy.es\/es\/cocentaina-llanca-una-nova-campana-de-pressupostos-participatius\/#primaryimage"},"thumbnailUrl":"https:\/\/www.copealcoy.es\/wp-content\/uploads\/2015\/05\/213-e1641226818827.jpg","keywords":["Ajuntament","campanya","Cocentaina","Participaci\u00f3","Pressupostos Participatius"],"articleSection":["Comarcas","Noticias"],"inLanguage":"es"},{"@type":"WebPage","@id":"https:\/\/www.copealcoy.es\/es\/cocentaina-llanca-una-nova-campana-de-pressupostos-participatius\/","url":"https:\/\/www.copealcoy.es\/es\/cocentaina-llanca-una-nova-campana-de-pressupostos-participatius\/","name":"Cocentaina llan\u00e7a una nova campa\u00f1a de Pressupostos Participatius - COPE Alcoy","isPartOf":{"@id":"https:\/\/www.copealcoy.es\/es\/#website"},"primaryImageOfPage":{"@id":"https:\/\/www.copealcoy.es\/es\/cocentaina-llanca-una-nova-campana-de-pressupostos-participatius\/#primaryimage"},"image":{"@id":"https:\/\/www.copealcoy.es\/es\/cocentaina-llanca-una-nova-campana-de-pressupostos-participatius\/#primaryimage"},"thumbnailUrl":"https:\/\/www.copealcoy.es\/wp-content\/uploads\/2015\/05\/213-e1641226818827.jpg","datePublished":"2021-01-18T12:22:23+00:00","dateModified":"2021-01-18T16:04:58+00:00","author":{"@id":"https:\/\/www.copealcoy.es\/es\/#\/schema\/person\/e777c87fa024e57d40170af9df39882c"},"breadcrumb":{"@id":"https:\/\/www.copealcoy.es\/es\/cocentaina-llanca-una-nova-campana-de-pressupostos-participatius\/#breadcrumb"},"inLanguage":"es","potentialAction":[{"@type":"ReadAction","target":["https:\/\/www.copealcoy.es\/es\/cocentaina-llanca-una-nova-campana-de-pressupostos-participatius\/"]}]},{"@type":"ImageObject","inLanguage":"es","@id":"https:\/\/www.copealcoy.es\/es\/cocentaina-llanca-una-nova-campana-de-pressupostos-participatius\/#primaryimage","url":"https:\/\/www.copealcoy.es\/wp-content\/uploads\/2015\/05\/213-e1641226818827.jpg","contentUrl":"https:\/\/www.copealcoy.es\/wp-content\/uploads\/2015\/05\/213-e1641226818827.jpg","width":640,"height":480},{"@type":"BreadcrumbList","@id":"https:\/\/www.copealcoy.es\/es\/cocentaina-llanca-una-nova-campana-de-pressupostos-participatius\/#breadcrumb","itemListElement":[{"@type":"ListItem","position":1,"name":"Portada","item":"https:\/\/www.copealcoy.es\/es\/"},{"@type":"ListItem","position":2,"name":"Cocentaina llan\u00e7a una nova campa\u00f1a de Pressupostos Participatius"}]},{"@type":"WebSite","@id":"https:\/\/www.copealcoy.es\/es\/#website","url":"https:\/\/www.copealcoy.es\/es\/","name":"COPE Alcoy","description":"Emisora COPE de radio local con emisi\u00f3n online. Pont de Sant Jordi 8-10 03803 Alcoy","potentialAction":[{"@type":"SearchAction","target":{"@type":"EntryPoint","urlTemplate":"https:\/\/www.copealcoy.es\/es\/?s={search_term_string}"},"query-input":{"@type":"PropertyValueSpecification","valueRequired":true,"valueName":"search_term_string"}}],"inLanguage":"es"},{"@type":"Person","@id":"https:\/\/www.copealcoy.es\/es\/#\/schema\/person\/e777c87fa024e57d40170af9df39882c","name":"Cope Alcoy","image":{"@type":"ImageObject","inLanguage":"es","@id":"https:\/\/secure.gravatar.com\/avatar\/bb65d0283347e303893ba14f0692005417c1e0e690a325a4c5d8bb2b3943ee14?s=96&d=mm&r=g","url":"https:\/\/secure.gravatar.com\/avatar\/bb65d0283347e303893ba14f0692005417c1e0e690a325a4c5d8bb2b3943ee14?s=96&d=mm&r=g","contentUrl":"https:\/\/secure.gravatar.com\/avatar\/bb65d0283347e303893ba14f0692005417c1e0e690a325a4c5d8bb2b3943ee14?s=96&d=mm&r=g","caption":"Cope Alcoy"}}]}},"_links":{"self":[{"href":"https:\/\/www.copealcoy.es\/es\/wp-json\/wp\/v2\/posts\/69919","targetHints":{"allow":["GET"]}}],"collection":[{"href":"https:\/\/www.copealcoy.es\/es\/wp-json\/wp\/v2\/posts"}],"about":[{"href":"https:\/\/www.copealcoy.es\/es\/wp-json\/wp\/v2\/types\/post"}],"author":[{"embeddable":true,"href":"https:\/\/www.copealcoy.es\/es\/wp-json\/wp\/v2\/users\/1"}],"replies":[{"embeddable":true,"href":"https:\/\/www.copealcoy.es\/es\/wp-json\/wp\/v2\/comments?post=69919"}],"version-history":[{"count":0,"href":"https:\/\/www.copealcoy.es\/es\/wp-json\/wp\/v2\/posts\/69919\/revisions"}],"wp:featuredmedia":[{"embeddable":true,"href":"https:\/\/www.copealcoy.es\/es\/wp-json\/wp\/v2\/media\/12992"}],"wp:attachment":[{"href":"https:\/\/www.copealcoy.es\/es\/wp-json\/wp\/v2\/media?parent=69919"}],"wp:term":[{"taxonomy":"category","embeddable":true,"href":"https:\/\/www.copealcoy.es\/es\/wp-json\/wp\/v2\/categories?post=69919"},{"taxonomy":"post_tag","embeddable":true,"href":"https:\/\/www.copealcoy.es\/es\/wp-json\/wp\/v2\/tags?post=69919"}],"curies":[{"name":"wp","href":"https:\/\/api.w.org\/{rel}","templated":true}]}}