{"id":69901,"date":"2021-01-15T21:13:52","date_gmt":"2021-01-15T20:13:52","guid":{"rendered":"https:\/\/www.copealcoy.es\/?p=69901"},"modified":"2021-01-15T21:28:53","modified_gmt":"2021-01-15T20:28:53","slug":"la-fireta-de-sant-antoni-de-muro-una-tradicio-de-1738-que-no-ha-deixat-devolucionar","status":"publish","type":"post","link":"https:\/\/www.copealcoy.es\/es\/la-fireta-de-sant-antoni-de-muro-una-tradicio-de-1738-que-no-ha-deixat-devolucionar\/","title":{"rendered":"La Fireta de Sant Antoni de Muro, una tradici\u00f3 de 1738 que no ha deixat d&#8217;evolucionar"},"content":{"rendered":"<p style=\"text-align: justify;\">La <strong>crisi sanit\u00e0ria del Coronavirus<\/strong> <strong>impedir\u00e0 que Muro celebre durant aquest cap de setmana la Fireta de Sant Antoni<\/strong>, una tradici\u00f3 que <strong>data de l&#8217;any 1738<\/strong> i que sempre <strong>t\u00e9 lloc al voltant de la festivitat del patr\u00f3 dels animals<\/strong>. Des de l&#8217;Ajuntament del municipi <strong>s&#8217;havien previst algunes propostes per a portar-les a terme durant aquest cap de setmana<\/strong> per\u00f2 l&#8217;elevada incid\u00e8ncia de la\u00a0<span class=\"hiddenSpellError\">Covid<\/span>-19 que pateix el poble en aquests moments ha obligat a <strong>ajornar<\/strong> les activitats.<\/p>\n<p style=\"text-align: justify;\">En els seus inicis <strong>la Fireta se celebrava al voltant de l&#8217;ermita dedicada inicialment a Sant Antoni de P\u00e0dua<\/strong>, i despr\u00e9s dedicada tamb\u00e9 a Sant Antoni Abat, que <strong>trobem al costat de la principal entrada al poble<\/strong>. All\u00ed <strong>es muntaven parades de fusta<\/strong> on els venedors col\u00b7locaven els seus productes i aquesta responsabilitat <strong>anava a c\u00e0rrec de l\u2019Ajuntament<\/strong>, el qual cobrava una certa quantitat pel seu \u00fas. Tamb\u00e9 en aquest lloc <strong>es cremava una foguera en la vespra del 17 de gener<\/strong> mentre que <strong>el dia de la festa de Sant Antoni tenia lloc la missa i la benedicci\u00f3 dels animals<\/strong> &#8220;<em>aquelles primeres parades de la Fira de Sant Antoni es muntaven, en el segle XVIII i primera meitat del segle XIX, al voltant de la mateixa ermita. Tanmateix, possiblement entre 1850 i 1870, la Corporaci\u00f3 Municipal acord\u00e0 traslladar-la a l\u2019interior del nucli urb\u00e0 per a donar-li un impuls i atraure m\u00e9s compradors. Probablement aquesta decisi\u00f3 va evitar la desaparici\u00f3 d&#8217;aquesta singular tradici\u00f3<\/em>&#8220;, explicava en COPE\u00a0<span class=\"hiddenSpellError\">ALCOY<\/span>\u00a0el professor Joan Josep\u00a0<span class=\"hiddenSpellError\">Pascual<\/span>. La Fireta <strong>va anar aconseguint a poc a poc una gran repercussi\u00f3 en la comarca<\/strong> i a la mateixa <strong>es comercialitzaven productes t\u00edpics<\/strong> com d\u00e0tils o torr\u00f3 aix\u00ed com eines per al camp &#8220;<em>la benedicci\u00f3 dels animals o les exhibicions de cavalls eren les protagonistes a primeries del segle XX abans que la Fireta entrara en decad\u00e8ncia al voltant dels seixanta. Despr\u00e9s de la transici\u00f3 la Festa comen\u00e7a a reviscolar i un any clau \u00e9s 1984, data en la qual se celebren interessants exposicions culturals sense oblidar l&#8217;Aplec de Danses organitzat per la Regidoria de Cultura de l&#8217;Ajuntament de Muro. A partir d&#8217;ac\u00ed la Fireta no deixa de cr\u00e9ixer i amb l&#8217;arribada de Rafa Climent a l&#8217;alcaldia es dona un important impuls amb la incorporaci\u00f3 del Mercat Medieval, l&#8217;ampliaci\u00f3 de les activitats i de l&#8217;oferta comercial i la creaci\u00f3 d&#8217;una completa oferta comercial<\/em>&#8220;, assegura\u00a0<span class=\"hiddenSpellError\">Pascual<\/span>. Per \u00faltim <strong>la Fireta s&#8217;ha celebrat pr\u00e0cticament de forma ininterrompuda des de 1738<\/strong> &#8220;<em>a excepci\u00f3 dels anys de la Guerra del Franc\u00e9s, la Guerra Civil, quan l&#8217;oratge ha sigut complicat i enguany per culpa de la pand\u00e8mia<\/em>&#8220;, conclou el professor.<\/p>\n<p style=\"text-align: justify;\">La Fireta de Sant Antoni, que ja \u00e9s Festa d&#8217;Inter\u00e9s Tur\u00edstic Auton\u00f2mic, <strong>tenia lloc inicialment el dia de la festivitat del sant i les dues jornades de despr\u00e9s<\/strong>. Posteriorment, i per motius de la transformaci\u00f3 econ\u00f2mica i laboral de Muro, <strong>es traspass\u00e0 al dissabte, diumenge i dilluns seg\u00fcents al dia de Sant Antoni<\/strong>. Ara t\u00e9 lloc <strong>de divendres a diumenge<\/strong> despr\u00e9s del 17 de gener i, per exemple, <strong>en 2017 es va celebrar una setmana m\u00e9s tard del previst<\/strong> pel greu temporal de pluja i neu que va patir la comarca al voltant de Sant Antoni. En 2020 <strong>l&#8217;inici de la Borrasca Gl\u00f2ria va obligar a finalitzar la Fireta abans de la seua clausura oficial<\/strong> per les adverses condicions climatol\u00f2giques.<\/p>\n","protected":false},"excerpt":{"rendered":"<p>La crisi sanit\u00e0ria del Coronavirus impedir\u00e0 que Muro celebre durant aquest cap de setmana la Fireta de Sant Antoni, una&#8230;<\/p>\n","protected":false},"author":1,"featured_media":69902,"comment_status":"open","ping_status":"open","sticky":false,"template":"","format":"standard","meta":{"footnotes":""},"categories":[98,75],"tags":[414,1737,10644,135,611],"class_list":["post-69901","post","type-post","status-publish","format-standard","has-post-thumbnail","hentry","category-comarcas","category-noticias","tag-cultura","tag-fireta-de-sant-antoni","tag-joan-josep-pascual","tag-muro","tag-tradicions"],"yoast_head":"<!-- This site is optimized with the Yoast SEO plugin v27.3 - https:\/\/yoast.com\/product\/yoast-seo-wordpress\/ -->\n<title>La Fireta de Sant Antoni de Muro, una tradici\u00f3 de 1738 que no ha deixat d&#039;evolucionar - COPE Alcoy<\/title>\n<meta name=\"robots\" content=\"index, follow, max-snippet:-1, max-image-preview:large, max-video-preview:-1\" \/>\n<link rel=\"canonical\" href=\"https:\/\/www.copealcoy.es\/es\/la-fireta-de-sant-antoni-de-muro-una-tradicio-de-1738-que-no-ha-deixat-devolucionar\/\" \/>\n<meta property=\"og:locale\" content=\"es_ES\" \/>\n<meta property=\"og:type\" content=\"article\" \/>\n<meta property=\"og:title\" content=\"La Fireta de Sant Antoni de Muro, una tradici\u00f3 de 1738 que no ha deixat d&#039;evolucionar - COPE Alcoy\" \/>\n<meta property=\"og:description\" content=\"La crisi sanit\u00e0ria del Coronavirus impedir\u00e0 que Muro celebre durant aquest cap de setmana la Fireta de Sant Antoni, una...\" \/>\n<meta property=\"og:url\" content=\"https:\/\/www.copealcoy.es\/es\/la-fireta-de-sant-antoni-de-muro-una-tradicio-de-1738-que-no-ha-deixat-devolucionar\/\" \/>\n<meta property=\"og:site_name\" content=\"COPE Alcoy\" \/>\n<meta property=\"article:published_time\" content=\"2021-01-15T20:13:52+00:00\" \/>\n<meta property=\"article:modified_time\" content=\"2021-01-15T20:28:53+00:00\" \/>\n<meta property=\"og:image\" content=\"https:\/\/www.copealcoy.es\/wp-content\/uploads\/2021\/01\/15965262_1213131322117543_2746839066105582854_n.png\" \/>\n\t<meta property=\"og:image:width\" content=\"729\" \/>\n\t<meta property=\"og:image:height\" content=\"542\" \/>\n\t<meta property=\"og:image:type\" content=\"image\/png\" \/>\n<meta name=\"author\" content=\"Cope Alcoy\" \/>\n<meta name=\"twitter:label1\" content=\"Escrito por\" \/>\n\t<meta name=\"twitter:data1\" content=\"Cope Alcoy\" \/>\n\t<meta name=\"twitter:label2\" content=\"Tiempo de lectura\" \/>\n\t<meta name=\"twitter:data2\" content=\"3 minutos\" \/>\n<script type=\"application\/ld+json\" class=\"yoast-schema-graph\">{\"@context\":\"https:\\\/\\\/schema.org\",\"@graph\":[{\"@type\":\"Article\",\"@id\":\"https:\\\/\\\/www.copealcoy.es\\\/es\\\/la-fireta-de-sant-antoni-de-muro-una-tradicio-de-1738-que-no-ha-deixat-devolucionar\\\/#article\",\"isPartOf\":{\"@id\":\"https:\\\/\\\/www.copealcoy.es\\\/es\\\/la-fireta-de-sant-antoni-de-muro-una-tradicio-de-1738-que-no-ha-deixat-devolucionar\\\/\"},\"author\":{\"name\":\"Cope Alcoy\",\"@id\":\"https:\\\/\\\/www.copealcoy.es\\\/es\\\/#\\\/schema\\\/person\\\/e777c87fa024e57d40170af9df39882c\"},\"headline\":\"La Fireta de Sant Antoni de Muro, una tradici\u00f3 de 1738 que no ha deixat d&#8217;evolucionar\",\"datePublished\":\"2021-01-15T20:13:52+00:00\",\"dateModified\":\"2021-01-15T20:28:53+00:00\",\"mainEntityOfPage\":{\"@id\":\"https:\\\/\\\/www.copealcoy.es\\\/es\\\/la-fireta-de-sant-antoni-de-muro-una-tradicio-de-1738-que-no-ha-deixat-devolucionar\\\/\"},\"wordCount\":608,\"commentCount\":0,\"image\":{\"@id\":\"https:\\\/\\\/www.copealcoy.es\\\/es\\\/la-fireta-de-sant-antoni-de-muro-una-tradicio-de-1738-que-no-ha-deixat-devolucionar\\\/#primaryimage\"},\"thumbnailUrl\":\"https:\\\/\\\/www.copealcoy.es\\\/wp-content\\\/uploads\\\/2021\\\/01\\\/15965262_1213131322117543_2746839066105582854_n.png\",\"keywords\":[\"Cultura\",\"Fireta de Sant Antoni\",\"Joan Josep Pascual\",\"Muro\",\"Tradicions\"],\"articleSection\":[\"Comarcas\",\"Noticias\"],\"inLanguage\":\"es\"},{\"@type\":\"WebPage\",\"@id\":\"https:\\\/\\\/www.copealcoy.es\\\/es\\\/la-fireta-de-sant-antoni-de-muro-una-tradicio-de-1738-que-no-ha-deixat-devolucionar\\\/\",\"url\":\"https:\\\/\\\/www.copealcoy.es\\\/es\\\/la-fireta-de-sant-antoni-de-muro-una-tradicio-de-1738-que-no-ha-deixat-devolucionar\\\/\",\"name\":\"La Fireta de Sant Antoni de Muro, una tradici\u00f3 de 1738 que no ha deixat d'evolucionar - COPE Alcoy\",\"isPartOf\":{\"@id\":\"https:\\\/\\\/www.copealcoy.es\\\/es\\\/#website\"},\"primaryImageOfPage\":{\"@id\":\"https:\\\/\\\/www.copealcoy.es\\\/es\\\/la-fireta-de-sant-antoni-de-muro-una-tradicio-de-1738-que-no-ha-deixat-devolucionar\\\/#primaryimage\"},\"image\":{\"@id\":\"https:\\\/\\\/www.copealcoy.es\\\/es\\\/la-fireta-de-sant-antoni-de-muro-una-tradicio-de-1738-que-no-ha-deixat-devolucionar\\\/#primaryimage\"},\"thumbnailUrl\":\"https:\\\/\\\/www.copealcoy.es\\\/wp-content\\\/uploads\\\/2021\\\/01\\\/15965262_1213131322117543_2746839066105582854_n.png\",\"datePublished\":\"2021-01-15T20:13:52+00:00\",\"dateModified\":\"2021-01-15T20:28:53+00:00\",\"author\":{\"@id\":\"https:\\\/\\\/www.copealcoy.es\\\/es\\\/#\\\/schema\\\/person\\\/e777c87fa024e57d40170af9df39882c\"},\"breadcrumb\":{\"@id\":\"https:\\\/\\\/www.copealcoy.es\\\/es\\\/la-fireta-de-sant-antoni-de-muro-una-tradicio-de-1738-que-no-ha-deixat-devolucionar\\\/#breadcrumb\"},\"inLanguage\":\"es\",\"potentialAction\":[{\"@type\":\"ReadAction\",\"target\":[\"https:\\\/\\\/www.copealcoy.es\\\/es\\\/la-fireta-de-sant-antoni-de-muro-una-tradicio-de-1738-que-no-ha-deixat-devolucionar\\\/\"]}]},{\"@type\":\"ImageObject\",\"inLanguage\":\"es\",\"@id\":\"https:\\\/\\\/www.copealcoy.es\\\/es\\\/la-fireta-de-sant-antoni-de-muro-una-tradicio-de-1738-que-no-ha-deixat-devolucionar\\\/#primaryimage\",\"url\":\"https:\\\/\\\/www.copealcoy.es\\\/wp-content\\\/uploads\\\/2021\\\/01\\\/15965262_1213131322117543_2746839066105582854_n.png\",\"contentUrl\":\"https:\\\/\\\/www.copealcoy.es\\\/wp-content\\\/uploads\\\/2021\\\/01\\\/15965262_1213131322117543_2746839066105582854_n.png\",\"width\":729,\"height\":542},{\"@type\":\"BreadcrumbList\",\"@id\":\"https:\\\/\\\/www.copealcoy.es\\\/es\\\/la-fireta-de-sant-antoni-de-muro-una-tradicio-de-1738-que-no-ha-deixat-devolucionar\\\/#breadcrumb\",\"itemListElement\":[{\"@type\":\"ListItem\",\"position\":1,\"name\":\"Portada\",\"item\":\"https:\\\/\\\/www.copealcoy.es\\\/es\\\/\"},{\"@type\":\"ListItem\",\"position\":2,\"name\":\"La Fireta de Sant Antoni de Muro, una tradici\u00f3 de 1738 que no ha deixat d&#8217;evolucionar\"}]},{\"@type\":\"WebSite\",\"@id\":\"https:\\\/\\\/www.copealcoy.es\\\/es\\\/#website\",\"url\":\"https:\\\/\\\/www.copealcoy.es\\\/es\\\/\",\"name\":\"COPE Alcoy\",\"description\":\"Emisora COPE de radio local con emisi\u00f3n online. Pont de Sant Jordi 8-10 03803 Alcoy\",\"potentialAction\":[{\"@type\":\"SearchAction\",\"target\":{\"@type\":\"EntryPoint\",\"urlTemplate\":\"https:\\\/\\\/www.copealcoy.es\\\/es\\\/?s={search_term_string}\"},\"query-input\":{\"@type\":\"PropertyValueSpecification\",\"valueRequired\":true,\"valueName\":\"search_term_string\"}}],\"inLanguage\":\"es\"},{\"@type\":\"Person\",\"@id\":\"https:\\\/\\\/www.copealcoy.es\\\/es\\\/#\\\/schema\\\/person\\\/e777c87fa024e57d40170af9df39882c\",\"name\":\"Cope Alcoy\",\"image\":{\"@type\":\"ImageObject\",\"inLanguage\":\"es\",\"@id\":\"https:\\\/\\\/secure.gravatar.com\\\/avatar\\\/bb65d0283347e303893ba14f0692005417c1e0e690a325a4c5d8bb2b3943ee14?s=96&d=mm&r=g\",\"url\":\"https:\\\/\\\/secure.gravatar.com\\\/avatar\\\/bb65d0283347e303893ba14f0692005417c1e0e690a325a4c5d8bb2b3943ee14?s=96&d=mm&r=g\",\"contentUrl\":\"https:\\\/\\\/secure.gravatar.com\\\/avatar\\\/bb65d0283347e303893ba14f0692005417c1e0e690a325a4c5d8bb2b3943ee14?s=96&d=mm&r=g\",\"caption\":\"Cope Alcoy\"}}]}<\/script>\n<!-- \/ Yoast SEO plugin. -->","yoast_head_json":{"title":"La Fireta de Sant Antoni de Muro, una tradici\u00f3 de 1738 que no ha deixat d'evolucionar - COPE Alcoy","robots":{"index":"index","follow":"follow","max-snippet":"max-snippet:-1","max-image-preview":"max-image-preview:large","max-video-preview":"max-video-preview:-1"},"canonical":"https:\/\/www.copealcoy.es\/es\/la-fireta-de-sant-antoni-de-muro-una-tradicio-de-1738-que-no-ha-deixat-devolucionar\/","og_locale":"es_ES","og_type":"article","og_title":"La Fireta de Sant Antoni de Muro, una tradici\u00f3 de 1738 que no ha deixat d'evolucionar - COPE Alcoy","og_description":"La crisi sanit\u00e0ria del Coronavirus impedir\u00e0 que Muro celebre durant aquest cap de setmana la Fireta de Sant Antoni, una...","og_url":"https:\/\/www.copealcoy.es\/es\/la-fireta-de-sant-antoni-de-muro-una-tradicio-de-1738-que-no-ha-deixat-devolucionar\/","og_site_name":"COPE Alcoy","article_published_time":"2021-01-15T20:13:52+00:00","article_modified_time":"2021-01-15T20:28:53+00:00","og_image":[{"width":729,"height":542,"url":"https:\/\/www.copealcoy.es\/wp-content\/uploads\/2021\/01\/15965262_1213131322117543_2746839066105582854_n.png","type":"image\/png"}],"author":"Cope Alcoy","twitter_misc":{"Escrito por":"Cope Alcoy","Tiempo de lectura":"3 minutos"},"schema":{"@context":"https:\/\/schema.org","@graph":[{"@type":"Article","@id":"https:\/\/www.copealcoy.es\/es\/la-fireta-de-sant-antoni-de-muro-una-tradicio-de-1738-que-no-ha-deixat-devolucionar\/#article","isPartOf":{"@id":"https:\/\/www.copealcoy.es\/es\/la-fireta-de-sant-antoni-de-muro-una-tradicio-de-1738-que-no-ha-deixat-devolucionar\/"},"author":{"name":"Cope Alcoy","@id":"https:\/\/www.copealcoy.es\/es\/#\/schema\/person\/e777c87fa024e57d40170af9df39882c"},"headline":"La Fireta de Sant Antoni de Muro, una tradici\u00f3 de 1738 que no ha deixat d&#8217;evolucionar","datePublished":"2021-01-15T20:13:52+00:00","dateModified":"2021-01-15T20:28:53+00:00","mainEntityOfPage":{"@id":"https:\/\/www.copealcoy.es\/es\/la-fireta-de-sant-antoni-de-muro-una-tradicio-de-1738-que-no-ha-deixat-devolucionar\/"},"wordCount":608,"commentCount":0,"image":{"@id":"https:\/\/www.copealcoy.es\/es\/la-fireta-de-sant-antoni-de-muro-una-tradicio-de-1738-que-no-ha-deixat-devolucionar\/#primaryimage"},"thumbnailUrl":"https:\/\/www.copealcoy.es\/wp-content\/uploads\/2021\/01\/15965262_1213131322117543_2746839066105582854_n.png","keywords":["Cultura","Fireta de Sant Antoni","Joan Josep Pascual","Muro","Tradicions"],"articleSection":["Comarcas","Noticias"],"inLanguage":"es"},{"@type":"WebPage","@id":"https:\/\/www.copealcoy.es\/es\/la-fireta-de-sant-antoni-de-muro-una-tradicio-de-1738-que-no-ha-deixat-devolucionar\/","url":"https:\/\/www.copealcoy.es\/es\/la-fireta-de-sant-antoni-de-muro-una-tradicio-de-1738-que-no-ha-deixat-devolucionar\/","name":"La Fireta de Sant Antoni de Muro, una tradici\u00f3 de 1738 que no ha deixat d'evolucionar - COPE Alcoy","isPartOf":{"@id":"https:\/\/www.copealcoy.es\/es\/#website"},"primaryImageOfPage":{"@id":"https:\/\/www.copealcoy.es\/es\/la-fireta-de-sant-antoni-de-muro-una-tradicio-de-1738-que-no-ha-deixat-devolucionar\/#primaryimage"},"image":{"@id":"https:\/\/www.copealcoy.es\/es\/la-fireta-de-sant-antoni-de-muro-una-tradicio-de-1738-que-no-ha-deixat-devolucionar\/#primaryimage"},"thumbnailUrl":"https:\/\/www.copealcoy.es\/wp-content\/uploads\/2021\/01\/15965262_1213131322117543_2746839066105582854_n.png","datePublished":"2021-01-15T20:13:52+00:00","dateModified":"2021-01-15T20:28:53+00:00","author":{"@id":"https:\/\/www.copealcoy.es\/es\/#\/schema\/person\/e777c87fa024e57d40170af9df39882c"},"breadcrumb":{"@id":"https:\/\/www.copealcoy.es\/es\/la-fireta-de-sant-antoni-de-muro-una-tradicio-de-1738-que-no-ha-deixat-devolucionar\/#breadcrumb"},"inLanguage":"es","potentialAction":[{"@type":"ReadAction","target":["https:\/\/www.copealcoy.es\/es\/la-fireta-de-sant-antoni-de-muro-una-tradicio-de-1738-que-no-ha-deixat-devolucionar\/"]}]},{"@type":"ImageObject","inLanguage":"es","@id":"https:\/\/www.copealcoy.es\/es\/la-fireta-de-sant-antoni-de-muro-una-tradicio-de-1738-que-no-ha-deixat-devolucionar\/#primaryimage","url":"https:\/\/www.copealcoy.es\/wp-content\/uploads\/2021\/01\/15965262_1213131322117543_2746839066105582854_n.png","contentUrl":"https:\/\/www.copealcoy.es\/wp-content\/uploads\/2021\/01\/15965262_1213131322117543_2746839066105582854_n.png","width":729,"height":542},{"@type":"BreadcrumbList","@id":"https:\/\/www.copealcoy.es\/es\/la-fireta-de-sant-antoni-de-muro-una-tradicio-de-1738-que-no-ha-deixat-devolucionar\/#breadcrumb","itemListElement":[{"@type":"ListItem","position":1,"name":"Portada","item":"https:\/\/www.copealcoy.es\/es\/"},{"@type":"ListItem","position":2,"name":"La Fireta de Sant Antoni de Muro, una tradici\u00f3 de 1738 que no ha deixat d&#8217;evolucionar"}]},{"@type":"WebSite","@id":"https:\/\/www.copealcoy.es\/es\/#website","url":"https:\/\/www.copealcoy.es\/es\/","name":"COPE Alcoy","description":"Emisora COPE de radio local con emisi\u00f3n online. Pont de Sant Jordi 8-10 03803 Alcoy","potentialAction":[{"@type":"SearchAction","target":{"@type":"EntryPoint","urlTemplate":"https:\/\/www.copealcoy.es\/es\/?s={search_term_string}"},"query-input":{"@type":"PropertyValueSpecification","valueRequired":true,"valueName":"search_term_string"}}],"inLanguage":"es"},{"@type":"Person","@id":"https:\/\/www.copealcoy.es\/es\/#\/schema\/person\/e777c87fa024e57d40170af9df39882c","name":"Cope Alcoy","image":{"@type":"ImageObject","inLanguage":"es","@id":"https:\/\/secure.gravatar.com\/avatar\/bb65d0283347e303893ba14f0692005417c1e0e690a325a4c5d8bb2b3943ee14?s=96&d=mm&r=g","url":"https:\/\/secure.gravatar.com\/avatar\/bb65d0283347e303893ba14f0692005417c1e0e690a325a4c5d8bb2b3943ee14?s=96&d=mm&r=g","contentUrl":"https:\/\/secure.gravatar.com\/avatar\/bb65d0283347e303893ba14f0692005417c1e0e690a325a4c5d8bb2b3943ee14?s=96&d=mm&r=g","caption":"Cope Alcoy"}}]}},"_links":{"self":[{"href":"https:\/\/www.copealcoy.es\/es\/wp-json\/wp\/v2\/posts\/69901","targetHints":{"allow":["GET"]}}],"collection":[{"href":"https:\/\/www.copealcoy.es\/es\/wp-json\/wp\/v2\/posts"}],"about":[{"href":"https:\/\/www.copealcoy.es\/es\/wp-json\/wp\/v2\/types\/post"}],"author":[{"embeddable":true,"href":"https:\/\/www.copealcoy.es\/es\/wp-json\/wp\/v2\/users\/1"}],"replies":[{"embeddable":true,"href":"https:\/\/www.copealcoy.es\/es\/wp-json\/wp\/v2\/comments?post=69901"}],"version-history":[{"count":0,"href":"https:\/\/www.copealcoy.es\/es\/wp-json\/wp\/v2\/posts\/69901\/revisions"}],"wp:featuredmedia":[{"embeddable":true,"href":"https:\/\/www.copealcoy.es\/es\/wp-json\/wp\/v2\/media\/69902"}],"wp:attachment":[{"href":"https:\/\/www.copealcoy.es\/es\/wp-json\/wp\/v2\/media?parent=69901"}],"wp:term":[{"taxonomy":"category","embeddable":true,"href":"https:\/\/www.copealcoy.es\/es\/wp-json\/wp\/v2\/categories?post=69901"},{"taxonomy":"post_tag","embeddable":true,"href":"https:\/\/www.copealcoy.es\/es\/wp-json\/wp\/v2\/tags?post=69901"}],"curies":[{"name":"wp","href":"https:\/\/api.w.org\/{rel}","templated":true}]}}