{"id":69740,"date":"2021-01-12T22:22:28","date_gmt":"2021-01-12T21:22:28","guid":{"rendered":"https:\/\/www.copealcoy.es\/?p=69740"},"modified":"2021-01-12T22:57:10","modified_gmt":"2021-01-12T21:57:10","slug":"la-residencia-domus-vi-de-cocentaina-registra-52-casos-positius-per-covid-19","status":"publish","type":"post","link":"https:\/\/www.copealcoy.es\/es\/la-residencia-domus-vi-de-cocentaina-registra-52-casos-positius-per-covid-19\/","title":{"rendered":"La resid\u00e8ncia Domus VI de Cocentaina registra 52 casos positius per Covid-19"},"content":{"rendered":"<p style=\"text-align: justify;\">El <strong>centre geri\u00e0tric Domus VI de Cocentaina<\/strong> ha registrat <strong>un brot de Coronavirus<\/strong> que deixa <strong>52 casos positius<\/strong>, <strong>47 dels quals corresponen a residents<\/strong> mentre que <strong>els 5 restants s\u00f3n treballadors<\/strong>. Ara mateix la direcci\u00f3 de la resid\u00e8ncia<strong> ha demanat suport a la Conselleria de Sanitat<\/strong> per a controlar els contagis i <strong>els positius estan a\u00efllats en una de les plantes de l&#8217;edifici<\/strong> sense necessitar, per ara, hospitalitzaci\u00f3. A m\u00e9s la majoria es troben b\u00e9, <strong>sense s\u00edmptomes<\/strong>, i molts d&#8217;ells van rebre abans d&#8217;acabar l&#8217;any 2020 <strong>la primera dosi de la vacuna contra el virus<\/strong>; ja que Domus VI Cocentaina <strong>era una de les resid\u00e8ncies de la Comunitat Valenciana que no havia tingut cap cas positiu<\/strong> en els \u00faltims mesos.<\/p>\n<p style=\"text-align: justify;\">L&#8217;alcaldessa de la Vila Comtal, <strong>Mireia Estepa<\/strong>, hi ha assegurat a <span class=\"hiddenGrammarError\">COPE<\/span> <span class=\"hiddenSpellError\">ALCOY<\/span> que la Conselleria de Sanitat <strong>ja est\u00e0 treballant per a refor\u00e7ar aquesta atenci\u00f3 m\u00e8dica en Domus VI<\/strong> davant l&#8217;augment de contagis. A m\u00e9s la primera edil assenyala que <strong>l&#8217;Ajuntament mant\u00e9 contacte estret amb la resid\u00e8ncia<\/strong> per a seguir l&#8217;evoluci\u00f3 de la situaci\u00f3 &#8220;<em>estem en comunicaci\u00f3 directa amb el geri\u00e0tric, aix\u00ed com el seu gabinet de premsa, i des del Consistori hem traslladat a la Conselleria totes les peticions que ens ha fet des de la resid\u00e8ncia per tractar d&#8217;aturar el brot<\/em>&#8220;, destaca Estepa.<\/p>\n<p style=\"text-align: justify;\">Domus VI Cocentaina<strong> est\u00e0 tamb\u00e9 informant puntualment als familiars dels residents de com est\u00e0 ara mateix la situaci\u00f3 al centre<\/strong> i de <strong>totes les actuacions<\/strong> que s&#8217;estan realitzant des que s&#8217;hi ha conegut l&#8217;augment de contagis.<\/p>\n","protected":false},"excerpt":{"rendered":"<p>El centre geri\u00e0tric Domus VI de Cocentaina ha registrat un brot de Coronavirus que deixa 52 casos positius, 47 dels&#8230;<\/p>\n","protected":false},"author":1,"featured_media":69741,"comment_status":"open","ping_status":"closed","sticky":false,"template":"","format":"standard","meta":{"footnotes":""},"categories":[98,75],"tags":[10616,132,9624,7281,7328,1799],"class_list":["post-69740","post","type-post","status-publish","format-standard","has-post-thumbnail","hentry","category-comarcas","category-noticias","tag-brot","tag-cocentaina","tag-contagis","tag-coronavirus","tag-domus-vi","tag-mireia-estepa"],"yoast_head":"<!-- This site is optimized with the Yoast SEO plugin v27.3 - https:\/\/yoast.com\/product\/yoast-seo-wordpress\/ -->\n<title>La resid\u00e8ncia Domus VI de Cocentaina registra 52 casos positius per Covid-19 - COPE Alcoy<\/title>\n<meta name=\"robots\" content=\"index, follow, max-snippet:-1, max-image-preview:large, max-video-preview:-1\" \/>\n<link rel=\"canonical\" href=\"https:\/\/www.copealcoy.es\/es\/la-residencia-domus-vi-de-cocentaina-registra-52-casos-positius-per-covid-19\/\" \/>\n<meta property=\"og:locale\" content=\"es_ES\" \/>\n<meta property=\"og:type\" content=\"article\" \/>\n<meta property=\"og:title\" content=\"La resid\u00e8ncia Domus VI de Cocentaina registra 52 casos positius per Covid-19 - COPE Alcoy\" \/>\n<meta property=\"og:description\" content=\"El centre geri\u00e0tric Domus VI de Cocentaina ha registrat un brot de Coronavirus que deixa 52 casos positius, 47 dels...\" \/>\n<meta property=\"og:url\" content=\"https:\/\/www.copealcoy.es\/es\/la-residencia-domus-vi-de-cocentaina-registra-52-casos-positius-per-covid-19\/\" \/>\n<meta property=\"og:site_name\" content=\"COPE Alcoy\" \/>\n<meta property=\"article:published_time\" content=\"2021-01-12T21:22:28+00:00\" \/>\n<meta property=\"article:modified_time\" content=\"2021-01-12T21:57:10+00:00\" \/>\n<meta property=\"og:image\" content=\"https:\/\/www.copealcoy.es\/wp-content\/uploads\/2021\/01\/4004_thumbnail-e1610485170117.jpg\" \/>\n\t<meta property=\"og:image:width\" content=\"550\" \/>\n\t<meta property=\"og:image:height\" content=\"295\" \/>\n\t<meta property=\"og:image:type\" content=\"image\/jpeg\" \/>\n<meta name=\"author\" content=\"Cope Alcoy\" \/>\n<meta name=\"twitter:label1\" content=\"Escrito por\" \/>\n\t<meta name=\"twitter:data1\" content=\"Cope Alcoy\" \/>\n\t<meta name=\"twitter:label2\" content=\"Tiempo de lectura\" \/>\n\t<meta name=\"twitter:data2\" content=\"1 minuto\" \/>\n<script type=\"application\/ld+json\" class=\"yoast-schema-graph\">{\"@context\":\"https:\\\/\\\/schema.org\",\"@graph\":[{\"@type\":\"Article\",\"@id\":\"https:\\\/\\\/www.copealcoy.es\\\/es\\\/la-residencia-domus-vi-de-cocentaina-registra-52-casos-positius-per-covid-19\\\/#article\",\"isPartOf\":{\"@id\":\"https:\\\/\\\/www.copealcoy.es\\\/es\\\/la-residencia-domus-vi-de-cocentaina-registra-52-casos-positius-per-covid-19\\\/\"},\"author\":{\"name\":\"Cope Alcoy\",\"@id\":\"https:\\\/\\\/www.copealcoy.es\\\/es\\\/#\\\/schema\\\/person\\\/e777c87fa024e57d40170af9df39882c\"},\"headline\":\"La resid\u00e8ncia Domus VI de Cocentaina registra 52 casos positius per Covid-19\",\"datePublished\":\"2021-01-12T21:22:28+00:00\",\"dateModified\":\"2021-01-12T21:57:10+00:00\",\"mainEntityOfPage\":{\"@id\":\"https:\\\/\\\/www.copealcoy.es\\\/es\\\/la-residencia-domus-vi-de-cocentaina-registra-52-casos-positius-per-covid-19\\\/\"},\"wordCount\":285,\"commentCount\":0,\"image\":{\"@id\":\"https:\\\/\\\/www.copealcoy.es\\\/es\\\/la-residencia-domus-vi-de-cocentaina-registra-52-casos-positius-per-covid-19\\\/#primaryimage\"},\"thumbnailUrl\":\"https:\\\/\\\/www.copealcoy.es\\\/wp-content\\\/uploads\\\/2021\\\/01\\\/4004_thumbnail-e1610485170117.jpg\",\"keywords\":[\"brot\",\"Cocentaina\",\"contagis\",\"Coronavirus\",\"Domus Vi\",\"Mireia Estepa\"],\"articleSection\":[\"Comarcas\",\"Noticias\"],\"inLanguage\":\"es\"},{\"@type\":\"WebPage\",\"@id\":\"https:\\\/\\\/www.copealcoy.es\\\/es\\\/la-residencia-domus-vi-de-cocentaina-registra-52-casos-positius-per-covid-19\\\/\",\"url\":\"https:\\\/\\\/www.copealcoy.es\\\/es\\\/la-residencia-domus-vi-de-cocentaina-registra-52-casos-positius-per-covid-19\\\/\",\"name\":\"La resid\u00e8ncia Domus VI de Cocentaina registra 52 casos positius per Covid-19 - COPE Alcoy\",\"isPartOf\":{\"@id\":\"https:\\\/\\\/www.copealcoy.es\\\/es\\\/#website\"},\"primaryImageOfPage\":{\"@id\":\"https:\\\/\\\/www.copealcoy.es\\\/es\\\/la-residencia-domus-vi-de-cocentaina-registra-52-casos-positius-per-covid-19\\\/#primaryimage\"},\"image\":{\"@id\":\"https:\\\/\\\/www.copealcoy.es\\\/es\\\/la-residencia-domus-vi-de-cocentaina-registra-52-casos-positius-per-covid-19\\\/#primaryimage\"},\"thumbnailUrl\":\"https:\\\/\\\/www.copealcoy.es\\\/wp-content\\\/uploads\\\/2021\\\/01\\\/4004_thumbnail-e1610485170117.jpg\",\"datePublished\":\"2021-01-12T21:22:28+00:00\",\"dateModified\":\"2021-01-12T21:57:10+00:00\",\"author\":{\"@id\":\"https:\\\/\\\/www.copealcoy.es\\\/es\\\/#\\\/schema\\\/person\\\/e777c87fa024e57d40170af9df39882c\"},\"breadcrumb\":{\"@id\":\"https:\\\/\\\/www.copealcoy.es\\\/es\\\/la-residencia-domus-vi-de-cocentaina-registra-52-casos-positius-per-covid-19\\\/#breadcrumb\"},\"inLanguage\":\"es\",\"potentialAction\":[{\"@type\":\"ReadAction\",\"target\":[\"https:\\\/\\\/www.copealcoy.es\\\/es\\\/la-residencia-domus-vi-de-cocentaina-registra-52-casos-positius-per-covid-19\\\/\"]}]},{\"@type\":\"ImageObject\",\"inLanguage\":\"es\",\"@id\":\"https:\\\/\\\/www.copealcoy.es\\\/es\\\/la-residencia-domus-vi-de-cocentaina-registra-52-casos-positius-per-covid-19\\\/#primaryimage\",\"url\":\"https:\\\/\\\/www.copealcoy.es\\\/wp-content\\\/uploads\\\/2021\\\/01\\\/4004_thumbnail-e1610485170117.jpg\",\"contentUrl\":\"https:\\\/\\\/www.copealcoy.es\\\/wp-content\\\/uploads\\\/2021\\\/01\\\/4004_thumbnail-e1610485170117.jpg\",\"width\":550,\"height\":295},{\"@type\":\"BreadcrumbList\",\"@id\":\"https:\\\/\\\/www.copealcoy.es\\\/es\\\/la-residencia-domus-vi-de-cocentaina-registra-52-casos-positius-per-covid-19\\\/#breadcrumb\",\"itemListElement\":[{\"@type\":\"ListItem\",\"position\":1,\"name\":\"Portada\",\"item\":\"https:\\\/\\\/www.copealcoy.es\\\/es\\\/\"},{\"@type\":\"ListItem\",\"position\":2,\"name\":\"La resid\u00e8ncia Domus VI de Cocentaina registra 52 casos positius per Covid-19\"}]},{\"@type\":\"WebSite\",\"@id\":\"https:\\\/\\\/www.copealcoy.es\\\/es\\\/#website\",\"url\":\"https:\\\/\\\/www.copealcoy.es\\\/es\\\/\",\"name\":\"COPE Alcoy\",\"description\":\"Emisora COPE de radio local con emisi\u00f3n online. Pont de Sant Jordi 8-10 03803 Alcoy\",\"potentialAction\":[{\"@type\":\"SearchAction\",\"target\":{\"@type\":\"EntryPoint\",\"urlTemplate\":\"https:\\\/\\\/www.copealcoy.es\\\/es\\\/?s={search_term_string}\"},\"query-input\":{\"@type\":\"PropertyValueSpecification\",\"valueRequired\":true,\"valueName\":\"search_term_string\"}}],\"inLanguage\":\"es\"},{\"@type\":\"Person\",\"@id\":\"https:\\\/\\\/www.copealcoy.es\\\/es\\\/#\\\/schema\\\/person\\\/e777c87fa024e57d40170af9df39882c\",\"name\":\"Cope Alcoy\",\"image\":{\"@type\":\"ImageObject\",\"inLanguage\":\"es\",\"@id\":\"https:\\\/\\\/secure.gravatar.com\\\/avatar\\\/bb65d0283347e303893ba14f0692005417c1e0e690a325a4c5d8bb2b3943ee14?s=96&d=mm&r=g\",\"url\":\"https:\\\/\\\/secure.gravatar.com\\\/avatar\\\/bb65d0283347e303893ba14f0692005417c1e0e690a325a4c5d8bb2b3943ee14?s=96&d=mm&r=g\",\"contentUrl\":\"https:\\\/\\\/secure.gravatar.com\\\/avatar\\\/bb65d0283347e303893ba14f0692005417c1e0e690a325a4c5d8bb2b3943ee14?s=96&d=mm&r=g\",\"caption\":\"Cope Alcoy\"}}]}<\/script>\n<!-- \/ Yoast SEO plugin. -->","yoast_head_json":{"title":"La resid\u00e8ncia Domus VI de Cocentaina registra 52 casos positius per Covid-19 - COPE Alcoy","robots":{"index":"index","follow":"follow","max-snippet":"max-snippet:-1","max-image-preview":"max-image-preview:large","max-video-preview":"max-video-preview:-1"},"canonical":"https:\/\/www.copealcoy.es\/es\/la-residencia-domus-vi-de-cocentaina-registra-52-casos-positius-per-covid-19\/","og_locale":"es_ES","og_type":"article","og_title":"La resid\u00e8ncia Domus VI de Cocentaina registra 52 casos positius per Covid-19 - COPE Alcoy","og_description":"El centre geri\u00e0tric Domus VI de Cocentaina ha registrat un brot de Coronavirus que deixa 52 casos positius, 47 dels...","og_url":"https:\/\/www.copealcoy.es\/es\/la-residencia-domus-vi-de-cocentaina-registra-52-casos-positius-per-covid-19\/","og_site_name":"COPE Alcoy","article_published_time":"2021-01-12T21:22:28+00:00","article_modified_time":"2021-01-12T21:57:10+00:00","og_image":[{"width":550,"height":295,"url":"https:\/\/www.copealcoy.es\/wp-content\/uploads\/2021\/01\/4004_thumbnail-e1610485170117.jpg","type":"image\/jpeg"}],"author":"Cope Alcoy","twitter_misc":{"Escrito por":"Cope Alcoy","Tiempo de lectura":"1 minuto"},"schema":{"@context":"https:\/\/schema.org","@graph":[{"@type":"Article","@id":"https:\/\/www.copealcoy.es\/es\/la-residencia-domus-vi-de-cocentaina-registra-52-casos-positius-per-covid-19\/#article","isPartOf":{"@id":"https:\/\/www.copealcoy.es\/es\/la-residencia-domus-vi-de-cocentaina-registra-52-casos-positius-per-covid-19\/"},"author":{"name":"Cope Alcoy","@id":"https:\/\/www.copealcoy.es\/es\/#\/schema\/person\/e777c87fa024e57d40170af9df39882c"},"headline":"La resid\u00e8ncia Domus VI de Cocentaina registra 52 casos positius per Covid-19","datePublished":"2021-01-12T21:22:28+00:00","dateModified":"2021-01-12T21:57:10+00:00","mainEntityOfPage":{"@id":"https:\/\/www.copealcoy.es\/es\/la-residencia-domus-vi-de-cocentaina-registra-52-casos-positius-per-covid-19\/"},"wordCount":285,"commentCount":0,"image":{"@id":"https:\/\/www.copealcoy.es\/es\/la-residencia-domus-vi-de-cocentaina-registra-52-casos-positius-per-covid-19\/#primaryimage"},"thumbnailUrl":"https:\/\/www.copealcoy.es\/wp-content\/uploads\/2021\/01\/4004_thumbnail-e1610485170117.jpg","keywords":["brot","Cocentaina","contagis","Coronavirus","Domus Vi","Mireia Estepa"],"articleSection":["Comarcas","Noticias"],"inLanguage":"es"},{"@type":"WebPage","@id":"https:\/\/www.copealcoy.es\/es\/la-residencia-domus-vi-de-cocentaina-registra-52-casos-positius-per-covid-19\/","url":"https:\/\/www.copealcoy.es\/es\/la-residencia-domus-vi-de-cocentaina-registra-52-casos-positius-per-covid-19\/","name":"La resid\u00e8ncia Domus VI de Cocentaina registra 52 casos positius per Covid-19 - COPE Alcoy","isPartOf":{"@id":"https:\/\/www.copealcoy.es\/es\/#website"},"primaryImageOfPage":{"@id":"https:\/\/www.copealcoy.es\/es\/la-residencia-domus-vi-de-cocentaina-registra-52-casos-positius-per-covid-19\/#primaryimage"},"image":{"@id":"https:\/\/www.copealcoy.es\/es\/la-residencia-domus-vi-de-cocentaina-registra-52-casos-positius-per-covid-19\/#primaryimage"},"thumbnailUrl":"https:\/\/www.copealcoy.es\/wp-content\/uploads\/2021\/01\/4004_thumbnail-e1610485170117.jpg","datePublished":"2021-01-12T21:22:28+00:00","dateModified":"2021-01-12T21:57:10+00:00","author":{"@id":"https:\/\/www.copealcoy.es\/es\/#\/schema\/person\/e777c87fa024e57d40170af9df39882c"},"breadcrumb":{"@id":"https:\/\/www.copealcoy.es\/es\/la-residencia-domus-vi-de-cocentaina-registra-52-casos-positius-per-covid-19\/#breadcrumb"},"inLanguage":"es","potentialAction":[{"@type":"ReadAction","target":["https:\/\/www.copealcoy.es\/es\/la-residencia-domus-vi-de-cocentaina-registra-52-casos-positius-per-covid-19\/"]}]},{"@type":"ImageObject","inLanguage":"es","@id":"https:\/\/www.copealcoy.es\/es\/la-residencia-domus-vi-de-cocentaina-registra-52-casos-positius-per-covid-19\/#primaryimage","url":"https:\/\/www.copealcoy.es\/wp-content\/uploads\/2021\/01\/4004_thumbnail-e1610485170117.jpg","contentUrl":"https:\/\/www.copealcoy.es\/wp-content\/uploads\/2021\/01\/4004_thumbnail-e1610485170117.jpg","width":550,"height":295},{"@type":"BreadcrumbList","@id":"https:\/\/www.copealcoy.es\/es\/la-residencia-domus-vi-de-cocentaina-registra-52-casos-positius-per-covid-19\/#breadcrumb","itemListElement":[{"@type":"ListItem","position":1,"name":"Portada","item":"https:\/\/www.copealcoy.es\/es\/"},{"@type":"ListItem","position":2,"name":"La resid\u00e8ncia Domus VI de Cocentaina registra 52 casos positius per Covid-19"}]},{"@type":"WebSite","@id":"https:\/\/www.copealcoy.es\/es\/#website","url":"https:\/\/www.copealcoy.es\/es\/","name":"COPE Alcoy","description":"Emisora COPE de radio local con emisi\u00f3n online. Pont de Sant Jordi 8-10 03803 Alcoy","potentialAction":[{"@type":"SearchAction","target":{"@type":"EntryPoint","urlTemplate":"https:\/\/www.copealcoy.es\/es\/?s={search_term_string}"},"query-input":{"@type":"PropertyValueSpecification","valueRequired":true,"valueName":"search_term_string"}}],"inLanguage":"es"},{"@type":"Person","@id":"https:\/\/www.copealcoy.es\/es\/#\/schema\/person\/e777c87fa024e57d40170af9df39882c","name":"Cope Alcoy","image":{"@type":"ImageObject","inLanguage":"es","@id":"https:\/\/secure.gravatar.com\/avatar\/bb65d0283347e303893ba14f0692005417c1e0e690a325a4c5d8bb2b3943ee14?s=96&d=mm&r=g","url":"https:\/\/secure.gravatar.com\/avatar\/bb65d0283347e303893ba14f0692005417c1e0e690a325a4c5d8bb2b3943ee14?s=96&d=mm&r=g","contentUrl":"https:\/\/secure.gravatar.com\/avatar\/bb65d0283347e303893ba14f0692005417c1e0e690a325a4c5d8bb2b3943ee14?s=96&d=mm&r=g","caption":"Cope Alcoy"}}]}},"_links":{"self":[{"href":"https:\/\/www.copealcoy.es\/es\/wp-json\/wp\/v2\/posts\/69740","targetHints":{"allow":["GET"]}}],"collection":[{"href":"https:\/\/www.copealcoy.es\/es\/wp-json\/wp\/v2\/posts"}],"about":[{"href":"https:\/\/www.copealcoy.es\/es\/wp-json\/wp\/v2\/types\/post"}],"author":[{"embeddable":true,"href":"https:\/\/www.copealcoy.es\/es\/wp-json\/wp\/v2\/users\/1"}],"replies":[{"embeddable":true,"href":"https:\/\/www.copealcoy.es\/es\/wp-json\/wp\/v2\/comments?post=69740"}],"version-history":[{"count":0,"href":"https:\/\/www.copealcoy.es\/es\/wp-json\/wp\/v2\/posts\/69740\/revisions"}],"wp:featuredmedia":[{"embeddable":true,"href":"https:\/\/www.copealcoy.es\/es\/wp-json\/wp\/v2\/media\/69741"}],"wp:attachment":[{"href":"https:\/\/www.copealcoy.es\/es\/wp-json\/wp\/v2\/media?parent=69740"}],"wp:term":[{"taxonomy":"category","embeddable":true,"href":"https:\/\/www.copealcoy.es\/es\/wp-json\/wp\/v2\/categories?post=69740"},{"taxonomy":"post_tag","embeddable":true,"href":"https:\/\/www.copealcoy.es\/es\/wp-json\/wp\/v2\/tags?post=69740"}],"curies":[{"name":"wp","href":"https:\/\/api.w.org\/{rel}","templated":true}]}}