{"id":69727,"date":"2021-01-12T16:47:09","date_gmt":"2021-01-12T15:47:09","guid":{"rendered":"https:\/\/www.copealcoy.es\/?p=69727"},"modified":"2021-01-12T16:57:52","modified_gmt":"2021-01-12T15:57:52","slug":"alcoy-recomienda-el-autoconfinamiento-ante-el-numero-de-contagios-que-registra-la-ciudad","status":"publish","type":"post","link":"https:\/\/www.copealcoy.es\/es\/alcoy-recomienda-el-autoconfinamiento-ante-el-numero-de-contagios-que-registra-la-ciudad\/","title":{"rendered":"Alcoy recomienda el autoconfinamiento ante el n\u00famero de contagios que registra la ciudad"},"content":{"rendered":"<p style=\"text-align: justify;\">Alcoy ha superado <strong>los 1.800 casos positivos de Coronavirus por cada 100.000 habitantes<\/strong> seg\u00fan confirman <strong>los datos actualizados por la Conselleria de Sanitat<\/strong> de la Generalitat Valenciana en este martes.<\/p>\n<p style=\"text-align: justify;\">Estos datos <strong>corresponden a contagios producidos antes de las medidas de restricciones que aprob\u00f3 el Gobierno Valenciano<\/strong> y de la entrada en vigor del <strong>cierre perimetral<\/strong> de la ciudad. El alcalde, <strong>Antonio Franc\u00e9s<\/strong>, pide m\u00e1xima responsabilidad e <strong>insta a autoconfinarse<\/strong> para frenar la propagaci\u00f3n de la Covid-19 &#8220;<em>estos datos que corresponden a contagios producidos antes de las medidas de restricciones que aprob\u00f3 el Gobierno Valenciano y seguro que ayudar\u00e1n a reducir de una forma muy r\u00e1pida y muy importante la incidencia del Coronavirus. Actualmente para el \u00fanico que podemos y debemos de salir de nuestra casa es para comprar, para trabajar y para ir a la escuela, espacio seguro para nuestros ni\u00f1os y ni\u00f1as<\/em>&#8220;, afirma el alcalde; <strong>Antonio Franc\u00e9s<\/strong>.<\/p>\n<p><a href=\"http:\/\/iframe%20src=https:\/\/www.facebook.com\/plugins\/video.php?height=314&amp;href=https%3A%2F%2Fwww.facebook.com%2Fajuntamentalcoi%2Fvideos%2F236262324771019%2F&amp;show_text=false&amp;width=560%20width=560%20height=314%20style=border:none;overflow:hidden%20scrolling=no%20frameborder=0%20allowfullscreen=true%20allow=autoplay;%20clipboard-write;%20encrypted-media;%20picture-in-picture;%20web-share%20allowFullScreen=true\/iframe\"><iframe loading=\"lazy\" style=\"border: none; overflow: hidden;\" src=\"https:\/\/www.facebook.com\/plugins\/video.php?height=314&amp;href=https%3A%2F%2Fwww.facebook.com%2Fajuntamentalcoi%2Fvideos%2F236262324771019%2F&amp;show_text=false&amp;width=560\" width=\"560\" height=\"314\" frameborder=\"0\" scrolling=\"no\" allowfullscreen=\"allowfullscreen\"><\/iframe><\/a><\/p>\n<p style=\"text-align: justify;\">El Ayuntamiento pide por \u00faltimo que <strong>las relaciones sociales las reduzcamos exclusivamente a nuestro \u00e1mbito de convivencia<\/strong> para conseguir pronto superar esta pesadilla.<\/p>\n","protected":false},"excerpt":{"rendered":"<p>Alcoy ha superado los 1.800 casos positivos de Coronavirus por cada 100.000 habitantes seg\u00fan confirman los datos actualizados por la&#8230;<\/p>\n","protected":false},"author":1,"featured_media":26386,"comment_status":"open","ping_status":"open","sticky":false,"template":"","format":"standard","meta":{"footnotes":""},"categories":[97,75,79],"tags":[1494,1793,10615,7281,10050],"class_list":["post-69727","post","type-post","status-publish","format-standard","has-post-thumbnail","hentry","category-alcoy","category-noticias","category-politicayeconomia","tag-alcoy","tag-antonio-frances","tag-autoconfinamiento","tag-coronavirus","tag-crisis-sanitaria"],"yoast_head":"<!-- This site is optimized with the Yoast SEO plugin v27.3 - https:\/\/yoast.com\/product\/yoast-seo-wordpress\/ -->\n<title>Alcoy recomienda el autoconfinamiento ante el n\u00famero de contagios que registra la ciudad - COPE Alcoy<\/title>\n<meta name=\"robots\" content=\"index, follow, max-snippet:-1, max-image-preview:large, max-video-preview:-1\" \/>\n<link rel=\"canonical\" href=\"https:\/\/www.copealcoy.es\/es\/alcoy-recomienda-el-autoconfinamiento-ante-el-numero-de-contagios-que-registra-la-ciudad\/\" \/>\n<meta property=\"og:locale\" content=\"es_ES\" \/>\n<meta property=\"og:type\" content=\"article\" \/>\n<meta property=\"og:title\" content=\"Alcoy recomienda el autoconfinamiento ante el n\u00famero de contagios que registra la ciudad - COPE Alcoy\" \/>\n<meta property=\"og:description\" content=\"Alcoy ha superado los 1.800 casos positivos de Coronavirus por cada 100.000 habitantes seg\u00fan confirman los datos actualizados por la...\" \/>\n<meta property=\"og:url\" content=\"https:\/\/www.copealcoy.es\/es\/alcoy-recomienda-el-autoconfinamiento-ante-el-numero-de-contagios-que-registra-la-ciudad\/\" \/>\n<meta property=\"og:site_name\" content=\"COPE Alcoy\" \/>\n<meta property=\"article:published_time\" content=\"2021-01-12T15:47:09+00:00\" \/>\n<meta property=\"article:modified_time\" content=\"2021-01-12T15:57:52+00:00\" \/>\n<meta property=\"og:image\" content=\"https:\/\/www.copealcoy.es\/wp-content\/uploads\/2016\/11\/14996388_10211016180421132_894968772_n-e1478791722837.jpg\" \/>\n\t<meta property=\"og:image:width\" content=\"960\" \/>\n\t<meta property=\"og:image:height\" content=\"561\" \/>\n\t<meta property=\"og:image:type\" content=\"image\/jpeg\" \/>\n<meta name=\"author\" content=\"Cope Alcoy\" \/>\n<meta name=\"twitter:label1\" content=\"Escrito por\" \/>\n\t<meta name=\"twitter:data1\" content=\"Cope Alcoy\" \/>\n\t<meta name=\"twitter:label2\" content=\"Tiempo de lectura\" \/>\n\t<meta name=\"twitter:data2\" content=\"1 minuto\" \/>\n<script type=\"application\/ld+json\" class=\"yoast-schema-graph\">{\"@context\":\"https:\\\/\\\/schema.org\",\"@graph\":[{\"@type\":\"Article\",\"@id\":\"https:\\\/\\\/www.copealcoy.es\\\/es\\\/alcoy-recomienda-el-autoconfinamiento-ante-el-numero-de-contagios-que-registra-la-ciudad\\\/#article\",\"isPartOf\":{\"@id\":\"https:\\\/\\\/www.copealcoy.es\\\/es\\\/alcoy-recomienda-el-autoconfinamiento-ante-el-numero-de-contagios-que-registra-la-ciudad\\\/\"},\"author\":{\"name\":\"Cope Alcoy\",\"@id\":\"https:\\\/\\\/www.copealcoy.es\\\/es\\\/#\\\/schema\\\/person\\\/e777c87fa024e57d40170af9df39882c\"},\"headline\":\"Alcoy recomienda el autoconfinamiento ante el n\u00famero de contagios que registra la ciudad\",\"datePublished\":\"2021-01-12T15:47:09+00:00\",\"dateModified\":\"2021-01-12T15:57:52+00:00\",\"mainEntityOfPage\":{\"@id\":\"https:\\\/\\\/www.copealcoy.es\\\/es\\\/alcoy-recomienda-el-autoconfinamiento-ante-el-numero-de-contagios-que-registra-la-ciudad\\\/\"},\"wordCount\":193,\"commentCount\":0,\"image\":{\"@id\":\"https:\\\/\\\/www.copealcoy.es\\\/es\\\/alcoy-recomienda-el-autoconfinamiento-ante-el-numero-de-contagios-que-registra-la-ciudad\\\/#primaryimage\"},\"thumbnailUrl\":\"https:\\\/\\\/www.copealcoy.es\\\/wp-content\\\/uploads\\\/2016\\\/11\\\/14996388_10211016180421132_894968772_n-e1478791722837.jpg\",\"keywords\":[\"Alcoy\",\"Antonio Franc\u00e9s\",\"autoconfinamiento\",\"Coronavirus\",\"crisis sanitaria\"],\"articleSection\":[\"Alcoy\",\"Noticias\",\"Pol\u00edtica y Econom\u00eda\"],\"inLanguage\":\"es\"},{\"@type\":\"WebPage\",\"@id\":\"https:\\\/\\\/www.copealcoy.es\\\/es\\\/alcoy-recomienda-el-autoconfinamiento-ante-el-numero-de-contagios-que-registra-la-ciudad\\\/\",\"url\":\"https:\\\/\\\/www.copealcoy.es\\\/es\\\/alcoy-recomienda-el-autoconfinamiento-ante-el-numero-de-contagios-que-registra-la-ciudad\\\/\",\"name\":\"Alcoy recomienda el autoconfinamiento ante el n\u00famero de contagios que registra la ciudad - COPE Alcoy\",\"isPartOf\":{\"@id\":\"https:\\\/\\\/www.copealcoy.es\\\/es\\\/#website\"},\"primaryImageOfPage\":{\"@id\":\"https:\\\/\\\/www.copealcoy.es\\\/es\\\/alcoy-recomienda-el-autoconfinamiento-ante-el-numero-de-contagios-que-registra-la-ciudad\\\/#primaryimage\"},\"image\":{\"@id\":\"https:\\\/\\\/www.copealcoy.es\\\/es\\\/alcoy-recomienda-el-autoconfinamiento-ante-el-numero-de-contagios-que-registra-la-ciudad\\\/#primaryimage\"},\"thumbnailUrl\":\"https:\\\/\\\/www.copealcoy.es\\\/wp-content\\\/uploads\\\/2016\\\/11\\\/14996388_10211016180421132_894968772_n-e1478791722837.jpg\",\"datePublished\":\"2021-01-12T15:47:09+00:00\",\"dateModified\":\"2021-01-12T15:57:52+00:00\",\"author\":{\"@id\":\"https:\\\/\\\/www.copealcoy.es\\\/es\\\/#\\\/schema\\\/person\\\/e777c87fa024e57d40170af9df39882c\"},\"breadcrumb\":{\"@id\":\"https:\\\/\\\/www.copealcoy.es\\\/es\\\/alcoy-recomienda-el-autoconfinamiento-ante-el-numero-de-contagios-que-registra-la-ciudad\\\/#breadcrumb\"},\"inLanguage\":\"es\",\"potentialAction\":[{\"@type\":\"ReadAction\",\"target\":[\"https:\\\/\\\/www.copealcoy.es\\\/es\\\/alcoy-recomienda-el-autoconfinamiento-ante-el-numero-de-contagios-que-registra-la-ciudad\\\/\"]}]},{\"@type\":\"ImageObject\",\"inLanguage\":\"es\",\"@id\":\"https:\\\/\\\/www.copealcoy.es\\\/es\\\/alcoy-recomienda-el-autoconfinamiento-ante-el-numero-de-contagios-que-registra-la-ciudad\\\/#primaryimage\",\"url\":\"https:\\\/\\\/www.copealcoy.es\\\/wp-content\\\/uploads\\\/2016\\\/11\\\/14996388_10211016180421132_894968772_n-e1478791722837.jpg\",\"contentUrl\":\"https:\\\/\\\/www.copealcoy.es\\\/wp-content\\\/uploads\\\/2016\\\/11\\\/14996388_10211016180421132_894968772_n-e1478791722837.jpg\",\"width\":960,\"height\":561,\"caption\":\"La pista de hielo se ubicar\u00e1 en la Pla\u00e7a de Dins\"},{\"@type\":\"BreadcrumbList\",\"@id\":\"https:\\\/\\\/www.copealcoy.es\\\/es\\\/alcoy-recomienda-el-autoconfinamiento-ante-el-numero-de-contagios-que-registra-la-ciudad\\\/#breadcrumb\",\"itemListElement\":[{\"@type\":\"ListItem\",\"position\":1,\"name\":\"Portada\",\"item\":\"https:\\\/\\\/www.copealcoy.es\\\/es\\\/\"},{\"@type\":\"ListItem\",\"position\":2,\"name\":\"Alcoy recomienda el autoconfinamiento ante el n\u00famero de contagios que registra la ciudad\"}]},{\"@type\":\"WebSite\",\"@id\":\"https:\\\/\\\/www.copealcoy.es\\\/es\\\/#website\",\"url\":\"https:\\\/\\\/www.copealcoy.es\\\/es\\\/\",\"name\":\"COPE Alcoy\",\"description\":\"Emisora COPE de radio local con emisi\u00f3n online. Pont de Sant Jordi 8-10 03803 Alcoy\",\"potentialAction\":[{\"@type\":\"SearchAction\",\"target\":{\"@type\":\"EntryPoint\",\"urlTemplate\":\"https:\\\/\\\/www.copealcoy.es\\\/es\\\/?s={search_term_string}\"},\"query-input\":{\"@type\":\"PropertyValueSpecification\",\"valueRequired\":true,\"valueName\":\"search_term_string\"}}],\"inLanguage\":\"es\"},{\"@type\":\"Person\",\"@id\":\"https:\\\/\\\/www.copealcoy.es\\\/es\\\/#\\\/schema\\\/person\\\/e777c87fa024e57d40170af9df39882c\",\"name\":\"Cope Alcoy\",\"image\":{\"@type\":\"ImageObject\",\"inLanguage\":\"es\",\"@id\":\"https:\\\/\\\/secure.gravatar.com\\\/avatar\\\/bb65d0283347e303893ba14f0692005417c1e0e690a325a4c5d8bb2b3943ee14?s=96&d=mm&r=g\",\"url\":\"https:\\\/\\\/secure.gravatar.com\\\/avatar\\\/bb65d0283347e303893ba14f0692005417c1e0e690a325a4c5d8bb2b3943ee14?s=96&d=mm&r=g\",\"contentUrl\":\"https:\\\/\\\/secure.gravatar.com\\\/avatar\\\/bb65d0283347e303893ba14f0692005417c1e0e690a325a4c5d8bb2b3943ee14?s=96&d=mm&r=g\",\"caption\":\"Cope Alcoy\"}}]}<\/script>\n<!-- \/ Yoast SEO plugin. -->","yoast_head_json":{"title":"Alcoy recomienda el autoconfinamiento ante el n\u00famero de contagios que registra la ciudad - COPE Alcoy","robots":{"index":"index","follow":"follow","max-snippet":"max-snippet:-1","max-image-preview":"max-image-preview:large","max-video-preview":"max-video-preview:-1"},"canonical":"https:\/\/www.copealcoy.es\/es\/alcoy-recomienda-el-autoconfinamiento-ante-el-numero-de-contagios-que-registra-la-ciudad\/","og_locale":"es_ES","og_type":"article","og_title":"Alcoy recomienda el autoconfinamiento ante el n\u00famero de contagios que registra la ciudad - COPE Alcoy","og_description":"Alcoy ha superado los 1.800 casos positivos de Coronavirus por cada 100.000 habitantes seg\u00fan confirman los datos actualizados por la...","og_url":"https:\/\/www.copealcoy.es\/es\/alcoy-recomienda-el-autoconfinamiento-ante-el-numero-de-contagios-que-registra-la-ciudad\/","og_site_name":"COPE Alcoy","article_published_time":"2021-01-12T15:47:09+00:00","article_modified_time":"2021-01-12T15:57:52+00:00","og_image":[{"width":960,"height":561,"url":"https:\/\/www.copealcoy.es\/wp-content\/uploads\/2016\/11\/14996388_10211016180421132_894968772_n-e1478791722837.jpg","type":"image\/jpeg"}],"author":"Cope Alcoy","twitter_misc":{"Escrito por":"Cope Alcoy","Tiempo de lectura":"1 minuto"},"schema":{"@context":"https:\/\/schema.org","@graph":[{"@type":"Article","@id":"https:\/\/www.copealcoy.es\/es\/alcoy-recomienda-el-autoconfinamiento-ante-el-numero-de-contagios-que-registra-la-ciudad\/#article","isPartOf":{"@id":"https:\/\/www.copealcoy.es\/es\/alcoy-recomienda-el-autoconfinamiento-ante-el-numero-de-contagios-que-registra-la-ciudad\/"},"author":{"name":"Cope Alcoy","@id":"https:\/\/www.copealcoy.es\/es\/#\/schema\/person\/e777c87fa024e57d40170af9df39882c"},"headline":"Alcoy recomienda el autoconfinamiento ante el n\u00famero de contagios que registra la ciudad","datePublished":"2021-01-12T15:47:09+00:00","dateModified":"2021-01-12T15:57:52+00:00","mainEntityOfPage":{"@id":"https:\/\/www.copealcoy.es\/es\/alcoy-recomienda-el-autoconfinamiento-ante-el-numero-de-contagios-que-registra-la-ciudad\/"},"wordCount":193,"commentCount":0,"image":{"@id":"https:\/\/www.copealcoy.es\/es\/alcoy-recomienda-el-autoconfinamiento-ante-el-numero-de-contagios-que-registra-la-ciudad\/#primaryimage"},"thumbnailUrl":"https:\/\/www.copealcoy.es\/wp-content\/uploads\/2016\/11\/14996388_10211016180421132_894968772_n-e1478791722837.jpg","keywords":["Alcoy","Antonio Franc\u00e9s","autoconfinamiento","Coronavirus","crisis sanitaria"],"articleSection":["Alcoy","Noticias","Pol\u00edtica y Econom\u00eda"],"inLanguage":"es"},{"@type":"WebPage","@id":"https:\/\/www.copealcoy.es\/es\/alcoy-recomienda-el-autoconfinamiento-ante-el-numero-de-contagios-que-registra-la-ciudad\/","url":"https:\/\/www.copealcoy.es\/es\/alcoy-recomienda-el-autoconfinamiento-ante-el-numero-de-contagios-que-registra-la-ciudad\/","name":"Alcoy recomienda el autoconfinamiento ante el n\u00famero de contagios que registra la ciudad - COPE Alcoy","isPartOf":{"@id":"https:\/\/www.copealcoy.es\/es\/#website"},"primaryImageOfPage":{"@id":"https:\/\/www.copealcoy.es\/es\/alcoy-recomienda-el-autoconfinamiento-ante-el-numero-de-contagios-que-registra-la-ciudad\/#primaryimage"},"image":{"@id":"https:\/\/www.copealcoy.es\/es\/alcoy-recomienda-el-autoconfinamiento-ante-el-numero-de-contagios-que-registra-la-ciudad\/#primaryimage"},"thumbnailUrl":"https:\/\/www.copealcoy.es\/wp-content\/uploads\/2016\/11\/14996388_10211016180421132_894968772_n-e1478791722837.jpg","datePublished":"2021-01-12T15:47:09+00:00","dateModified":"2021-01-12T15:57:52+00:00","author":{"@id":"https:\/\/www.copealcoy.es\/es\/#\/schema\/person\/e777c87fa024e57d40170af9df39882c"},"breadcrumb":{"@id":"https:\/\/www.copealcoy.es\/es\/alcoy-recomienda-el-autoconfinamiento-ante-el-numero-de-contagios-que-registra-la-ciudad\/#breadcrumb"},"inLanguage":"es","potentialAction":[{"@type":"ReadAction","target":["https:\/\/www.copealcoy.es\/es\/alcoy-recomienda-el-autoconfinamiento-ante-el-numero-de-contagios-que-registra-la-ciudad\/"]}]},{"@type":"ImageObject","inLanguage":"es","@id":"https:\/\/www.copealcoy.es\/es\/alcoy-recomienda-el-autoconfinamiento-ante-el-numero-de-contagios-que-registra-la-ciudad\/#primaryimage","url":"https:\/\/www.copealcoy.es\/wp-content\/uploads\/2016\/11\/14996388_10211016180421132_894968772_n-e1478791722837.jpg","contentUrl":"https:\/\/www.copealcoy.es\/wp-content\/uploads\/2016\/11\/14996388_10211016180421132_894968772_n-e1478791722837.jpg","width":960,"height":561,"caption":"La pista de hielo se ubicar\u00e1 en la Pla\u00e7a de Dins"},{"@type":"BreadcrumbList","@id":"https:\/\/www.copealcoy.es\/es\/alcoy-recomienda-el-autoconfinamiento-ante-el-numero-de-contagios-que-registra-la-ciudad\/#breadcrumb","itemListElement":[{"@type":"ListItem","position":1,"name":"Portada","item":"https:\/\/www.copealcoy.es\/es\/"},{"@type":"ListItem","position":2,"name":"Alcoy recomienda el autoconfinamiento ante el n\u00famero de contagios que registra la ciudad"}]},{"@type":"WebSite","@id":"https:\/\/www.copealcoy.es\/es\/#website","url":"https:\/\/www.copealcoy.es\/es\/","name":"COPE Alcoy","description":"Emisora COPE de radio local con emisi\u00f3n online. Pont de Sant Jordi 8-10 03803 Alcoy","potentialAction":[{"@type":"SearchAction","target":{"@type":"EntryPoint","urlTemplate":"https:\/\/www.copealcoy.es\/es\/?s={search_term_string}"},"query-input":{"@type":"PropertyValueSpecification","valueRequired":true,"valueName":"search_term_string"}}],"inLanguage":"es"},{"@type":"Person","@id":"https:\/\/www.copealcoy.es\/es\/#\/schema\/person\/e777c87fa024e57d40170af9df39882c","name":"Cope Alcoy","image":{"@type":"ImageObject","inLanguage":"es","@id":"https:\/\/secure.gravatar.com\/avatar\/bb65d0283347e303893ba14f0692005417c1e0e690a325a4c5d8bb2b3943ee14?s=96&d=mm&r=g","url":"https:\/\/secure.gravatar.com\/avatar\/bb65d0283347e303893ba14f0692005417c1e0e690a325a4c5d8bb2b3943ee14?s=96&d=mm&r=g","contentUrl":"https:\/\/secure.gravatar.com\/avatar\/bb65d0283347e303893ba14f0692005417c1e0e690a325a4c5d8bb2b3943ee14?s=96&d=mm&r=g","caption":"Cope Alcoy"}}]}},"_links":{"self":[{"href":"https:\/\/www.copealcoy.es\/es\/wp-json\/wp\/v2\/posts\/69727","targetHints":{"allow":["GET"]}}],"collection":[{"href":"https:\/\/www.copealcoy.es\/es\/wp-json\/wp\/v2\/posts"}],"about":[{"href":"https:\/\/www.copealcoy.es\/es\/wp-json\/wp\/v2\/types\/post"}],"author":[{"embeddable":true,"href":"https:\/\/www.copealcoy.es\/es\/wp-json\/wp\/v2\/users\/1"}],"replies":[{"embeddable":true,"href":"https:\/\/www.copealcoy.es\/es\/wp-json\/wp\/v2\/comments?post=69727"}],"version-history":[{"count":0,"href":"https:\/\/www.copealcoy.es\/es\/wp-json\/wp\/v2\/posts\/69727\/revisions"}],"wp:featuredmedia":[{"embeddable":true,"href":"https:\/\/www.copealcoy.es\/es\/wp-json\/wp\/v2\/media\/26386"}],"wp:attachment":[{"href":"https:\/\/www.copealcoy.es\/es\/wp-json\/wp\/v2\/media?parent=69727"}],"wp:term":[{"taxonomy":"category","embeddable":true,"href":"https:\/\/www.copealcoy.es\/es\/wp-json\/wp\/v2\/categories?post=69727"},{"taxonomy":"post_tag","embeddable":true,"href":"https:\/\/www.copealcoy.es\/es\/wp-json\/wp\/v2\/tags?post=69727"}],"curies":[{"name":"wp","href":"https:\/\/api.w.org\/{rel}","templated":true}]}}