{"id":69631,"date":"2021-01-09T21:32:08","date_gmt":"2021-01-09T20:32:08","guid":{"rendered":"https:\/\/www.copealcoy.es\/?p=69631"},"modified":"2021-01-09T21:37:57","modified_gmt":"2021-01-09T20:37:57","slug":"la-generalitat-se-prepara-para-la-tercera-ola-de-la-pandemia","status":"publish","type":"post","link":"https:\/\/www.copealcoy.es\/es\/la-generalitat-se-prepara-para-la-tercera-ola-de-la-pandemia\/","title":{"rendered":"La Generalitat se prepara para la tercera ola de la pandemia"},"content":{"rendered":"<p style=\"text-align: justify;\"><strong>La Generalitat Valenciana ha destinado 240 millones de euros para la compra de material sanitario durante los pr\u00f3ximos dos a\u00f1os<\/strong>. El acuerdo marco alcanzado por la Administraci\u00f3n ha seleccionado a<strong>\u00a0un total de 93 empresas, el 28% de ellas valencianas, que garantizar\u00e1n el abastecimiento de la reserva estrat\u00e9gica de material sanitario\u00a0<\/strong>de protecci\u00f3n de la Comunitat.<\/p>\n<p style=\"text-align: justify;\">Estas empresas han sido seleccionadas como<strong> proveedoras de la Generalitat<\/strong> y asegurar\u00e1n el abastecimiento de la reserva estrat\u00e9gica de material sanitario, cuyo almac\u00e9n se sit\u00faa en Feria Valencia, ha indicado la Administraci\u00f3n en un comunicado.<\/p>\n<p style=\"text-align: justify;\"><strong>Este centro log\u00edstico centraliza la recepci\u00f3n, almacenamiento y distribuci\u00f3n de los productos sanitarios que, en funci\u00f3n de la demanda, se distribuyen a hospitales, centros de salud, residencias de mayores o de personas con discapacidad<\/strong>, entre otros. En este momento, hay reservas para asegurar las necesidades existentes de los pr\u00f3ximos cinco meses.<\/p>\n<p style=\"text-align: justify;\">De las 93 empresas que participar\u00e1n en el acuerdo marco, 26 son de la Comunitat Valenciana, 64 del resto de Espa\u00f1a y tres son extranjeras &#8211;una compa\u00f1\u00eda alemana, otra holandesa y una tercera letona&#8211;.\u00a0<strong>El acuerdo permitir\u00e1 adquirir un total de 232 productos de estas 93 empresas, entre batas desechables, delantales de polietileno, buzos desechables, distintos modelos de gorros de protecci\u00f3n, calzas y mascarillas (quir\u00fargicas, FFP2 y FFP3).<\/strong><\/p>\n<p style=\"text-align: justify;\">En este sentido, la Generalitat ha destacado que las condiciones que incorpora el acuerdo marco<strong> han permitido que las pymes valencianas<\/strong> que se han adaptado a la pandemia y han modificado sus procesos de producci\u00f3n para fabricar material sanitario de protecci\u00f3n pudieran acceder a la licitaci\u00f3n.<\/p>\n<p style=\"text-align: justify;\">En este sentido, la Comisionada de Presidencia para la coordinaci\u00f3n de los suministros de la Generalitat frente a la infecci\u00f3n de Covid-19 en la Comunitat,<strong> Mar\u00eda Jos\u00e9 Mira<\/strong>, ha asegurado que &#8220;<em>no podemos olvidar que el &#8216;cluster&#8217; sanitario valenciano garantiz\u00f3 el suministro de material en momentos dif\u00edciles, cuando el acceso a los mercados exteriores era muy complicado<\/em>&#8220;.<\/p>\n<p style=\"text-align: justify;\">La Comisionada ha coordinado la licitaci\u00f3n junto con <strong>la Conselleria de Sanidad Universal y Salud P\u00fablica<\/strong>. &#8220;<em>Es un sector estrat\u00e9gico que nos ayud\u00f3 cuando la situaci\u00f3n era extremadamente compleja y que nos seguir\u00e1 ayudando en esta etapa de la lucha contra la pandemia<\/em>&#8220;, ha a\u00f1adido Mira.<\/p>\n<p style=\"text-align: justify;\">Los suministros previstos en la licitaci\u00f3n <strong>est\u00e1n calculados seg\u00fan una estimaci\u00f3n de consumo m\u00e1ximo<\/strong>. El valor estimado del contrato, dividido en 16 lotes,<strong> asciende a 240 millones de euros<\/strong> y contempla tanto el a\u00f1o del contrato como la pr\u00f3rroga adicional de otro a\u00f1o. A finales de mes podr\u00e1n comenzar los primeros pedidos correspondientes al acuerdo.<\/p>\n","protected":false},"excerpt":{"rendered":"<p>La Generalitat Valenciana ha destinado 240 millones de euros para la compra de material sanitario durante los pr\u00f3ximos dos a\u00f1os&#8230;.<\/p>\n","protected":false},"author":1,"featured_media":62059,"comment_status":"open","ping_status":"open","sticky":false,"template":"","format":"standard","meta":{"footnotes":""},"categories":[97,75,79],"tags":[7281,10050,994,7336,10597],"class_list":["post-69631","post","type-post","status-publish","format-standard","has-post-thumbnail","hentry","category-alcoy","category-noticias","category-politicayeconomia","tag-coronavirus","tag-crisis-sanitaria","tag-generalitat-valenciana","tag-material-sanitario","tag-tercera-ola"],"yoast_head":"<!-- This site is optimized with the Yoast SEO plugin v27.3 - https:\/\/yoast.com\/product\/yoast-seo-wordpress\/ -->\n<title>La Generalitat se prepara para la tercera ola de la pandemia - COPE Alcoy<\/title>\n<meta name=\"robots\" content=\"index, follow, max-snippet:-1, max-image-preview:large, max-video-preview:-1\" \/>\n<link rel=\"canonical\" href=\"https:\/\/www.copealcoy.es\/es\/la-generalitat-se-prepara-para-la-tercera-ola-de-la-pandemia\/\" \/>\n<meta property=\"og:locale\" content=\"es_ES\" \/>\n<meta property=\"og:type\" content=\"article\" \/>\n<meta property=\"og:title\" content=\"La Generalitat se prepara para la tercera ola de la pandemia - COPE Alcoy\" \/>\n<meta property=\"og:description\" content=\"La Generalitat Valenciana ha destinado 240 millones de euros para la compra de material sanitario durante los pr\u00f3ximos dos a\u00f1os....\" \/>\n<meta property=\"og:url\" content=\"https:\/\/www.copealcoy.es\/es\/la-generalitat-se-prepara-para-la-tercera-ola-de-la-pandemia\/\" \/>\n<meta property=\"og:site_name\" content=\"COPE Alcoy\" \/>\n<meta property=\"article:published_time\" content=\"2021-01-09T20:32:08+00:00\" \/>\n<meta property=\"article:modified_time\" content=\"2021-01-09T20:37:57+00:00\" \/>\n<meta property=\"og:image\" content=\"https:\/\/www.copealcoy.es\/wp-content\/uploads\/2020\/04\/Captura-de-pantalla-2020-04-22-a-las-17.34.34-1.jpg\" \/>\n\t<meta property=\"og:image:width\" content=\"931\" \/>\n\t<meta property=\"og:image:height\" content=\"436\" \/>\n\t<meta property=\"og:image:type\" content=\"image\/jpeg\" \/>\n<meta name=\"author\" content=\"Cope Alcoy\" \/>\n<meta name=\"twitter:label1\" content=\"Escrito por\" \/>\n\t<meta name=\"twitter:data1\" content=\"Cope Alcoy\" \/>\n\t<meta name=\"twitter:label2\" content=\"Tiempo de lectura\" \/>\n\t<meta name=\"twitter:data2\" content=\"2 minutos\" \/>\n<script type=\"application\/ld+json\" class=\"yoast-schema-graph\">{\"@context\":\"https:\\\/\\\/schema.org\",\"@graph\":[{\"@type\":\"Article\",\"@id\":\"https:\\\/\\\/www.copealcoy.es\\\/es\\\/la-generalitat-se-prepara-para-la-tercera-ola-de-la-pandemia\\\/#article\",\"isPartOf\":{\"@id\":\"https:\\\/\\\/www.copealcoy.es\\\/es\\\/la-generalitat-se-prepara-para-la-tercera-ola-de-la-pandemia\\\/\"},\"author\":{\"name\":\"Cope Alcoy\",\"@id\":\"https:\\\/\\\/www.copealcoy.es\\\/es\\\/#\\\/schema\\\/person\\\/e777c87fa024e57d40170af9df39882c\"},\"headline\":\"La Generalitat se prepara para la tercera ola de la pandemia\",\"datePublished\":\"2021-01-09T20:32:08+00:00\",\"dateModified\":\"2021-01-09T20:37:57+00:00\",\"mainEntityOfPage\":{\"@id\":\"https:\\\/\\\/www.copealcoy.es\\\/es\\\/la-generalitat-se-prepara-para-la-tercera-ola-de-la-pandemia\\\/\"},\"wordCount\":457,\"commentCount\":0,\"image\":{\"@id\":\"https:\\\/\\\/www.copealcoy.es\\\/es\\\/la-generalitat-se-prepara-para-la-tercera-ola-de-la-pandemia\\\/#primaryimage\"},\"thumbnailUrl\":\"https:\\\/\\\/www.copealcoy.es\\\/wp-content\\\/uploads\\\/2020\\\/04\\\/Captura-de-pantalla-2020-04-22-a-las-17.34.34-1.jpg\",\"keywords\":[\"Coronavirus\",\"crisis sanitaria\",\"Generalitat Valenciana\",\"material sanitario\",\"tercera ola\"],\"articleSection\":[\"Alcoy\",\"Noticias\",\"Pol\u00edtica y Econom\u00eda\"],\"inLanguage\":\"es\"},{\"@type\":\"WebPage\",\"@id\":\"https:\\\/\\\/www.copealcoy.es\\\/es\\\/la-generalitat-se-prepara-para-la-tercera-ola-de-la-pandemia\\\/\",\"url\":\"https:\\\/\\\/www.copealcoy.es\\\/es\\\/la-generalitat-se-prepara-para-la-tercera-ola-de-la-pandemia\\\/\",\"name\":\"La Generalitat se prepara para la tercera ola de la pandemia - COPE Alcoy\",\"isPartOf\":{\"@id\":\"https:\\\/\\\/www.copealcoy.es\\\/es\\\/#website\"},\"primaryImageOfPage\":{\"@id\":\"https:\\\/\\\/www.copealcoy.es\\\/es\\\/la-generalitat-se-prepara-para-la-tercera-ola-de-la-pandemia\\\/#primaryimage\"},\"image\":{\"@id\":\"https:\\\/\\\/www.copealcoy.es\\\/es\\\/la-generalitat-se-prepara-para-la-tercera-ola-de-la-pandemia\\\/#primaryimage\"},\"thumbnailUrl\":\"https:\\\/\\\/www.copealcoy.es\\\/wp-content\\\/uploads\\\/2020\\\/04\\\/Captura-de-pantalla-2020-04-22-a-las-17.34.34-1.jpg\",\"datePublished\":\"2021-01-09T20:32:08+00:00\",\"dateModified\":\"2021-01-09T20:37:57+00:00\",\"author\":{\"@id\":\"https:\\\/\\\/www.copealcoy.es\\\/es\\\/#\\\/schema\\\/person\\\/e777c87fa024e57d40170af9df39882c\"},\"breadcrumb\":{\"@id\":\"https:\\\/\\\/www.copealcoy.es\\\/es\\\/la-generalitat-se-prepara-para-la-tercera-ola-de-la-pandemia\\\/#breadcrumb\"},\"inLanguage\":\"es\",\"potentialAction\":[{\"@type\":\"ReadAction\",\"target\":[\"https:\\\/\\\/www.copealcoy.es\\\/es\\\/la-generalitat-se-prepara-para-la-tercera-ola-de-la-pandemia\\\/\"]}]},{\"@type\":\"ImageObject\",\"inLanguage\":\"es\",\"@id\":\"https:\\\/\\\/www.copealcoy.es\\\/es\\\/la-generalitat-se-prepara-para-la-tercera-ola-de-la-pandemia\\\/#primaryimage\",\"url\":\"https:\\\/\\\/www.copealcoy.es\\\/wp-content\\\/uploads\\\/2020\\\/04\\\/Captura-de-pantalla-2020-04-22-a-las-17.34.34-1.jpg\",\"contentUrl\":\"https:\\\/\\\/www.copealcoy.es\\\/wp-content\\\/uploads\\\/2020\\\/04\\\/Captura-de-pantalla-2020-04-22-a-las-17.34.34-1.jpg\",\"width\":931,\"height\":436},{\"@type\":\"BreadcrumbList\",\"@id\":\"https:\\\/\\\/www.copealcoy.es\\\/es\\\/la-generalitat-se-prepara-para-la-tercera-ola-de-la-pandemia\\\/#breadcrumb\",\"itemListElement\":[{\"@type\":\"ListItem\",\"position\":1,\"name\":\"Portada\",\"item\":\"https:\\\/\\\/www.copealcoy.es\\\/es\\\/\"},{\"@type\":\"ListItem\",\"position\":2,\"name\":\"La Generalitat se prepara para la tercera ola de la pandemia\"}]},{\"@type\":\"WebSite\",\"@id\":\"https:\\\/\\\/www.copealcoy.es\\\/es\\\/#website\",\"url\":\"https:\\\/\\\/www.copealcoy.es\\\/es\\\/\",\"name\":\"COPE Alcoy\",\"description\":\"Emisora COPE de radio local con emisi\u00f3n online. Pont de Sant Jordi 8-10 03803 Alcoy\",\"potentialAction\":[{\"@type\":\"SearchAction\",\"target\":{\"@type\":\"EntryPoint\",\"urlTemplate\":\"https:\\\/\\\/www.copealcoy.es\\\/es\\\/?s={search_term_string}\"},\"query-input\":{\"@type\":\"PropertyValueSpecification\",\"valueRequired\":true,\"valueName\":\"search_term_string\"}}],\"inLanguage\":\"es\"},{\"@type\":\"Person\",\"@id\":\"https:\\\/\\\/www.copealcoy.es\\\/es\\\/#\\\/schema\\\/person\\\/e777c87fa024e57d40170af9df39882c\",\"name\":\"Cope Alcoy\",\"image\":{\"@type\":\"ImageObject\",\"inLanguage\":\"es\",\"@id\":\"https:\\\/\\\/secure.gravatar.com\\\/avatar\\\/bb65d0283347e303893ba14f0692005417c1e0e690a325a4c5d8bb2b3943ee14?s=96&d=mm&r=g\",\"url\":\"https:\\\/\\\/secure.gravatar.com\\\/avatar\\\/bb65d0283347e303893ba14f0692005417c1e0e690a325a4c5d8bb2b3943ee14?s=96&d=mm&r=g\",\"contentUrl\":\"https:\\\/\\\/secure.gravatar.com\\\/avatar\\\/bb65d0283347e303893ba14f0692005417c1e0e690a325a4c5d8bb2b3943ee14?s=96&d=mm&r=g\",\"caption\":\"Cope Alcoy\"}}]}<\/script>\n<!-- \/ Yoast SEO plugin. -->","yoast_head_json":{"title":"La Generalitat se prepara para la tercera ola de la pandemia - COPE Alcoy","robots":{"index":"index","follow":"follow","max-snippet":"max-snippet:-1","max-image-preview":"max-image-preview:large","max-video-preview":"max-video-preview:-1"},"canonical":"https:\/\/www.copealcoy.es\/es\/la-generalitat-se-prepara-para-la-tercera-ola-de-la-pandemia\/","og_locale":"es_ES","og_type":"article","og_title":"La Generalitat se prepara para la tercera ola de la pandemia - COPE Alcoy","og_description":"La Generalitat Valenciana ha destinado 240 millones de euros para la compra de material sanitario durante los pr\u00f3ximos dos a\u00f1os....","og_url":"https:\/\/www.copealcoy.es\/es\/la-generalitat-se-prepara-para-la-tercera-ola-de-la-pandemia\/","og_site_name":"COPE Alcoy","article_published_time":"2021-01-09T20:32:08+00:00","article_modified_time":"2021-01-09T20:37:57+00:00","og_image":[{"width":931,"height":436,"url":"https:\/\/www.copealcoy.es\/wp-content\/uploads\/2020\/04\/Captura-de-pantalla-2020-04-22-a-las-17.34.34-1.jpg","type":"image\/jpeg"}],"author":"Cope Alcoy","twitter_misc":{"Escrito por":"Cope Alcoy","Tiempo de lectura":"2 minutos"},"schema":{"@context":"https:\/\/schema.org","@graph":[{"@type":"Article","@id":"https:\/\/www.copealcoy.es\/es\/la-generalitat-se-prepara-para-la-tercera-ola-de-la-pandemia\/#article","isPartOf":{"@id":"https:\/\/www.copealcoy.es\/es\/la-generalitat-se-prepara-para-la-tercera-ola-de-la-pandemia\/"},"author":{"name":"Cope Alcoy","@id":"https:\/\/www.copealcoy.es\/es\/#\/schema\/person\/e777c87fa024e57d40170af9df39882c"},"headline":"La Generalitat se prepara para la tercera ola de la pandemia","datePublished":"2021-01-09T20:32:08+00:00","dateModified":"2021-01-09T20:37:57+00:00","mainEntityOfPage":{"@id":"https:\/\/www.copealcoy.es\/es\/la-generalitat-se-prepara-para-la-tercera-ola-de-la-pandemia\/"},"wordCount":457,"commentCount":0,"image":{"@id":"https:\/\/www.copealcoy.es\/es\/la-generalitat-se-prepara-para-la-tercera-ola-de-la-pandemia\/#primaryimage"},"thumbnailUrl":"https:\/\/www.copealcoy.es\/wp-content\/uploads\/2020\/04\/Captura-de-pantalla-2020-04-22-a-las-17.34.34-1.jpg","keywords":["Coronavirus","crisis sanitaria","Generalitat Valenciana","material sanitario","tercera ola"],"articleSection":["Alcoy","Noticias","Pol\u00edtica y Econom\u00eda"],"inLanguage":"es"},{"@type":"WebPage","@id":"https:\/\/www.copealcoy.es\/es\/la-generalitat-se-prepara-para-la-tercera-ola-de-la-pandemia\/","url":"https:\/\/www.copealcoy.es\/es\/la-generalitat-se-prepara-para-la-tercera-ola-de-la-pandemia\/","name":"La Generalitat se prepara para la tercera ola de la pandemia - COPE Alcoy","isPartOf":{"@id":"https:\/\/www.copealcoy.es\/es\/#website"},"primaryImageOfPage":{"@id":"https:\/\/www.copealcoy.es\/es\/la-generalitat-se-prepara-para-la-tercera-ola-de-la-pandemia\/#primaryimage"},"image":{"@id":"https:\/\/www.copealcoy.es\/es\/la-generalitat-se-prepara-para-la-tercera-ola-de-la-pandemia\/#primaryimage"},"thumbnailUrl":"https:\/\/www.copealcoy.es\/wp-content\/uploads\/2020\/04\/Captura-de-pantalla-2020-04-22-a-las-17.34.34-1.jpg","datePublished":"2021-01-09T20:32:08+00:00","dateModified":"2021-01-09T20:37:57+00:00","author":{"@id":"https:\/\/www.copealcoy.es\/es\/#\/schema\/person\/e777c87fa024e57d40170af9df39882c"},"breadcrumb":{"@id":"https:\/\/www.copealcoy.es\/es\/la-generalitat-se-prepara-para-la-tercera-ola-de-la-pandemia\/#breadcrumb"},"inLanguage":"es","potentialAction":[{"@type":"ReadAction","target":["https:\/\/www.copealcoy.es\/es\/la-generalitat-se-prepara-para-la-tercera-ola-de-la-pandemia\/"]}]},{"@type":"ImageObject","inLanguage":"es","@id":"https:\/\/www.copealcoy.es\/es\/la-generalitat-se-prepara-para-la-tercera-ola-de-la-pandemia\/#primaryimage","url":"https:\/\/www.copealcoy.es\/wp-content\/uploads\/2020\/04\/Captura-de-pantalla-2020-04-22-a-las-17.34.34-1.jpg","contentUrl":"https:\/\/www.copealcoy.es\/wp-content\/uploads\/2020\/04\/Captura-de-pantalla-2020-04-22-a-las-17.34.34-1.jpg","width":931,"height":436},{"@type":"BreadcrumbList","@id":"https:\/\/www.copealcoy.es\/es\/la-generalitat-se-prepara-para-la-tercera-ola-de-la-pandemia\/#breadcrumb","itemListElement":[{"@type":"ListItem","position":1,"name":"Portada","item":"https:\/\/www.copealcoy.es\/es\/"},{"@type":"ListItem","position":2,"name":"La Generalitat se prepara para la tercera ola de la pandemia"}]},{"@type":"WebSite","@id":"https:\/\/www.copealcoy.es\/es\/#website","url":"https:\/\/www.copealcoy.es\/es\/","name":"COPE Alcoy","description":"Emisora COPE de radio local con emisi\u00f3n online. Pont de Sant Jordi 8-10 03803 Alcoy","potentialAction":[{"@type":"SearchAction","target":{"@type":"EntryPoint","urlTemplate":"https:\/\/www.copealcoy.es\/es\/?s={search_term_string}"},"query-input":{"@type":"PropertyValueSpecification","valueRequired":true,"valueName":"search_term_string"}}],"inLanguage":"es"},{"@type":"Person","@id":"https:\/\/www.copealcoy.es\/es\/#\/schema\/person\/e777c87fa024e57d40170af9df39882c","name":"Cope Alcoy","image":{"@type":"ImageObject","inLanguage":"es","@id":"https:\/\/secure.gravatar.com\/avatar\/bb65d0283347e303893ba14f0692005417c1e0e690a325a4c5d8bb2b3943ee14?s=96&d=mm&r=g","url":"https:\/\/secure.gravatar.com\/avatar\/bb65d0283347e303893ba14f0692005417c1e0e690a325a4c5d8bb2b3943ee14?s=96&d=mm&r=g","contentUrl":"https:\/\/secure.gravatar.com\/avatar\/bb65d0283347e303893ba14f0692005417c1e0e690a325a4c5d8bb2b3943ee14?s=96&d=mm&r=g","caption":"Cope Alcoy"}}]}},"_links":{"self":[{"href":"https:\/\/www.copealcoy.es\/es\/wp-json\/wp\/v2\/posts\/69631","targetHints":{"allow":["GET"]}}],"collection":[{"href":"https:\/\/www.copealcoy.es\/es\/wp-json\/wp\/v2\/posts"}],"about":[{"href":"https:\/\/www.copealcoy.es\/es\/wp-json\/wp\/v2\/types\/post"}],"author":[{"embeddable":true,"href":"https:\/\/www.copealcoy.es\/es\/wp-json\/wp\/v2\/users\/1"}],"replies":[{"embeddable":true,"href":"https:\/\/www.copealcoy.es\/es\/wp-json\/wp\/v2\/comments?post=69631"}],"version-history":[{"count":0,"href":"https:\/\/www.copealcoy.es\/es\/wp-json\/wp\/v2\/posts\/69631\/revisions"}],"wp:featuredmedia":[{"embeddable":true,"href":"https:\/\/www.copealcoy.es\/es\/wp-json\/wp\/v2\/media\/62059"}],"wp:attachment":[{"href":"https:\/\/www.copealcoy.es\/es\/wp-json\/wp\/v2\/media?parent=69631"}],"wp:term":[{"taxonomy":"category","embeddable":true,"href":"https:\/\/www.copealcoy.es\/es\/wp-json\/wp\/v2\/categories?post=69631"},{"taxonomy":"post_tag","embeddable":true,"href":"https:\/\/www.copealcoy.es\/es\/wp-json\/wp\/v2\/tags?post=69631"}],"curies":[{"name":"wp","href":"https:\/\/api.w.org\/{rel}","templated":true}]}}