{"id":69594,"date":"2021-01-08T23:02:00","date_gmt":"2021-01-08T22:02:00","guid":{"rendered":"https:\/\/www.copealcoy.es\/?p=69594"},"modified":"2021-01-09T21:26:13","modified_gmt":"2021-01-09T20:26:13","slug":"filomena-sigue-dejando-nieve-y-frio-en-la-comarca","status":"publish","type":"post","link":"https:\/\/www.copealcoy.es\/es\/filomena-sigue-dejando-nieve-y-frio-en-la-comarca\/","title":{"rendered":"Filomena sigue dejando nieve y fr\u00edo en la comarca"},"content":{"rendered":"<p style=\"text-align: justify;\">El temporal <strong>sigue siendo el protagonista<\/strong> y <strong>la borrasca Filomena ha vuelto a dejar nieve, lluvia y fr\u00edo<\/strong> durante este viernes 8 de enero en <strong>el conjunto de nuestras comarcas<\/strong> de l&#8217;Alcoi\u00e0 y el Comtat.<\/p>\n<p style=\"text-align: justify;\">Ha nevado de nuevo en <strong>poblaciones altas<\/strong> como por ejemplo en <strong>Benasau, Pen\u00e1guila, Benillup, Agres, Benifallim, Alcoleja, Alfafara o Banyeres de Mariola<\/strong>. El Ayuntamiento de este \u00faltimo municipio ha informado a \u00faltima hora de la tarde que <strong>ya se puede transitar con normalidad por las calles de la localidad<\/strong> aunque<strong> ha hecho un llamamiento a evitar desplazamientos innecesarios<\/strong> ya que las previsiones apuntan a que volver\u00e1 a nevar en las pr\u00f3ximas horas.\u00a0En <strong>Alcoy<\/strong> la lluvia ha estado presente en el casco urbano pero en las urbanizaciones y zonas m\u00e1s altas ha estado nevando durante la ma\u00f1ana e incluso la tarde.\u00a0El dispositivo de emergencias habilitado por el Ayuntamiento de Alcoy ha actuado en retirar la nieve acumulada y en esparcir sal para evitar la formaci\u00f3n de placas de hielo &#8220;<em>no se ha ha producido hasta el momento ninguna incidencia rese\u00f1able y ya se puede acceder sin problemas a las diferentes urbanizaciones. El operativo seguir\u00e1 en marcha hasta el lunes ya que las previsiones se\u00f1alan que la borrasca filomena seguir\u00e1 con nosotros todo el fin de semana<\/em>&#8220;, ha dicho en #Mediod\u00edaCopeAlcoy <strong>Ra\u00fcl Llopis<\/strong>; edil de Seguridad en el Consistorio de la capital de l&#8217;Alcoi\u00e0.<\/p>\n<p style=\"text-align: justify;\">Al filo de las ocho de la tarde p<strong>resentaban incidencias en la comarca las siguientes carreteras<\/strong>: Carretera de Acceso a la Font Roja en Alcoy cortada. CV-70 (a la altura de Cocentaina), CV-770 (a la altura de Alcoleja), CV-780 y CV-785 (a la altura de Benifallim), CV-795 (a la altura de Alcoy), CV-803 (a la altura de Onil), CV-817 (a la altura de Castalla).<\/p>\n","protected":false},"excerpt":{"rendered":"<p>El temporal sigue siendo el protagonista y la borrasca Filomena ha vuelto a dejar nieve, lluvia y fr\u00edo durante este&#8230;<\/p>\n","protected":false},"author":1,"featured_media":69599,"comment_status":"open","ping_status":"open","sticky":false,"template":"","format":"standard","meta":{"footnotes":""},"categories":[98,75],"tags":[482,237,10594,573,572,574],"class_list":["post-69594","post","type-post","status-publish","format-standard","has-post-thumbnail","hentry","category-comarcas","category-noticias","tag-alcoia","tag-comtat","tag-filomena","tag-frio","tag-nieve","tag-temporal"],"yoast_head":"<!-- This site is optimized with the Yoast SEO plugin v27.3 - https:\/\/yoast.com\/product\/yoast-seo-wordpress\/ -->\n<title>Filomena sigue dejando nieve y fr\u00edo en la comarca - COPE Alcoy<\/title>\n<meta name=\"robots\" content=\"index, follow, max-snippet:-1, max-image-preview:large, max-video-preview:-1\" \/>\n<link rel=\"canonical\" href=\"https:\/\/www.copealcoy.es\/es\/filomena-sigue-dejando-nieve-y-frio-en-la-comarca\/\" \/>\n<meta property=\"og:locale\" content=\"es_ES\" \/>\n<meta property=\"og:type\" content=\"article\" \/>\n<meta property=\"og:title\" content=\"Filomena sigue dejando nieve y fr\u00edo en la comarca - COPE Alcoy\" \/>\n<meta property=\"og:description\" content=\"El temporal sigue siendo el protagonista y la borrasca Filomena ha vuelto a dejar nieve, lluvia y fr\u00edo durante este...\" \/>\n<meta property=\"og:url\" content=\"https:\/\/www.copealcoy.es\/es\/filomena-sigue-dejando-nieve-y-frio-en-la-comarca\/\" \/>\n<meta property=\"og:site_name\" content=\"COPE Alcoy\" \/>\n<meta property=\"article:published_time\" content=\"2021-01-08T22:02:00+00:00\" \/>\n<meta property=\"article:modified_time\" content=\"2021-01-09T20:26:13+00:00\" \/>\n<meta property=\"og:image\" content=\"https:\/\/www.copealcoy.es\/wp-content\/uploads\/2021\/01\/136377747_2181041695402349_1326496659027665969_o.jpg\" \/>\n\t<meta property=\"og:image:width\" content=\"1024\" \/>\n\t<meta property=\"og:image:height\" content=\"683\" \/>\n\t<meta property=\"og:image:type\" content=\"image\/jpeg\" \/>\n<meta name=\"author\" content=\"Cope Alcoy\" \/>\n<meta name=\"twitter:label1\" content=\"Escrito por\" \/>\n\t<meta name=\"twitter:data1\" content=\"Cope Alcoy\" \/>\n\t<meta name=\"twitter:label2\" content=\"Tiempo de lectura\" \/>\n\t<meta name=\"twitter:data2\" content=\"2 minutos\" \/>\n<script type=\"application\/ld+json\" class=\"yoast-schema-graph\">{\"@context\":\"https:\\\/\\\/schema.org\",\"@graph\":[{\"@type\":\"Article\",\"@id\":\"https:\\\/\\\/www.copealcoy.es\\\/es\\\/filomena-sigue-dejando-nieve-y-frio-en-la-comarca\\\/#article\",\"isPartOf\":{\"@id\":\"https:\\\/\\\/www.copealcoy.es\\\/es\\\/filomena-sigue-dejando-nieve-y-frio-en-la-comarca\\\/\"},\"author\":{\"name\":\"Cope Alcoy\",\"@id\":\"https:\\\/\\\/www.copealcoy.es\\\/es\\\/#\\\/schema\\\/person\\\/e777c87fa024e57d40170af9df39882c\"},\"headline\":\"Filomena sigue dejando nieve y fr\u00edo en la comarca\",\"datePublished\":\"2021-01-08T22:02:00+00:00\",\"dateModified\":\"2021-01-09T20:26:13+00:00\",\"mainEntityOfPage\":{\"@id\":\"https:\\\/\\\/www.copealcoy.es\\\/es\\\/filomena-sigue-dejando-nieve-y-frio-en-la-comarca\\\/\"},\"wordCount\":314,\"commentCount\":0,\"image\":{\"@id\":\"https:\\\/\\\/www.copealcoy.es\\\/es\\\/filomena-sigue-dejando-nieve-y-frio-en-la-comarca\\\/#primaryimage\"},\"thumbnailUrl\":\"https:\\\/\\\/www.copealcoy.es\\\/wp-content\\\/uploads\\\/2021\\\/01\\\/136377747_2181041695402349_1326496659027665969_o.jpg\",\"keywords\":[\"Alcoi\u00e0\",\"Comtat\",\"filomena\",\"Fr\u00edo\",\"Nieve\",\"Temporal\"],\"articleSection\":[\"Comarcas\",\"Noticias\"],\"inLanguage\":\"es\"},{\"@type\":\"WebPage\",\"@id\":\"https:\\\/\\\/www.copealcoy.es\\\/es\\\/filomena-sigue-dejando-nieve-y-frio-en-la-comarca\\\/\",\"url\":\"https:\\\/\\\/www.copealcoy.es\\\/es\\\/filomena-sigue-dejando-nieve-y-frio-en-la-comarca\\\/\",\"name\":\"Filomena sigue dejando nieve y fr\u00edo en la comarca - COPE Alcoy\",\"isPartOf\":{\"@id\":\"https:\\\/\\\/www.copealcoy.es\\\/es\\\/#website\"},\"primaryImageOfPage\":{\"@id\":\"https:\\\/\\\/www.copealcoy.es\\\/es\\\/filomena-sigue-dejando-nieve-y-frio-en-la-comarca\\\/#primaryimage\"},\"image\":{\"@id\":\"https:\\\/\\\/www.copealcoy.es\\\/es\\\/filomena-sigue-dejando-nieve-y-frio-en-la-comarca\\\/#primaryimage\"},\"thumbnailUrl\":\"https:\\\/\\\/www.copealcoy.es\\\/wp-content\\\/uploads\\\/2021\\\/01\\\/136377747_2181041695402349_1326496659027665969_o.jpg\",\"datePublished\":\"2021-01-08T22:02:00+00:00\",\"dateModified\":\"2021-01-09T20:26:13+00:00\",\"author\":{\"@id\":\"https:\\\/\\\/www.copealcoy.es\\\/es\\\/#\\\/schema\\\/person\\\/e777c87fa024e57d40170af9df39882c\"},\"breadcrumb\":{\"@id\":\"https:\\\/\\\/www.copealcoy.es\\\/es\\\/filomena-sigue-dejando-nieve-y-frio-en-la-comarca\\\/#breadcrumb\"},\"inLanguage\":\"es\",\"potentialAction\":[{\"@type\":\"ReadAction\",\"target\":[\"https:\\\/\\\/www.copealcoy.es\\\/es\\\/filomena-sigue-dejando-nieve-y-frio-en-la-comarca\\\/\"]}]},{\"@type\":\"ImageObject\",\"inLanguage\":\"es\",\"@id\":\"https:\\\/\\\/www.copealcoy.es\\\/es\\\/filomena-sigue-dejando-nieve-y-frio-en-la-comarca\\\/#primaryimage\",\"url\":\"https:\\\/\\\/www.copealcoy.es\\\/wp-content\\\/uploads\\\/2021\\\/01\\\/136377747_2181041695402349_1326496659027665969_o.jpg\",\"contentUrl\":\"https:\\\/\\\/www.copealcoy.es\\\/wp-content\\\/uploads\\\/2021\\\/01\\\/136377747_2181041695402349_1326496659027665969_o.jpg\",\"width\":1024,\"height\":683},{\"@type\":\"BreadcrumbList\",\"@id\":\"https:\\\/\\\/www.copealcoy.es\\\/es\\\/filomena-sigue-dejando-nieve-y-frio-en-la-comarca\\\/#breadcrumb\",\"itemListElement\":[{\"@type\":\"ListItem\",\"position\":1,\"name\":\"Portada\",\"item\":\"https:\\\/\\\/www.copealcoy.es\\\/es\\\/\"},{\"@type\":\"ListItem\",\"position\":2,\"name\":\"Filomena sigue dejando nieve y fr\u00edo en la comarca\"}]},{\"@type\":\"WebSite\",\"@id\":\"https:\\\/\\\/www.copealcoy.es\\\/es\\\/#website\",\"url\":\"https:\\\/\\\/www.copealcoy.es\\\/es\\\/\",\"name\":\"COPE Alcoy\",\"description\":\"Emisora COPE de radio local con emisi\u00f3n online. Pont de Sant Jordi 8-10 03803 Alcoy\",\"potentialAction\":[{\"@type\":\"SearchAction\",\"target\":{\"@type\":\"EntryPoint\",\"urlTemplate\":\"https:\\\/\\\/www.copealcoy.es\\\/es\\\/?s={search_term_string}\"},\"query-input\":{\"@type\":\"PropertyValueSpecification\",\"valueRequired\":true,\"valueName\":\"search_term_string\"}}],\"inLanguage\":\"es\"},{\"@type\":\"Person\",\"@id\":\"https:\\\/\\\/www.copealcoy.es\\\/es\\\/#\\\/schema\\\/person\\\/e777c87fa024e57d40170af9df39882c\",\"name\":\"Cope Alcoy\",\"image\":{\"@type\":\"ImageObject\",\"inLanguage\":\"es\",\"@id\":\"https:\\\/\\\/secure.gravatar.com\\\/avatar\\\/bb65d0283347e303893ba14f0692005417c1e0e690a325a4c5d8bb2b3943ee14?s=96&d=mm&r=g\",\"url\":\"https:\\\/\\\/secure.gravatar.com\\\/avatar\\\/bb65d0283347e303893ba14f0692005417c1e0e690a325a4c5d8bb2b3943ee14?s=96&d=mm&r=g\",\"contentUrl\":\"https:\\\/\\\/secure.gravatar.com\\\/avatar\\\/bb65d0283347e303893ba14f0692005417c1e0e690a325a4c5d8bb2b3943ee14?s=96&d=mm&r=g\",\"caption\":\"Cope Alcoy\"}}]}<\/script>\n<!-- \/ Yoast SEO plugin. -->","yoast_head_json":{"title":"Filomena sigue dejando nieve y fr\u00edo en la comarca - COPE Alcoy","robots":{"index":"index","follow":"follow","max-snippet":"max-snippet:-1","max-image-preview":"max-image-preview:large","max-video-preview":"max-video-preview:-1"},"canonical":"https:\/\/www.copealcoy.es\/es\/filomena-sigue-dejando-nieve-y-frio-en-la-comarca\/","og_locale":"es_ES","og_type":"article","og_title":"Filomena sigue dejando nieve y fr\u00edo en la comarca - COPE Alcoy","og_description":"El temporal sigue siendo el protagonista y la borrasca Filomena ha vuelto a dejar nieve, lluvia y fr\u00edo durante este...","og_url":"https:\/\/www.copealcoy.es\/es\/filomena-sigue-dejando-nieve-y-frio-en-la-comarca\/","og_site_name":"COPE Alcoy","article_published_time":"2021-01-08T22:02:00+00:00","article_modified_time":"2021-01-09T20:26:13+00:00","og_image":[{"width":1024,"height":683,"url":"https:\/\/www.copealcoy.es\/wp-content\/uploads\/2021\/01\/136377747_2181041695402349_1326496659027665969_o.jpg","type":"image\/jpeg"}],"author":"Cope Alcoy","twitter_misc":{"Escrito por":"Cope Alcoy","Tiempo de lectura":"2 minutos"},"schema":{"@context":"https:\/\/schema.org","@graph":[{"@type":"Article","@id":"https:\/\/www.copealcoy.es\/es\/filomena-sigue-dejando-nieve-y-frio-en-la-comarca\/#article","isPartOf":{"@id":"https:\/\/www.copealcoy.es\/es\/filomena-sigue-dejando-nieve-y-frio-en-la-comarca\/"},"author":{"name":"Cope Alcoy","@id":"https:\/\/www.copealcoy.es\/es\/#\/schema\/person\/e777c87fa024e57d40170af9df39882c"},"headline":"Filomena sigue dejando nieve y fr\u00edo en la comarca","datePublished":"2021-01-08T22:02:00+00:00","dateModified":"2021-01-09T20:26:13+00:00","mainEntityOfPage":{"@id":"https:\/\/www.copealcoy.es\/es\/filomena-sigue-dejando-nieve-y-frio-en-la-comarca\/"},"wordCount":314,"commentCount":0,"image":{"@id":"https:\/\/www.copealcoy.es\/es\/filomena-sigue-dejando-nieve-y-frio-en-la-comarca\/#primaryimage"},"thumbnailUrl":"https:\/\/www.copealcoy.es\/wp-content\/uploads\/2021\/01\/136377747_2181041695402349_1326496659027665969_o.jpg","keywords":["Alcoi\u00e0","Comtat","filomena","Fr\u00edo","Nieve","Temporal"],"articleSection":["Comarcas","Noticias"],"inLanguage":"es"},{"@type":"WebPage","@id":"https:\/\/www.copealcoy.es\/es\/filomena-sigue-dejando-nieve-y-frio-en-la-comarca\/","url":"https:\/\/www.copealcoy.es\/es\/filomena-sigue-dejando-nieve-y-frio-en-la-comarca\/","name":"Filomena sigue dejando nieve y fr\u00edo en la comarca - COPE Alcoy","isPartOf":{"@id":"https:\/\/www.copealcoy.es\/es\/#website"},"primaryImageOfPage":{"@id":"https:\/\/www.copealcoy.es\/es\/filomena-sigue-dejando-nieve-y-frio-en-la-comarca\/#primaryimage"},"image":{"@id":"https:\/\/www.copealcoy.es\/es\/filomena-sigue-dejando-nieve-y-frio-en-la-comarca\/#primaryimage"},"thumbnailUrl":"https:\/\/www.copealcoy.es\/wp-content\/uploads\/2021\/01\/136377747_2181041695402349_1326496659027665969_o.jpg","datePublished":"2021-01-08T22:02:00+00:00","dateModified":"2021-01-09T20:26:13+00:00","author":{"@id":"https:\/\/www.copealcoy.es\/es\/#\/schema\/person\/e777c87fa024e57d40170af9df39882c"},"breadcrumb":{"@id":"https:\/\/www.copealcoy.es\/es\/filomena-sigue-dejando-nieve-y-frio-en-la-comarca\/#breadcrumb"},"inLanguage":"es","potentialAction":[{"@type":"ReadAction","target":["https:\/\/www.copealcoy.es\/es\/filomena-sigue-dejando-nieve-y-frio-en-la-comarca\/"]}]},{"@type":"ImageObject","inLanguage":"es","@id":"https:\/\/www.copealcoy.es\/es\/filomena-sigue-dejando-nieve-y-frio-en-la-comarca\/#primaryimage","url":"https:\/\/www.copealcoy.es\/wp-content\/uploads\/2021\/01\/136377747_2181041695402349_1326496659027665969_o.jpg","contentUrl":"https:\/\/www.copealcoy.es\/wp-content\/uploads\/2021\/01\/136377747_2181041695402349_1326496659027665969_o.jpg","width":1024,"height":683},{"@type":"BreadcrumbList","@id":"https:\/\/www.copealcoy.es\/es\/filomena-sigue-dejando-nieve-y-frio-en-la-comarca\/#breadcrumb","itemListElement":[{"@type":"ListItem","position":1,"name":"Portada","item":"https:\/\/www.copealcoy.es\/es\/"},{"@type":"ListItem","position":2,"name":"Filomena sigue dejando nieve y fr\u00edo en la comarca"}]},{"@type":"WebSite","@id":"https:\/\/www.copealcoy.es\/es\/#website","url":"https:\/\/www.copealcoy.es\/es\/","name":"COPE Alcoy","description":"Emisora COPE de radio local con emisi\u00f3n online. Pont de Sant Jordi 8-10 03803 Alcoy","potentialAction":[{"@type":"SearchAction","target":{"@type":"EntryPoint","urlTemplate":"https:\/\/www.copealcoy.es\/es\/?s={search_term_string}"},"query-input":{"@type":"PropertyValueSpecification","valueRequired":true,"valueName":"search_term_string"}}],"inLanguage":"es"},{"@type":"Person","@id":"https:\/\/www.copealcoy.es\/es\/#\/schema\/person\/e777c87fa024e57d40170af9df39882c","name":"Cope Alcoy","image":{"@type":"ImageObject","inLanguage":"es","@id":"https:\/\/secure.gravatar.com\/avatar\/bb65d0283347e303893ba14f0692005417c1e0e690a325a4c5d8bb2b3943ee14?s=96&d=mm&r=g","url":"https:\/\/secure.gravatar.com\/avatar\/bb65d0283347e303893ba14f0692005417c1e0e690a325a4c5d8bb2b3943ee14?s=96&d=mm&r=g","contentUrl":"https:\/\/secure.gravatar.com\/avatar\/bb65d0283347e303893ba14f0692005417c1e0e690a325a4c5d8bb2b3943ee14?s=96&d=mm&r=g","caption":"Cope Alcoy"}}]}},"_links":{"self":[{"href":"https:\/\/www.copealcoy.es\/es\/wp-json\/wp\/v2\/posts\/69594","targetHints":{"allow":["GET"]}}],"collection":[{"href":"https:\/\/www.copealcoy.es\/es\/wp-json\/wp\/v2\/posts"}],"about":[{"href":"https:\/\/www.copealcoy.es\/es\/wp-json\/wp\/v2\/types\/post"}],"author":[{"embeddable":true,"href":"https:\/\/www.copealcoy.es\/es\/wp-json\/wp\/v2\/users\/1"}],"replies":[{"embeddable":true,"href":"https:\/\/www.copealcoy.es\/es\/wp-json\/wp\/v2\/comments?post=69594"}],"version-history":[{"count":0,"href":"https:\/\/www.copealcoy.es\/es\/wp-json\/wp\/v2\/posts\/69594\/revisions"}],"wp:featuredmedia":[{"embeddable":true,"href":"https:\/\/www.copealcoy.es\/es\/wp-json\/wp\/v2\/media\/69599"}],"wp:attachment":[{"href":"https:\/\/www.copealcoy.es\/es\/wp-json\/wp\/v2\/media?parent=69594"}],"wp:term":[{"taxonomy":"category","embeddable":true,"href":"https:\/\/www.copealcoy.es\/es\/wp-json\/wp\/v2\/categories?post=69594"},{"taxonomy":"post_tag","embeddable":true,"href":"https:\/\/www.copealcoy.es\/es\/wp-json\/wp\/v2\/tags?post=69594"}],"curies":[{"name":"wp","href":"https:\/\/api.w.org\/{rel}","templated":true}]}}