{"id":69551,"date":"2021-01-08T08:47:11","date_gmt":"2021-01-08T07:47:11","guid":{"rendered":"https:\/\/www.copealcoy.es\/?p=69551"},"modified":"2021-01-09T21:27:01","modified_gmt":"2021-01-09T20:27:01","slug":"la-nieve-aparece-en-las-zonas-mas-altas-de-alcoy","status":"publish","type":"post","link":"https:\/\/www.copealcoy.es\/es\/la-nieve-aparece-en-las-zonas-mas-altas-de-alcoy\/","title":{"rendered":"La nieve aparece en las zonas m\u00e1s altas de Alcoy"},"content":{"rendered":"<p style=\"text-align: justify;\">La <strong>borrasca Filomena<\/strong> sigue haci\u00e9ndose notar en nuestras comarcas desde ayer jueves <strong>dejando a su paso nieve, lluvia y fr\u00edo<\/strong>.<\/p>\n<p style=\"text-align: justify;\">Durante la madrugada <strong>ha nevado en localidades de l\u2019Alcoi\u00e0 y el Comtat como por ejemplo Benillup, Agres o Pen\u00e1guila. L<\/strong><strong>a nieve ha seguido cuajando en las zonas altas de la ciudad de Alcoy, <\/strong>las urbanizaciones y puntos como por ejemplo el Preventorio. La <strong>carretera de acceso a la Font Roja<\/strong> est\u00e1 cortada y el Ayuntamiento de Alcoy mantiene activo <strong>un operativo especial de emergencia<\/strong> que durante las \u00faltimas horas ha intervenido en <strong>esparcir sal<\/strong> para evitar la formaci\u00f3n de placas de hielo as\u00ed como en retirar la nieve que ha ca\u00eddo. Todo con el fin de <strong>adecuar los accesos a los Pol\u00edgonos Industriales as\u00ed como a las mencionadas urbanizaciones<\/strong>.<\/p>\n<p style=\"text-align: justify;\">Adem\u00e1s<strong> Ibi<\/strong> ha suspendido toda la actividad deportiva y cultural al mismo tiempo que ha cerrado los parques y jardines. Hoy viernes <strong>tampoco habr\u00e1 clase<\/strong> en este \u00faltimo municipio as\u00ed como tampoco en Muro, Castalla y Alfafara. Banyeres de Mariola <strong>ha decidido finalmente suspender la vuelta al cole<\/strong> tras el estado que presentan algunas calles del municipio. En esta \u00faltima localidad el Ayuntamiento recomienda <strong>no recorrer varias calles<\/strong> del casco urbamo ya que <strong>se hab\u00eda acumulado un importante grosor de nieve<\/strong> mientras que las maquinas est\u00e1n actuando con palas para retirar la misma de algunas v\u00edas y de las inmediaciones del Pol\u00edgono Barraquetes.<\/p>\n<p style=\"text-align: justify;\">La <strong>circulaci\u00f3n<\/strong> es complicada en <strong>la A7<\/strong> entre Ibi y Alcoy as\u00ed como en <strong>la Nacional 340<\/strong> a su paso por Alcoy. Est\u00e1n <strong>cortadas<\/strong> v\u00edas como la que conecta nuestra ciudad con Bocairent, la que une la Ermita de Polp con Ibi y la que une Banyeres de Mariola con Onil. La <strong>situaci\u00f3n es complicada<\/strong> en otras carreteras comarcales que dan acceso a Banyeres, Benifallim o Biar. \u00a0Lo\u00a0<strong>puedes consultar<\/strong>\u00a0<span style=\"color: #0000ff;\"><a style=\"color: #0000ff;\" href=\"http:\/\/infocar.dgt.es\/etraffic\/Buscador?caracter=acontecimiento&amp;Camaras=true&amp;SensoresMeteorologico=true&amp;SensoresTrafico=true&amp;Paneles=true&amp;Radares=true&amp;IncidenciasRETENCION=true&amp;IncidenciasOBRAS=false&amp;IncidenciasMETEOROLOGICA=true&amp;IncidenciasPUERTOS=true&amp;IncidenciasOTROS=true&amp;IncidenciasEVENTOS=true&amp;IncidenciasRESTRICCIONES=true&amp;provincia=77&amp;poblacion=&amp;carretera=&amp;PK=&amp;version=mapa&amp;pagina=null&amp;accion_buscar=Buscar\"><strong>aqu\u00ed<\/strong><\/a><\/span><strong>.<\/strong><\/p>\n","protected":false},"excerpt":{"rendered":"<p>La borrasca Filomena sigue haci\u00e9ndose notar en nuestras comarcas desde ayer jueves dejando a su paso nieve, lluvia y fr\u00edo&#8230;.<\/p>\n","protected":false},"author":1,"featured_media":69552,"comment_status":"open","ping_status":"open","sticky":false,"template":"","format":"standard","meta":{"footnotes":""},"categories":[97,75,125],"tags":[482,10587,237,572,574],"class_list":["post-69551","post","type-post","status-publish","format-standard","has-post-thumbnail","hentry","category-alcoy","category-noticias","category-portada","tag-alcoia","tag-borrasca-filomena","tag-comtat","tag-nieve","tag-temporal"],"yoast_head":"<!-- This site is optimized with the Yoast SEO plugin v27.3 - https:\/\/yoast.com\/product\/yoast-seo-wordpress\/ -->\n<title>La nieve aparece en las zonas m\u00e1s altas de Alcoy - COPE Alcoy<\/title>\n<meta name=\"robots\" content=\"index, follow, max-snippet:-1, max-image-preview:large, max-video-preview:-1\" \/>\n<link rel=\"canonical\" href=\"https:\/\/www.copealcoy.es\/es\/la-nieve-aparece-en-las-zonas-mas-altas-de-alcoy\/\" \/>\n<meta property=\"og:locale\" content=\"es_ES\" \/>\n<meta property=\"og:type\" content=\"article\" \/>\n<meta property=\"og:title\" content=\"La nieve aparece en las zonas m\u00e1s altas de Alcoy - COPE Alcoy\" \/>\n<meta property=\"og:description\" content=\"La borrasca Filomena sigue haci\u00e9ndose notar en nuestras comarcas desde ayer jueves dejando a su paso nieve, lluvia y fr\u00edo....\" \/>\n<meta property=\"og:url\" content=\"https:\/\/www.copealcoy.es\/es\/la-nieve-aparece-en-las-zonas-mas-altas-de-alcoy\/\" \/>\n<meta property=\"og:site_name\" content=\"COPE Alcoy\" \/>\n<meta property=\"article:published_time\" content=\"2021-01-08T07:47:11+00:00\" \/>\n<meta property=\"article:modified_time\" content=\"2021-01-09T20:27:01+00:00\" \/>\n<meta property=\"og:image\" content=\"https:\/\/www.copealcoy.es\/wp-content\/uploads\/2021\/01\/1610089084_356309_1610089177_noticia_normal_recorte1.jpg\" \/>\n\t<meta property=\"og:image:width\" content=\"1300\" \/>\n\t<meta property=\"og:image:height\" content=\"975\" \/>\n\t<meta property=\"og:image:type\" content=\"image\/jpeg\" \/>\n<meta name=\"author\" content=\"Cope Alcoy\" \/>\n<meta name=\"twitter:label1\" content=\"Escrito por\" \/>\n\t<meta name=\"twitter:data1\" content=\"Cope Alcoy\" \/>\n\t<meta name=\"twitter:label2\" content=\"Tiempo de lectura\" \/>\n\t<meta name=\"twitter:data2\" content=\"2 minutos\" \/>\n<script type=\"application\/ld+json\" class=\"yoast-schema-graph\">{\"@context\":\"https:\\\/\\\/schema.org\",\"@graph\":[{\"@type\":\"Article\",\"@id\":\"https:\\\/\\\/www.copealcoy.es\\\/es\\\/la-nieve-aparece-en-las-zonas-mas-altas-de-alcoy\\\/#article\",\"isPartOf\":{\"@id\":\"https:\\\/\\\/www.copealcoy.es\\\/es\\\/la-nieve-aparece-en-las-zonas-mas-altas-de-alcoy\\\/\"},\"author\":{\"name\":\"Cope Alcoy\",\"@id\":\"https:\\\/\\\/www.copealcoy.es\\\/es\\\/#\\\/schema\\\/person\\\/e777c87fa024e57d40170af9df39882c\"},\"headline\":\"La nieve aparece en las zonas m\u00e1s altas de Alcoy\",\"datePublished\":\"2021-01-08T07:47:11+00:00\",\"dateModified\":\"2021-01-09T20:27:01+00:00\",\"mainEntityOfPage\":{\"@id\":\"https:\\\/\\\/www.copealcoy.es\\\/es\\\/la-nieve-aparece-en-las-zonas-mas-altas-de-alcoy\\\/\"},\"wordCount\":330,\"commentCount\":0,\"image\":{\"@id\":\"https:\\\/\\\/www.copealcoy.es\\\/es\\\/la-nieve-aparece-en-las-zonas-mas-altas-de-alcoy\\\/#primaryimage\"},\"thumbnailUrl\":\"https:\\\/\\\/www.copealcoy.es\\\/wp-content\\\/uploads\\\/2021\\\/01\\\/1610089084_356309_1610089177_noticia_normal_recorte1.jpg\",\"keywords\":[\"Alcoi\u00e0\",\"Borrasca Filomena\",\"Comtat\",\"Nieve\",\"Temporal\"],\"articleSection\":[\"Alcoy\",\"Noticias\",\"Portada\"],\"inLanguage\":\"es\"},{\"@type\":\"WebPage\",\"@id\":\"https:\\\/\\\/www.copealcoy.es\\\/es\\\/la-nieve-aparece-en-las-zonas-mas-altas-de-alcoy\\\/\",\"url\":\"https:\\\/\\\/www.copealcoy.es\\\/es\\\/la-nieve-aparece-en-las-zonas-mas-altas-de-alcoy\\\/\",\"name\":\"La nieve aparece en las zonas m\u00e1s altas de Alcoy - COPE Alcoy\",\"isPartOf\":{\"@id\":\"https:\\\/\\\/www.copealcoy.es\\\/es\\\/#website\"},\"primaryImageOfPage\":{\"@id\":\"https:\\\/\\\/www.copealcoy.es\\\/es\\\/la-nieve-aparece-en-las-zonas-mas-altas-de-alcoy\\\/#primaryimage\"},\"image\":{\"@id\":\"https:\\\/\\\/www.copealcoy.es\\\/es\\\/la-nieve-aparece-en-las-zonas-mas-altas-de-alcoy\\\/#primaryimage\"},\"thumbnailUrl\":\"https:\\\/\\\/www.copealcoy.es\\\/wp-content\\\/uploads\\\/2021\\\/01\\\/1610089084_356309_1610089177_noticia_normal_recorte1.jpg\",\"datePublished\":\"2021-01-08T07:47:11+00:00\",\"dateModified\":\"2021-01-09T20:27:01+00:00\",\"author\":{\"@id\":\"https:\\\/\\\/www.copealcoy.es\\\/es\\\/#\\\/schema\\\/person\\\/e777c87fa024e57d40170af9df39882c\"},\"breadcrumb\":{\"@id\":\"https:\\\/\\\/www.copealcoy.es\\\/es\\\/la-nieve-aparece-en-las-zonas-mas-altas-de-alcoy\\\/#breadcrumb\"},\"inLanguage\":\"es\",\"potentialAction\":[{\"@type\":\"ReadAction\",\"target\":[\"https:\\\/\\\/www.copealcoy.es\\\/es\\\/la-nieve-aparece-en-las-zonas-mas-altas-de-alcoy\\\/\"]}]},{\"@type\":\"ImageObject\",\"inLanguage\":\"es\",\"@id\":\"https:\\\/\\\/www.copealcoy.es\\\/es\\\/la-nieve-aparece-en-las-zonas-mas-altas-de-alcoy\\\/#primaryimage\",\"url\":\"https:\\\/\\\/www.copealcoy.es\\\/wp-content\\\/uploads\\\/2021\\\/01\\\/1610089084_356309_1610089177_noticia_normal_recorte1.jpg\",\"contentUrl\":\"https:\\\/\\\/www.copealcoy.es\\\/wp-content\\\/uploads\\\/2021\\\/01\\\/1610089084_356309_1610089177_noticia_normal_recorte1.jpg\",\"width\":1300,\"height\":975},{\"@type\":\"BreadcrumbList\",\"@id\":\"https:\\\/\\\/www.copealcoy.es\\\/es\\\/la-nieve-aparece-en-las-zonas-mas-altas-de-alcoy\\\/#breadcrumb\",\"itemListElement\":[{\"@type\":\"ListItem\",\"position\":1,\"name\":\"Portada\",\"item\":\"https:\\\/\\\/www.copealcoy.es\\\/es\\\/\"},{\"@type\":\"ListItem\",\"position\":2,\"name\":\"La nieve aparece en las zonas m\u00e1s altas de Alcoy\"}]},{\"@type\":\"WebSite\",\"@id\":\"https:\\\/\\\/www.copealcoy.es\\\/es\\\/#website\",\"url\":\"https:\\\/\\\/www.copealcoy.es\\\/es\\\/\",\"name\":\"COPE Alcoy\",\"description\":\"Emisora COPE de radio local con emisi\u00f3n online. Pont de Sant Jordi 8-10 03803 Alcoy\",\"potentialAction\":[{\"@type\":\"SearchAction\",\"target\":{\"@type\":\"EntryPoint\",\"urlTemplate\":\"https:\\\/\\\/www.copealcoy.es\\\/es\\\/?s={search_term_string}\"},\"query-input\":{\"@type\":\"PropertyValueSpecification\",\"valueRequired\":true,\"valueName\":\"search_term_string\"}}],\"inLanguage\":\"es\"},{\"@type\":\"Person\",\"@id\":\"https:\\\/\\\/www.copealcoy.es\\\/es\\\/#\\\/schema\\\/person\\\/e777c87fa024e57d40170af9df39882c\",\"name\":\"Cope Alcoy\",\"image\":{\"@type\":\"ImageObject\",\"inLanguage\":\"es\",\"@id\":\"https:\\\/\\\/secure.gravatar.com\\\/avatar\\\/bb65d0283347e303893ba14f0692005417c1e0e690a325a4c5d8bb2b3943ee14?s=96&d=mm&r=g\",\"url\":\"https:\\\/\\\/secure.gravatar.com\\\/avatar\\\/bb65d0283347e303893ba14f0692005417c1e0e690a325a4c5d8bb2b3943ee14?s=96&d=mm&r=g\",\"contentUrl\":\"https:\\\/\\\/secure.gravatar.com\\\/avatar\\\/bb65d0283347e303893ba14f0692005417c1e0e690a325a4c5d8bb2b3943ee14?s=96&d=mm&r=g\",\"caption\":\"Cope Alcoy\"}}]}<\/script>\n<!-- \/ Yoast SEO plugin. -->","yoast_head_json":{"title":"La nieve aparece en las zonas m\u00e1s altas de Alcoy - COPE Alcoy","robots":{"index":"index","follow":"follow","max-snippet":"max-snippet:-1","max-image-preview":"max-image-preview:large","max-video-preview":"max-video-preview:-1"},"canonical":"https:\/\/www.copealcoy.es\/es\/la-nieve-aparece-en-las-zonas-mas-altas-de-alcoy\/","og_locale":"es_ES","og_type":"article","og_title":"La nieve aparece en las zonas m\u00e1s altas de Alcoy - COPE Alcoy","og_description":"La borrasca Filomena sigue haci\u00e9ndose notar en nuestras comarcas desde ayer jueves dejando a su paso nieve, lluvia y fr\u00edo....","og_url":"https:\/\/www.copealcoy.es\/es\/la-nieve-aparece-en-las-zonas-mas-altas-de-alcoy\/","og_site_name":"COPE Alcoy","article_published_time":"2021-01-08T07:47:11+00:00","article_modified_time":"2021-01-09T20:27:01+00:00","og_image":[{"width":1300,"height":975,"url":"https:\/\/www.copealcoy.es\/wp-content\/uploads\/2021\/01\/1610089084_356309_1610089177_noticia_normal_recorte1.jpg","type":"image\/jpeg"}],"author":"Cope Alcoy","twitter_misc":{"Escrito por":"Cope Alcoy","Tiempo de lectura":"2 minutos"},"schema":{"@context":"https:\/\/schema.org","@graph":[{"@type":"Article","@id":"https:\/\/www.copealcoy.es\/es\/la-nieve-aparece-en-las-zonas-mas-altas-de-alcoy\/#article","isPartOf":{"@id":"https:\/\/www.copealcoy.es\/es\/la-nieve-aparece-en-las-zonas-mas-altas-de-alcoy\/"},"author":{"name":"Cope Alcoy","@id":"https:\/\/www.copealcoy.es\/es\/#\/schema\/person\/e777c87fa024e57d40170af9df39882c"},"headline":"La nieve aparece en las zonas m\u00e1s altas de Alcoy","datePublished":"2021-01-08T07:47:11+00:00","dateModified":"2021-01-09T20:27:01+00:00","mainEntityOfPage":{"@id":"https:\/\/www.copealcoy.es\/es\/la-nieve-aparece-en-las-zonas-mas-altas-de-alcoy\/"},"wordCount":330,"commentCount":0,"image":{"@id":"https:\/\/www.copealcoy.es\/es\/la-nieve-aparece-en-las-zonas-mas-altas-de-alcoy\/#primaryimage"},"thumbnailUrl":"https:\/\/www.copealcoy.es\/wp-content\/uploads\/2021\/01\/1610089084_356309_1610089177_noticia_normal_recorte1.jpg","keywords":["Alcoi\u00e0","Borrasca Filomena","Comtat","Nieve","Temporal"],"articleSection":["Alcoy","Noticias","Portada"],"inLanguage":"es"},{"@type":"WebPage","@id":"https:\/\/www.copealcoy.es\/es\/la-nieve-aparece-en-las-zonas-mas-altas-de-alcoy\/","url":"https:\/\/www.copealcoy.es\/es\/la-nieve-aparece-en-las-zonas-mas-altas-de-alcoy\/","name":"La nieve aparece en las zonas m\u00e1s altas de Alcoy - COPE Alcoy","isPartOf":{"@id":"https:\/\/www.copealcoy.es\/es\/#website"},"primaryImageOfPage":{"@id":"https:\/\/www.copealcoy.es\/es\/la-nieve-aparece-en-las-zonas-mas-altas-de-alcoy\/#primaryimage"},"image":{"@id":"https:\/\/www.copealcoy.es\/es\/la-nieve-aparece-en-las-zonas-mas-altas-de-alcoy\/#primaryimage"},"thumbnailUrl":"https:\/\/www.copealcoy.es\/wp-content\/uploads\/2021\/01\/1610089084_356309_1610089177_noticia_normal_recorte1.jpg","datePublished":"2021-01-08T07:47:11+00:00","dateModified":"2021-01-09T20:27:01+00:00","author":{"@id":"https:\/\/www.copealcoy.es\/es\/#\/schema\/person\/e777c87fa024e57d40170af9df39882c"},"breadcrumb":{"@id":"https:\/\/www.copealcoy.es\/es\/la-nieve-aparece-en-las-zonas-mas-altas-de-alcoy\/#breadcrumb"},"inLanguage":"es","potentialAction":[{"@type":"ReadAction","target":["https:\/\/www.copealcoy.es\/es\/la-nieve-aparece-en-las-zonas-mas-altas-de-alcoy\/"]}]},{"@type":"ImageObject","inLanguage":"es","@id":"https:\/\/www.copealcoy.es\/es\/la-nieve-aparece-en-las-zonas-mas-altas-de-alcoy\/#primaryimage","url":"https:\/\/www.copealcoy.es\/wp-content\/uploads\/2021\/01\/1610089084_356309_1610089177_noticia_normal_recorte1.jpg","contentUrl":"https:\/\/www.copealcoy.es\/wp-content\/uploads\/2021\/01\/1610089084_356309_1610089177_noticia_normal_recorte1.jpg","width":1300,"height":975},{"@type":"BreadcrumbList","@id":"https:\/\/www.copealcoy.es\/es\/la-nieve-aparece-en-las-zonas-mas-altas-de-alcoy\/#breadcrumb","itemListElement":[{"@type":"ListItem","position":1,"name":"Portada","item":"https:\/\/www.copealcoy.es\/es\/"},{"@type":"ListItem","position":2,"name":"La nieve aparece en las zonas m\u00e1s altas de Alcoy"}]},{"@type":"WebSite","@id":"https:\/\/www.copealcoy.es\/es\/#website","url":"https:\/\/www.copealcoy.es\/es\/","name":"COPE Alcoy","description":"Emisora COPE de radio local con emisi\u00f3n online. Pont de Sant Jordi 8-10 03803 Alcoy","potentialAction":[{"@type":"SearchAction","target":{"@type":"EntryPoint","urlTemplate":"https:\/\/www.copealcoy.es\/es\/?s={search_term_string}"},"query-input":{"@type":"PropertyValueSpecification","valueRequired":true,"valueName":"search_term_string"}}],"inLanguage":"es"},{"@type":"Person","@id":"https:\/\/www.copealcoy.es\/es\/#\/schema\/person\/e777c87fa024e57d40170af9df39882c","name":"Cope Alcoy","image":{"@type":"ImageObject","inLanguage":"es","@id":"https:\/\/secure.gravatar.com\/avatar\/bb65d0283347e303893ba14f0692005417c1e0e690a325a4c5d8bb2b3943ee14?s=96&d=mm&r=g","url":"https:\/\/secure.gravatar.com\/avatar\/bb65d0283347e303893ba14f0692005417c1e0e690a325a4c5d8bb2b3943ee14?s=96&d=mm&r=g","contentUrl":"https:\/\/secure.gravatar.com\/avatar\/bb65d0283347e303893ba14f0692005417c1e0e690a325a4c5d8bb2b3943ee14?s=96&d=mm&r=g","caption":"Cope Alcoy"}}]}},"_links":{"self":[{"href":"https:\/\/www.copealcoy.es\/es\/wp-json\/wp\/v2\/posts\/69551","targetHints":{"allow":["GET"]}}],"collection":[{"href":"https:\/\/www.copealcoy.es\/es\/wp-json\/wp\/v2\/posts"}],"about":[{"href":"https:\/\/www.copealcoy.es\/es\/wp-json\/wp\/v2\/types\/post"}],"author":[{"embeddable":true,"href":"https:\/\/www.copealcoy.es\/es\/wp-json\/wp\/v2\/users\/1"}],"replies":[{"embeddable":true,"href":"https:\/\/www.copealcoy.es\/es\/wp-json\/wp\/v2\/comments?post=69551"}],"version-history":[{"count":0,"href":"https:\/\/www.copealcoy.es\/es\/wp-json\/wp\/v2\/posts\/69551\/revisions"}],"wp:featuredmedia":[{"embeddable":true,"href":"https:\/\/www.copealcoy.es\/es\/wp-json\/wp\/v2\/media\/69552"}],"wp:attachment":[{"href":"https:\/\/www.copealcoy.es\/es\/wp-json\/wp\/v2\/media?parent=69551"}],"wp:term":[{"taxonomy":"category","embeddable":true,"href":"https:\/\/www.copealcoy.es\/es\/wp-json\/wp\/v2\/categories?post=69551"},{"taxonomy":"post_tag","embeddable":true,"href":"https:\/\/www.copealcoy.es\/es\/wp-json\/wp\/v2\/tags?post=69551"}],"curies":[{"name":"wp","href":"https:\/\/api.w.org\/{rel}","templated":true}]}}