{"id":69535,"date":"2021-01-07T16:47:57","date_gmt":"2021-01-07T15:47:57","guid":{"rendered":"https:\/\/www.copealcoy.es\/?p=69535"},"modified":"2021-01-07T16:54:52","modified_gmt":"2021-01-07T15:54:52","slug":"la-actividad-docente-del-campus-de-la-upv-pasa-a-modalidad-online","status":"publish","type":"post","link":"https:\/\/www.copealcoy.es\/es\/la-actividad-docente-del-campus-de-la-upv-pasa-a-modalidad-online\/","title":{"rendered":"La actividad docente del Campus de la UPV pasa a modalidad online"},"content":{"rendered":"<p class=\"texto_baseGN3\" style=\"text-align: justify;\">La <strong>Universitat Polit\u00e8cnica de Val\u00e8ncia<\/strong> ha decidido pasar toda <strong>la actividad docente del Campus de Alcoy<\/strong> (a excepci\u00f3n de los ex\u00e1menes) a <strong>modalidad on-line<\/strong> el jueves 7 y viernes 8 de enero de 2021. La medida se toma <strong>tras la reuni\u00f3n con el alcalde<\/strong>, dada alta tasa de contagios en la ciudad y la elevada transmisi\u00f3n de la enfermedad.<\/p>\n<p class=\"texto_baseGN3\" style=\"text-align: justify;\">La UPV pide a los alumnos de fuera de la localidad que <strong>no se desplacen a Alcoy a no ser que deban presentarse a un examen<\/strong>. Para estos casos, la instituci\u00f3n <strong>est\u00e1 preparando la documentaci\u00f3n administrativa que permitir\u00e1 a los alumnos acceder a la ciudad<\/strong> en caso de que tengan que realizar un examen presencial.<\/p>\n<p class=\"texto_baseGN3\" style=\"text-align: justify;\">La Biblioteca y las instalaciones deportivas del Campus <strong>continuar\u00e1n asimismo cerradas<\/strong> hasta el domingo 10 de enero, de momento.<\/p>\n","protected":false},"excerpt":{"rendered":"<p>La Universitat Polit\u00e8cnica de Val\u00e8ncia ha decidido pasar toda la actividad docente del Campus de Alcoy (a excepci\u00f3n de los&#8230;<\/p>\n","protected":false},"author":1,"featured_media":45346,"comment_status":"open","ping_status":"open","sticky":false,"template":"","format":"standard","meta":{"footnotes":""},"categories":[97,5374,900,75],"tags":[10592,1732,7281,10050,10593],"class_list":["post-69535","post","type-post","status-publish","format-standard","has-post-thumbnail","hentry","category-alcoy","category-campus-de-alcoy","category-educacion","category-noticias","tag-actividad-docente","tag-campus-alcoy","tag-coronavirus","tag-crisis-sanitaria","tag-modalidad-online"],"yoast_head":"<!-- This site is optimized with the Yoast SEO plugin v27.3 - https:\/\/yoast.com\/product\/yoast-seo-wordpress\/ -->\n<title>La actividad docente del Campus de la UPV pasa a modalidad online - COPE Alcoy<\/title>\n<meta name=\"robots\" content=\"index, follow, max-snippet:-1, max-image-preview:large, max-video-preview:-1\" \/>\n<link rel=\"canonical\" href=\"https:\/\/www.copealcoy.es\/es\/la-actividad-docente-del-campus-de-la-upv-pasa-a-modalidad-online\/\" \/>\n<meta property=\"og:locale\" content=\"es_ES\" \/>\n<meta property=\"og:type\" content=\"article\" \/>\n<meta property=\"og:title\" content=\"La actividad docente del Campus de la UPV pasa a modalidad online - COPE Alcoy\" \/>\n<meta property=\"og:description\" content=\"La Universitat Polit\u00e8cnica de Val\u00e8ncia ha decidido pasar toda la actividad docente del Campus de Alcoy (a excepci\u00f3n de los...\" \/>\n<meta property=\"og:url\" content=\"https:\/\/www.copealcoy.es\/es\/la-actividad-docente-del-campus-de-la-upv-pasa-a-modalidad-online\/\" \/>\n<meta property=\"og:site_name\" content=\"COPE Alcoy\" \/>\n<meta property=\"article:published_time\" content=\"2021-01-07T15:47:57+00:00\" \/>\n<meta property=\"article:modified_time\" content=\"2021-01-07T15:54:52+00:00\" \/>\n<meta property=\"og:image\" content=\"https:\/\/www.copealcoy.es\/wp-content\/uploads\/2018\/09\/CAMPUS.jpg\" \/>\n\t<meta property=\"og:image:width\" content=\"1024\" \/>\n\t<meta property=\"og:image:height\" content=\"768\" \/>\n\t<meta property=\"og:image:type\" content=\"image\/jpeg\" \/>\n<meta name=\"author\" content=\"Cope Alcoy\" \/>\n<meta name=\"twitter:label1\" content=\"Escrito por\" \/>\n\t<meta name=\"twitter:data1\" content=\"Cope Alcoy\" \/>\n\t<meta name=\"twitter:label2\" content=\"Tiempo de lectura\" \/>\n\t<meta name=\"twitter:data2\" content=\"1 minuto\" \/>\n<script type=\"application\/ld+json\" class=\"yoast-schema-graph\">{\"@context\":\"https:\\\/\\\/schema.org\",\"@graph\":[{\"@type\":\"Article\",\"@id\":\"https:\\\/\\\/www.copealcoy.es\\\/es\\\/la-actividad-docente-del-campus-de-la-upv-pasa-a-modalidad-online\\\/#article\",\"isPartOf\":{\"@id\":\"https:\\\/\\\/www.copealcoy.es\\\/es\\\/la-actividad-docente-del-campus-de-la-upv-pasa-a-modalidad-online\\\/\"},\"author\":{\"name\":\"Cope Alcoy\",\"@id\":\"https:\\\/\\\/www.copealcoy.es\\\/es\\\/#\\\/schema\\\/person\\\/e777c87fa024e57d40170af9df39882c\"},\"headline\":\"La actividad docente del Campus de la UPV pasa a modalidad online\",\"datePublished\":\"2021-01-07T15:47:57+00:00\",\"dateModified\":\"2021-01-07T15:54:52+00:00\",\"mainEntityOfPage\":{\"@id\":\"https:\\\/\\\/www.copealcoy.es\\\/es\\\/la-actividad-docente-del-campus-de-la-upv-pasa-a-modalidad-online\\\/\"},\"wordCount\":150,\"commentCount\":0,\"image\":{\"@id\":\"https:\\\/\\\/www.copealcoy.es\\\/es\\\/la-actividad-docente-del-campus-de-la-upv-pasa-a-modalidad-online\\\/#primaryimage\"},\"thumbnailUrl\":\"https:\\\/\\\/www.copealcoy.es\\\/wp-content\\\/uploads\\\/2018\\\/09\\\/CAMPUS.jpg\",\"keywords\":[\"actividad docente\",\"Campus Alcoy\",\"Coronavirus\",\"crisis sanitaria\",\"modalidad online\"],\"articleSection\":[\"Alcoy\",\"Campus de Alcoy\",\"Educaci\u00f3n\",\"Noticias\"],\"inLanguage\":\"es\"},{\"@type\":\"WebPage\",\"@id\":\"https:\\\/\\\/www.copealcoy.es\\\/es\\\/la-actividad-docente-del-campus-de-la-upv-pasa-a-modalidad-online\\\/\",\"url\":\"https:\\\/\\\/www.copealcoy.es\\\/es\\\/la-actividad-docente-del-campus-de-la-upv-pasa-a-modalidad-online\\\/\",\"name\":\"La actividad docente del Campus de la UPV pasa a modalidad online - COPE Alcoy\",\"isPartOf\":{\"@id\":\"https:\\\/\\\/www.copealcoy.es\\\/es\\\/#website\"},\"primaryImageOfPage\":{\"@id\":\"https:\\\/\\\/www.copealcoy.es\\\/es\\\/la-actividad-docente-del-campus-de-la-upv-pasa-a-modalidad-online\\\/#primaryimage\"},\"image\":{\"@id\":\"https:\\\/\\\/www.copealcoy.es\\\/es\\\/la-actividad-docente-del-campus-de-la-upv-pasa-a-modalidad-online\\\/#primaryimage\"},\"thumbnailUrl\":\"https:\\\/\\\/www.copealcoy.es\\\/wp-content\\\/uploads\\\/2018\\\/09\\\/CAMPUS.jpg\",\"datePublished\":\"2021-01-07T15:47:57+00:00\",\"dateModified\":\"2021-01-07T15:54:52+00:00\",\"author\":{\"@id\":\"https:\\\/\\\/www.copealcoy.es\\\/es\\\/#\\\/schema\\\/person\\\/e777c87fa024e57d40170af9df39882c\"},\"breadcrumb\":{\"@id\":\"https:\\\/\\\/www.copealcoy.es\\\/es\\\/la-actividad-docente-del-campus-de-la-upv-pasa-a-modalidad-online\\\/#breadcrumb\"},\"inLanguage\":\"es\",\"potentialAction\":[{\"@type\":\"ReadAction\",\"target\":[\"https:\\\/\\\/www.copealcoy.es\\\/es\\\/la-actividad-docente-del-campus-de-la-upv-pasa-a-modalidad-online\\\/\"]}]},{\"@type\":\"ImageObject\",\"inLanguage\":\"es\",\"@id\":\"https:\\\/\\\/www.copealcoy.es\\\/es\\\/la-actividad-docente-del-campus-de-la-upv-pasa-a-modalidad-online\\\/#primaryimage\",\"url\":\"https:\\\/\\\/www.copealcoy.es\\\/wp-content\\\/uploads\\\/2018\\\/09\\\/CAMPUS.jpg\",\"contentUrl\":\"https:\\\/\\\/www.copealcoy.es\\\/wp-content\\\/uploads\\\/2018\\\/09\\\/CAMPUS.jpg\",\"width\":1024,\"height\":768},{\"@type\":\"BreadcrumbList\",\"@id\":\"https:\\\/\\\/www.copealcoy.es\\\/es\\\/la-actividad-docente-del-campus-de-la-upv-pasa-a-modalidad-online\\\/#breadcrumb\",\"itemListElement\":[{\"@type\":\"ListItem\",\"position\":1,\"name\":\"Portada\",\"item\":\"https:\\\/\\\/www.copealcoy.es\\\/es\\\/\"},{\"@type\":\"ListItem\",\"position\":2,\"name\":\"La actividad docente del Campus de la UPV pasa a modalidad online\"}]},{\"@type\":\"WebSite\",\"@id\":\"https:\\\/\\\/www.copealcoy.es\\\/es\\\/#website\",\"url\":\"https:\\\/\\\/www.copealcoy.es\\\/es\\\/\",\"name\":\"COPE Alcoy\",\"description\":\"Emisora COPE de radio local con emisi\u00f3n online. Pont de Sant Jordi 8-10 03803 Alcoy\",\"potentialAction\":[{\"@type\":\"SearchAction\",\"target\":{\"@type\":\"EntryPoint\",\"urlTemplate\":\"https:\\\/\\\/www.copealcoy.es\\\/es\\\/?s={search_term_string}\"},\"query-input\":{\"@type\":\"PropertyValueSpecification\",\"valueRequired\":true,\"valueName\":\"search_term_string\"}}],\"inLanguage\":\"es\"},{\"@type\":\"Person\",\"@id\":\"https:\\\/\\\/www.copealcoy.es\\\/es\\\/#\\\/schema\\\/person\\\/e777c87fa024e57d40170af9df39882c\",\"name\":\"Cope Alcoy\",\"image\":{\"@type\":\"ImageObject\",\"inLanguage\":\"es\",\"@id\":\"https:\\\/\\\/secure.gravatar.com\\\/avatar\\\/bb65d0283347e303893ba14f0692005417c1e0e690a325a4c5d8bb2b3943ee14?s=96&d=mm&r=g\",\"url\":\"https:\\\/\\\/secure.gravatar.com\\\/avatar\\\/bb65d0283347e303893ba14f0692005417c1e0e690a325a4c5d8bb2b3943ee14?s=96&d=mm&r=g\",\"contentUrl\":\"https:\\\/\\\/secure.gravatar.com\\\/avatar\\\/bb65d0283347e303893ba14f0692005417c1e0e690a325a4c5d8bb2b3943ee14?s=96&d=mm&r=g\",\"caption\":\"Cope Alcoy\"}}]}<\/script>\n<!-- \/ Yoast SEO plugin. -->","yoast_head_json":{"title":"La actividad docente del Campus de la UPV pasa a modalidad online - COPE Alcoy","robots":{"index":"index","follow":"follow","max-snippet":"max-snippet:-1","max-image-preview":"max-image-preview:large","max-video-preview":"max-video-preview:-1"},"canonical":"https:\/\/www.copealcoy.es\/es\/la-actividad-docente-del-campus-de-la-upv-pasa-a-modalidad-online\/","og_locale":"es_ES","og_type":"article","og_title":"La actividad docente del Campus de la UPV pasa a modalidad online - COPE Alcoy","og_description":"La Universitat Polit\u00e8cnica de Val\u00e8ncia ha decidido pasar toda la actividad docente del Campus de Alcoy (a excepci\u00f3n de los...","og_url":"https:\/\/www.copealcoy.es\/es\/la-actividad-docente-del-campus-de-la-upv-pasa-a-modalidad-online\/","og_site_name":"COPE Alcoy","article_published_time":"2021-01-07T15:47:57+00:00","article_modified_time":"2021-01-07T15:54:52+00:00","og_image":[{"width":1024,"height":768,"url":"https:\/\/www.copealcoy.es\/wp-content\/uploads\/2018\/09\/CAMPUS.jpg","type":"image\/jpeg"}],"author":"Cope Alcoy","twitter_misc":{"Escrito por":"Cope Alcoy","Tiempo de lectura":"1 minuto"},"schema":{"@context":"https:\/\/schema.org","@graph":[{"@type":"Article","@id":"https:\/\/www.copealcoy.es\/es\/la-actividad-docente-del-campus-de-la-upv-pasa-a-modalidad-online\/#article","isPartOf":{"@id":"https:\/\/www.copealcoy.es\/es\/la-actividad-docente-del-campus-de-la-upv-pasa-a-modalidad-online\/"},"author":{"name":"Cope Alcoy","@id":"https:\/\/www.copealcoy.es\/es\/#\/schema\/person\/e777c87fa024e57d40170af9df39882c"},"headline":"La actividad docente del Campus de la UPV pasa a modalidad online","datePublished":"2021-01-07T15:47:57+00:00","dateModified":"2021-01-07T15:54:52+00:00","mainEntityOfPage":{"@id":"https:\/\/www.copealcoy.es\/es\/la-actividad-docente-del-campus-de-la-upv-pasa-a-modalidad-online\/"},"wordCount":150,"commentCount":0,"image":{"@id":"https:\/\/www.copealcoy.es\/es\/la-actividad-docente-del-campus-de-la-upv-pasa-a-modalidad-online\/#primaryimage"},"thumbnailUrl":"https:\/\/www.copealcoy.es\/wp-content\/uploads\/2018\/09\/CAMPUS.jpg","keywords":["actividad docente","Campus Alcoy","Coronavirus","crisis sanitaria","modalidad online"],"articleSection":["Alcoy","Campus de Alcoy","Educaci\u00f3n","Noticias"],"inLanguage":"es"},{"@type":"WebPage","@id":"https:\/\/www.copealcoy.es\/es\/la-actividad-docente-del-campus-de-la-upv-pasa-a-modalidad-online\/","url":"https:\/\/www.copealcoy.es\/es\/la-actividad-docente-del-campus-de-la-upv-pasa-a-modalidad-online\/","name":"La actividad docente del Campus de la UPV pasa a modalidad online - COPE Alcoy","isPartOf":{"@id":"https:\/\/www.copealcoy.es\/es\/#website"},"primaryImageOfPage":{"@id":"https:\/\/www.copealcoy.es\/es\/la-actividad-docente-del-campus-de-la-upv-pasa-a-modalidad-online\/#primaryimage"},"image":{"@id":"https:\/\/www.copealcoy.es\/es\/la-actividad-docente-del-campus-de-la-upv-pasa-a-modalidad-online\/#primaryimage"},"thumbnailUrl":"https:\/\/www.copealcoy.es\/wp-content\/uploads\/2018\/09\/CAMPUS.jpg","datePublished":"2021-01-07T15:47:57+00:00","dateModified":"2021-01-07T15:54:52+00:00","author":{"@id":"https:\/\/www.copealcoy.es\/es\/#\/schema\/person\/e777c87fa024e57d40170af9df39882c"},"breadcrumb":{"@id":"https:\/\/www.copealcoy.es\/es\/la-actividad-docente-del-campus-de-la-upv-pasa-a-modalidad-online\/#breadcrumb"},"inLanguage":"es","potentialAction":[{"@type":"ReadAction","target":["https:\/\/www.copealcoy.es\/es\/la-actividad-docente-del-campus-de-la-upv-pasa-a-modalidad-online\/"]}]},{"@type":"ImageObject","inLanguage":"es","@id":"https:\/\/www.copealcoy.es\/es\/la-actividad-docente-del-campus-de-la-upv-pasa-a-modalidad-online\/#primaryimage","url":"https:\/\/www.copealcoy.es\/wp-content\/uploads\/2018\/09\/CAMPUS.jpg","contentUrl":"https:\/\/www.copealcoy.es\/wp-content\/uploads\/2018\/09\/CAMPUS.jpg","width":1024,"height":768},{"@type":"BreadcrumbList","@id":"https:\/\/www.copealcoy.es\/es\/la-actividad-docente-del-campus-de-la-upv-pasa-a-modalidad-online\/#breadcrumb","itemListElement":[{"@type":"ListItem","position":1,"name":"Portada","item":"https:\/\/www.copealcoy.es\/es\/"},{"@type":"ListItem","position":2,"name":"La actividad docente del Campus de la UPV pasa a modalidad online"}]},{"@type":"WebSite","@id":"https:\/\/www.copealcoy.es\/es\/#website","url":"https:\/\/www.copealcoy.es\/es\/","name":"COPE Alcoy","description":"Emisora COPE de radio local con emisi\u00f3n online. Pont de Sant Jordi 8-10 03803 Alcoy","potentialAction":[{"@type":"SearchAction","target":{"@type":"EntryPoint","urlTemplate":"https:\/\/www.copealcoy.es\/es\/?s={search_term_string}"},"query-input":{"@type":"PropertyValueSpecification","valueRequired":true,"valueName":"search_term_string"}}],"inLanguage":"es"},{"@type":"Person","@id":"https:\/\/www.copealcoy.es\/es\/#\/schema\/person\/e777c87fa024e57d40170af9df39882c","name":"Cope Alcoy","image":{"@type":"ImageObject","inLanguage":"es","@id":"https:\/\/secure.gravatar.com\/avatar\/bb65d0283347e303893ba14f0692005417c1e0e690a325a4c5d8bb2b3943ee14?s=96&d=mm&r=g","url":"https:\/\/secure.gravatar.com\/avatar\/bb65d0283347e303893ba14f0692005417c1e0e690a325a4c5d8bb2b3943ee14?s=96&d=mm&r=g","contentUrl":"https:\/\/secure.gravatar.com\/avatar\/bb65d0283347e303893ba14f0692005417c1e0e690a325a4c5d8bb2b3943ee14?s=96&d=mm&r=g","caption":"Cope Alcoy"}}]}},"_links":{"self":[{"href":"https:\/\/www.copealcoy.es\/es\/wp-json\/wp\/v2\/posts\/69535","targetHints":{"allow":["GET"]}}],"collection":[{"href":"https:\/\/www.copealcoy.es\/es\/wp-json\/wp\/v2\/posts"}],"about":[{"href":"https:\/\/www.copealcoy.es\/es\/wp-json\/wp\/v2\/types\/post"}],"author":[{"embeddable":true,"href":"https:\/\/www.copealcoy.es\/es\/wp-json\/wp\/v2\/users\/1"}],"replies":[{"embeddable":true,"href":"https:\/\/www.copealcoy.es\/es\/wp-json\/wp\/v2\/comments?post=69535"}],"version-history":[{"count":0,"href":"https:\/\/www.copealcoy.es\/es\/wp-json\/wp\/v2\/posts\/69535\/revisions"}],"wp:featuredmedia":[{"embeddable":true,"href":"https:\/\/www.copealcoy.es\/es\/wp-json\/wp\/v2\/media\/45346"}],"wp:attachment":[{"href":"https:\/\/www.copealcoy.es\/es\/wp-json\/wp\/v2\/media?parent=69535"}],"wp:term":[{"taxonomy":"category","embeddable":true,"href":"https:\/\/www.copealcoy.es\/es\/wp-json\/wp\/v2\/categories?post=69535"},{"taxonomy":"post_tag","embeddable":true,"href":"https:\/\/www.copealcoy.es\/es\/wp-json\/wp\/v2\/tags?post=69535"}],"curies":[{"name":"wp","href":"https:\/\/api.w.org\/{rel}","templated":true}]}}