{"id":69474,"date":"2021-01-06T12:03:23","date_gmt":"2021-01-06T11:03:23","guid":{"rendered":"https:\/\/www.copealcoy.es\/?p=69474"},"modified":"2021-01-06T12:15:03","modified_gmt":"2021-01-06T11:15:03","slug":"els-reis-mags-arribaren-a-muro-en-una-cavalcada-estatica","status":"publish","type":"post","link":"https:\/\/www.copealcoy.es\/es\/els-reis-mags-arribaren-a-muro-en-una-cavalcada-estatica\/","title":{"rendered":"Els Reis Mags arribaren a Muro en una Cavalcada est\u00e0tica"},"content":{"rendered":"<p style=\"text-align: justify;\">Muro va rebre ahir als <strong>Reis de l&#8217;Orient<\/strong> i ho va fer mitjan\u00e7ant <strong>un acte ins\u00f2lit que va comptar amb totes les mesures de seguretat<\/strong> per a frenar la propagaci\u00f3 del Coronavirus.<\/p>\n<p style=\"text-align: justify;\">La Cavalcada <strong>fou est\u00e0tica<\/strong> i va tindre lloc a <strong>la <span class=\"hiddenGrammarError\">Pla\u00e7a<\/span> de l&#8217;Ermita<\/strong> des de les quatre i mitja de la vesprada fins a les huit i mitja de la nit. All\u00ed, a les portes de l&#8217;esgl\u00e9sia de la patrona i davant l&#8217;atenta mirada de la Verge dels Desemparats, <strong>es va instal\u00b7lar l&#8217;assentament<\/strong> on pod\u00edem veure regals, patges preparant paquets, camells, burretes i un xicotet escenari flanquejat per tres corones reials. All\u00ed van quedar situats <strong>Melcior, Gaspar i Baltasar<\/strong> i des d&#8217;aquesta posici\u00f3 privilegiada <strong>van rebre a centenars de xiquets acompanyats de les seues fam\u00edlies<\/strong>. Tots ells van fer <strong>un recorregut acotat per tanques<\/strong> i van accedir al recinte <strong>seguint l&#8217;ordre marcat pels tiquets<\/strong> que es van retirar pr\u00e8viament al Centre Cultural de Muro.<\/p>\n<p style=\"text-align: justify;\">El dia de la vespra de Reis va finalitzar amb el <strong>llan\u00e7ament d&#8217;un castell de focs artificials<\/strong> i amb la promesa dels monarques de <strong>tornar al poble l&#8217;any que ve<\/strong> de la m\u00e0 de <strong>l&#8217;Associaci\u00f3 Cultural dels Reis Mags<\/strong>, una entitat que s&#8217;ha creat enguany i que a partir d&#8217;ara <strong>treballar\u00e0 de valent<\/strong> per a mantindre viva una tradici\u00f3 que compta amb molts anys d&#8217;antiguitat.<\/p>\n","protected":false},"excerpt":{"rendered":"<p>Muro va rebre ahir als Reis de l&#8217;Orient i ho va fer mitjan\u00e7ant un acte ins\u00f2lit que va comptar amb&#8230;<\/p>\n","protected":false},"author":1,"featured_media":69475,"comment_status":"open","ping_status":"open","sticky":false,"template":"","format":"standard","meta":{"footnotes":""},"categories":[98,75],"tags":[10554,10584,7281,10041,135,10136],"class_list":["post-69474","post","type-post","status-publish","format-standard","has-post-thumbnail","hentry","category-comarcas","category-noticias","tag-associacio-cultural-reis-mags","tag-cavalcada-estatica","tag-coronavirus","tag-crisi-sanitaria","tag-muro","tag-reis-mags"],"yoast_head":"<!-- This site is optimized with the Yoast SEO plugin v27.3 - https:\/\/yoast.com\/product\/yoast-seo-wordpress\/ -->\n<title>Els Reis Mags arribaren a Muro en una Cavalcada est\u00e0tica - COPE Alcoy<\/title>\n<meta name=\"robots\" content=\"index, follow, max-snippet:-1, max-image-preview:large, max-video-preview:-1\" \/>\n<link rel=\"canonical\" href=\"https:\/\/www.copealcoy.es\/es\/els-reis-mags-arribaren-a-muro-en-una-cavalcada-estatica\/\" \/>\n<meta property=\"og:locale\" content=\"es_ES\" \/>\n<meta property=\"og:type\" content=\"article\" \/>\n<meta property=\"og:title\" content=\"Els Reis Mags arribaren a Muro en una Cavalcada est\u00e0tica - COPE Alcoy\" \/>\n<meta property=\"og:description\" content=\"Muro va rebre ahir als Reis de l&#8217;Orient i ho va fer mitjan\u00e7ant un acte ins\u00f2lit que va comptar amb...\" \/>\n<meta property=\"og:url\" content=\"https:\/\/www.copealcoy.es\/es\/els-reis-mags-arribaren-a-muro-en-una-cavalcada-estatica\/\" \/>\n<meta property=\"og:site_name\" content=\"COPE Alcoy\" \/>\n<meta property=\"article:published_time\" content=\"2021-01-06T11:03:23+00:00\" \/>\n<meta property=\"article:modified_time\" content=\"2021-01-06T11:15:03+00:00\" \/>\n<meta property=\"og:image\" content=\"https:\/\/www.copealcoy.es\/wp-content\/uploads\/2021\/01\/135769632_2278150145661791_2524168605124785000_o-e1609930985190.jpg\" \/>\n\t<meta property=\"og:image:width\" content=\"1429\" \/>\n\t<meta property=\"og:image:height\" content=\"809\" \/>\n\t<meta property=\"og:image:type\" content=\"image\/jpeg\" \/>\n<meta name=\"author\" content=\"Cope Alcoy\" \/>\n<meta name=\"twitter:label1\" content=\"Escrito por\" \/>\n\t<meta name=\"twitter:data1\" content=\"Cope Alcoy\" \/>\n\t<meta name=\"twitter:label2\" content=\"Tiempo de lectura\" \/>\n\t<meta name=\"twitter:data2\" content=\"1 minuto\" \/>\n<script type=\"application\/ld+json\" class=\"yoast-schema-graph\">{\"@context\":\"https:\\\/\\\/schema.org\",\"@graph\":[{\"@type\":\"Article\",\"@id\":\"https:\\\/\\\/www.copealcoy.es\\\/es\\\/els-reis-mags-arribaren-a-muro-en-una-cavalcada-estatica\\\/#article\",\"isPartOf\":{\"@id\":\"https:\\\/\\\/www.copealcoy.es\\\/es\\\/els-reis-mags-arribaren-a-muro-en-una-cavalcada-estatica\\\/\"},\"author\":{\"name\":\"Cope Alcoy\",\"@id\":\"https:\\\/\\\/www.copealcoy.es\\\/es\\\/#\\\/schema\\\/person\\\/e777c87fa024e57d40170af9df39882c\"},\"headline\":\"Els Reis Mags arribaren a Muro en una Cavalcada est\u00e0tica\",\"datePublished\":\"2021-01-06T11:03:23+00:00\",\"dateModified\":\"2021-01-06T11:15:03+00:00\",\"mainEntityOfPage\":{\"@id\":\"https:\\\/\\\/www.copealcoy.es\\\/es\\\/els-reis-mags-arribaren-a-muro-en-una-cavalcada-estatica\\\/\"},\"wordCount\":255,\"commentCount\":0,\"image\":{\"@id\":\"https:\\\/\\\/www.copealcoy.es\\\/es\\\/els-reis-mags-arribaren-a-muro-en-una-cavalcada-estatica\\\/#primaryimage\"},\"thumbnailUrl\":\"https:\\\/\\\/www.copealcoy.es\\\/wp-content\\\/uploads\\\/2021\\\/01\\\/135769632_2278150145661791_2524168605124785000_o-e1609930985190.jpg\",\"keywords\":[\"Associaci\u00f3 Cultural Reis Mags\",\"Cavalcada est\u00e0tica\",\"Coronavirus\",\"crisi sanit\u00e0ria\",\"Muro\",\"Reis Mags\"],\"articleSection\":[\"Comarcas\",\"Noticias\"],\"inLanguage\":\"es\"},{\"@type\":\"WebPage\",\"@id\":\"https:\\\/\\\/www.copealcoy.es\\\/es\\\/els-reis-mags-arribaren-a-muro-en-una-cavalcada-estatica\\\/\",\"url\":\"https:\\\/\\\/www.copealcoy.es\\\/es\\\/els-reis-mags-arribaren-a-muro-en-una-cavalcada-estatica\\\/\",\"name\":\"Els Reis Mags arribaren a Muro en una Cavalcada est\u00e0tica - COPE Alcoy\",\"isPartOf\":{\"@id\":\"https:\\\/\\\/www.copealcoy.es\\\/es\\\/#website\"},\"primaryImageOfPage\":{\"@id\":\"https:\\\/\\\/www.copealcoy.es\\\/es\\\/els-reis-mags-arribaren-a-muro-en-una-cavalcada-estatica\\\/#primaryimage\"},\"image\":{\"@id\":\"https:\\\/\\\/www.copealcoy.es\\\/es\\\/els-reis-mags-arribaren-a-muro-en-una-cavalcada-estatica\\\/#primaryimage\"},\"thumbnailUrl\":\"https:\\\/\\\/www.copealcoy.es\\\/wp-content\\\/uploads\\\/2021\\\/01\\\/135769632_2278150145661791_2524168605124785000_o-e1609930985190.jpg\",\"datePublished\":\"2021-01-06T11:03:23+00:00\",\"dateModified\":\"2021-01-06T11:15:03+00:00\",\"author\":{\"@id\":\"https:\\\/\\\/www.copealcoy.es\\\/es\\\/#\\\/schema\\\/person\\\/e777c87fa024e57d40170af9df39882c\"},\"breadcrumb\":{\"@id\":\"https:\\\/\\\/www.copealcoy.es\\\/es\\\/els-reis-mags-arribaren-a-muro-en-una-cavalcada-estatica\\\/#breadcrumb\"},\"inLanguage\":\"es\",\"potentialAction\":[{\"@type\":\"ReadAction\",\"target\":[\"https:\\\/\\\/www.copealcoy.es\\\/es\\\/els-reis-mags-arribaren-a-muro-en-una-cavalcada-estatica\\\/\"]}]},{\"@type\":\"ImageObject\",\"inLanguage\":\"es\",\"@id\":\"https:\\\/\\\/www.copealcoy.es\\\/es\\\/els-reis-mags-arribaren-a-muro-en-una-cavalcada-estatica\\\/#primaryimage\",\"url\":\"https:\\\/\\\/www.copealcoy.es\\\/wp-content\\\/uploads\\\/2021\\\/01\\\/135769632_2278150145661791_2524168605124785000_o-e1609930985190.jpg\",\"contentUrl\":\"https:\\\/\\\/www.copealcoy.es\\\/wp-content\\\/uploads\\\/2021\\\/01\\\/135769632_2278150145661791_2524168605124785000_o-e1609930985190.jpg\",\"width\":1429,\"height\":809},{\"@type\":\"BreadcrumbList\",\"@id\":\"https:\\\/\\\/www.copealcoy.es\\\/es\\\/els-reis-mags-arribaren-a-muro-en-una-cavalcada-estatica\\\/#breadcrumb\",\"itemListElement\":[{\"@type\":\"ListItem\",\"position\":1,\"name\":\"Portada\",\"item\":\"https:\\\/\\\/www.copealcoy.es\\\/es\\\/\"},{\"@type\":\"ListItem\",\"position\":2,\"name\":\"Els Reis Mags arribaren a Muro en una Cavalcada est\u00e0tica\"}]},{\"@type\":\"WebSite\",\"@id\":\"https:\\\/\\\/www.copealcoy.es\\\/es\\\/#website\",\"url\":\"https:\\\/\\\/www.copealcoy.es\\\/es\\\/\",\"name\":\"COPE Alcoy\",\"description\":\"Emisora COPE de radio local con emisi\u00f3n online. Pont de Sant Jordi 8-10 03803 Alcoy\",\"potentialAction\":[{\"@type\":\"SearchAction\",\"target\":{\"@type\":\"EntryPoint\",\"urlTemplate\":\"https:\\\/\\\/www.copealcoy.es\\\/es\\\/?s={search_term_string}\"},\"query-input\":{\"@type\":\"PropertyValueSpecification\",\"valueRequired\":true,\"valueName\":\"search_term_string\"}}],\"inLanguage\":\"es\"},{\"@type\":\"Person\",\"@id\":\"https:\\\/\\\/www.copealcoy.es\\\/es\\\/#\\\/schema\\\/person\\\/e777c87fa024e57d40170af9df39882c\",\"name\":\"Cope Alcoy\",\"image\":{\"@type\":\"ImageObject\",\"inLanguage\":\"es\",\"@id\":\"https:\\\/\\\/secure.gravatar.com\\\/avatar\\\/bb65d0283347e303893ba14f0692005417c1e0e690a325a4c5d8bb2b3943ee14?s=96&d=mm&r=g\",\"url\":\"https:\\\/\\\/secure.gravatar.com\\\/avatar\\\/bb65d0283347e303893ba14f0692005417c1e0e690a325a4c5d8bb2b3943ee14?s=96&d=mm&r=g\",\"contentUrl\":\"https:\\\/\\\/secure.gravatar.com\\\/avatar\\\/bb65d0283347e303893ba14f0692005417c1e0e690a325a4c5d8bb2b3943ee14?s=96&d=mm&r=g\",\"caption\":\"Cope Alcoy\"}}]}<\/script>\n<!-- \/ Yoast SEO plugin. -->","yoast_head_json":{"title":"Els Reis Mags arribaren a Muro en una Cavalcada est\u00e0tica - COPE Alcoy","robots":{"index":"index","follow":"follow","max-snippet":"max-snippet:-1","max-image-preview":"max-image-preview:large","max-video-preview":"max-video-preview:-1"},"canonical":"https:\/\/www.copealcoy.es\/es\/els-reis-mags-arribaren-a-muro-en-una-cavalcada-estatica\/","og_locale":"es_ES","og_type":"article","og_title":"Els Reis Mags arribaren a Muro en una Cavalcada est\u00e0tica - COPE Alcoy","og_description":"Muro va rebre ahir als Reis de l&#8217;Orient i ho va fer mitjan\u00e7ant un acte ins\u00f2lit que va comptar amb...","og_url":"https:\/\/www.copealcoy.es\/es\/els-reis-mags-arribaren-a-muro-en-una-cavalcada-estatica\/","og_site_name":"COPE Alcoy","article_published_time":"2021-01-06T11:03:23+00:00","article_modified_time":"2021-01-06T11:15:03+00:00","og_image":[{"width":1429,"height":809,"url":"https:\/\/www.copealcoy.es\/wp-content\/uploads\/2021\/01\/135769632_2278150145661791_2524168605124785000_o-e1609930985190.jpg","type":"image\/jpeg"}],"author":"Cope Alcoy","twitter_misc":{"Escrito por":"Cope Alcoy","Tiempo de lectura":"1 minuto"},"schema":{"@context":"https:\/\/schema.org","@graph":[{"@type":"Article","@id":"https:\/\/www.copealcoy.es\/es\/els-reis-mags-arribaren-a-muro-en-una-cavalcada-estatica\/#article","isPartOf":{"@id":"https:\/\/www.copealcoy.es\/es\/els-reis-mags-arribaren-a-muro-en-una-cavalcada-estatica\/"},"author":{"name":"Cope Alcoy","@id":"https:\/\/www.copealcoy.es\/es\/#\/schema\/person\/e777c87fa024e57d40170af9df39882c"},"headline":"Els Reis Mags arribaren a Muro en una Cavalcada est\u00e0tica","datePublished":"2021-01-06T11:03:23+00:00","dateModified":"2021-01-06T11:15:03+00:00","mainEntityOfPage":{"@id":"https:\/\/www.copealcoy.es\/es\/els-reis-mags-arribaren-a-muro-en-una-cavalcada-estatica\/"},"wordCount":255,"commentCount":0,"image":{"@id":"https:\/\/www.copealcoy.es\/es\/els-reis-mags-arribaren-a-muro-en-una-cavalcada-estatica\/#primaryimage"},"thumbnailUrl":"https:\/\/www.copealcoy.es\/wp-content\/uploads\/2021\/01\/135769632_2278150145661791_2524168605124785000_o-e1609930985190.jpg","keywords":["Associaci\u00f3 Cultural Reis Mags","Cavalcada est\u00e0tica","Coronavirus","crisi sanit\u00e0ria","Muro","Reis Mags"],"articleSection":["Comarcas","Noticias"],"inLanguage":"es"},{"@type":"WebPage","@id":"https:\/\/www.copealcoy.es\/es\/els-reis-mags-arribaren-a-muro-en-una-cavalcada-estatica\/","url":"https:\/\/www.copealcoy.es\/es\/els-reis-mags-arribaren-a-muro-en-una-cavalcada-estatica\/","name":"Els Reis Mags arribaren a Muro en una Cavalcada est\u00e0tica - COPE Alcoy","isPartOf":{"@id":"https:\/\/www.copealcoy.es\/es\/#website"},"primaryImageOfPage":{"@id":"https:\/\/www.copealcoy.es\/es\/els-reis-mags-arribaren-a-muro-en-una-cavalcada-estatica\/#primaryimage"},"image":{"@id":"https:\/\/www.copealcoy.es\/es\/els-reis-mags-arribaren-a-muro-en-una-cavalcada-estatica\/#primaryimage"},"thumbnailUrl":"https:\/\/www.copealcoy.es\/wp-content\/uploads\/2021\/01\/135769632_2278150145661791_2524168605124785000_o-e1609930985190.jpg","datePublished":"2021-01-06T11:03:23+00:00","dateModified":"2021-01-06T11:15:03+00:00","author":{"@id":"https:\/\/www.copealcoy.es\/es\/#\/schema\/person\/e777c87fa024e57d40170af9df39882c"},"breadcrumb":{"@id":"https:\/\/www.copealcoy.es\/es\/els-reis-mags-arribaren-a-muro-en-una-cavalcada-estatica\/#breadcrumb"},"inLanguage":"es","potentialAction":[{"@type":"ReadAction","target":["https:\/\/www.copealcoy.es\/es\/els-reis-mags-arribaren-a-muro-en-una-cavalcada-estatica\/"]}]},{"@type":"ImageObject","inLanguage":"es","@id":"https:\/\/www.copealcoy.es\/es\/els-reis-mags-arribaren-a-muro-en-una-cavalcada-estatica\/#primaryimage","url":"https:\/\/www.copealcoy.es\/wp-content\/uploads\/2021\/01\/135769632_2278150145661791_2524168605124785000_o-e1609930985190.jpg","contentUrl":"https:\/\/www.copealcoy.es\/wp-content\/uploads\/2021\/01\/135769632_2278150145661791_2524168605124785000_o-e1609930985190.jpg","width":1429,"height":809},{"@type":"BreadcrumbList","@id":"https:\/\/www.copealcoy.es\/es\/els-reis-mags-arribaren-a-muro-en-una-cavalcada-estatica\/#breadcrumb","itemListElement":[{"@type":"ListItem","position":1,"name":"Portada","item":"https:\/\/www.copealcoy.es\/es\/"},{"@type":"ListItem","position":2,"name":"Els Reis Mags arribaren a Muro en una Cavalcada est\u00e0tica"}]},{"@type":"WebSite","@id":"https:\/\/www.copealcoy.es\/es\/#website","url":"https:\/\/www.copealcoy.es\/es\/","name":"COPE Alcoy","description":"Emisora COPE de radio local con emisi\u00f3n online. Pont de Sant Jordi 8-10 03803 Alcoy","potentialAction":[{"@type":"SearchAction","target":{"@type":"EntryPoint","urlTemplate":"https:\/\/www.copealcoy.es\/es\/?s={search_term_string}"},"query-input":{"@type":"PropertyValueSpecification","valueRequired":true,"valueName":"search_term_string"}}],"inLanguage":"es"},{"@type":"Person","@id":"https:\/\/www.copealcoy.es\/es\/#\/schema\/person\/e777c87fa024e57d40170af9df39882c","name":"Cope Alcoy","image":{"@type":"ImageObject","inLanguage":"es","@id":"https:\/\/secure.gravatar.com\/avatar\/bb65d0283347e303893ba14f0692005417c1e0e690a325a4c5d8bb2b3943ee14?s=96&d=mm&r=g","url":"https:\/\/secure.gravatar.com\/avatar\/bb65d0283347e303893ba14f0692005417c1e0e690a325a4c5d8bb2b3943ee14?s=96&d=mm&r=g","contentUrl":"https:\/\/secure.gravatar.com\/avatar\/bb65d0283347e303893ba14f0692005417c1e0e690a325a4c5d8bb2b3943ee14?s=96&d=mm&r=g","caption":"Cope Alcoy"}}]}},"_links":{"self":[{"href":"https:\/\/www.copealcoy.es\/es\/wp-json\/wp\/v2\/posts\/69474","targetHints":{"allow":["GET"]}}],"collection":[{"href":"https:\/\/www.copealcoy.es\/es\/wp-json\/wp\/v2\/posts"}],"about":[{"href":"https:\/\/www.copealcoy.es\/es\/wp-json\/wp\/v2\/types\/post"}],"author":[{"embeddable":true,"href":"https:\/\/www.copealcoy.es\/es\/wp-json\/wp\/v2\/users\/1"}],"replies":[{"embeddable":true,"href":"https:\/\/www.copealcoy.es\/es\/wp-json\/wp\/v2\/comments?post=69474"}],"version-history":[{"count":0,"href":"https:\/\/www.copealcoy.es\/es\/wp-json\/wp\/v2\/posts\/69474\/revisions"}],"wp:featuredmedia":[{"embeddable":true,"href":"https:\/\/www.copealcoy.es\/es\/wp-json\/wp\/v2\/media\/69475"}],"wp:attachment":[{"href":"https:\/\/www.copealcoy.es\/es\/wp-json\/wp\/v2\/media?parent=69474"}],"wp:term":[{"taxonomy":"category","embeddable":true,"href":"https:\/\/www.copealcoy.es\/es\/wp-json\/wp\/v2\/categories?post=69474"},{"taxonomy":"post_tag","embeddable":true,"href":"https:\/\/www.copealcoy.es\/es\/wp-json\/wp\/v2\/tags?post=69474"}],"curies":[{"name":"wp","href":"https:\/\/api.w.org\/{rel}","templated":true}]}}