{"id":69441,"date":"2021-01-04T22:55:19","date_gmt":"2021-01-04T21:55:19","guid":{"rendered":"https:\/\/www.copealcoy.es\/?p=69441"},"modified":"2021-01-06T01:06:45","modified_gmt":"2021-01-06T00:06:45","slug":"lambaixador-ja-ha-rebut-tones-les-cartes-ens-dona-un-ultim-missatge-abans-del-dia-5-de-gener","status":"publish","type":"post","link":"https:\/\/www.copealcoy.es\/es\/lambaixador-ja-ha-rebut-tones-les-cartes-ens-dona-un-ultim-missatge-abans-del-dia-5-de-gener\/","title":{"rendered":"L&#8217;Ambaixador ja ha rebut tones les cartes. Ens d\u00f3na un \u00faltim missatge abans del dia 5 de gener"},"content":{"rendered":"<p style=\"text-align: justify;\">L&#8217;<strong>Ambaixador Reial<\/strong> ja est\u00e0 llegint totes les <strong>cartes dirigides a Ses Majestats<\/strong> al <strong>Campament Reial<\/strong> que s&#8217;hi ha instal\u00b7lat al Preventori. All\u00ed els Patges <strong>passaran la nit revisant tot el que han escrit els m\u00e9s menuts<\/strong> i despr\u00e9s <strong>traslladaran les peticions als Reis de l<span class=\"hiddenGrammarError\">\u00b4<\/span>Orient<\/strong> perqu\u00e8 aquests les facen realitat en la nit del 5 de gener. La m\u00e0gia, un any m\u00e9s i enguany de forma diferent, <strong>es torna a viure als peus de la Serra de Mariola<\/strong>.<\/p>\n<p><iframe loading=\"lazy\" title=\"Lectura de cartes\" width=\"1200\" height=\"675\" src=\"https:\/\/www.youtube.com\/embed\/CW3DW7CbONg?feature=oembed\" frameborder=\"0\" allow=\"accelerometer; autoplay; clipboard-write; encrypted-media; gyroscope; picture-in-picture\" allowfullscreen><\/iframe><\/p>\n","protected":false},"excerpt":{"rendered":"<p>L&#8217;Ambaixador Reial ja est\u00e0 llegint totes les cartes dirigides a Ses Majestats al Campament Reial que s&#8217;hi ha instal\u00b7lat al&#8230;<\/p>\n","protected":false},"author":1,"featured_media":69423,"comment_status":"open","ping_status":"open","sticky":false,"template":"","format":"standard","meta":{"footnotes":""},"categories":[97,78,75],"tags":[10574,10583,10531,10136],"class_list":["post-69441","post","type-post","status-publish","format-standard","has-post-thumbnail","hentry","category-alcoy","category-fiestaycultura","category-noticias","tag-ambaixador-reial","tag-cartes","tag-missatge","tag-reis-mags"],"yoast_head":"<!-- This site is optimized with the Yoast SEO plugin v27.3 - https:\/\/yoast.com\/product\/yoast-seo-wordpress\/ -->\n<title>L&#039;Ambaixador ja ha rebut tones les cartes. Ens d\u00f3na un \u00faltim missatge abans del dia 5 de gener - COPE Alcoy<\/title>\n<meta name=\"robots\" content=\"index, follow, max-snippet:-1, max-image-preview:large, max-video-preview:-1\" \/>\n<link rel=\"canonical\" href=\"https:\/\/www.copealcoy.es\/es\/lambaixador-ja-ha-rebut-tones-les-cartes-ens-dona-un-ultim-missatge-abans-del-dia-5-de-gener\/\" \/>\n<meta property=\"og:locale\" content=\"es_ES\" \/>\n<meta property=\"og:type\" content=\"article\" \/>\n<meta property=\"og:title\" content=\"L&#039;Ambaixador ja ha rebut tones les cartes. Ens d\u00f3na un \u00faltim missatge abans del dia 5 de gener - COPE Alcoy\" \/>\n<meta property=\"og:description\" content=\"L&#8217;Ambaixador Reial ja est\u00e0 llegint totes les cartes dirigides a Ses Majestats al Campament Reial que s&#8217;hi ha instal\u00b7lat al...\" \/>\n<meta property=\"og:url\" content=\"https:\/\/www.copealcoy.es\/es\/lambaixador-ja-ha-rebut-tones-les-cartes-ens-dona-un-ultim-missatge-abans-del-dia-5-de-gener\/\" \/>\n<meta property=\"og:site_name\" content=\"COPE Alcoy\" \/>\n<meta property=\"article:published_time\" content=\"2021-01-04T21:55:19+00:00\" \/>\n<meta property=\"article:modified_time\" content=\"2021-01-06T00:06:45+00:00\" \/>\n<meta property=\"og:image\" content=\"https:\/\/www.copealcoy.es\/wp-content\/uploads\/2021\/01\/lectura.jpg\" \/>\n\t<meta property=\"og:image:width\" content=\"1278\" \/>\n\t<meta property=\"og:image:height\" content=\"720\" \/>\n\t<meta property=\"og:image:type\" content=\"image\/jpeg\" \/>\n<meta name=\"author\" content=\"Cope Alcoy\" \/>\n<meta name=\"twitter:label1\" content=\"Escrito por\" \/>\n\t<meta name=\"twitter:data1\" content=\"Cope Alcoy\" \/>\n<script type=\"application\/ld+json\" class=\"yoast-schema-graph\">{\"@context\":\"https:\\\/\\\/schema.org\",\"@graph\":[{\"@type\":\"Article\",\"@id\":\"https:\\\/\\\/www.copealcoy.es\\\/es\\\/lambaixador-ja-ha-rebut-tones-les-cartes-ens-dona-un-ultim-missatge-abans-del-dia-5-de-gener\\\/#article\",\"isPartOf\":{\"@id\":\"https:\\\/\\\/www.copealcoy.es\\\/es\\\/lambaixador-ja-ha-rebut-tones-les-cartes-ens-dona-un-ultim-missatge-abans-del-dia-5-de-gener\\\/\"},\"author\":{\"name\":\"Cope Alcoy\",\"@id\":\"https:\\\/\\\/www.copealcoy.es\\\/es\\\/#\\\/schema\\\/person\\\/e777c87fa024e57d40170af9df39882c\"},\"headline\":\"L&#8217;Ambaixador ja ha rebut tones les cartes. Ens d\u00f3na un \u00faltim missatge abans del dia 5 de gener\",\"datePublished\":\"2021-01-04T21:55:19+00:00\",\"dateModified\":\"2021-01-06T00:06:45+00:00\",\"mainEntityOfPage\":{\"@id\":\"https:\\\/\\\/www.copealcoy.es\\\/es\\\/lambaixador-ja-ha-rebut-tones-les-cartes-ens-dona-un-ultim-missatge-abans-del-dia-5-de-gener\\\/\"},\"wordCount\":110,\"commentCount\":0,\"image\":{\"@id\":\"https:\\\/\\\/www.copealcoy.es\\\/es\\\/lambaixador-ja-ha-rebut-tones-les-cartes-ens-dona-un-ultim-missatge-abans-del-dia-5-de-gener\\\/#primaryimage\"},\"thumbnailUrl\":\"https:\\\/\\\/www.copealcoy.es\\\/wp-content\\\/uploads\\\/2021\\\/01\\\/lectura.jpg\",\"keywords\":[\"Ambaixador Reial\",\"cartes\",\"missatge\",\"Reis Mags\"],\"articleSection\":[\"Alcoy\",\"Fiesta y Cultura\",\"Noticias\"],\"inLanguage\":\"es\"},{\"@type\":\"WebPage\",\"@id\":\"https:\\\/\\\/www.copealcoy.es\\\/es\\\/lambaixador-ja-ha-rebut-tones-les-cartes-ens-dona-un-ultim-missatge-abans-del-dia-5-de-gener\\\/\",\"url\":\"https:\\\/\\\/www.copealcoy.es\\\/es\\\/lambaixador-ja-ha-rebut-tones-les-cartes-ens-dona-un-ultim-missatge-abans-del-dia-5-de-gener\\\/\",\"name\":\"L'Ambaixador ja ha rebut tones les cartes. Ens d\u00f3na un \u00faltim missatge abans del dia 5 de gener - COPE Alcoy\",\"isPartOf\":{\"@id\":\"https:\\\/\\\/www.copealcoy.es\\\/es\\\/#website\"},\"primaryImageOfPage\":{\"@id\":\"https:\\\/\\\/www.copealcoy.es\\\/es\\\/lambaixador-ja-ha-rebut-tones-les-cartes-ens-dona-un-ultim-missatge-abans-del-dia-5-de-gener\\\/#primaryimage\"},\"image\":{\"@id\":\"https:\\\/\\\/www.copealcoy.es\\\/es\\\/lambaixador-ja-ha-rebut-tones-les-cartes-ens-dona-un-ultim-missatge-abans-del-dia-5-de-gener\\\/#primaryimage\"},\"thumbnailUrl\":\"https:\\\/\\\/www.copealcoy.es\\\/wp-content\\\/uploads\\\/2021\\\/01\\\/lectura.jpg\",\"datePublished\":\"2021-01-04T21:55:19+00:00\",\"dateModified\":\"2021-01-06T00:06:45+00:00\",\"author\":{\"@id\":\"https:\\\/\\\/www.copealcoy.es\\\/es\\\/#\\\/schema\\\/person\\\/e777c87fa024e57d40170af9df39882c\"},\"breadcrumb\":{\"@id\":\"https:\\\/\\\/www.copealcoy.es\\\/es\\\/lambaixador-ja-ha-rebut-tones-les-cartes-ens-dona-un-ultim-missatge-abans-del-dia-5-de-gener\\\/#breadcrumb\"},\"inLanguage\":\"es\",\"potentialAction\":[{\"@type\":\"ReadAction\",\"target\":[\"https:\\\/\\\/www.copealcoy.es\\\/es\\\/lambaixador-ja-ha-rebut-tones-les-cartes-ens-dona-un-ultim-missatge-abans-del-dia-5-de-gener\\\/\"]}]},{\"@type\":\"ImageObject\",\"inLanguage\":\"es\",\"@id\":\"https:\\\/\\\/www.copealcoy.es\\\/es\\\/lambaixador-ja-ha-rebut-tones-les-cartes-ens-dona-un-ultim-missatge-abans-del-dia-5-de-gener\\\/#primaryimage\",\"url\":\"https:\\\/\\\/www.copealcoy.es\\\/wp-content\\\/uploads\\\/2021\\\/01\\\/lectura.jpg\",\"contentUrl\":\"https:\\\/\\\/www.copealcoy.es\\\/wp-content\\\/uploads\\\/2021\\\/01\\\/lectura.jpg\",\"width\":1278,\"height\":720,\"caption\":\"Lectura de cartes\"},{\"@type\":\"BreadcrumbList\",\"@id\":\"https:\\\/\\\/www.copealcoy.es\\\/es\\\/lambaixador-ja-ha-rebut-tones-les-cartes-ens-dona-un-ultim-missatge-abans-del-dia-5-de-gener\\\/#breadcrumb\",\"itemListElement\":[{\"@type\":\"ListItem\",\"position\":1,\"name\":\"Portada\",\"item\":\"https:\\\/\\\/www.copealcoy.es\\\/es\\\/\"},{\"@type\":\"ListItem\",\"position\":2,\"name\":\"L&#8217;Ambaixador ja ha rebut tones les cartes. Ens d\u00f3na un \u00faltim missatge abans del dia 5 de gener\"}]},{\"@type\":\"WebSite\",\"@id\":\"https:\\\/\\\/www.copealcoy.es\\\/es\\\/#website\",\"url\":\"https:\\\/\\\/www.copealcoy.es\\\/es\\\/\",\"name\":\"COPE Alcoy\",\"description\":\"Emisora COPE de radio local con emisi\u00f3n online. Pont de Sant Jordi 8-10 03803 Alcoy\",\"potentialAction\":[{\"@type\":\"SearchAction\",\"target\":{\"@type\":\"EntryPoint\",\"urlTemplate\":\"https:\\\/\\\/www.copealcoy.es\\\/es\\\/?s={search_term_string}\"},\"query-input\":{\"@type\":\"PropertyValueSpecification\",\"valueRequired\":true,\"valueName\":\"search_term_string\"}}],\"inLanguage\":\"es\"},{\"@type\":\"Person\",\"@id\":\"https:\\\/\\\/www.copealcoy.es\\\/es\\\/#\\\/schema\\\/person\\\/e777c87fa024e57d40170af9df39882c\",\"name\":\"Cope Alcoy\",\"image\":{\"@type\":\"ImageObject\",\"inLanguage\":\"es\",\"@id\":\"https:\\\/\\\/secure.gravatar.com\\\/avatar\\\/bb65d0283347e303893ba14f0692005417c1e0e690a325a4c5d8bb2b3943ee14?s=96&d=mm&r=g\",\"url\":\"https:\\\/\\\/secure.gravatar.com\\\/avatar\\\/bb65d0283347e303893ba14f0692005417c1e0e690a325a4c5d8bb2b3943ee14?s=96&d=mm&r=g\",\"contentUrl\":\"https:\\\/\\\/secure.gravatar.com\\\/avatar\\\/bb65d0283347e303893ba14f0692005417c1e0e690a325a4c5d8bb2b3943ee14?s=96&d=mm&r=g\",\"caption\":\"Cope Alcoy\"}}]}<\/script>\n<!-- \/ Yoast SEO plugin. -->","yoast_head_json":{"title":"L'Ambaixador ja ha rebut tones les cartes. Ens d\u00f3na un \u00faltim missatge abans del dia 5 de gener - COPE Alcoy","robots":{"index":"index","follow":"follow","max-snippet":"max-snippet:-1","max-image-preview":"max-image-preview:large","max-video-preview":"max-video-preview:-1"},"canonical":"https:\/\/www.copealcoy.es\/es\/lambaixador-ja-ha-rebut-tones-les-cartes-ens-dona-un-ultim-missatge-abans-del-dia-5-de-gener\/","og_locale":"es_ES","og_type":"article","og_title":"L'Ambaixador ja ha rebut tones les cartes. Ens d\u00f3na un \u00faltim missatge abans del dia 5 de gener - COPE Alcoy","og_description":"L&#8217;Ambaixador Reial ja est\u00e0 llegint totes les cartes dirigides a Ses Majestats al Campament Reial que s&#8217;hi ha instal\u00b7lat al...","og_url":"https:\/\/www.copealcoy.es\/es\/lambaixador-ja-ha-rebut-tones-les-cartes-ens-dona-un-ultim-missatge-abans-del-dia-5-de-gener\/","og_site_name":"COPE Alcoy","article_published_time":"2021-01-04T21:55:19+00:00","article_modified_time":"2021-01-06T00:06:45+00:00","og_image":[{"width":1278,"height":720,"url":"https:\/\/www.copealcoy.es\/wp-content\/uploads\/2021\/01\/lectura.jpg","type":"image\/jpeg"}],"author":"Cope Alcoy","twitter_misc":{"Escrito por":"Cope Alcoy"},"schema":{"@context":"https:\/\/schema.org","@graph":[{"@type":"Article","@id":"https:\/\/www.copealcoy.es\/es\/lambaixador-ja-ha-rebut-tones-les-cartes-ens-dona-un-ultim-missatge-abans-del-dia-5-de-gener\/#article","isPartOf":{"@id":"https:\/\/www.copealcoy.es\/es\/lambaixador-ja-ha-rebut-tones-les-cartes-ens-dona-un-ultim-missatge-abans-del-dia-5-de-gener\/"},"author":{"name":"Cope Alcoy","@id":"https:\/\/www.copealcoy.es\/es\/#\/schema\/person\/e777c87fa024e57d40170af9df39882c"},"headline":"L&#8217;Ambaixador ja ha rebut tones les cartes. Ens d\u00f3na un \u00faltim missatge abans del dia 5 de gener","datePublished":"2021-01-04T21:55:19+00:00","dateModified":"2021-01-06T00:06:45+00:00","mainEntityOfPage":{"@id":"https:\/\/www.copealcoy.es\/es\/lambaixador-ja-ha-rebut-tones-les-cartes-ens-dona-un-ultim-missatge-abans-del-dia-5-de-gener\/"},"wordCount":110,"commentCount":0,"image":{"@id":"https:\/\/www.copealcoy.es\/es\/lambaixador-ja-ha-rebut-tones-les-cartes-ens-dona-un-ultim-missatge-abans-del-dia-5-de-gener\/#primaryimage"},"thumbnailUrl":"https:\/\/www.copealcoy.es\/wp-content\/uploads\/2021\/01\/lectura.jpg","keywords":["Ambaixador Reial","cartes","missatge","Reis Mags"],"articleSection":["Alcoy","Fiesta y Cultura","Noticias"],"inLanguage":"es"},{"@type":"WebPage","@id":"https:\/\/www.copealcoy.es\/es\/lambaixador-ja-ha-rebut-tones-les-cartes-ens-dona-un-ultim-missatge-abans-del-dia-5-de-gener\/","url":"https:\/\/www.copealcoy.es\/es\/lambaixador-ja-ha-rebut-tones-les-cartes-ens-dona-un-ultim-missatge-abans-del-dia-5-de-gener\/","name":"L'Ambaixador ja ha rebut tones les cartes. Ens d\u00f3na un \u00faltim missatge abans del dia 5 de gener - COPE Alcoy","isPartOf":{"@id":"https:\/\/www.copealcoy.es\/es\/#website"},"primaryImageOfPage":{"@id":"https:\/\/www.copealcoy.es\/es\/lambaixador-ja-ha-rebut-tones-les-cartes-ens-dona-un-ultim-missatge-abans-del-dia-5-de-gener\/#primaryimage"},"image":{"@id":"https:\/\/www.copealcoy.es\/es\/lambaixador-ja-ha-rebut-tones-les-cartes-ens-dona-un-ultim-missatge-abans-del-dia-5-de-gener\/#primaryimage"},"thumbnailUrl":"https:\/\/www.copealcoy.es\/wp-content\/uploads\/2021\/01\/lectura.jpg","datePublished":"2021-01-04T21:55:19+00:00","dateModified":"2021-01-06T00:06:45+00:00","author":{"@id":"https:\/\/www.copealcoy.es\/es\/#\/schema\/person\/e777c87fa024e57d40170af9df39882c"},"breadcrumb":{"@id":"https:\/\/www.copealcoy.es\/es\/lambaixador-ja-ha-rebut-tones-les-cartes-ens-dona-un-ultim-missatge-abans-del-dia-5-de-gener\/#breadcrumb"},"inLanguage":"es","potentialAction":[{"@type":"ReadAction","target":["https:\/\/www.copealcoy.es\/es\/lambaixador-ja-ha-rebut-tones-les-cartes-ens-dona-un-ultim-missatge-abans-del-dia-5-de-gener\/"]}]},{"@type":"ImageObject","inLanguage":"es","@id":"https:\/\/www.copealcoy.es\/es\/lambaixador-ja-ha-rebut-tones-les-cartes-ens-dona-un-ultim-missatge-abans-del-dia-5-de-gener\/#primaryimage","url":"https:\/\/www.copealcoy.es\/wp-content\/uploads\/2021\/01\/lectura.jpg","contentUrl":"https:\/\/www.copealcoy.es\/wp-content\/uploads\/2021\/01\/lectura.jpg","width":1278,"height":720,"caption":"Lectura de cartes"},{"@type":"BreadcrumbList","@id":"https:\/\/www.copealcoy.es\/es\/lambaixador-ja-ha-rebut-tones-les-cartes-ens-dona-un-ultim-missatge-abans-del-dia-5-de-gener\/#breadcrumb","itemListElement":[{"@type":"ListItem","position":1,"name":"Portada","item":"https:\/\/www.copealcoy.es\/es\/"},{"@type":"ListItem","position":2,"name":"L&#8217;Ambaixador ja ha rebut tones les cartes. Ens d\u00f3na un \u00faltim missatge abans del dia 5 de gener"}]},{"@type":"WebSite","@id":"https:\/\/www.copealcoy.es\/es\/#website","url":"https:\/\/www.copealcoy.es\/es\/","name":"COPE Alcoy","description":"Emisora COPE de radio local con emisi\u00f3n online. Pont de Sant Jordi 8-10 03803 Alcoy","potentialAction":[{"@type":"SearchAction","target":{"@type":"EntryPoint","urlTemplate":"https:\/\/www.copealcoy.es\/es\/?s={search_term_string}"},"query-input":{"@type":"PropertyValueSpecification","valueRequired":true,"valueName":"search_term_string"}}],"inLanguage":"es"},{"@type":"Person","@id":"https:\/\/www.copealcoy.es\/es\/#\/schema\/person\/e777c87fa024e57d40170af9df39882c","name":"Cope Alcoy","image":{"@type":"ImageObject","inLanguage":"es","@id":"https:\/\/secure.gravatar.com\/avatar\/bb65d0283347e303893ba14f0692005417c1e0e690a325a4c5d8bb2b3943ee14?s=96&d=mm&r=g","url":"https:\/\/secure.gravatar.com\/avatar\/bb65d0283347e303893ba14f0692005417c1e0e690a325a4c5d8bb2b3943ee14?s=96&d=mm&r=g","contentUrl":"https:\/\/secure.gravatar.com\/avatar\/bb65d0283347e303893ba14f0692005417c1e0e690a325a4c5d8bb2b3943ee14?s=96&d=mm&r=g","caption":"Cope Alcoy"}}]}},"_links":{"self":[{"href":"https:\/\/www.copealcoy.es\/es\/wp-json\/wp\/v2\/posts\/69441","targetHints":{"allow":["GET"]}}],"collection":[{"href":"https:\/\/www.copealcoy.es\/es\/wp-json\/wp\/v2\/posts"}],"about":[{"href":"https:\/\/www.copealcoy.es\/es\/wp-json\/wp\/v2\/types\/post"}],"author":[{"embeddable":true,"href":"https:\/\/www.copealcoy.es\/es\/wp-json\/wp\/v2\/users\/1"}],"replies":[{"embeddable":true,"href":"https:\/\/www.copealcoy.es\/es\/wp-json\/wp\/v2\/comments?post=69441"}],"version-history":[{"count":0,"href":"https:\/\/www.copealcoy.es\/es\/wp-json\/wp\/v2\/posts\/69441\/revisions"}],"wp:featuredmedia":[{"embeddable":true,"href":"https:\/\/www.copealcoy.es\/es\/wp-json\/wp\/v2\/media\/69423"}],"wp:attachment":[{"href":"https:\/\/www.copealcoy.es\/es\/wp-json\/wp\/v2\/media?parent=69441"}],"wp:term":[{"taxonomy":"category","embeddable":true,"href":"https:\/\/www.copealcoy.es\/es\/wp-json\/wp\/v2\/categories?post=69441"},{"taxonomy":"post_tag","embeddable":true,"href":"https:\/\/www.copealcoy.es\/es\/wp-json\/wp\/v2\/tags?post=69441"}],"curies":[{"name":"wp","href":"https:\/\/api.w.org\/{rel}","templated":true}]}}