{"id":69364,"date":"2021-01-04T12:50:20","date_gmt":"2021-01-04T12:50:20","guid":{"rendered":"https:\/\/www.copealcoy.es\/?p=69364"},"modified":"2021-01-04T16:09:22","modified_gmt":"2021-01-04T16:09:22","slug":"cocentaina-ultima-una-inedita-benvinguda-als-reis-de-lorient","status":"publish","type":"post","link":"https:\/\/www.copealcoy.es\/es\/cocentaina-ultima-una-inedita-benvinguda-als-reis-de-lorient\/","title":{"rendered":"Cocentaina ultima una in\u00e8dita benvinguda als Reis de l&#8217;Orient"},"content":{"rendered":"<p style=\"text-align: justify;\">Cocentaina rebr\u00e0 dem\u00e0 <strong>als Reis de l&#8217;Orient<\/strong> amb <strong>totes les mesures de seguretat per a combatre la Covid-19<\/strong> i a partir de les sis de la vesprada. Abans,<strong> a les tres del migdia<\/strong>, sonaran les campanes de les dues parr\u00f2quies del poble a l&#8217;hora en la qual <strong>el Patge porta cada any als xiquets i les xiquetes la coneguda &#8216;bandeja&#8217; repleta de dol\u00e7os i llepolies<\/strong>. En eixe moment <strong>es difondr\u00e0 un comunicat a trav\u00e9s de les xarxes socials<\/strong> i el mateix Patge Reial <strong>dir\u00e0 un missatge<\/strong> dirigit als infants.<\/p>\n<p style=\"text-align: justify;\">Els tres monarques <strong>recorreran diferents punts de la Vila Comtal<\/strong> al llarg de la vesprada i els itineraris <strong>es donaran a con\u00e9ixer en les pr\u00f2ximes hores<\/strong> a trav\u00e9s de les plataformes digitals de l&#8217;Ajuntament contest\u00e0. Precisament el Consistori <strong>insta a eixir als balcons a rebre a Melcior, Gaspar i Baltasar<\/strong> mentre que<strong> l&#8217;Adoraci\u00f3 al Jesuset es realitzar\u00e0 a l&#8217;interior de l&#8217;esgl\u00e9sia de Santa Maria<\/strong> sent retransmesa la mateixa pels canals de YouTube del temple parroquial i l&#8217;Ajuntament.<\/p>\n<p style=\"text-align: justify;\">Recordar que durant les \u00faltimes dues setmanes els xiquets de Cocentaina <strong>han pogut dipositar les cartes en les b\u00fasties<\/strong> que Ses Majestats van instal\u00b7lar a la porta del mateix Ajuntament.<\/p>\n<p>Horaris de pas dels Reis:<\/p>\n<div class=\"o9v6fnle cxmmr5t8 oygrvhab hcukyx3x c1et5uql ii04i59q\">\n<div dir=\"auto\"><strong>18:00h:<\/strong><\/div>\n<ul>\n<li dir=\"auto\">Pla de la Font<\/li>\n<li dir=\"auto\">C\/ Convent amb C\/ F. Agull\u00f3<\/li>\n<li dir=\"auto\">El Pla<\/li>\n<\/ul>\n<\/div>\n<div class=\"o9v6fnle cxmmr5t8 oygrvhab hcukyx3x c1et5uql ii04i59q\">\n<div dir=\"auto\"><strong>18:15h:<\/strong><\/div>\n<ul>\n<li dir=\"auto\">Gormaig (Centre Social)<\/li>\n<li dir=\"auto\">Barri de Sant Jaume (parc)<\/li>\n<li dir=\"auto\">Passeig del Comtat part alta (immobili\u00e0ria)<\/li>\n<li dir=\"auto\">Pla\u00e7a de l\u2019Alcalde Reig<\/li>\n<\/ul>\n<\/div>\n<div class=\"o9v6fnle cxmmr5t8 oygrvhab hcukyx3x c1et5uql ii04i59q\">\n<div dir=\"auto\"><strong>18:30h:<\/strong><\/div>\n<ul>\n<li dir=\"auto\">Els Algars (Pla\u00e7a Eugenio Radu\u00e1n)<\/li>\n<li dir=\"auto\">L\u2019Alc\u00fadia (p\u00e0rquing de la pla\u00e7a)<\/li>\n<li dir=\"auto\">C\/ Col\u00f3n encreuament amb Avda. Pa\u00eds Valenci\u00e0<\/li>\n<li dir=\"auto\">Passeig del Comtat encreuament amb C\/ Immaculada Concepci\u00f3<\/li>\n<\/ul>\n<\/div>\n<div class=\"o9v6fnle cxmmr5t8 oygrvhab hcukyx3x c1et5uql ii04i59q\">\n<div dir=\"auto\"><\/div>\n<div dir=\"auto\"><strong>18:40h:<\/strong><\/div>\n<ul>\n<li dir=\"auto\">Avda. Pa\u00eds Valenci\u00e0 encreuament amb C\/ Ausi\u00e0s March<\/li>\n<li dir=\"auto\">Passeig del Comtat encreuament amb C\/ Literat Azor\u00edn<\/li>\n<li dir=\"auto\">Avda. X\u00e0tiva (parada bus La Goma)<\/li>\n<\/ul>\n<\/div>\n<div class=\"o9v6fnle cxmmr5t8 oygrvhab hcukyx3x c1et5uql ii04i59q\">\n<div dir=\"auto\"><strong>18:50h:<\/strong><\/div>\n<ul>\n<li dir=\"auto\">Avda. Pa\u00eds Valenci\u00e0 encreuament amb Literat Azor\u00edn<\/li>\n<li dir=\"auto\">Passeig del Comtat encreuament amb C\/ Alfons V<\/li>\n<li dir=\"auto\">Avda. X\u00e0tiva amb C\/ Eixida de Fraga (parc)<\/li>\n<\/ul>\n<\/div>\n<div class=\"o9v6fnle cxmmr5t8 oygrvhab hcukyx3x c1et5uql ii04i59q\">\n<div dir=\"auto\"><strong>19:00h:<\/strong><\/div>\n<ul>\n<li dir=\"auto\">C\/ Josep Maria Carbonell (Bosco II)<\/li>\n<li dir=\"auto\">Passeig del Comtat encreuament amb C\/ Ausi\u00e0s March<\/li>\n<li dir=\"auto\">Barri Fraga (parc del Respir)<\/li>\n<li dir=\"auto\">Entrepinos (zona B\u00fasties)<\/li>\n<\/ul>\n<div dir=\"auto\"><\/div>\n<\/div>\n<div class=\"o9v6fnle cxmmr5t8 oygrvhab hcukyx3x c1et5uql ii04i59q\">\n<div dir=\"auto\"><strong>19:10h:<\/strong><\/div>\n<ul>\n<li dir=\"auto\">Ronda Sud (Mitja Lluna)<\/li>\n<li dir=\"auto\">Passeig del Comtat encreuament amb C\/ Roger de Ll\u00faria<\/li>\n<li dir=\"auto\">Avda. Real Blanc (Centre de Salut)<\/li>\n<li dir=\"auto\">Avda. de les Moreres encreuament amb C\/ Enric Valor<\/li>\n<\/ul>\n<\/div>\n<div class=\"o9v6fnle cxmmr5t8 oygrvhab hcukyx3x c1et5uql ii04i59q\">\n<div dir=\"auto\"><\/div>\n<div dir=\"auto\"><strong>19:20h:<\/strong><\/div>\n<ul>\n<li dir=\"auto\">Avda. Ferrocarril (farm\u00e0cia)<\/li>\n<li dir=\"auto\">Pla\u00e7a Venerable Escuder encreuament amb C\/ Dolors<\/li>\n<li dir=\"auto\">Avda. Real Blanc (porta col\u00b7legi)<\/li>\n<li dir=\"auto\">Avda. Miralb\u00f2 encreuament amb Ronda Sud i Avda. Pa\u00eds Valenci\u00e0<\/li>\n<\/ul>\n<\/div>\n<div class=\"o9v6fnle cxmmr5t8 oygrvhab hcukyx3x c1et5uql ii04i59q\">\n<div dir=\"auto\"><strong>19:30h:<\/strong><\/div>\n<ul>\n<li dir=\"auto\">Avda. Ferrocarril encreuament amb C\/ Literat Azor\u00edn<\/li>\n<li dir=\"auto\">Parc Anselmo Mart\u00ed (Camet)<\/li>\n<li dir=\"auto\">C\/ Alcalde Gadea encreuament amb C\/ Benasau (cant\u00f3 del parc 4&#215;4)<\/li>\n<li dir=\"auto\">Avda. Pa\u00eds Valenci\u00e0 (rotonda de la Fira, parada de Bus)<\/li>\n<\/ul>\n<\/div>\n<div class=\"o9v6fnle cxmmr5t8 oygrvhab hcukyx3x c1et5uql ii04i59q\">\n<div dir=\"auto\"><strong>19:40h:<\/strong><\/div>\n<ul>\n<li dir=\"auto\">Avda. Ferrocarril encreuament amb C\/ Alfons V<\/li>\n<li dir=\"auto\">C\/ Alcalde Gadea encreuament amb C\/ Alcosser de Planes<\/li>\n<li dir=\"auto\">Avda. Pa\u00eds Valenci\u00e0 encreuament amb Juan M. Carbonell<\/li>\n<li dir=\"auto\">C\/ Convent (bodega)<\/li>\n<\/ul>\n<div dir=\"auto\"><\/div>\n<\/div>\n<div class=\"o9v6fnle cxmmr5t8 oygrvhab hcukyx3x c1et5uql ii04i59q\">\n<div dir=\"auto\"><strong>19:50h:<\/strong><\/div>\n<ul>\n<li dir=\"auto\">C\/ Pablo Madrigal encreuament amb Avda. Benilloba<\/li>\n<li dir=\"auto\">Avda. Pa\u00eds Valenci\u00e0 encreuament amb C\/ Gorga<\/li>\n<li dir=\"auto\">Mas de Molt\u00f3, 9 d\u2019Octubre i Tirant lo Blanc<\/li>\n<li dir=\"auto\">El Teular<\/li>\n<\/ul>\n<div dir=\"auto\"><strong>20:00h:\u00a0<\/strong><\/div>\n<\/div>\n<div class=\"o9v6fnle cxmmr5t8 oygrvhab hcukyx3x c1et5uql ii04i59q\">\n<ul>\n<li dir=\"auto\">C\/ Pablo Madrigal encreuaments amb C\/ Alfons V, C\/ Literat Azor\u00edn<\/li>\n<li dir=\"auto\">Pla\u00e7a Moss\u00e9n Eugenio Raduan encreuament amb Rei en Jaume I<\/li>\n<li dir=\"auto\">C\/ Asil encreuament amb C\/ Juan M. Carbonell<\/li>\n<li dir=\"auto\">Pla\u00e7a de Sant Pere<\/li>\n<\/ul>\n<div dir=\"auto\">20:10h:<\/div>\n<\/div>\n<div class=\"o9v6fnle cxmmr5t8 oygrvhab hcukyx3x c1et5uql ii04i59q\">\n<ul>\n<li dir=\"auto\">Avda. Pa\u00eds Valenci\u00e0 (Opel)<\/li>\n<li dir=\"auto\">Parc de la Font de la Palisana encreuament amb C\/ Serra d\u2019Aitana<\/li>\n<li dir=\"auto\">C\/ Barranc<\/li>\n<\/ul>\n<\/div>\n<div class=\"o9v6fnle cxmmr5t8 oygrvhab hcukyx3x c1et5uql ii04i59q\">\n<div dir=\"auto\"><strong>20:20h:<\/strong><\/div>\n<ul>\n<li dir=\"auto\">Avda. Pa\u00eds Valenci\u00e0 encreuament amb C\/ Pare Arques<\/li>\n<li dir=\"auto\">Pla\u00e7a M\u00fasic Jaume Richart<\/li>\n<\/ul>\n<\/div>\n<div class=\"o9v6fnle cxmmr5t8 oygrvhab hcukyx3x c1et5uql ii04i59q\">\n<div dir=\"auto\"><strong>20:30h:<\/strong><\/div>\n<ul>\n<li dir=\"auto\">Avda. Pa\u00eds Valenci\u00e0 encreuament amb Avda. Ferrocarril<\/li>\n<li dir=\"auto\">Placeta C\/ Alqueria d\u2019Asnar<\/li>\n<\/ul>\n<div dir=\"auto\"><strong>20:40h:\u00a0<\/strong><\/div>\n<\/div>\n<div class=\"o9v6fnle cxmmr5t8 oygrvhab hcukyx3x c1et5uql ii04i59q\">\n<ul>\n<li dir=\"auto\">Alqueria d\u2019Asnar encreuament amb Avda. Benilloba<\/li>\n<\/ul>\n<\/div>\n<div class=\"o9v6fnle cxmmr5t8 oygrvhab hcukyx3x c1et5uql ii04i59q\">\n<div dir=\"auto\"><\/div>\n<div dir=\"auto\"><strong>20:55h:<\/strong><\/div>\n<ul>\n<li dir=\"auto\">Pla\u00e7a Cardenal Ferris<\/li>\n<\/ul>\n<div dir=\"auto\"><\/div>\n<\/div>\n<div class=\"o9v6fnle cxmmr5t8 oygrvhab hcukyx3x c1et5uql ii04i59q\">\n<div dir=\"auto\"><strong>21:00h:\u00a0<\/strong><\/div>\n<ul>\n<li dir=\"auto\">Adoraci\u00f3 a la Parr\u00f2quia de l\u2019Assumpci\u00f3 de Santa Maria i retransmissi\u00f3 en directe a trav\u00e9s del canal de Youtube de la Parr\u00f2quia<\/li>\n<\/ul>\n<\/div>\n","protected":false},"excerpt":{"rendered":"<p>Cocentaina rebr\u00e0 dem\u00e0 als Reis de l&#8217;Orient amb totes les mesures de seguretat per a combatre la Covid-19 i a&#8230;<\/p>\n","protected":false},"author":1,"featured_media":69367,"comment_status":"open","ping_status":"open","sticky":false,"template":"","format":"standard","meta":{"footnotes":""},"categories":[98,75],"tags":[10551,132,7281,10041,10136],"class_list":["post-69364","post","type-post","status-publish","format-standard","has-post-thumbnail","hentry","category-comarcas","category-noticias","tag-cavalcada","tag-cocentaina","tag-coronavirus","tag-crisi-sanitaria","tag-reis-mags"],"yoast_head":"<!-- This site is optimized with the Yoast SEO plugin v27.3 - https:\/\/yoast.com\/product\/yoast-seo-wordpress\/ -->\n<title>Cocentaina ultima una in\u00e8dita benvinguda als Reis de l&#039;Orient - COPE Alcoy<\/title>\n<meta name=\"robots\" content=\"index, follow, max-snippet:-1, max-image-preview:large, max-video-preview:-1\" \/>\n<link rel=\"canonical\" href=\"https:\/\/www.copealcoy.es\/es\/cocentaina-ultima-una-inedita-benvinguda-als-reis-de-lorient\/\" \/>\n<meta property=\"og:locale\" content=\"es_ES\" \/>\n<meta property=\"og:type\" content=\"article\" \/>\n<meta property=\"og:title\" content=\"Cocentaina ultima una in\u00e8dita benvinguda als Reis de l&#039;Orient - COPE Alcoy\" \/>\n<meta property=\"og:description\" content=\"Cocentaina rebr\u00e0 dem\u00e0 als Reis de l&#8217;Orient amb totes les mesures de seguretat per a combatre la Covid-19 i a...\" \/>\n<meta property=\"og:url\" content=\"https:\/\/www.copealcoy.es\/es\/cocentaina-ultima-una-inedita-benvinguda-als-reis-de-lorient\/\" \/>\n<meta property=\"og:site_name\" content=\"COPE Alcoy\" \/>\n<meta property=\"article:published_time\" content=\"2021-01-04T12:50:20+00:00\" \/>\n<meta property=\"article:modified_time\" content=\"2021-01-04T16:09:22+00:00\" \/>\n<meta property=\"og:image\" content=\"https:\/\/www.copealcoy.es\/wp-content\/uploads\/2021\/01\/10-En-Cocentaina-se-instalaron-los-buzones-reales-a-las-puertas-del-Ayuntamiento.jpg\" \/>\n\t<meta property=\"og:image:width\" content=\"1335\" \/>\n\t<meta property=\"og:image:height\" content=\"910\" \/>\n\t<meta property=\"og:image:type\" content=\"image\/jpeg\" \/>\n<meta name=\"author\" content=\"Cope Alcoy\" \/>\n<meta name=\"twitter:label1\" content=\"Escrito por\" \/>\n\t<meta name=\"twitter:data1\" content=\"Cope Alcoy\" \/>\n\t<meta name=\"twitter:label2\" content=\"Tiempo de lectura\" \/>\n\t<meta name=\"twitter:data2\" content=\"3 minutos\" \/>\n<script type=\"application\/ld+json\" class=\"yoast-schema-graph\">{\"@context\":\"https:\\\/\\\/schema.org\",\"@graph\":[{\"@type\":\"Article\",\"@id\":\"https:\\\/\\\/www.copealcoy.es\\\/es\\\/cocentaina-ultima-una-inedita-benvinguda-als-reis-de-lorient\\\/#article\",\"isPartOf\":{\"@id\":\"https:\\\/\\\/www.copealcoy.es\\\/es\\\/cocentaina-ultima-una-inedita-benvinguda-als-reis-de-lorient\\\/\"},\"author\":{\"name\":\"Cope Alcoy\",\"@id\":\"https:\\\/\\\/www.copealcoy.es\\\/es\\\/#\\\/schema\\\/person\\\/e777c87fa024e57d40170af9df39882c\"},\"headline\":\"Cocentaina ultima una in\u00e8dita benvinguda als Reis de l&#8217;Orient\",\"datePublished\":\"2021-01-04T12:50:20+00:00\",\"dateModified\":\"2021-01-04T16:09:22+00:00\",\"mainEntityOfPage\":{\"@id\":\"https:\\\/\\\/www.copealcoy.es\\\/es\\\/cocentaina-ultima-una-inedita-benvinguda-als-reis-de-lorient\\\/\"},\"wordCount\":656,\"commentCount\":0,\"image\":{\"@id\":\"https:\\\/\\\/www.copealcoy.es\\\/es\\\/cocentaina-ultima-una-inedita-benvinguda-als-reis-de-lorient\\\/#primaryimage\"},\"thumbnailUrl\":\"https:\\\/\\\/www.copealcoy.es\\\/wp-content\\\/uploads\\\/2021\\\/01\\\/10-En-Cocentaina-se-instalaron-los-buzones-reales-a-las-puertas-del-Ayuntamiento.jpg\",\"keywords\":[\"Cavalcada\",\"Cocentaina\",\"Coronavirus\",\"crisi sanit\u00e0ria\",\"Reis Mags\"],\"articleSection\":[\"Comarcas\",\"Noticias\"],\"inLanguage\":\"es\"},{\"@type\":\"WebPage\",\"@id\":\"https:\\\/\\\/www.copealcoy.es\\\/es\\\/cocentaina-ultima-una-inedita-benvinguda-als-reis-de-lorient\\\/\",\"url\":\"https:\\\/\\\/www.copealcoy.es\\\/es\\\/cocentaina-ultima-una-inedita-benvinguda-als-reis-de-lorient\\\/\",\"name\":\"Cocentaina ultima una in\u00e8dita benvinguda als Reis de l'Orient - COPE Alcoy\",\"isPartOf\":{\"@id\":\"https:\\\/\\\/www.copealcoy.es\\\/es\\\/#website\"},\"primaryImageOfPage\":{\"@id\":\"https:\\\/\\\/www.copealcoy.es\\\/es\\\/cocentaina-ultima-una-inedita-benvinguda-als-reis-de-lorient\\\/#primaryimage\"},\"image\":{\"@id\":\"https:\\\/\\\/www.copealcoy.es\\\/es\\\/cocentaina-ultima-una-inedita-benvinguda-als-reis-de-lorient\\\/#primaryimage\"},\"thumbnailUrl\":\"https:\\\/\\\/www.copealcoy.es\\\/wp-content\\\/uploads\\\/2021\\\/01\\\/10-En-Cocentaina-se-instalaron-los-buzones-reales-a-las-puertas-del-Ayuntamiento.jpg\",\"datePublished\":\"2021-01-04T12:50:20+00:00\",\"dateModified\":\"2021-01-04T16:09:22+00:00\",\"author\":{\"@id\":\"https:\\\/\\\/www.copealcoy.es\\\/es\\\/#\\\/schema\\\/person\\\/e777c87fa024e57d40170af9df39882c\"},\"breadcrumb\":{\"@id\":\"https:\\\/\\\/www.copealcoy.es\\\/es\\\/cocentaina-ultima-una-inedita-benvinguda-als-reis-de-lorient\\\/#breadcrumb\"},\"inLanguage\":\"es\",\"potentialAction\":[{\"@type\":\"ReadAction\",\"target\":[\"https:\\\/\\\/www.copealcoy.es\\\/es\\\/cocentaina-ultima-una-inedita-benvinguda-als-reis-de-lorient\\\/\"]}]},{\"@type\":\"ImageObject\",\"inLanguage\":\"es\",\"@id\":\"https:\\\/\\\/www.copealcoy.es\\\/es\\\/cocentaina-ultima-una-inedita-benvinguda-als-reis-de-lorient\\\/#primaryimage\",\"url\":\"https:\\\/\\\/www.copealcoy.es\\\/wp-content\\\/uploads\\\/2021\\\/01\\\/10-En-Cocentaina-se-instalaron-los-buzones-reales-a-las-puertas-del-Ayuntamiento.jpg\",\"contentUrl\":\"https:\\\/\\\/www.copealcoy.es\\\/wp-content\\\/uploads\\\/2021\\\/01\\\/10-En-Cocentaina-se-instalaron-los-buzones-reales-a-las-puertas-del-Ayuntamiento.jpg\",\"width\":1335,\"height\":910,\"caption\":\"A la porta de l'Ajuntament de Cocentaina estaven les b\u00fasties reials\"},{\"@type\":\"BreadcrumbList\",\"@id\":\"https:\\\/\\\/www.copealcoy.es\\\/es\\\/cocentaina-ultima-una-inedita-benvinguda-als-reis-de-lorient\\\/#breadcrumb\",\"itemListElement\":[{\"@type\":\"ListItem\",\"position\":1,\"name\":\"Portada\",\"item\":\"https:\\\/\\\/www.copealcoy.es\\\/es\\\/\"},{\"@type\":\"ListItem\",\"position\":2,\"name\":\"Cocentaina ultima una in\u00e8dita benvinguda als Reis de l&#8217;Orient\"}]},{\"@type\":\"WebSite\",\"@id\":\"https:\\\/\\\/www.copealcoy.es\\\/es\\\/#website\",\"url\":\"https:\\\/\\\/www.copealcoy.es\\\/es\\\/\",\"name\":\"COPE Alcoy\",\"description\":\"Emisora COPE de radio local con emisi\u00f3n online. Pont de Sant Jordi 8-10 03803 Alcoy\",\"potentialAction\":[{\"@type\":\"SearchAction\",\"target\":{\"@type\":\"EntryPoint\",\"urlTemplate\":\"https:\\\/\\\/www.copealcoy.es\\\/es\\\/?s={search_term_string}\"},\"query-input\":{\"@type\":\"PropertyValueSpecification\",\"valueRequired\":true,\"valueName\":\"search_term_string\"}}],\"inLanguage\":\"es\"},{\"@type\":\"Person\",\"@id\":\"https:\\\/\\\/www.copealcoy.es\\\/es\\\/#\\\/schema\\\/person\\\/e777c87fa024e57d40170af9df39882c\",\"name\":\"Cope Alcoy\",\"image\":{\"@type\":\"ImageObject\",\"inLanguage\":\"es\",\"@id\":\"https:\\\/\\\/secure.gravatar.com\\\/avatar\\\/bb65d0283347e303893ba14f0692005417c1e0e690a325a4c5d8bb2b3943ee14?s=96&d=mm&r=g\",\"url\":\"https:\\\/\\\/secure.gravatar.com\\\/avatar\\\/bb65d0283347e303893ba14f0692005417c1e0e690a325a4c5d8bb2b3943ee14?s=96&d=mm&r=g\",\"contentUrl\":\"https:\\\/\\\/secure.gravatar.com\\\/avatar\\\/bb65d0283347e303893ba14f0692005417c1e0e690a325a4c5d8bb2b3943ee14?s=96&d=mm&r=g\",\"caption\":\"Cope Alcoy\"}}]}<\/script>\n<!-- \/ Yoast SEO plugin. -->","yoast_head_json":{"title":"Cocentaina ultima una in\u00e8dita benvinguda als Reis de l'Orient - COPE Alcoy","robots":{"index":"index","follow":"follow","max-snippet":"max-snippet:-1","max-image-preview":"max-image-preview:large","max-video-preview":"max-video-preview:-1"},"canonical":"https:\/\/www.copealcoy.es\/es\/cocentaina-ultima-una-inedita-benvinguda-als-reis-de-lorient\/","og_locale":"es_ES","og_type":"article","og_title":"Cocentaina ultima una in\u00e8dita benvinguda als Reis de l'Orient - COPE Alcoy","og_description":"Cocentaina rebr\u00e0 dem\u00e0 als Reis de l&#8217;Orient amb totes les mesures de seguretat per a combatre la Covid-19 i a...","og_url":"https:\/\/www.copealcoy.es\/es\/cocentaina-ultima-una-inedita-benvinguda-als-reis-de-lorient\/","og_site_name":"COPE Alcoy","article_published_time":"2021-01-04T12:50:20+00:00","article_modified_time":"2021-01-04T16:09:22+00:00","og_image":[{"width":1335,"height":910,"url":"https:\/\/www.copealcoy.es\/wp-content\/uploads\/2021\/01\/10-En-Cocentaina-se-instalaron-los-buzones-reales-a-las-puertas-del-Ayuntamiento.jpg","type":"image\/jpeg"}],"author":"Cope Alcoy","twitter_misc":{"Escrito por":"Cope Alcoy","Tiempo de lectura":"3 minutos"},"schema":{"@context":"https:\/\/schema.org","@graph":[{"@type":"Article","@id":"https:\/\/www.copealcoy.es\/es\/cocentaina-ultima-una-inedita-benvinguda-als-reis-de-lorient\/#article","isPartOf":{"@id":"https:\/\/www.copealcoy.es\/es\/cocentaina-ultima-una-inedita-benvinguda-als-reis-de-lorient\/"},"author":{"name":"Cope Alcoy","@id":"https:\/\/www.copealcoy.es\/es\/#\/schema\/person\/e777c87fa024e57d40170af9df39882c"},"headline":"Cocentaina ultima una in\u00e8dita benvinguda als Reis de l&#8217;Orient","datePublished":"2021-01-04T12:50:20+00:00","dateModified":"2021-01-04T16:09:22+00:00","mainEntityOfPage":{"@id":"https:\/\/www.copealcoy.es\/es\/cocentaina-ultima-una-inedita-benvinguda-als-reis-de-lorient\/"},"wordCount":656,"commentCount":0,"image":{"@id":"https:\/\/www.copealcoy.es\/es\/cocentaina-ultima-una-inedita-benvinguda-als-reis-de-lorient\/#primaryimage"},"thumbnailUrl":"https:\/\/www.copealcoy.es\/wp-content\/uploads\/2021\/01\/10-En-Cocentaina-se-instalaron-los-buzones-reales-a-las-puertas-del-Ayuntamiento.jpg","keywords":["Cavalcada","Cocentaina","Coronavirus","crisi sanit\u00e0ria","Reis Mags"],"articleSection":["Comarcas","Noticias"],"inLanguage":"es"},{"@type":"WebPage","@id":"https:\/\/www.copealcoy.es\/es\/cocentaina-ultima-una-inedita-benvinguda-als-reis-de-lorient\/","url":"https:\/\/www.copealcoy.es\/es\/cocentaina-ultima-una-inedita-benvinguda-als-reis-de-lorient\/","name":"Cocentaina ultima una in\u00e8dita benvinguda als Reis de l'Orient - COPE Alcoy","isPartOf":{"@id":"https:\/\/www.copealcoy.es\/es\/#website"},"primaryImageOfPage":{"@id":"https:\/\/www.copealcoy.es\/es\/cocentaina-ultima-una-inedita-benvinguda-als-reis-de-lorient\/#primaryimage"},"image":{"@id":"https:\/\/www.copealcoy.es\/es\/cocentaina-ultima-una-inedita-benvinguda-als-reis-de-lorient\/#primaryimage"},"thumbnailUrl":"https:\/\/www.copealcoy.es\/wp-content\/uploads\/2021\/01\/10-En-Cocentaina-se-instalaron-los-buzones-reales-a-las-puertas-del-Ayuntamiento.jpg","datePublished":"2021-01-04T12:50:20+00:00","dateModified":"2021-01-04T16:09:22+00:00","author":{"@id":"https:\/\/www.copealcoy.es\/es\/#\/schema\/person\/e777c87fa024e57d40170af9df39882c"},"breadcrumb":{"@id":"https:\/\/www.copealcoy.es\/es\/cocentaina-ultima-una-inedita-benvinguda-als-reis-de-lorient\/#breadcrumb"},"inLanguage":"es","potentialAction":[{"@type":"ReadAction","target":["https:\/\/www.copealcoy.es\/es\/cocentaina-ultima-una-inedita-benvinguda-als-reis-de-lorient\/"]}]},{"@type":"ImageObject","inLanguage":"es","@id":"https:\/\/www.copealcoy.es\/es\/cocentaina-ultima-una-inedita-benvinguda-als-reis-de-lorient\/#primaryimage","url":"https:\/\/www.copealcoy.es\/wp-content\/uploads\/2021\/01\/10-En-Cocentaina-se-instalaron-los-buzones-reales-a-las-puertas-del-Ayuntamiento.jpg","contentUrl":"https:\/\/www.copealcoy.es\/wp-content\/uploads\/2021\/01\/10-En-Cocentaina-se-instalaron-los-buzones-reales-a-las-puertas-del-Ayuntamiento.jpg","width":1335,"height":910,"caption":"A la porta de l'Ajuntament de Cocentaina estaven les b\u00fasties reials"},{"@type":"BreadcrumbList","@id":"https:\/\/www.copealcoy.es\/es\/cocentaina-ultima-una-inedita-benvinguda-als-reis-de-lorient\/#breadcrumb","itemListElement":[{"@type":"ListItem","position":1,"name":"Portada","item":"https:\/\/www.copealcoy.es\/es\/"},{"@type":"ListItem","position":2,"name":"Cocentaina ultima una in\u00e8dita benvinguda als Reis de l&#8217;Orient"}]},{"@type":"WebSite","@id":"https:\/\/www.copealcoy.es\/es\/#website","url":"https:\/\/www.copealcoy.es\/es\/","name":"COPE Alcoy","description":"Emisora COPE de radio local con emisi\u00f3n online. Pont de Sant Jordi 8-10 03803 Alcoy","potentialAction":[{"@type":"SearchAction","target":{"@type":"EntryPoint","urlTemplate":"https:\/\/www.copealcoy.es\/es\/?s={search_term_string}"},"query-input":{"@type":"PropertyValueSpecification","valueRequired":true,"valueName":"search_term_string"}}],"inLanguage":"es"},{"@type":"Person","@id":"https:\/\/www.copealcoy.es\/es\/#\/schema\/person\/e777c87fa024e57d40170af9df39882c","name":"Cope Alcoy","image":{"@type":"ImageObject","inLanguage":"es","@id":"https:\/\/secure.gravatar.com\/avatar\/bb65d0283347e303893ba14f0692005417c1e0e690a325a4c5d8bb2b3943ee14?s=96&d=mm&r=g","url":"https:\/\/secure.gravatar.com\/avatar\/bb65d0283347e303893ba14f0692005417c1e0e690a325a4c5d8bb2b3943ee14?s=96&d=mm&r=g","contentUrl":"https:\/\/secure.gravatar.com\/avatar\/bb65d0283347e303893ba14f0692005417c1e0e690a325a4c5d8bb2b3943ee14?s=96&d=mm&r=g","caption":"Cope Alcoy"}}]}},"_links":{"self":[{"href":"https:\/\/www.copealcoy.es\/es\/wp-json\/wp\/v2\/posts\/69364","targetHints":{"allow":["GET"]}}],"collection":[{"href":"https:\/\/www.copealcoy.es\/es\/wp-json\/wp\/v2\/posts"}],"about":[{"href":"https:\/\/www.copealcoy.es\/es\/wp-json\/wp\/v2\/types\/post"}],"author":[{"embeddable":true,"href":"https:\/\/www.copealcoy.es\/es\/wp-json\/wp\/v2\/users\/1"}],"replies":[{"embeddable":true,"href":"https:\/\/www.copealcoy.es\/es\/wp-json\/wp\/v2\/comments?post=69364"}],"version-history":[{"count":0,"href":"https:\/\/www.copealcoy.es\/es\/wp-json\/wp\/v2\/posts\/69364\/revisions"}],"wp:featuredmedia":[{"embeddable":true,"href":"https:\/\/www.copealcoy.es\/es\/wp-json\/wp\/v2\/media\/69367"}],"wp:attachment":[{"href":"https:\/\/www.copealcoy.es\/es\/wp-json\/wp\/v2\/media?parent=69364"}],"wp:term":[{"taxonomy":"category","embeddable":true,"href":"https:\/\/www.copealcoy.es\/es\/wp-json\/wp\/v2\/categories?post=69364"},{"taxonomy":"post_tag","embeddable":true,"href":"https:\/\/www.copealcoy.es\/es\/wp-json\/wp\/v2\/tags?post=69364"}],"curies":[{"name":"wp","href":"https:\/\/api.w.org\/{rel}","templated":true}]}}