{"id":69246,"date":"2020-12-29T20:06:54","date_gmt":"2020-12-29T20:06:54","guid":{"rendered":"https:\/\/www.copealcoy.es\/?p=69246"},"modified":"2020-12-29T23:52:12","modified_gmt":"2020-12-29T23:52:12","slug":"jorge-molina-i-daniela-pico-guanyadors-dels-premis-de-lesport-2020","status":"publish","type":"post","link":"https:\/\/www.copealcoy.es\/es\/jorge-molina-i-daniela-pico-guanyadors-dels-premis-de-lesport-2020\/","title":{"rendered":"Jorge Molina i Daniela Pic\u00f3 guanyadors dels Premis de l&#8217;Esport 2020"},"content":{"rendered":"<p style=\"text-align: justify;\">La <strong>Regidoria d&#8217;Esports de l&#8217;Ajuntament d&#8217;Alcoi<\/strong> ha donat a con\u00e9ixer <strong>els guardonats<\/strong> amb els <strong>Premis de l&#8217;Esport 2020<\/strong>. S\u00f3n els seg\u00fcents:<\/p>\n<ul>\n<li>Premi Millor Esportista 2020 &#8216;Juan Agudo Garat&#8217; per a<strong> Jorge Molina Vidal<\/strong> (futbol)<\/li>\n<li>Premi Millor Esportista de Promoci\u00f3 2020 per a <strong>Daniela Pic\u00f3 Fern\u00e1ndez<\/strong> (gimn\u00e0stica r\u00edtmica)<\/li>\n<\/ul>\n<p>Per la seua banda s&#8217;atorguen tamb\u00e9 <strong>diferents Mencions Especials<\/strong>:<\/p>\n<ul>\n<li>A <strong>l&#8217;esport alcoi\u00e0<\/strong> en general, representat en tots els seus vessants<\/li>\n<li>Al <strong>C.D. Alcoyano SAD<\/strong>, en reconeixement a l&#8217;ascens del primer equip de l&#8217;entitat a la 2a Divisi\u00f3 B de Futbol Nacional<\/li>\n<li>Al <strong>Club Noubrot B\u00e0squet Alcoi<\/strong> en reconeixement a l&#8217;ascens de l&#8217;equip femen\u00ed s\u00e8nior a la 1a Divisi\u00f3 Nacional de B\u00e0squet<\/li>\n<li>Al <strong>C.D. Alcoyano SAD<\/strong>, en reconeixement a la promoci\u00f3, difusi\u00f3 i suport al futbol femen\u00ed de la ciutat<\/li>\n<li>A <strong>l&#8217;Associaci\u00f3 d&#8217;\u00c0rbitres d&#8217;Alcoi (ASOAR)<\/strong> amb motiu del seu 25 aniversari<\/li>\n<\/ul>\n<p style=\"text-align: justify;\">El regidor d&#8217;Esports a l&#8217;Ajuntament d&#8217;Alcoi, <strong><span class=\"hiddenSpellError\">Miguel<\/span> <span class=\"hiddenSpellError\">Juan<\/span> Reig<\/strong>, fou l&#8217;encarregat de donar a con\u00e9ixer aquests guardons i va informar que <strong>s&#8217;havia previst una gala<\/strong> per tal de fer entrega d&#8217;aquests. Aquesta ha quedat ajornada i se celebrar\u00e0 m\u00e9s endavant si la crisi sanit\u00e0ria de la <span class=\"hiddenSpellError\">Covid<\/span>-19.<\/p>\n<p><iframe loading=\"lazy\" title=\"20201218 RP Premis de l&#039;Esport 2020\" width=\"1200\" height=\"675\" src=\"https:\/\/www.youtube.com\/embed\/Mczh2nN5W1k?feature=oembed\" frameborder=\"0\" allow=\"accelerometer; autoplay; clipboard-write; encrypted-media; gyroscope; picture-in-picture\" allowfullscreen><\/iframe><\/p>\n","protected":false},"excerpt":{"rendered":"<p>La Regidoria d&#8217;Esports de l&#8217;Ajuntament d&#8217;Alcoi ha donat a con\u00e9ixer els guardonats amb els Premis de l&#8217;Esport 2020. S\u00f3n els&#8230;<\/p>\n","protected":false},"author":1,"featured_media":69247,"comment_status":"open","ping_status":"open","sticky":false,"template":"","format":"standard","meta":{"footnotes":""},"categories":[97,92,75],"tags":[160,10556,5762,2366,10557],"class_list":["post-69246","post","type-post","status-publish","format-standard","has-post-thumbnail","hentry","category-alcoy","category-deportes","category-noticias","tag-alcoi","tag-daniela-pico","tag-jorge-molina","tag-miguel-juan-reig","tag-premis-esport"],"yoast_head":"<!-- This site is optimized with the Yoast SEO plugin v27.3 - https:\/\/yoast.com\/product\/yoast-seo-wordpress\/ -->\n<title>Jorge Molina i Daniela Pic\u00f3 guanyadors dels Premis de l&#039;Esport 2020 - COPE Alcoy<\/title>\n<meta name=\"robots\" content=\"index, follow, max-snippet:-1, max-image-preview:large, max-video-preview:-1\" \/>\n<link rel=\"canonical\" href=\"https:\/\/www.copealcoy.es\/es\/jorge-molina-i-daniela-pico-guanyadors-dels-premis-de-lesport-2020\/\" \/>\n<meta property=\"og:locale\" content=\"es_ES\" \/>\n<meta property=\"og:type\" content=\"article\" \/>\n<meta property=\"og:title\" content=\"Jorge Molina i Daniela Pic\u00f3 guanyadors dels Premis de l&#039;Esport 2020 - COPE Alcoy\" \/>\n<meta property=\"og:description\" content=\"La Regidoria d&#8217;Esports de l&#8217;Ajuntament d&#8217;Alcoi ha donat a con\u00e9ixer els guardonats amb els Premis de l&#8217;Esport 2020. S\u00f3n els...\" \/>\n<meta property=\"og:url\" content=\"https:\/\/www.copealcoy.es\/es\/jorge-molina-i-daniela-pico-guanyadors-dels-premis-de-lesport-2020\/\" \/>\n<meta property=\"og:site_name\" content=\"COPE Alcoy\" \/>\n<meta property=\"article:published_time\" content=\"2020-12-29T20:06:54+00:00\" \/>\n<meta property=\"article:modified_time\" content=\"2020-12-29T23:52:12+00:00\" \/>\n<meta property=\"og:image\" content=\"https:\/\/www.copealcoy.es\/wp-content\/uploads\/2020\/12\/WhatsApp-Image-2020-12-18-at-09.50.25-e1609272382312.jpeg\" \/>\n\t<meta property=\"og:image:width\" content=\"1563\" \/>\n\t<meta property=\"og:image:height\" content=\"922\" \/>\n\t<meta property=\"og:image:type\" content=\"image\/jpeg\" \/>\n<meta name=\"author\" content=\"Cope Alcoy\" \/>\n<meta name=\"twitter:label1\" content=\"Escrito por\" \/>\n\t<meta name=\"twitter:data1\" content=\"Cope Alcoy\" \/>\n\t<meta name=\"twitter:label2\" content=\"Tiempo de lectura\" \/>\n\t<meta name=\"twitter:data2\" content=\"1 minuto\" \/>\n<script type=\"application\/ld+json\" class=\"yoast-schema-graph\">{\"@context\":\"https:\\\/\\\/schema.org\",\"@graph\":[{\"@type\":\"Article\",\"@id\":\"https:\\\/\\\/www.copealcoy.es\\\/es\\\/jorge-molina-i-daniela-pico-guanyadors-dels-premis-de-lesport-2020\\\/#article\",\"isPartOf\":{\"@id\":\"https:\\\/\\\/www.copealcoy.es\\\/es\\\/jorge-molina-i-daniela-pico-guanyadors-dels-premis-de-lesport-2020\\\/\"},\"author\":{\"name\":\"Cope Alcoy\",\"@id\":\"https:\\\/\\\/www.copealcoy.es\\\/es\\\/#\\\/schema\\\/person\\\/e777c87fa024e57d40170af9df39882c\"},\"headline\":\"Jorge Molina i Daniela Pic\u00f3 guanyadors dels Premis de l&#8217;Esport 2020\",\"datePublished\":\"2020-12-29T20:06:54+00:00\",\"dateModified\":\"2020-12-29T23:52:12+00:00\",\"mainEntityOfPage\":{\"@id\":\"https:\\\/\\\/www.copealcoy.es\\\/es\\\/jorge-molina-i-daniela-pico-guanyadors-dels-premis-de-lesport-2020\\\/\"},\"wordCount\":231,\"commentCount\":0,\"image\":{\"@id\":\"https:\\\/\\\/www.copealcoy.es\\\/es\\\/jorge-molina-i-daniela-pico-guanyadors-dels-premis-de-lesport-2020\\\/#primaryimage\"},\"thumbnailUrl\":\"https:\\\/\\\/www.copealcoy.es\\\/wp-content\\\/uploads\\\/2020\\\/12\\\/WhatsApp-Image-2020-12-18-at-09.50.25-e1609272382312.jpeg\",\"keywords\":[\"Alcoi\",\"Daniela Pic\u00f3\",\"Jorge Molina\",\"Miguel Juan Reig\",\"Premis Esport\"],\"articleSection\":[\"Alcoy\",\"Deportes\",\"Noticias\"],\"inLanguage\":\"es\"},{\"@type\":\"WebPage\",\"@id\":\"https:\\\/\\\/www.copealcoy.es\\\/es\\\/jorge-molina-i-daniela-pico-guanyadors-dels-premis-de-lesport-2020\\\/\",\"url\":\"https:\\\/\\\/www.copealcoy.es\\\/es\\\/jorge-molina-i-daniela-pico-guanyadors-dels-premis-de-lesport-2020\\\/\",\"name\":\"Jorge Molina i Daniela Pic\u00f3 guanyadors dels Premis de l'Esport 2020 - COPE Alcoy\",\"isPartOf\":{\"@id\":\"https:\\\/\\\/www.copealcoy.es\\\/es\\\/#website\"},\"primaryImageOfPage\":{\"@id\":\"https:\\\/\\\/www.copealcoy.es\\\/es\\\/jorge-molina-i-daniela-pico-guanyadors-dels-premis-de-lesport-2020\\\/#primaryimage\"},\"image\":{\"@id\":\"https:\\\/\\\/www.copealcoy.es\\\/es\\\/jorge-molina-i-daniela-pico-guanyadors-dels-premis-de-lesport-2020\\\/#primaryimage\"},\"thumbnailUrl\":\"https:\\\/\\\/www.copealcoy.es\\\/wp-content\\\/uploads\\\/2020\\\/12\\\/WhatsApp-Image-2020-12-18-at-09.50.25-e1609272382312.jpeg\",\"datePublished\":\"2020-12-29T20:06:54+00:00\",\"dateModified\":\"2020-12-29T23:52:12+00:00\",\"author\":{\"@id\":\"https:\\\/\\\/www.copealcoy.es\\\/es\\\/#\\\/schema\\\/person\\\/e777c87fa024e57d40170af9df39882c\"},\"breadcrumb\":{\"@id\":\"https:\\\/\\\/www.copealcoy.es\\\/es\\\/jorge-molina-i-daniela-pico-guanyadors-dels-premis-de-lesport-2020\\\/#breadcrumb\"},\"inLanguage\":\"es\",\"potentialAction\":[{\"@type\":\"ReadAction\",\"target\":[\"https:\\\/\\\/www.copealcoy.es\\\/es\\\/jorge-molina-i-daniela-pico-guanyadors-dels-premis-de-lesport-2020\\\/\"]}]},{\"@type\":\"ImageObject\",\"inLanguage\":\"es\",\"@id\":\"https:\\\/\\\/www.copealcoy.es\\\/es\\\/jorge-molina-i-daniela-pico-guanyadors-dels-premis-de-lesport-2020\\\/#primaryimage\",\"url\":\"https:\\\/\\\/www.copealcoy.es\\\/wp-content\\\/uploads\\\/2020\\\/12\\\/WhatsApp-Image-2020-12-18-at-09.50.25-e1609272382312.jpeg\",\"contentUrl\":\"https:\\\/\\\/www.copealcoy.es\\\/wp-content\\\/uploads\\\/2020\\\/12\\\/WhatsApp-Image-2020-12-18-at-09.50.25-e1609272382312.jpeg\",\"width\":1563,\"height\":922},{\"@type\":\"BreadcrumbList\",\"@id\":\"https:\\\/\\\/www.copealcoy.es\\\/es\\\/jorge-molina-i-daniela-pico-guanyadors-dels-premis-de-lesport-2020\\\/#breadcrumb\",\"itemListElement\":[{\"@type\":\"ListItem\",\"position\":1,\"name\":\"Portada\",\"item\":\"https:\\\/\\\/www.copealcoy.es\\\/es\\\/\"},{\"@type\":\"ListItem\",\"position\":2,\"name\":\"Jorge Molina i Daniela Pic\u00f3 guanyadors dels Premis de l&#8217;Esport 2020\"}]},{\"@type\":\"WebSite\",\"@id\":\"https:\\\/\\\/www.copealcoy.es\\\/es\\\/#website\",\"url\":\"https:\\\/\\\/www.copealcoy.es\\\/es\\\/\",\"name\":\"COPE Alcoy\",\"description\":\"Emisora COPE de radio local con emisi\u00f3n online. Pont de Sant Jordi 8-10 03803 Alcoy\",\"potentialAction\":[{\"@type\":\"SearchAction\",\"target\":{\"@type\":\"EntryPoint\",\"urlTemplate\":\"https:\\\/\\\/www.copealcoy.es\\\/es\\\/?s={search_term_string}\"},\"query-input\":{\"@type\":\"PropertyValueSpecification\",\"valueRequired\":true,\"valueName\":\"search_term_string\"}}],\"inLanguage\":\"es\"},{\"@type\":\"Person\",\"@id\":\"https:\\\/\\\/www.copealcoy.es\\\/es\\\/#\\\/schema\\\/person\\\/e777c87fa024e57d40170af9df39882c\",\"name\":\"Cope Alcoy\",\"image\":{\"@type\":\"ImageObject\",\"inLanguage\":\"es\",\"@id\":\"https:\\\/\\\/secure.gravatar.com\\\/avatar\\\/bb65d0283347e303893ba14f0692005417c1e0e690a325a4c5d8bb2b3943ee14?s=96&d=mm&r=g\",\"url\":\"https:\\\/\\\/secure.gravatar.com\\\/avatar\\\/bb65d0283347e303893ba14f0692005417c1e0e690a325a4c5d8bb2b3943ee14?s=96&d=mm&r=g\",\"contentUrl\":\"https:\\\/\\\/secure.gravatar.com\\\/avatar\\\/bb65d0283347e303893ba14f0692005417c1e0e690a325a4c5d8bb2b3943ee14?s=96&d=mm&r=g\",\"caption\":\"Cope Alcoy\"}}]}<\/script>\n<!-- \/ Yoast SEO plugin. -->","yoast_head_json":{"title":"Jorge Molina i Daniela Pic\u00f3 guanyadors dels Premis de l'Esport 2020 - COPE Alcoy","robots":{"index":"index","follow":"follow","max-snippet":"max-snippet:-1","max-image-preview":"max-image-preview:large","max-video-preview":"max-video-preview:-1"},"canonical":"https:\/\/www.copealcoy.es\/es\/jorge-molina-i-daniela-pico-guanyadors-dels-premis-de-lesport-2020\/","og_locale":"es_ES","og_type":"article","og_title":"Jorge Molina i Daniela Pic\u00f3 guanyadors dels Premis de l'Esport 2020 - COPE Alcoy","og_description":"La Regidoria d&#8217;Esports de l&#8217;Ajuntament d&#8217;Alcoi ha donat a con\u00e9ixer els guardonats amb els Premis de l&#8217;Esport 2020. S\u00f3n els...","og_url":"https:\/\/www.copealcoy.es\/es\/jorge-molina-i-daniela-pico-guanyadors-dels-premis-de-lesport-2020\/","og_site_name":"COPE Alcoy","article_published_time":"2020-12-29T20:06:54+00:00","article_modified_time":"2020-12-29T23:52:12+00:00","og_image":[{"width":1563,"height":922,"url":"https:\/\/www.copealcoy.es\/wp-content\/uploads\/2020\/12\/WhatsApp-Image-2020-12-18-at-09.50.25-e1609272382312.jpeg","type":"image\/jpeg"}],"author":"Cope Alcoy","twitter_misc":{"Escrito por":"Cope Alcoy","Tiempo de lectura":"1 minuto"},"schema":{"@context":"https:\/\/schema.org","@graph":[{"@type":"Article","@id":"https:\/\/www.copealcoy.es\/es\/jorge-molina-i-daniela-pico-guanyadors-dels-premis-de-lesport-2020\/#article","isPartOf":{"@id":"https:\/\/www.copealcoy.es\/es\/jorge-molina-i-daniela-pico-guanyadors-dels-premis-de-lesport-2020\/"},"author":{"name":"Cope Alcoy","@id":"https:\/\/www.copealcoy.es\/es\/#\/schema\/person\/e777c87fa024e57d40170af9df39882c"},"headline":"Jorge Molina i Daniela Pic\u00f3 guanyadors dels Premis de l&#8217;Esport 2020","datePublished":"2020-12-29T20:06:54+00:00","dateModified":"2020-12-29T23:52:12+00:00","mainEntityOfPage":{"@id":"https:\/\/www.copealcoy.es\/es\/jorge-molina-i-daniela-pico-guanyadors-dels-premis-de-lesport-2020\/"},"wordCount":231,"commentCount":0,"image":{"@id":"https:\/\/www.copealcoy.es\/es\/jorge-molina-i-daniela-pico-guanyadors-dels-premis-de-lesport-2020\/#primaryimage"},"thumbnailUrl":"https:\/\/www.copealcoy.es\/wp-content\/uploads\/2020\/12\/WhatsApp-Image-2020-12-18-at-09.50.25-e1609272382312.jpeg","keywords":["Alcoi","Daniela Pic\u00f3","Jorge Molina","Miguel Juan Reig","Premis Esport"],"articleSection":["Alcoy","Deportes","Noticias"],"inLanguage":"es"},{"@type":"WebPage","@id":"https:\/\/www.copealcoy.es\/es\/jorge-molina-i-daniela-pico-guanyadors-dels-premis-de-lesport-2020\/","url":"https:\/\/www.copealcoy.es\/es\/jorge-molina-i-daniela-pico-guanyadors-dels-premis-de-lesport-2020\/","name":"Jorge Molina i Daniela Pic\u00f3 guanyadors dels Premis de l'Esport 2020 - COPE Alcoy","isPartOf":{"@id":"https:\/\/www.copealcoy.es\/es\/#website"},"primaryImageOfPage":{"@id":"https:\/\/www.copealcoy.es\/es\/jorge-molina-i-daniela-pico-guanyadors-dels-premis-de-lesport-2020\/#primaryimage"},"image":{"@id":"https:\/\/www.copealcoy.es\/es\/jorge-molina-i-daniela-pico-guanyadors-dels-premis-de-lesport-2020\/#primaryimage"},"thumbnailUrl":"https:\/\/www.copealcoy.es\/wp-content\/uploads\/2020\/12\/WhatsApp-Image-2020-12-18-at-09.50.25-e1609272382312.jpeg","datePublished":"2020-12-29T20:06:54+00:00","dateModified":"2020-12-29T23:52:12+00:00","author":{"@id":"https:\/\/www.copealcoy.es\/es\/#\/schema\/person\/e777c87fa024e57d40170af9df39882c"},"breadcrumb":{"@id":"https:\/\/www.copealcoy.es\/es\/jorge-molina-i-daniela-pico-guanyadors-dels-premis-de-lesport-2020\/#breadcrumb"},"inLanguage":"es","potentialAction":[{"@type":"ReadAction","target":["https:\/\/www.copealcoy.es\/es\/jorge-molina-i-daniela-pico-guanyadors-dels-premis-de-lesport-2020\/"]}]},{"@type":"ImageObject","inLanguage":"es","@id":"https:\/\/www.copealcoy.es\/es\/jorge-molina-i-daniela-pico-guanyadors-dels-premis-de-lesport-2020\/#primaryimage","url":"https:\/\/www.copealcoy.es\/wp-content\/uploads\/2020\/12\/WhatsApp-Image-2020-12-18-at-09.50.25-e1609272382312.jpeg","contentUrl":"https:\/\/www.copealcoy.es\/wp-content\/uploads\/2020\/12\/WhatsApp-Image-2020-12-18-at-09.50.25-e1609272382312.jpeg","width":1563,"height":922},{"@type":"BreadcrumbList","@id":"https:\/\/www.copealcoy.es\/es\/jorge-molina-i-daniela-pico-guanyadors-dels-premis-de-lesport-2020\/#breadcrumb","itemListElement":[{"@type":"ListItem","position":1,"name":"Portada","item":"https:\/\/www.copealcoy.es\/es\/"},{"@type":"ListItem","position":2,"name":"Jorge Molina i Daniela Pic\u00f3 guanyadors dels Premis de l&#8217;Esport 2020"}]},{"@type":"WebSite","@id":"https:\/\/www.copealcoy.es\/es\/#website","url":"https:\/\/www.copealcoy.es\/es\/","name":"COPE Alcoy","description":"Emisora COPE de radio local con emisi\u00f3n online. Pont de Sant Jordi 8-10 03803 Alcoy","potentialAction":[{"@type":"SearchAction","target":{"@type":"EntryPoint","urlTemplate":"https:\/\/www.copealcoy.es\/es\/?s={search_term_string}"},"query-input":{"@type":"PropertyValueSpecification","valueRequired":true,"valueName":"search_term_string"}}],"inLanguage":"es"},{"@type":"Person","@id":"https:\/\/www.copealcoy.es\/es\/#\/schema\/person\/e777c87fa024e57d40170af9df39882c","name":"Cope Alcoy","image":{"@type":"ImageObject","inLanguage":"es","@id":"https:\/\/secure.gravatar.com\/avatar\/bb65d0283347e303893ba14f0692005417c1e0e690a325a4c5d8bb2b3943ee14?s=96&d=mm&r=g","url":"https:\/\/secure.gravatar.com\/avatar\/bb65d0283347e303893ba14f0692005417c1e0e690a325a4c5d8bb2b3943ee14?s=96&d=mm&r=g","contentUrl":"https:\/\/secure.gravatar.com\/avatar\/bb65d0283347e303893ba14f0692005417c1e0e690a325a4c5d8bb2b3943ee14?s=96&d=mm&r=g","caption":"Cope Alcoy"}}]}},"_links":{"self":[{"href":"https:\/\/www.copealcoy.es\/es\/wp-json\/wp\/v2\/posts\/69246","targetHints":{"allow":["GET"]}}],"collection":[{"href":"https:\/\/www.copealcoy.es\/es\/wp-json\/wp\/v2\/posts"}],"about":[{"href":"https:\/\/www.copealcoy.es\/es\/wp-json\/wp\/v2\/types\/post"}],"author":[{"embeddable":true,"href":"https:\/\/www.copealcoy.es\/es\/wp-json\/wp\/v2\/users\/1"}],"replies":[{"embeddable":true,"href":"https:\/\/www.copealcoy.es\/es\/wp-json\/wp\/v2\/comments?post=69246"}],"version-history":[{"count":0,"href":"https:\/\/www.copealcoy.es\/es\/wp-json\/wp\/v2\/posts\/69246\/revisions"}],"wp:featuredmedia":[{"embeddable":true,"href":"https:\/\/www.copealcoy.es\/es\/wp-json\/wp\/v2\/media\/69247"}],"wp:attachment":[{"href":"https:\/\/www.copealcoy.es\/es\/wp-json\/wp\/v2\/media?parent=69246"}],"wp:term":[{"taxonomy":"category","embeddable":true,"href":"https:\/\/www.copealcoy.es\/es\/wp-json\/wp\/v2\/categories?post=69246"},{"taxonomy":"post_tag","embeddable":true,"href":"https:\/\/www.copealcoy.es\/es\/wp-json\/wp\/v2\/tags?post=69246"}],"curies":[{"name":"wp","href":"https:\/\/api.w.org\/{rel}","templated":true}]}}