{"id":69077,"date":"2020-12-23T15:47:37","date_gmt":"2020-12-23T15:47:37","guid":{"rendered":"https:\/\/www.copealcoy.es\/?p=69077"},"modified":"2020-12-23T15:53:11","modified_gmt":"2020-12-23T15:53:11","slug":"una-exposicion-ahonda-en-los-secretos-de-la-cova-de-lor","status":"publish","type":"post","link":"https:\/\/www.copealcoy.es\/es\/una-exposicion-ahonda-en-los-secretos-de-la-cova-de-lor\/","title":{"rendered":"Una exposici\u00f3n ahonda en los secretos de la Cova de l&#8217;Or"},"content":{"rendered":"<p style=\"text-align: justify;\">El <strong>Museo Arqueol\u00f3gico de la Diputaci\u00f3n Provincial de Alicante<\/strong> ha inaugurado la muestra titulada\u00a0<strong>\u2018Cova de l\u2019Or: Museo de sitio, investigaci\u00f3n, protecci\u00f3n y apertura de un santuario del VI milenio a.C.\u2019<\/strong>, coincidiendo con la adecuaci\u00f3n del Centro de Interpretaci\u00f3n de este enclave y del propio yacimiento. Hay que recordar que <strong>el recinto est\u00e1 ubicado en Beniarr\u00e9s<\/strong> y pr\u00f3ximamente <strong>est\u00e1 prevista su apertura al p\u00fablico<\/strong> con servicio de visitas guiadas.<\/p>\n<p style=\"text-align: justify;\">El objetivo de esta nueva propuesta es poner en valor este importante <strong>enclave arqueol\u00f3gico de la sierra del Benicadell <\/strong>que ha resultado imprescindible para el conocimiento del <strong>Neol\u00edtico<\/strong> en la fachada mediterr\u00e1nea de la Pen\u00ednsula Ib\u00e9rica. A partir de enero, y gracias a un acuerdo entre la<strong> Fundaci\u00f3n MARQ <\/strong>y el<strong> Ayuntamiento de Beniarr\u00e9s<\/strong>, se podr\u00e1 realizar un recorrido de inter\u00e9s cultural y paisaj\u00edstico que incluye la cueva y el Centro de Interpretaci\u00f3n del yacimiento, declarado <strong>Bien de Inter\u00e9s Cultural<\/strong>.<\/p>\n<p style=\"text-align: justify;\">Desarrolladas por el <strong>\u00c1rea de Arquitectura de la Diputaci\u00f3n de Alicante<\/strong>, las actuaciones se iniciaron en 2016 culminando en 2020. Descubierta en los a\u00f1os treinta del siglo XX, la cueva ha sido objeto de importantes excavaciones en la que se hallaron importantes elementos que\u00a0testimonian la importancia de la ocupaci\u00f3n en el <strong>Neol\u00edtico Antiguo<\/strong> (5500-5000 a.C.). \u00a0El hallazgo de un importante <strong>repertorio de cer\u00e1mica<\/strong> <strong>simb\u00f3lica<\/strong> la se\u00f1ala como un lugar especial, un santuario donde podr\u00edan haberse realizado ceremonias y ritos.<\/p>\n","protected":false},"excerpt":{"rendered":"<p>El Museo Arqueol\u00f3gico de la Diputaci\u00f3n Provincial de Alicante ha inaugurado la muestra titulada\u00a0\u2018Cova de l\u2019Or: Museo de sitio, investigaci\u00f3n,&#8230;<\/p>\n","protected":false},"author":1,"featured_media":69078,"comment_status":"open","ping_status":"open","sticky":false,"template":"","format":"standard","meta":{"footnotes":""},"categories":[98,75],"tags":[851,3211,947,1579],"class_list":["post-69077","post","type-post","status-publish","format-standard","has-post-thumbnail","hentry","category-comarcas","category-noticias","tag-beniarres","tag-cova-de-lor","tag-diputacion-de-alicante","tag-exposicion"],"yoast_head":"<!-- This site is optimized with the Yoast SEO plugin v27.3 - https:\/\/yoast.com\/product\/yoast-seo-wordpress\/ -->\n<title>Una exposici\u00f3n ahonda en los secretos de la Cova de l&#039;Or - COPE Alcoy<\/title>\n<meta name=\"robots\" content=\"index, follow, max-snippet:-1, max-image-preview:large, max-video-preview:-1\" \/>\n<link rel=\"canonical\" href=\"https:\/\/www.copealcoy.es\/es\/una-exposicion-ahonda-en-los-secretos-de-la-cova-de-lor\/\" \/>\n<meta property=\"og:locale\" content=\"es_ES\" \/>\n<meta property=\"og:type\" content=\"article\" \/>\n<meta property=\"og:title\" content=\"Una exposici\u00f3n ahonda en los secretos de la Cova de l&#039;Or - COPE Alcoy\" \/>\n<meta property=\"og:description\" content=\"El Museo Arqueol\u00f3gico de la Diputaci\u00f3n Provincial de Alicante ha inaugurado la muestra titulada\u00a0\u2018Cova de l\u2019Or: Museo de sitio, investigaci\u00f3n,...\" \/>\n<meta property=\"og:url\" content=\"https:\/\/www.copealcoy.es\/es\/una-exposicion-ahonda-en-los-secretos-de-la-cova-de-lor\/\" \/>\n<meta property=\"og:site_name\" content=\"COPE Alcoy\" \/>\n<meta property=\"article:published_time\" content=\"2020-12-23T15:47:37+00:00\" \/>\n<meta property=\"article:modified_time\" content=\"2020-12-23T15:53:11+00:00\" \/>\n<meta property=\"og:image\" content=\"https:\/\/www.copealcoy.es\/wp-content\/uploads\/2020\/12\/122220-exposicion-marq-1280x853-1.jpg\" \/>\n\t<meta property=\"og:image:width\" content=\"1280\" \/>\n\t<meta property=\"og:image:height\" content=\"853\" \/>\n\t<meta property=\"og:image:type\" content=\"image\/jpeg\" \/>\n<meta name=\"author\" content=\"Cope Alcoy\" \/>\n<meta name=\"twitter:label1\" content=\"Escrito por\" \/>\n\t<meta name=\"twitter:data1\" content=\"Cope Alcoy\" \/>\n\t<meta name=\"twitter:label2\" content=\"Tiempo de lectura\" \/>\n\t<meta name=\"twitter:data2\" content=\"1 minuto\" \/>\n<script type=\"application\/ld+json\" class=\"yoast-schema-graph\">{\"@context\":\"https:\\\/\\\/schema.org\",\"@graph\":[{\"@type\":\"Article\",\"@id\":\"https:\\\/\\\/www.copealcoy.es\\\/es\\\/una-exposicion-ahonda-en-los-secretos-de-la-cova-de-lor\\\/#article\",\"isPartOf\":{\"@id\":\"https:\\\/\\\/www.copealcoy.es\\\/es\\\/una-exposicion-ahonda-en-los-secretos-de-la-cova-de-lor\\\/\"},\"author\":{\"name\":\"Cope Alcoy\",\"@id\":\"https:\\\/\\\/www.copealcoy.es\\\/es\\\/#\\\/schema\\\/person\\\/e777c87fa024e57d40170af9df39882c\"},\"headline\":\"Una exposici\u00f3n ahonda en los secretos de la Cova de l&#8217;Or\",\"datePublished\":\"2020-12-23T15:47:37+00:00\",\"dateModified\":\"2020-12-23T15:53:11+00:00\",\"mainEntityOfPage\":{\"@id\":\"https:\\\/\\\/www.copealcoy.es\\\/es\\\/una-exposicion-ahonda-en-los-secretos-de-la-cova-de-lor\\\/\"},\"wordCount\":271,\"commentCount\":0,\"image\":{\"@id\":\"https:\\\/\\\/www.copealcoy.es\\\/es\\\/una-exposicion-ahonda-en-los-secretos-de-la-cova-de-lor\\\/#primaryimage\"},\"thumbnailUrl\":\"https:\\\/\\\/www.copealcoy.es\\\/wp-content\\\/uploads\\\/2020\\\/12\\\/122220-exposicion-marq-1280x853-1.jpg\",\"keywords\":[\"Beniarres\",\"Cova de l\u00b4Or\",\"Diputaci\u00f3n de Alicante\",\"Exposici\u00f3n\"],\"articleSection\":[\"Comarcas\",\"Noticias\"],\"inLanguage\":\"es\"},{\"@type\":\"WebPage\",\"@id\":\"https:\\\/\\\/www.copealcoy.es\\\/es\\\/una-exposicion-ahonda-en-los-secretos-de-la-cova-de-lor\\\/\",\"url\":\"https:\\\/\\\/www.copealcoy.es\\\/es\\\/una-exposicion-ahonda-en-los-secretos-de-la-cova-de-lor\\\/\",\"name\":\"Una exposici\u00f3n ahonda en los secretos de la Cova de l'Or - COPE Alcoy\",\"isPartOf\":{\"@id\":\"https:\\\/\\\/www.copealcoy.es\\\/es\\\/#website\"},\"primaryImageOfPage\":{\"@id\":\"https:\\\/\\\/www.copealcoy.es\\\/es\\\/una-exposicion-ahonda-en-los-secretos-de-la-cova-de-lor\\\/#primaryimage\"},\"image\":{\"@id\":\"https:\\\/\\\/www.copealcoy.es\\\/es\\\/una-exposicion-ahonda-en-los-secretos-de-la-cova-de-lor\\\/#primaryimage\"},\"thumbnailUrl\":\"https:\\\/\\\/www.copealcoy.es\\\/wp-content\\\/uploads\\\/2020\\\/12\\\/122220-exposicion-marq-1280x853-1.jpg\",\"datePublished\":\"2020-12-23T15:47:37+00:00\",\"dateModified\":\"2020-12-23T15:53:11+00:00\",\"author\":{\"@id\":\"https:\\\/\\\/www.copealcoy.es\\\/es\\\/#\\\/schema\\\/person\\\/e777c87fa024e57d40170af9df39882c\"},\"breadcrumb\":{\"@id\":\"https:\\\/\\\/www.copealcoy.es\\\/es\\\/una-exposicion-ahonda-en-los-secretos-de-la-cova-de-lor\\\/#breadcrumb\"},\"inLanguage\":\"es\",\"potentialAction\":[{\"@type\":\"ReadAction\",\"target\":[\"https:\\\/\\\/www.copealcoy.es\\\/es\\\/una-exposicion-ahonda-en-los-secretos-de-la-cova-de-lor\\\/\"]}]},{\"@type\":\"ImageObject\",\"inLanguage\":\"es\",\"@id\":\"https:\\\/\\\/www.copealcoy.es\\\/es\\\/una-exposicion-ahonda-en-los-secretos-de-la-cova-de-lor\\\/#primaryimage\",\"url\":\"https:\\\/\\\/www.copealcoy.es\\\/wp-content\\\/uploads\\\/2020\\\/12\\\/122220-exposicion-marq-1280x853-1.jpg\",\"contentUrl\":\"https:\\\/\\\/www.copealcoy.es\\\/wp-content\\\/uploads\\\/2020\\\/12\\\/122220-exposicion-marq-1280x853-1.jpg\",\"width\":1280,\"height\":853},{\"@type\":\"BreadcrumbList\",\"@id\":\"https:\\\/\\\/www.copealcoy.es\\\/es\\\/una-exposicion-ahonda-en-los-secretos-de-la-cova-de-lor\\\/#breadcrumb\",\"itemListElement\":[{\"@type\":\"ListItem\",\"position\":1,\"name\":\"Portada\",\"item\":\"https:\\\/\\\/www.copealcoy.es\\\/es\\\/\"},{\"@type\":\"ListItem\",\"position\":2,\"name\":\"Una exposici\u00f3n ahonda en los secretos de la Cova de l&#8217;Or\"}]},{\"@type\":\"WebSite\",\"@id\":\"https:\\\/\\\/www.copealcoy.es\\\/es\\\/#website\",\"url\":\"https:\\\/\\\/www.copealcoy.es\\\/es\\\/\",\"name\":\"COPE Alcoy\",\"description\":\"Emisora COPE de radio local con emisi\u00f3n online. Pont de Sant Jordi 8-10 03803 Alcoy\",\"potentialAction\":[{\"@type\":\"SearchAction\",\"target\":{\"@type\":\"EntryPoint\",\"urlTemplate\":\"https:\\\/\\\/www.copealcoy.es\\\/es\\\/?s={search_term_string}\"},\"query-input\":{\"@type\":\"PropertyValueSpecification\",\"valueRequired\":true,\"valueName\":\"search_term_string\"}}],\"inLanguage\":\"es\"},{\"@type\":\"Person\",\"@id\":\"https:\\\/\\\/www.copealcoy.es\\\/es\\\/#\\\/schema\\\/person\\\/e777c87fa024e57d40170af9df39882c\",\"name\":\"Cope Alcoy\",\"image\":{\"@type\":\"ImageObject\",\"inLanguage\":\"es\",\"@id\":\"https:\\\/\\\/secure.gravatar.com\\\/avatar\\\/bb65d0283347e303893ba14f0692005417c1e0e690a325a4c5d8bb2b3943ee14?s=96&d=mm&r=g\",\"url\":\"https:\\\/\\\/secure.gravatar.com\\\/avatar\\\/bb65d0283347e303893ba14f0692005417c1e0e690a325a4c5d8bb2b3943ee14?s=96&d=mm&r=g\",\"contentUrl\":\"https:\\\/\\\/secure.gravatar.com\\\/avatar\\\/bb65d0283347e303893ba14f0692005417c1e0e690a325a4c5d8bb2b3943ee14?s=96&d=mm&r=g\",\"caption\":\"Cope Alcoy\"}}]}<\/script>\n<!-- \/ Yoast SEO plugin. -->","yoast_head_json":{"title":"Una exposici\u00f3n ahonda en los secretos de la Cova de l'Or - COPE Alcoy","robots":{"index":"index","follow":"follow","max-snippet":"max-snippet:-1","max-image-preview":"max-image-preview:large","max-video-preview":"max-video-preview:-1"},"canonical":"https:\/\/www.copealcoy.es\/es\/una-exposicion-ahonda-en-los-secretos-de-la-cova-de-lor\/","og_locale":"es_ES","og_type":"article","og_title":"Una exposici\u00f3n ahonda en los secretos de la Cova de l'Or - COPE Alcoy","og_description":"El Museo Arqueol\u00f3gico de la Diputaci\u00f3n Provincial de Alicante ha inaugurado la muestra titulada\u00a0\u2018Cova de l\u2019Or: Museo de sitio, investigaci\u00f3n,...","og_url":"https:\/\/www.copealcoy.es\/es\/una-exposicion-ahonda-en-los-secretos-de-la-cova-de-lor\/","og_site_name":"COPE Alcoy","article_published_time":"2020-12-23T15:47:37+00:00","article_modified_time":"2020-12-23T15:53:11+00:00","og_image":[{"width":1280,"height":853,"url":"https:\/\/www.copealcoy.es\/wp-content\/uploads\/2020\/12\/122220-exposicion-marq-1280x853-1.jpg","type":"image\/jpeg"}],"author":"Cope Alcoy","twitter_misc":{"Escrito por":"Cope Alcoy","Tiempo de lectura":"1 minuto"},"schema":{"@context":"https:\/\/schema.org","@graph":[{"@type":"Article","@id":"https:\/\/www.copealcoy.es\/es\/una-exposicion-ahonda-en-los-secretos-de-la-cova-de-lor\/#article","isPartOf":{"@id":"https:\/\/www.copealcoy.es\/es\/una-exposicion-ahonda-en-los-secretos-de-la-cova-de-lor\/"},"author":{"name":"Cope Alcoy","@id":"https:\/\/www.copealcoy.es\/es\/#\/schema\/person\/e777c87fa024e57d40170af9df39882c"},"headline":"Una exposici\u00f3n ahonda en los secretos de la Cova de l&#8217;Or","datePublished":"2020-12-23T15:47:37+00:00","dateModified":"2020-12-23T15:53:11+00:00","mainEntityOfPage":{"@id":"https:\/\/www.copealcoy.es\/es\/una-exposicion-ahonda-en-los-secretos-de-la-cova-de-lor\/"},"wordCount":271,"commentCount":0,"image":{"@id":"https:\/\/www.copealcoy.es\/es\/una-exposicion-ahonda-en-los-secretos-de-la-cova-de-lor\/#primaryimage"},"thumbnailUrl":"https:\/\/www.copealcoy.es\/wp-content\/uploads\/2020\/12\/122220-exposicion-marq-1280x853-1.jpg","keywords":["Beniarres","Cova de l\u00b4Or","Diputaci\u00f3n de Alicante","Exposici\u00f3n"],"articleSection":["Comarcas","Noticias"],"inLanguage":"es"},{"@type":"WebPage","@id":"https:\/\/www.copealcoy.es\/es\/una-exposicion-ahonda-en-los-secretos-de-la-cova-de-lor\/","url":"https:\/\/www.copealcoy.es\/es\/una-exposicion-ahonda-en-los-secretos-de-la-cova-de-lor\/","name":"Una exposici\u00f3n ahonda en los secretos de la Cova de l'Or - COPE Alcoy","isPartOf":{"@id":"https:\/\/www.copealcoy.es\/es\/#website"},"primaryImageOfPage":{"@id":"https:\/\/www.copealcoy.es\/es\/una-exposicion-ahonda-en-los-secretos-de-la-cova-de-lor\/#primaryimage"},"image":{"@id":"https:\/\/www.copealcoy.es\/es\/una-exposicion-ahonda-en-los-secretos-de-la-cova-de-lor\/#primaryimage"},"thumbnailUrl":"https:\/\/www.copealcoy.es\/wp-content\/uploads\/2020\/12\/122220-exposicion-marq-1280x853-1.jpg","datePublished":"2020-12-23T15:47:37+00:00","dateModified":"2020-12-23T15:53:11+00:00","author":{"@id":"https:\/\/www.copealcoy.es\/es\/#\/schema\/person\/e777c87fa024e57d40170af9df39882c"},"breadcrumb":{"@id":"https:\/\/www.copealcoy.es\/es\/una-exposicion-ahonda-en-los-secretos-de-la-cova-de-lor\/#breadcrumb"},"inLanguage":"es","potentialAction":[{"@type":"ReadAction","target":["https:\/\/www.copealcoy.es\/es\/una-exposicion-ahonda-en-los-secretos-de-la-cova-de-lor\/"]}]},{"@type":"ImageObject","inLanguage":"es","@id":"https:\/\/www.copealcoy.es\/es\/una-exposicion-ahonda-en-los-secretos-de-la-cova-de-lor\/#primaryimage","url":"https:\/\/www.copealcoy.es\/wp-content\/uploads\/2020\/12\/122220-exposicion-marq-1280x853-1.jpg","contentUrl":"https:\/\/www.copealcoy.es\/wp-content\/uploads\/2020\/12\/122220-exposicion-marq-1280x853-1.jpg","width":1280,"height":853},{"@type":"BreadcrumbList","@id":"https:\/\/www.copealcoy.es\/es\/una-exposicion-ahonda-en-los-secretos-de-la-cova-de-lor\/#breadcrumb","itemListElement":[{"@type":"ListItem","position":1,"name":"Portada","item":"https:\/\/www.copealcoy.es\/es\/"},{"@type":"ListItem","position":2,"name":"Una exposici\u00f3n ahonda en los secretos de la Cova de l&#8217;Or"}]},{"@type":"WebSite","@id":"https:\/\/www.copealcoy.es\/es\/#website","url":"https:\/\/www.copealcoy.es\/es\/","name":"COPE Alcoy","description":"Emisora COPE de radio local con emisi\u00f3n online. Pont de Sant Jordi 8-10 03803 Alcoy","potentialAction":[{"@type":"SearchAction","target":{"@type":"EntryPoint","urlTemplate":"https:\/\/www.copealcoy.es\/es\/?s={search_term_string}"},"query-input":{"@type":"PropertyValueSpecification","valueRequired":true,"valueName":"search_term_string"}}],"inLanguage":"es"},{"@type":"Person","@id":"https:\/\/www.copealcoy.es\/es\/#\/schema\/person\/e777c87fa024e57d40170af9df39882c","name":"Cope Alcoy","image":{"@type":"ImageObject","inLanguage":"es","@id":"https:\/\/secure.gravatar.com\/avatar\/bb65d0283347e303893ba14f0692005417c1e0e690a325a4c5d8bb2b3943ee14?s=96&d=mm&r=g","url":"https:\/\/secure.gravatar.com\/avatar\/bb65d0283347e303893ba14f0692005417c1e0e690a325a4c5d8bb2b3943ee14?s=96&d=mm&r=g","contentUrl":"https:\/\/secure.gravatar.com\/avatar\/bb65d0283347e303893ba14f0692005417c1e0e690a325a4c5d8bb2b3943ee14?s=96&d=mm&r=g","caption":"Cope Alcoy"}}]}},"_links":{"self":[{"href":"https:\/\/www.copealcoy.es\/es\/wp-json\/wp\/v2\/posts\/69077","targetHints":{"allow":["GET"]}}],"collection":[{"href":"https:\/\/www.copealcoy.es\/es\/wp-json\/wp\/v2\/posts"}],"about":[{"href":"https:\/\/www.copealcoy.es\/es\/wp-json\/wp\/v2\/types\/post"}],"author":[{"embeddable":true,"href":"https:\/\/www.copealcoy.es\/es\/wp-json\/wp\/v2\/users\/1"}],"replies":[{"embeddable":true,"href":"https:\/\/www.copealcoy.es\/es\/wp-json\/wp\/v2\/comments?post=69077"}],"version-history":[{"count":0,"href":"https:\/\/www.copealcoy.es\/es\/wp-json\/wp\/v2\/posts\/69077\/revisions"}],"wp:featuredmedia":[{"embeddable":true,"href":"https:\/\/www.copealcoy.es\/es\/wp-json\/wp\/v2\/media\/69078"}],"wp:attachment":[{"href":"https:\/\/www.copealcoy.es\/es\/wp-json\/wp\/v2\/media?parent=69077"}],"wp:term":[{"taxonomy":"category","embeddable":true,"href":"https:\/\/www.copealcoy.es\/es\/wp-json\/wp\/v2\/categories?post=69077"},{"taxonomy":"post_tag","embeddable":true,"href":"https:\/\/www.copealcoy.es\/es\/wp-json\/wp\/v2\/tags?post=69077"}],"curies":[{"name":"wp","href":"https:\/\/api.w.org\/{rel}","templated":true}]}}