{"id":68989,"date":"2020-12-21T13:02:18","date_gmt":"2020-12-21T13:02:18","guid":{"rendered":"https:\/\/www.copealcoy.es\/?p=68989"},"modified":"2020-12-21T13:11:31","modified_gmt":"2020-12-21T13:11:31","slug":"la-mancomunitat-impulsa-una-campanya-contra-els-regals-sexistes","status":"publish","type":"post","link":"https:\/\/www.copealcoy.es\/es\/la-mancomunitat-impulsa-una-campanya-contra-els-regals-sexistes\/","title":{"rendered":"La Mancomunitat impulsa una campanya contra els regals sexistes"},"content":{"rendered":"<p style=\"text-align: justify;\">El <strong>Servei d\u2019Igualtat de la Mancomunitat de l\u2019Alcoi\u00e0 i el Comtat<\/strong> llan\u00e7a una nova <strong>campanya nadalenca contra els regals sexistes<\/strong>. Enguany, la campanya t\u00e9 per lema<strong> &#8220;El que posa en la carta als Reis d\u2019Orient \u00e9s el que importa. No hi ha regals femenins ni masculins&#8221;<\/strong>, i vol <strong>sensibilitzar a la poblaci\u00f3<\/strong> sobre la necessitat d\u2019acabar amb els estereotips en els regals de Nadal.<\/p>\n<p style=\"text-align: justify;\">La campanya <strong>t\u00e9 com a objectiu<\/strong> que tant les persones que fan compres com les que pensen quins regals demanar ho facen amb total llibertat i sense prejudicis. D\u2019aquesta manera, a m\u00e9s de deixar de fomentar els rols de g\u00e8nere, <strong>segurament els obsequis seran m\u00e9s encertats<\/strong> <em>&#8220;des de la inf\u00e0ncia molts joguets s\u2019associen de forma diferenciada a xiquets o a xiquetes, inculcant estereotips de g\u00e8nere i rols jerarquitzats: els colors blau i rosa, les tem\u00e0tiques de joguets on les cures s\u00f3n femenines i la viol\u00e8ncia i l\u2019acci\u00f3 masculines\u2026 Regalar joguets que no encaixen en estos estereotips \u00e9s regalar llibertat i permetre que xiquets i xiquetes entenguen que poden escollir els joguets, les aficions i les prefer\u00e8ncies lliurement, potenciant la seua imaginaci\u00f3 i creativitat, i respectant els seus sentiments. Per\u00f2 no \u00e9s una tend\u00e8ncia que es limite a la inf\u00e0ncia, ja que tamb\u00e9 a l\u2019edat adulta es mantenen estos costums, associant per exemple que un bon regal per a una dona \u00e9s un producte cosm\u00e8tic i per a un home s\u00f3n m\u00e9s adients els dispositius tecnol\u00f2gics. La clau per a fer regals sense caure en els estereotips sexistes \u00e9s con\u00e9ixer a la persona a qui s\u2019obsequia i escollir el regal pensant en els seus gustos i aficions, evitar les compres impulsives i meditar quin detall li agradaria rebre a cada persona en concret<\/em>&#8220;, afirma un dels gerents de la Manco; <strong>Arnaldo Due\u00f1as<\/strong>.<\/p>\n<p>Aquesta iniciativa es suma a altres campanyes de la Mancomunitat com <strong>les destinades a frenar el consum d\u00b4alcohol<\/strong> entre els m\u00e9s joves.<\/p>\n","protected":false},"excerpt":{"rendered":"<p>El Servei d\u2019Igualtat de la Mancomunitat de l\u2019Alcoi\u00e0 i el Comtat llan\u00e7a una nova campanya nadalenca contra els regals sexistes&#8230;.<\/p>\n","protected":false},"author":1,"featured_media":68990,"comment_status":"open","ping_status":"open","sticky":false,"template":"","format":"standard","meta":{"footnotes":""},"categories":[98,75],"tags":[1876,9579,1745,336,10512],"class_list":["post-68989","post","type-post","status-publish","format-standard","has-post-thumbnail","hentry","category-comarcas","category-noticias","tag-arnaldo-duenas","tag-campanya","tag-mancomunitat","tag-nadal","tag-regals-sexistes"],"yoast_head":"<!-- This site is optimized with the Yoast SEO plugin v27.3 - https:\/\/yoast.com\/product\/yoast-seo-wordpress\/ -->\n<title>La Mancomunitat impulsa una campanya contra els regals sexistes - COPE Alcoy<\/title>\n<meta name=\"robots\" content=\"index, follow, max-snippet:-1, max-image-preview:large, max-video-preview:-1\" \/>\n<link rel=\"canonical\" href=\"https:\/\/www.copealcoy.es\/es\/la-mancomunitat-impulsa-una-campanya-contra-els-regals-sexistes\/\" \/>\n<meta property=\"og:locale\" content=\"es_ES\" \/>\n<meta property=\"og:type\" content=\"article\" \/>\n<meta property=\"og:title\" content=\"La Mancomunitat impulsa una campanya contra els regals sexistes - COPE Alcoy\" \/>\n<meta property=\"og:description\" content=\"El Servei d\u2019Igualtat de la Mancomunitat de l\u2019Alcoi\u00e0 i el Comtat llan\u00e7a una nova campanya nadalenca contra els regals sexistes....\" \/>\n<meta property=\"og:url\" content=\"https:\/\/www.copealcoy.es\/es\/la-mancomunitat-impulsa-una-campanya-contra-els-regals-sexistes\/\" \/>\n<meta property=\"og:site_name\" content=\"COPE Alcoy\" \/>\n<meta property=\"article:published_time\" content=\"2020-12-21T13:02:18+00:00\" \/>\n<meta property=\"article:modified_time\" content=\"2020-12-21T13:11:31+00:00\" \/>\n<meta property=\"og:image\" content=\"https:\/\/www.copealcoy.es\/wp-content\/uploads\/2020\/12\/131894364_1754526984701846_5554120920663309981_o-e1608555867927.jpg\" \/>\n\t<meta property=\"og:image:width\" content=\"1200\" \/>\n\t<meta property=\"og:image:height\" content=\"813\" \/>\n\t<meta property=\"og:image:type\" content=\"image\/jpeg\" \/>\n<meta name=\"author\" content=\"Cope Alcoy\" \/>\n<meta name=\"twitter:label1\" content=\"Escrito por\" \/>\n\t<meta name=\"twitter:data1\" content=\"Cope Alcoy\" \/>\n\t<meta name=\"twitter:label2\" content=\"Tiempo de lectura\" \/>\n\t<meta name=\"twitter:data2\" content=\"2 minutos\" \/>\n<script type=\"application\/ld+json\" class=\"yoast-schema-graph\">{\"@context\":\"https:\\\/\\\/schema.org\",\"@graph\":[{\"@type\":\"Article\",\"@id\":\"https:\\\/\\\/www.copealcoy.es\\\/es\\\/la-mancomunitat-impulsa-una-campanya-contra-els-regals-sexistes\\\/#article\",\"isPartOf\":{\"@id\":\"https:\\\/\\\/www.copealcoy.es\\\/es\\\/la-mancomunitat-impulsa-una-campanya-contra-els-regals-sexistes\\\/\"},\"author\":{\"name\":\"Cope Alcoy\",\"@id\":\"https:\\\/\\\/www.copealcoy.es\\\/es\\\/#\\\/schema\\\/person\\\/e777c87fa024e57d40170af9df39882c\"},\"headline\":\"La Mancomunitat impulsa una campanya contra els regals sexistes\",\"datePublished\":\"2020-12-21T13:02:18+00:00\",\"dateModified\":\"2020-12-21T13:11:31+00:00\",\"mainEntityOfPage\":{\"@id\":\"https:\\\/\\\/www.copealcoy.es\\\/es\\\/la-mancomunitat-impulsa-una-campanya-contra-els-regals-sexistes\\\/\"},\"wordCount\":355,\"commentCount\":0,\"image\":{\"@id\":\"https:\\\/\\\/www.copealcoy.es\\\/es\\\/la-mancomunitat-impulsa-una-campanya-contra-els-regals-sexistes\\\/#primaryimage\"},\"thumbnailUrl\":\"https:\\\/\\\/www.copealcoy.es\\\/wp-content\\\/uploads\\\/2020\\\/12\\\/131894364_1754526984701846_5554120920663309981_o-e1608555867927.jpg\",\"keywords\":[\"Arnaldo Due\u00f1as\",\"campanya\",\"Mancomunitat\",\"Nadal\",\"regals sexistes\"],\"articleSection\":[\"Comarcas\",\"Noticias\"],\"inLanguage\":\"es\"},{\"@type\":\"WebPage\",\"@id\":\"https:\\\/\\\/www.copealcoy.es\\\/es\\\/la-mancomunitat-impulsa-una-campanya-contra-els-regals-sexistes\\\/\",\"url\":\"https:\\\/\\\/www.copealcoy.es\\\/es\\\/la-mancomunitat-impulsa-una-campanya-contra-els-regals-sexistes\\\/\",\"name\":\"La Mancomunitat impulsa una campanya contra els regals sexistes - COPE Alcoy\",\"isPartOf\":{\"@id\":\"https:\\\/\\\/www.copealcoy.es\\\/es\\\/#website\"},\"primaryImageOfPage\":{\"@id\":\"https:\\\/\\\/www.copealcoy.es\\\/es\\\/la-mancomunitat-impulsa-una-campanya-contra-els-regals-sexistes\\\/#primaryimage\"},\"image\":{\"@id\":\"https:\\\/\\\/www.copealcoy.es\\\/es\\\/la-mancomunitat-impulsa-una-campanya-contra-els-regals-sexistes\\\/#primaryimage\"},\"thumbnailUrl\":\"https:\\\/\\\/www.copealcoy.es\\\/wp-content\\\/uploads\\\/2020\\\/12\\\/131894364_1754526984701846_5554120920663309981_o-e1608555867927.jpg\",\"datePublished\":\"2020-12-21T13:02:18+00:00\",\"dateModified\":\"2020-12-21T13:11:31+00:00\",\"author\":{\"@id\":\"https:\\\/\\\/www.copealcoy.es\\\/es\\\/#\\\/schema\\\/person\\\/e777c87fa024e57d40170af9df39882c\"},\"breadcrumb\":{\"@id\":\"https:\\\/\\\/www.copealcoy.es\\\/es\\\/la-mancomunitat-impulsa-una-campanya-contra-els-regals-sexistes\\\/#breadcrumb\"},\"inLanguage\":\"es\",\"potentialAction\":[{\"@type\":\"ReadAction\",\"target\":[\"https:\\\/\\\/www.copealcoy.es\\\/es\\\/la-mancomunitat-impulsa-una-campanya-contra-els-regals-sexistes\\\/\"]}]},{\"@type\":\"ImageObject\",\"inLanguage\":\"es\",\"@id\":\"https:\\\/\\\/www.copealcoy.es\\\/es\\\/la-mancomunitat-impulsa-una-campanya-contra-els-regals-sexistes\\\/#primaryimage\",\"url\":\"https:\\\/\\\/www.copealcoy.es\\\/wp-content\\\/uploads\\\/2020\\\/12\\\/131894364_1754526984701846_5554120920663309981_o-e1608555867927.jpg\",\"contentUrl\":\"https:\\\/\\\/www.copealcoy.es\\\/wp-content\\\/uploads\\\/2020\\\/12\\\/131894364_1754526984701846_5554120920663309981_o-e1608555867927.jpg\",\"width\":1200,\"height\":813},{\"@type\":\"BreadcrumbList\",\"@id\":\"https:\\\/\\\/www.copealcoy.es\\\/es\\\/la-mancomunitat-impulsa-una-campanya-contra-els-regals-sexistes\\\/#breadcrumb\",\"itemListElement\":[{\"@type\":\"ListItem\",\"position\":1,\"name\":\"Portada\",\"item\":\"https:\\\/\\\/www.copealcoy.es\\\/es\\\/\"},{\"@type\":\"ListItem\",\"position\":2,\"name\":\"La Mancomunitat impulsa una campanya contra els regals sexistes\"}]},{\"@type\":\"WebSite\",\"@id\":\"https:\\\/\\\/www.copealcoy.es\\\/es\\\/#website\",\"url\":\"https:\\\/\\\/www.copealcoy.es\\\/es\\\/\",\"name\":\"COPE Alcoy\",\"description\":\"Emisora COPE de radio local con emisi\u00f3n online. Pont de Sant Jordi 8-10 03803 Alcoy\",\"potentialAction\":[{\"@type\":\"SearchAction\",\"target\":{\"@type\":\"EntryPoint\",\"urlTemplate\":\"https:\\\/\\\/www.copealcoy.es\\\/es\\\/?s={search_term_string}\"},\"query-input\":{\"@type\":\"PropertyValueSpecification\",\"valueRequired\":true,\"valueName\":\"search_term_string\"}}],\"inLanguage\":\"es\"},{\"@type\":\"Person\",\"@id\":\"https:\\\/\\\/www.copealcoy.es\\\/es\\\/#\\\/schema\\\/person\\\/e777c87fa024e57d40170af9df39882c\",\"name\":\"Cope Alcoy\",\"image\":{\"@type\":\"ImageObject\",\"inLanguage\":\"es\",\"@id\":\"https:\\\/\\\/secure.gravatar.com\\\/avatar\\\/bb65d0283347e303893ba14f0692005417c1e0e690a325a4c5d8bb2b3943ee14?s=96&d=mm&r=g\",\"url\":\"https:\\\/\\\/secure.gravatar.com\\\/avatar\\\/bb65d0283347e303893ba14f0692005417c1e0e690a325a4c5d8bb2b3943ee14?s=96&d=mm&r=g\",\"contentUrl\":\"https:\\\/\\\/secure.gravatar.com\\\/avatar\\\/bb65d0283347e303893ba14f0692005417c1e0e690a325a4c5d8bb2b3943ee14?s=96&d=mm&r=g\",\"caption\":\"Cope Alcoy\"}}]}<\/script>\n<!-- \/ Yoast SEO plugin. -->","yoast_head_json":{"title":"La Mancomunitat impulsa una campanya contra els regals sexistes - COPE Alcoy","robots":{"index":"index","follow":"follow","max-snippet":"max-snippet:-1","max-image-preview":"max-image-preview:large","max-video-preview":"max-video-preview:-1"},"canonical":"https:\/\/www.copealcoy.es\/es\/la-mancomunitat-impulsa-una-campanya-contra-els-regals-sexistes\/","og_locale":"es_ES","og_type":"article","og_title":"La Mancomunitat impulsa una campanya contra els regals sexistes - COPE Alcoy","og_description":"El Servei d\u2019Igualtat de la Mancomunitat de l\u2019Alcoi\u00e0 i el Comtat llan\u00e7a una nova campanya nadalenca contra els regals sexistes....","og_url":"https:\/\/www.copealcoy.es\/es\/la-mancomunitat-impulsa-una-campanya-contra-els-regals-sexistes\/","og_site_name":"COPE Alcoy","article_published_time":"2020-12-21T13:02:18+00:00","article_modified_time":"2020-12-21T13:11:31+00:00","og_image":[{"width":1200,"height":813,"url":"https:\/\/www.copealcoy.es\/wp-content\/uploads\/2020\/12\/131894364_1754526984701846_5554120920663309981_o-e1608555867927.jpg","type":"image\/jpeg"}],"author":"Cope Alcoy","twitter_misc":{"Escrito por":"Cope Alcoy","Tiempo de lectura":"2 minutos"},"schema":{"@context":"https:\/\/schema.org","@graph":[{"@type":"Article","@id":"https:\/\/www.copealcoy.es\/es\/la-mancomunitat-impulsa-una-campanya-contra-els-regals-sexistes\/#article","isPartOf":{"@id":"https:\/\/www.copealcoy.es\/es\/la-mancomunitat-impulsa-una-campanya-contra-els-regals-sexistes\/"},"author":{"name":"Cope Alcoy","@id":"https:\/\/www.copealcoy.es\/es\/#\/schema\/person\/e777c87fa024e57d40170af9df39882c"},"headline":"La Mancomunitat impulsa una campanya contra els regals sexistes","datePublished":"2020-12-21T13:02:18+00:00","dateModified":"2020-12-21T13:11:31+00:00","mainEntityOfPage":{"@id":"https:\/\/www.copealcoy.es\/es\/la-mancomunitat-impulsa-una-campanya-contra-els-regals-sexistes\/"},"wordCount":355,"commentCount":0,"image":{"@id":"https:\/\/www.copealcoy.es\/es\/la-mancomunitat-impulsa-una-campanya-contra-els-regals-sexistes\/#primaryimage"},"thumbnailUrl":"https:\/\/www.copealcoy.es\/wp-content\/uploads\/2020\/12\/131894364_1754526984701846_5554120920663309981_o-e1608555867927.jpg","keywords":["Arnaldo Due\u00f1as","campanya","Mancomunitat","Nadal","regals sexistes"],"articleSection":["Comarcas","Noticias"],"inLanguage":"es"},{"@type":"WebPage","@id":"https:\/\/www.copealcoy.es\/es\/la-mancomunitat-impulsa-una-campanya-contra-els-regals-sexistes\/","url":"https:\/\/www.copealcoy.es\/es\/la-mancomunitat-impulsa-una-campanya-contra-els-regals-sexistes\/","name":"La Mancomunitat impulsa una campanya contra els regals sexistes - COPE Alcoy","isPartOf":{"@id":"https:\/\/www.copealcoy.es\/es\/#website"},"primaryImageOfPage":{"@id":"https:\/\/www.copealcoy.es\/es\/la-mancomunitat-impulsa-una-campanya-contra-els-regals-sexistes\/#primaryimage"},"image":{"@id":"https:\/\/www.copealcoy.es\/es\/la-mancomunitat-impulsa-una-campanya-contra-els-regals-sexistes\/#primaryimage"},"thumbnailUrl":"https:\/\/www.copealcoy.es\/wp-content\/uploads\/2020\/12\/131894364_1754526984701846_5554120920663309981_o-e1608555867927.jpg","datePublished":"2020-12-21T13:02:18+00:00","dateModified":"2020-12-21T13:11:31+00:00","author":{"@id":"https:\/\/www.copealcoy.es\/es\/#\/schema\/person\/e777c87fa024e57d40170af9df39882c"},"breadcrumb":{"@id":"https:\/\/www.copealcoy.es\/es\/la-mancomunitat-impulsa-una-campanya-contra-els-regals-sexistes\/#breadcrumb"},"inLanguage":"es","potentialAction":[{"@type":"ReadAction","target":["https:\/\/www.copealcoy.es\/es\/la-mancomunitat-impulsa-una-campanya-contra-els-regals-sexistes\/"]}]},{"@type":"ImageObject","inLanguage":"es","@id":"https:\/\/www.copealcoy.es\/es\/la-mancomunitat-impulsa-una-campanya-contra-els-regals-sexistes\/#primaryimage","url":"https:\/\/www.copealcoy.es\/wp-content\/uploads\/2020\/12\/131894364_1754526984701846_5554120920663309981_o-e1608555867927.jpg","contentUrl":"https:\/\/www.copealcoy.es\/wp-content\/uploads\/2020\/12\/131894364_1754526984701846_5554120920663309981_o-e1608555867927.jpg","width":1200,"height":813},{"@type":"BreadcrumbList","@id":"https:\/\/www.copealcoy.es\/es\/la-mancomunitat-impulsa-una-campanya-contra-els-regals-sexistes\/#breadcrumb","itemListElement":[{"@type":"ListItem","position":1,"name":"Portada","item":"https:\/\/www.copealcoy.es\/es\/"},{"@type":"ListItem","position":2,"name":"La Mancomunitat impulsa una campanya contra els regals sexistes"}]},{"@type":"WebSite","@id":"https:\/\/www.copealcoy.es\/es\/#website","url":"https:\/\/www.copealcoy.es\/es\/","name":"COPE Alcoy","description":"Emisora COPE de radio local con emisi\u00f3n online. Pont de Sant Jordi 8-10 03803 Alcoy","potentialAction":[{"@type":"SearchAction","target":{"@type":"EntryPoint","urlTemplate":"https:\/\/www.copealcoy.es\/es\/?s={search_term_string}"},"query-input":{"@type":"PropertyValueSpecification","valueRequired":true,"valueName":"search_term_string"}}],"inLanguage":"es"},{"@type":"Person","@id":"https:\/\/www.copealcoy.es\/es\/#\/schema\/person\/e777c87fa024e57d40170af9df39882c","name":"Cope Alcoy","image":{"@type":"ImageObject","inLanguage":"es","@id":"https:\/\/secure.gravatar.com\/avatar\/bb65d0283347e303893ba14f0692005417c1e0e690a325a4c5d8bb2b3943ee14?s=96&d=mm&r=g","url":"https:\/\/secure.gravatar.com\/avatar\/bb65d0283347e303893ba14f0692005417c1e0e690a325a4c5d8bb2b3943ee14?s=96&d=mm&r=g","contentUrl":"https:\/\/secure.gravatar.com\/avatar\/bb65d0283347e303893ba14f0692005417c1e0e690a325a4c5d8bb2b3943ee14?s=96&d=mm&r=g","caption":"Cope Alcoy"}}]}},"_links":{"self":[{"href":"https:\/\/www.copealcoy.es\/es\/wp-json\/wp\/v2\/posts\/68989","targetHints":{"allow":["GET"]}}],"collection":[{"href":"https:\/\/www.copealcoy.es\/es\/wp-json\/wp\/v2\/posts"}],"about":[{"href":"https:\/\/www.copealcoy.es\/es\/wp-json\/wp\/v2\/types\/post"}],"author":[{"embeddable":true,"href":"https:\/\/www.copealcoy.es\/es\/wp-json\/wp\/v2\/users\/1"}],"replies":[{"embeddable":true,"href":"https:\/\/www.copealcoy.es\/es\/wp-json\/wp\/v2\/comments?post=68989"}],"version-history":[{"count":0,"href":"https:\/\/www.copealcoy.es\/es\/wp-json\/wp\/v2\/posts\/68989\/revisions"}],"wp:featuredmedia":[{"embeddable":true,"href":"https:\/\/www.copealcoy.es\/es\/wp-json\/wp\/v2\/media\/68990"}],"wp:attachment":[{"href":"https:\/\/www.copealcoy.es\/es\/wp-json\/wp\/v2\/media?parent=68989"}],"wp:term":[{"taxonomy":"category","embeddable":true,"href":"https:\/\/www.copealcoy.es\/es\/wp-json\/wp\/v2\/categories?post=68989"},{"taxonomy":"post_tag","embeddable":true,"href":"https:\/\/www.copealcoy.es\/es\/wp-json\/wp\/v2\/tags?post=68989"}],"curies":[{"name":"wp","href":"https:\/\/api.w.org\/{rel}","templated":true}]}}