{"id":68979,"date":"2020-12-21T12:39:48","date_gmt":"2020-12-21T12:39:48","guid":{"rendered":"https:\/\/www.copealcoy.es\/?p=68979"},"modified":"2020-12-21T12:43:27","modified_gmt":"2020-12-21T12:43:27","slug":"las-sanciones-que-rigen-desde-hoy-si-te-saltas-las-restricciones-en-la-comunitat","status":"publish","type":"post","link":"https:\/\/www.copealcoy.es\/es\/las-sanciones-que-rigen-desde-hoy-si-te-saltas-las-restricciones-en-la-comunitat\/","title":{"rendered":"Las sanciones que rigen desde hoy si te saltas las restricciones en la Comunitat"},"content":{"rendered":"<p style=\"text-align: justify;\">Es importante ser responsable, y tomar buena nota. Desde hoy y hasta el 15 de enero <strong>las restricciones mandan en la Comunidad por el incremento de positivos de Coronavirus<\/strong>. Manda <strong>la responsabilidad<\/strong>, pero atenci\u00f3n, por que estas son las sanciones si te saltas las restricciones.<\/p>\n<p style=\"text-align: justify;\"><strong>Sanciones por incumplir el l\u00edmite de seis personas en domicilios<\/strong><\/p>\n<p style=\"text-align: justify;\">Las <strong>reuniones sociales o fiestas ilegales<\/strong> -limitados a un m\u00e1ximo de seis personas si no son convivientes- se consideran infracci\u00f3n grave y pueden acarrear multas de entre 601 y 30.000 euros. Si adem\u00e1s se encuentran presentes personas mayores de 65 a\u00f1os o menores de edad, la infracci\u00f3n se califica como muy grave y las sanciones oscilar\u00edan entre los 30.001 y los 60.000 euros.<\/p>\n<p style=\"text-align: justify;\"><strong>Multas por saltarse el cierre perimetral<\/strong><\/p>\n<p style=\"text-align: justify;\">El Decreto ley 11\/2020, de 24 de julio del Consell especifica que \u00abel incumplimiento de una orden general de confinamiento decretado\u00bb es una infracci\u00f3n leve y, por tanto, ser\u00e1 sancionada con una multa de entre 60 y 600 euros. De hecho, se han previsto <strong>refuerzos en el control de las carreteras y los puntos fronterizos<\/strong> para las fiestas, sin excepciones por Navidad.<\/p>\n<p style=\"text-align: justify;\">Por tanto, hasta el 15 de enero <strong>estar\u00e1 prohibido entrar y salir de la Comunidad Valenciana<\/strong> sin causa justificada. Eso s\u00ed, <strong>los viajes entre las tres provincias<\/strong> siguen estando permitidos y el confinamiento perimetral no afecta a las personas que se desplacen por motivos laborales, por causa mayor o para regresar al domicilio en el que est\u00e1n empadronados.<\/p>\n<p style=\"text-align: justify;\"><strong>Saltarse el toque de queda<\/strong><\/p>\n<p style=\"text-align: justify;\">El <strong>incumplimiento del confinamiento nocturno<\/strong> -entre las 23 horas (medianoche en Nochebuena y Nochevieja) y las seis de la ma\u00f1ana- tambi\u00e9n se considera infracci\u00f3n leve y ser\u00e1 sancionado con multas de 60 hasta 600 euros.<\/p>\n<p style=\"text-align: justify;\">Solo pueden <strong>transitar por la calle<\/strong> aquellas personas que vayan a trabajar, que tengan una urgencia m\u00e9dica o que se desplacen para atender a personas dependientes.<\/p>\n<p style=\"text-align: justify;\"><strong>Sanciones a bares y restaurantes<\/strong><\/p>\n<p style=\"text-align: justify;\"><strong>No cumplir con la distancia o con el m\u00e1ximo de personas dictado por mesas<\/strong> puede costar a los bares y restaurantes entre 601 y 30.000 euros y hasta el cierre del local durante seis meses. La misma cantidad que si no respetan los horarios, el aforo o las medidas de seguridad contra el Covid-19, en el caso de que se ponga en peligro de contagio a m\u00e1s de 15 personas.<\/p>\n<p style=\"text-align: justify;\">Si hablamos de un establecimiento que alberga a m\u00e1s de 150 clientes, la infracci\u00f3n se califica de muy grave y por tanto la sanci\u00f3n, adem\u00e1s de una multa econ\u00f3mica de 30.001 a 60.000 euros, podr\u00eda suponen la clausura del local por un per\u00edodo m\u00e1ximo de tres a\u00f1os.<\/p>\n<p style=\"text-align: justify;\">No hay que olvidar, adem\u00e1s, que sigue vigente <strong>la obligaci\u00f3n de llevar mascarilla en la calle y en espacios p\u00fablicos<\/strong>. No utilizarla nos puede costar un m\u00e1ximo de 100 euros.<\/p>\n","protected":false},"excerpt":{"rendered":"<p>Es importante ser responsable, y tomar buena nota. Desde hoy y hasta el 15 de enero las restricciones mandan en&#8230;<\/p>\n","protected":false},"author":1,"featured_media":67855,"comment_status":"open","ping_status":"open","sticky":false,"template":"","format":"standard","meta":{"footnotes":""},"categories":[97,75,79],"tags":[1768,7281,10050,400,10510],"class_list":["post-68979","post","type-post","status-publish","format-standard","has-post-thumbnail","hentry","category-alcoy","category-noticias","category-politicayeconomia","tag-comunitat-valenciana","tag-coronavirus","tag-crisis-sanitaria","tag-restricciones","tag-sanciones"],"yoast_head":"<!-- This site is optimized with the Yoast SEO plugin v27.3 - https:\/\/yoast.com\/product\/yoast-seo-wordpress\/ -->\n<title>Las sanciones que rigen desde hoy si te saltas las restricciones en la Comunitat - COPE Alcoy<\/title>\n<meta name=\"robots\" content=\"index, follow, max-snippet:-1, max-image-preview:large, max-video-preview:-1\" \/>\n<link rel=\"canonical\" href=\"https:\/\/www.copealcoy.es\/es\/las-sanciones-que-rigen-desde-hoy-si-te-saltas-las-restricciones-en-la-comunitat\/\" \/>\n<meta property=\"og:locale\" content=\"es_ES\" \/>\n<meta property=\"og:type\" content=\"article\" \/>\n<meta property=\"og:title\" content=\"Las sanciones que rigen desde hoy si te saltas las restricciones en la Comunitat - COPE Alcoy\" \/>\n<meta property=\"og:description\" content=\"Es importante ser responsable, y tomar buena nota. Desde hoy y hasta el 15 de enero las restricciones mandan en...\" \/>\n<meta property=\"og:url\" content=\"https:\/\/www.copealcoy.es\/es\/las-sanciones-que-rigen-desde-hoy-si-te-saltas-las-restricciones-en-la-comunitat\/\" \/>\n<meta property=\"og:site_name\" content=\"COPE Alcoy\" \/>\n<meta property=\"article:published_time\" content=\"2020-12-21T12:39:48+00:00\" \/>\n<meta property=\"article:modified_time\" content=\"2020-12-21T12:43:27+00:00\" \/>\n<meta property=\"og:image\" content=\"https:\/\/www.copealcoy.es\/wp-content\/uploads\/2020\/11\/1605858302712.jpg\" \/>\n\t<meta property=\"og:image:width\" content=\"976\" \/>\n\t<meta property=\"og:image:height\" content=\"512\" \/>\n\t<meta property=\"og:image:type\" content=\"image\/jpeg\" \/>\n<meta name=\"author\" content=\"Cope Alcoy\" \/>\n<meta name=\"twitter:label1\" content=\"Escrito por\" \/>\n\t<meta name=\"twitter:data1\" content=\"Cope Alcoy\" \/>\n\t<meta name=\"twitter:label2\" content=\"Tiempo de lectura\" \/>\n\t<meta name=\"twitter:data2\" content=\"2 minutos\" \/>\n<script type=\"application\/ld+json\" class=\"yoast-schema-graph\">{\"@context\":\"https:\\\/\\\/schema.org\",\"@graph\":[{\"@type\":\"Article\",\"@id\":\"https:\\\/\\\/www.copealcoy.es\\\/es\\\/las-sanciones-que-rigen-desde-hoy-si-te-saltas-las-restricciones-en-la-comunitat\\\/#article\",\"isPartOf\":{\"@id\":\"https:\\\/\\\/www.copealcoy.es\\\/es\\\/las-sanciones-que-rigen-desde-hoy-si-te-saltas-las-restricciones-en-la-comunitat\\\/\"},\"author\":{\"name\":\"Cope Alcoy\",\"@id\":\"https:\\\/\\\/www.copealcoy.es\\\/es\\\/#\\\/schema\\\/person\\\/e777c87fa024e57d40170af9df39882c\"},\"headline\":\"Las sanciones que rigen desde hoy si te saltas las restricciones en la Comunitat\",\"datePublished\":\"2020-12-21T12:39:48+00:00\",\"dateModified\":\"2020-12-21T12:43:27+00:00\",\"mainEntityOfPage\":{\"@id\":\"https:\\\/\\\/www.copealcoy.es\\\/es\\\/las-sanciones-que-rigen-desde-hoy-si-te-saltas-las-restricciones-en-la-comunitat\\\/\"},\"wordCount\":484,\"commentCount\":0,\"image\":{\"@id\":\"https:\\\/\\\/www.copealcoy.es\\\/es\\\/las-sanciones-que-rigen-desde-hoy-si-te-saltas-las-restricciones-en-la-comunitat\\\/#primaryimage\"},\"thumbnailUrl\":\"https:\\\/\\\/www.copealcoy.es\\\/wp-content\\\/uploads\\\/2020\\\/11\\\/1605858302712.jpg\",\"keywords\":[\"Comunitat Valenciana\",\"Coronavirus\",\"crisis sanitaria\",\"Restricciones\",\"sanciones\"],\"articleSection\":[\"Alcoy\",\"Noticias\",\"Pol\u00edtica y Econom\u00eda\"],\"inLanguage\":\"es\"},{\"@type\":\"WebPage\",\"@id\":\"https:\\\/\\\/www.copealcoy.es\\\/es\\\/las-sanciones-que-rigen-desde-hoy-si-te-saltas-las-restricciones-en-la-comunitat\\\/\",\"url\":\"https:\\\/\\\/www.copealcoy.es\\\/es\\\/las-sanciones-que-rigen-desde-hoy-si-te-saltas-las-restricciones-en-la-comunitat\\\/\",\"name\":\"Las sanciones que rigen desde hoy si te saltas las restricciones en la Comunitat - COPE Alcoy\",\"isPartOf\":{\"@id\":\"https:\\\/\\\/www.copealcoy.es\\\/es\\\/#website\"},\"primaryImageOfPage\":{\"@id\":\"https:\\\/\\\/www.copealcoy.es\\\/es\\\/las-sanciones-que-rigen-desde-hoy-si-te-saltas-las-restricciones-en-la-comunitat\\\/#primaryimage\"},\"image\":{\"@id\":\"https:\\\/\\\/www.copealcoy.es\\\/es\\\/las-sanciones-que-rigen-desde-hoy-si-te-saltas-las-restricciones-en-la-comunitat\\\/#primaryimage\"},\"thumbnailUrl\":\"https:\\\/\\\/www.copealcoy.es\\\/wp-content\\\/uploads\\\/2020\\\/11\\\/1605858302712.jpg\",\"datePublished\":\"2020-12-21T12:39:48+00:00\",\"dateModified\":\"2020-12-21T12:43:27+00:00\",\"author\":{\"@id\":\"https:\\\/\\\/www.copealcoy.es\\\/es\\\/#\\\/schema\\\/person\\\/e777c87fa024e57d40170af9df39882c\"},\"breadcrumb\":{\"@id\":\"https:\\\/\\\/www.copealcoy.es\\\/es\\\/las-sanciones-que-rigen-desde-hoy-si-te-saltas-las-restricciones-en-la-comunitat\\\/#breadcrumb\"},\"inLanguage\":\"es\",\"potentialAction\":[{\"@type\":\"ReadAction\",\"target\":[\"https:\\\/\\\/www.copealcoy.es\\\/es\\\/las-sanciones-que-rigen-desde-hoy-si-te-saltas-las-restricciones-en-la-comunitat\\\/\"]}]},{\"@type\":\"ImageObject\",\"inLanguage\":\"es\",\"@id\":\"https:\\\/\\\/www.copealcoy.es\\\/es\\\/las-sanciones-que-rigen-desde-hoy-si-te-saltas-las-restricciones-en-la-comunitat\\\/#primaryimage\",\"url\":\"https:\\\/\\\/www.copealcoy.es\\\/wp-content\\\/uploads\\\/2020\\\/11\\\/1605858302712.jpg\",\"contentUrl\":\"https:\\\/\\\/www.copealcoy.es\\\/wp-content\\\/uploads\\\/2020\\\/11\\\/1605858302712.jpg\",\"width\":976,\"height\":512},{\"@type\":\"BreadcrumbList\",\"@id\":\"https:\\\/\\\/www.copealcoy.es\\\/es\\\/las-sanciones-que-rigen-desde-hoy-si-te-saltas-las-restricciones-en-la-comunitat\\\/#breadcrumb\",\"itemListElement\":[{\"@type\":\"ListItem\",\"position\":1,\"name\":\"Portada\",\"item\":\"https:\\\/\\\/www.copealcoy.es\\\/es\\\/\"},{\"@type\":\"ListItem\",\"position\":2,\"name\":\"Las sanciones que rigen desde hoy si te saltas las restricciones en la Comunitat\"}]},{\"@type\":\"WebSite\",\"@id\":\"https:\\\/\\\/www.copealcoy.es\\\/es\\\/#website\",\"url\":\"https:\\\/\\\/www.copealcoy.es\\\/es\\\/\",\"name\":\"COPE Alcoy\",\"description\":\"Emisora COPE de radio local con emisi\u00f3n online. Pont de Sant Jordi 8-10 03803 Alcoy\",\"potentialAction\":[{\"@type\":\"SearchAction\",\"target\":{\"@type\":\"EntryPoint\",\"urlTemplate\":\"https:\\\/\\\/www.copealcoy.es\\\/es\\\/?s={search_term_string}\"},\"query-input\":{\"@type\":\"PropertyValueSpecification\",\"valueRequired\":true,\"valueName\":\"search_term_string\"}}],\"inLanguage\":\"es\"},{\"@type\":\"Person\",\"@id\":\"https:\\\/\\\/www.copealcoy.es\\\/es\\\/#\\\/schema\\\/person\\\/e777c87fa024e57d40170af9df39882c\",\"name\":\"Cope Alcoy\",\"image\":{\"@type\":\"ImageObject\",\"inLanguage\":\"es\",\"@id\":\"https:\\\/\\\/secure.gravatar.com\\\/avatar\\\/bb65d0283347e303893ba14f0692005417c1e0e690a325a4c5d8bb2b3943ee14?s=96&d=mm&r=g\",\"url\":\"https:\\\/\\\/secure.gravatar.com\\\/avatar\\\/bb65d0283347e303893ba14f0692005417c1e0e690a325a4c5d8bb2b3943ee14?s=96&d=mm&r=g\",\"contentUrl\":\"https:\\\/\\\/secure.gravatar.com\\\/avatar\\\/bb65d0283347e303893ba14f0692005417c1e0e690a325a4c5d8bb2b3943ee14?s=96&d=mm&r=g\",\"caption\":\"Cope Alcoy\"}}]}<\/script>\n<!-- \/ Yoast SEO plugin. -->","yoast_head_json":{"title":"Las sanciones que rigen desde hoy si te saltas las restricciones en la Comunitat - COPE Alcoy","robots":{"index":"index","follow":"follow","max-snippet":"max-snippet:-1","max-image-preview":"max-image-preview:large","max-video-preview":"max-video-preview:-1"},"canonical":"https:\/\/www.copealcoy.es\/es\/las-sanciones-que-rigen-desde-hoy-si-te-saltas-las-restricciones-en-la-comunitat\/","og_locale":"es_ES","og_type":"article","og_title":"Las sanciones que rigen desde hoy si te saltas las restricciones en la Comunitat - COPE Alcoy","og_description":"Es importante ser responsable, y tomar buena nota. Desde hoy y hasta el 15 de enero las restricciones mandan en...","og_url":"https:\/\/www.copealcoy.es\/es\/las-sanciones-que-rigen-desde-hoy-si-te-saltas-las-restricciones-en-la-comunitat\/","og_site_name":"COPE Alcoy","article_published_time":"2020-12-21T12:39:48+00:00","article_modified_time":"2020-12-21T12:43:27+00:00","og_image":[{"width":976,"height":512,"url":"https:\/\/www.copealcoy.es\/wp-content\/uploads\/2020\/11\/1605858302712.jpg","type":"image\/jpeg"}],"author":"Cope Alcoy","twitter_misc":{"Escrito por":"Cope Alcoy","Tiempo de lectura":"2 minutos"},"schema":{"@context":"https:\/\/schema.org","@graph":[{"@type":"Article","@id":"https:\/\/www.copealcoy.es\/es\/las-sanciones-que-rigen-desde-hoy-si-te-saltas-las-restricciones-en-la-comunitat\/#article","isPartOf":{"@id":"https:\/\/www.copealcoy.es\/es\/las-sanciones-que-rigen-desde-hoy-si-te-saltas-las-restricciones-en-la-comunitat\/"},"author":{"name":"Cope Alcoy","@id":"https:\/\/www.copealcoy.es\/es\/#\/schema\/person\/e777c87fa024e57d40170af9df39882c"},"headline":"Las sanciones que rigen desde hoy si te saltas las restricciones en la Comunitat","datePublished":"2020-12-21T12:39:48+00:00","dateModified":"2020-12-21T12:43:27+00:00","mainEntityOfPage":{"@id":"https:\/\/www.copealcoy.es\/es\/las-sanciones-que-rigen-desde-hoy-si-te-saltas-las-restricciones-en-la-comunitat\/"},"wordCount":484,"commentCount":0,"image":{"@id":"https:\/\/www.copealcoy.es\/es\/las-sanciones-que-rigen-desde-hoy-si-te-saltas-las-restricciones-en-la-comunitat\/#primaryimage"},"thumbnailUrl":"https:\/\/www.copealcoy.es\/wp-content\/uploads\/2020\/11\/1605858302712.jpg","keywords":["Comunitat Valenciana","Coronavirus","crisis sanitaria","Restricciones","sanciones"],"articleSection":["Alcoy","Noticias","Pol\u00edtica y Econom\u00eda"],"inLanguage":"es"},{"@type":"WebPage","@id":"https:\/\/www.copealcoy.es\/es\/las-sanciones-que-rigen-desde-hoy-si-te-saltas-las-restricciones-en-la-comunitat\/","url":"https:\/\/www.copealcoy.es\/es\/las-sanciones-que-rigen-desde-hoy-si-te-saltas-las-restricciones-en-la-comunitat\/","name":"Las sanciones que rigen desde hoy si te saltas las restricciones en la Comunitat - COPE Alcoy","isPartOf":{"@id":"https:\/\/www.copealcoy.es\/es\/#website"},"primaryImageOfPage":{"@id":"https:\/\/www.copealcoy.es\/es\/las-sanciones-que-rigen-desde-hoy-si-te-saltas-las-restricciones-en-la-comunitat\/#primaryimage"},"image":{"@id":"https:\/\/www.copealcoy.es\/es\/las-sanciones-que-rigen-desde-hoy-si-te-saltas-las-restricciones-en-la-comunitat\/#primaryimage"},"thumbnailUrl":"https:\/\/www.copealcoy.es\/wp-content\/uploads\/2020\/11\/1605858302712.jpg","datePublished":"2020-12-21T12:39:48+00:00","dateModified":"2020-12-21T12:43:27+00:00","author":{"@id":"https:\/\/www.copealcoy.es\/es\/#\/schema\/person\/e777c87fa024e57d40170af9df39882c"},"breadcrumb":{"@id":"https:\/\/www.copealcoy.es\/es\/las-sanciones-que-rigen-desde-hoy-si-te-saltas-las-restricciones-en-la-comunitat\/#breadcrumb"},"inLanguage":"es","potentialAction":[{"@type":"ReadAction","target":["https:\/\/www.copealcoy.es\/es\/las-sanciones-que-rigen-desde-hoy-si-te-saltas-las-restricciones-en-la-comunitat\/"]}]},{"@type":"ImageObject","inLanguage":"es","@id":"https:\/\/www.copealcoy.es\/es\/las-sanciones-que-rigen-desde-hoy-si-te-saltas-las-restricciones-en-la-comunitat\/#primaryimage","url":"https:\/\/www.copealcoy.es\/wp-content\/uploads\/2020\/11\/1605858302712.jpg","contentUrl":"https:\/\/www.copealcoy.es\/wp-content\/uploads\/2020\/11\/1605858302712.jpg","width":976,"height":512},{"@type":"BreadcrumbList","@id":"https:\/\/www.copealcoy.es\/es\/las-sanciones-que-rigen-desde-hoy-si-te-saltas-las-restricciones-en-la-comunitat\/#breadcrumb","itemListElement":[{"@type":"ListItem","position":1,"name":"Portada","item":"https:\/\/www.copealcoy.es\/es\/"},{"@type":"ListItem","position":2,"name":"Las sanciones que rigen desde hoy si te saltas las restricciones en la Comunitat"}]},{"@type":"WebSite","@id":"https:\/\/www.copealcoy.es\/es\/#website","url":"https:\/\/www.copealcoy.es\/es\/","name":"COPE Alcoy","description":"Emisora COPE de radio local con emisi\u00f3n online. Pont de Sant Jordi 8-10 03803 Alcoy","potentialAction":[{"@type":"SearchAction","target":{"@type":"EntryPoint","urlTemplate":"https:\/\/www.copealcoy.es\/es\/?s={search_term_string}"},"query-input":{"@type":"PropertyValueSpecification","valueRequired":true,"valueName":"search_term_string"}}],"inLanguage":"es"},{"@type":"Person","@id":"https:\/\/www.copealcoy.es\/es\/#\/schema\/person\/e777c87fa024e57d40170af9df39882c","name":"Cope Alcoy","image":{"@type":"ImageObject","inLanguage":"es","@id":"https:\/\/secure.gravatar.com\/avatar\/bb65d0283347e303893ba14f0692005417c1e0e690a325a4c5d8bb2b3943ee14?s=96&d=mm&r=g","url":"https:\/\/secure.gravatar.com\/avatar\/bb65d0283347e303893ba14f0692005417c1e0e690a325a4c5d8bb2b3943ee14?s=96&d=mm&r=g","contentUrl":"https:\/\/secure.gravatar.com\/avatar\/bb65d0283347e303893ba14f0692005417c1e0e690a325a4c5d8bb2b3943ee14?s=96&d=mm&r=g","caption":"Cope Alcoy"}}]}},"_links":{"self":[{"href":"https:\/\/www.copealcoy.es\/es\/wp-json\/wp\/v2\/posts\/68979","targetHints":{"allow":["GET"]}}],"collection":[{"href":"https:\/\/www.copealcoy.es\/es\/wp-json\/wp\/v2\/posts"}],"about":[{"href":"https:\/\/www.copealcoy.es\/es\/wp-json\/wp\/v2\/types\/post"}],"author":[{"embeddable":true,"href":"https:\/\/www.copealcoy.es\/es\/wp-json\/wp\/v2\/users\/1"}],"replies":[{"embeddable":true,"href":"https:\/\/www.copealcoy.es\/es\/wp-json\/wp\/v2\/comments?post=68979"}],"version-history":[{"count":0,"href":"https:\/\/www.copealcoy.es\/es\/wp-json\/wp\/v2\/posts\/68979\/revisions"}],"wp:featuredmedia":[{"embeddable":true,"href":"https:\/\/www.copealcoy.es\/es\/wp-json\/wp\/v2\/media\/67855"}],"wp:attachment":[{"href":"https:\/\/www.copealcoy.es\/es\/wp-json\/wp\/v2\/media?parent=68979"}],"wp:term":[{"taxonomy":"category","embeddable":true,"href":"https:\/\/www.copealcoy.es\/es\/wp-json\/wp\/v2\/categories?post=68979"},{"taxonomy":"post_tag","embeddable":true,"href":"https:\/\/www.copealcoy.es\/es\/wp-json\/wp\/v2\/tags?post=68979"}],"curies":[{"name":"wp","href":"https:\/\/api.w.org\/{rel}","templated":true}]}}