{"id":68972,"date":"2020-12-21T17:25:03","date_gmt":"2020-12-21T17:25:03","guid":{"rendered":"https:\/\/www.copealcoy.es\/?p=68972"},"modified":"2020-12-22T08:45:57","modified_gmt":"2020-12-22T08:45:57","slug":"alcoy-aplica-nuevas-medidas-para-frenar-el-coronavirus","status":"publish","type":"post","link":"https:\/\/www.copealcoy.es\/es\/alcoy-aplica-nuevas-medidas-para-frenar-el-coronavirus\/","title":{"rendered":"Alcoy aplica nuevas medidas para frenar el Coronavirus"},"content":{"rendered":"<p style=\"text-align: justify;\">Alcoy tiene <strong>una elevada incidencia del Coronavirus<\/strong> y esto ha obligado al Ayuntamiento de la ciudad a <strong>adoptar nuevas medidas restrictivas<\/strong> que completan a las ya existentes as\u00ed como a las que ha decretado la Generalitat Valenciana.<\/p>\n<p style=\"text-align: justify;\">Desde hoy se hace efectivo <strong>el cierre de las instalaciones deportivas<\/strong> y de <strong>las zonas de juegos de los parques infantiles<\/strong>. Asimismo <strong>se suprimen las actividades en espacios municipales<\/strong> como el CCJ, el Casal del Nadal o los Museos aunque estos \u00faltimos espacios seguir\u00e1n abiertos con todas las medidas de seguridad para frenar el Coronavirus. Lo mismo pasa con <strong>las funciones del Bel\u00e9n del Tirisiti<\/strong>, las cuales siguen adelante con el correspondiente protocolo de prevenci\u00f3n de la Covid-19 en el Teatro Principal. A todo ello se le suma <strong>un refuerzo de la vigilancia policial<\/strong> &#8220;<em>todas estas medidas se revisar\u00e1n el 4 de enero. Se nos ha criticado a este Gobierno por no haber anunciado ya lo que se har\u00e1 con la venida de los Reyes Magos pero estamos viendo que la situaci\u00f3n que vivimos a d\u00eda de hoy imposibilita aventurar c\u00f3mo ser\u00e1n estos actos. Que est\u00e9n todos tranquilos, grandes y mayores, porque los Reyes Magos vendr\u00e1n a Alcoy. Hacemos un llamamiento a la responsabilidad ante las Fiestas de Navidad y Fin de A\u00f1o para as\u00ed no tener un mes de enero complicado como ya se est\u00e1 vaticinando en el resto de Europa<\/em>&#8220;, ha dicho el primer edil.<\/p>\n<p><strong>Situaci\u00f3n complicada en las residencias de mayores<\/strong><\/p>\n<p style=\"text-align: justify;\">Indicar que <strong>las residencias de ancianos del Preventorio y Emilio Sala<\/strong> est\u00e1n<strong> bajo vigilancia activa<\/strong> de la Conselleria de Sanitat de la Generalitat Valenciana ante el <strong>elevado n\u00famero de contagios<\/strong> que se ha dado en las mismas durante los \u00faltimos d\u00edas. En el caso del <strong>Preventorio<\/strong> ahora mismo hay detectados 38 casos mientras que han fallecido 10 residentes y 17 profesionales han dado positivo. Por su parte en <strong>Emilio Sala<\/strong> han dado positivo 34 residentes, 4 est\u00e1n cr\u00edticos y 18 sanitarios tambi\u00e9n se han contagiado.<\/p>\n<p style=\"text-align: justify;\">A todo ello se le suman <strong>dos brotes de origen social<\/strong> con 10 casos positivos en total y <strong>un tercero de origen laboral<\/strong> con 7 casos que Sanitat ha notificado este pasado fin de semana.<\/p>\n","protected":false},"excerpt":{"rendered":"<p>Alcoy tiene una elevada incidencia del Coronavirus y esto ha obligado al Ayuntamiento de la ciudad a adoptar nuevas medidas&#8230;<\/p>\n","protected":false},"author":1,"featured_media":68973,"comment_status":"open","ping_status":"open","sticky":false,"template":"","format":"standard","meta":{"footnotes":""},"categories":[97,75,79,125],"tags":[1494,4593,7281,10509,7352,690,1345,6917],"class_list":["post-68972","post","type-post","status-publish","format-standard","has-post-thumbnail","hentry","category-alcoy","category-noticias","category-politicayeconomia","category-portada","tag-alcoy","tag-aplicacion","tag-coronavirus","tag-emilio-sala","tag-nuevas-medidas","tag-prevencion","tag-preventorio","tag-residencias-de-mayores"],"yoast_head":"<!-- This site is optimized with the Yoast SEO plugin v27.3 - https:\/\/yoast.com\/product\/yoast-seo-wordpress\/ -->\n<title>Alcoy aplica nuevas medidas para frenar el Coronavirus - COPE Alcoy<\/title>\n<meta name=\"robots\" content=\"index, follow, max-snippet:-1, max-image-preview:large, max-video-preview:-1\" \/>\n<link rel=\"canonical\" href=\"https:\/\/www.copealcoy.es\/es\/alcoy-aplica-nuevas-medidas-para-frenar-el-coronavirus\/\" \/>\n<meta property=\"og:locale\" content=\"es_ES\" \/>\n<meta property=\"og:type\" content=\"article\" \/>\n<meta property=\"og:title\" content=\"Alcoy aplica nuevas medidas para frenar el Coronavirus - COPE Alcoy\" \/>\n<meta property=\"og:description\" content=\"Alcoy tiene una elevada incidencia del Coronavirus y esto ha obligado al Ayuntamiento de la ciudad a adoptar nuevas medidas...\" \/>\n<meta property=\"og:url\" content=\"https:\/\/www.copealcoy.es\/es\/alcoy-aplica-nuevas-medidas-para-frenar-el-coronavirus\/\" \/>\n<meta property=\"og:site_name\" content=\"COPE Alcoy\" \/>\n<meta property=\"article:published_time\" content=\"2020-12-21T17:25:03+00:00\" \/>\n<meta property=\"article:modified_time\" content=\"2020-12-22T08:45:57+00:00\" \/>\n<meta property=\"og:image\" content=\"https:\/\/www.copealcoy.es\/wp-content\/uploads\/2020\/12\/131968869_2264077200402419_7222251855949781656_o.jpg\" \/>\n\t<meta property=\"og:image:width\" content=\"1440\" \/>\n\t<meta property=\"og:image:height\" content=\"960\" \/>\n\t<meta property=\"og:image:type\" content=\"image\/jpeg\" \/>\n<meta name=\"author\" content=\"Cope Alcoy\" \/>\n<meta name=\"twitter:label1\" content=\"Escrito por\" \/>\n\t<meta name=\"twitter:data1\" content=\"Cope Alcoy\" \/>\n\t<meta name=\"twitter:label2\" content=\"Tiempo de lectura\" \/>\n\t<meta name=\"twitter:data2\" content=\"2 minutos\" \/>\n<script type=\"application\/ld+json\" class=\"yoast-schema-graph\">{\"@context\":\"https:\\\/\\\/schema.org\",\"@graph\":[{\"@type\":\"Article\",\"@id\":\"https:\\\/\\\/www.copealcoy.es\\\/es\\\/alcoy-aplica-nuevas-medidas-para-frenar-el-coronavirus\\\/#article\",\"isPartOf\":{\"@id\":\"https:\\\/\\\/www.copealcoy.es\\\/es\\\/alcoy-aplica-nuevas-medidas-para-frenar-el-coronavirus\\\/\"},\"author\":{\"name\":\"Cope Alcoy\",\"@id\":\"https:\\\/\\\/www.copealcoy.es\\\/es\\\/#\\\/schema\\\/person\\\/e777c87fa024e57d40170af9df39882c\"},\"headline\":\"Alcoy aplica nuevas medidas para frenar el Coronavirus\",\"datePublished\":\"2020-12-21T17:25:03+00:00\",\"dateModified\":\"2020-12-22T08:45:57+00:00\",\"mainEntityOfPage\":{\"@id\":\"https:\\\/\\\/www.copealcoy.es\\\/es\\\/alcoy-aplica-nuevas-medidas-para-frenar-el-coronavirus\\\/\"},\"wordCount\":378,\"commentCount\":0,\"image\":{\"@id\":\"https:\\\/\\\/www.copealcoy.es\\\/es\\\/alcoy-aplica-nuevas-medidas-para-frenar-el-coronavirus\\\/#primaryimage\"},\"thumbnailUrl\":\"https:\\\/\\\/www.copealcoy.es\\\/wp-content\\\/uploads\\\/2020\\\/12\\\/131968869_2264077200402419_7222251855949781656_o.jpg\",\"keywords\":[\"Alcoy\",\"aplicaci\u00f3n\",\"Coronavirus\",\"Emilio Sala\",\"Nuevas medidas\",\"Prevenci\u00f3n\",\"Preventorio\",\"residencias de mayores\"],\"articleSection\":[\"Alcoy\",\"Noticias\",\"Pol\u00edtica y Econom\u00eda\",\"Portada\"],\"inLanguage\":\"es\"},{\"@type\":\"WebPage\",\"@id\":\"https:\\\/\\\/www.copealcoy.es\\\/es\\\/alcoy-aplica-nuevas-medidas-para-frenar-el-coronavirus\\\/\",\"url\":\"https:\\\/\\\/www.copealcoy.es\\\/es\\\/alcoy-aplica-nuevas-medidas-para-frenar-el-coronavirus\\\/\",\"name\":\"Alcoy aplica nuevas medidas para frenar el Coronavirus - COPE Alcoy\",\"isPartOf\":{\"@id\":\"https:\\\/\\\/www.copealcoy.es\\\/es\\\/#website\"},\"primaryImageOfPage\":{\"@id\":\"https:\\\/\\\/www.copealcoy.es\\\/es\\\/alcoy-aplica-nuevas-medidas-para-frenar-el-coronavirus\\\/#primaryimage\"},\"image\":{\"@id\":\"https:\\\/\\\/www.copealcoy.es\\\/es\\\/alcoy-aplica-nuevas-medidas-para-frenar-el-coronavirus\\\/#primaryimage\"},\"thumbnailUrl\":\"https:\\\/\\\/www.copealcoy.es\\\/wp-content\\\/uploads\\\/2020\\\/12\\\/131968869_2264077200402419_7222251855949781656_o.jpg\",\"datePublished\":\"2020-12-21T17:25:03+00:00\",\"dateModified\":\"2020-12-22T08:45:57+00:00\",\"author\":{\"@id\":\"https:\\\/\\\/www.copealcoy.es\\\/es\\\/#\\\/schema\\\/person\\\/e777c87fa024e57d40170af9df39882c\"},\"breadcrumb\":{\"@id\":\"https:\\\/\\\/www.copealcoy.es\\\/es\\\/alcoy-aplica-nuevas-medidas-para-frenar-el-coronavirus\\\/#breadcrumb\"},\"inLanguage\":\"es\",\"potentialAction\":[{\"@type\":\"ReadAction\",\"target\":[\"https:\\\/\\\/www.copealcoy.es\\\/es\\\/alcoy-aplica-nuevas-medidas-para-frenar-el-coronavirus\\\/\"]}]},{\"@type\":\"ImageObject\",\"inLanguage\":\"es\",\"@id\":\"https:\\\/\\\/www.copealcoy.es\\\/es\\\/alcoy-aplica-nuevas-medidas-para-frenar-el-coronavirus\\\/#primaryimage\",\"url\":\"https:\\\/\\\/www.copealcoy.es\\\/wp-content\\\/uploads\\\/2020\\\/12\\\/131968869_2264077200402419_7222251855949781656_o.jpg\",\"contentUrl\":\"https:\\\/\\\/www.copealcoy.es\\\/wp-content\\\/uploads\\\/2020\\\/12\\\/131968869_2264077200402419_7222251855949781656_o.jpg\",\"width\":1440,\"height\":960},{\"@type\":\"BreadcrumbList\",\"@id\":\"https:\\\/\\\/www.copealcoy.es\\\/es\\\/alcoy-aplica-nuevas-medidas-para-frenar-el-coronavirus\\\/#breadcrumb\",\"itemListElement\":[{\"@type\":\"ListItem\",\"position\":1,\"name\":\"Portada\",\"item\":\"https:\\\/\\\/www.copealcoy.es\\\/es\\\/\"},{\"@type\":\"ListItem\",\"position\":2,\"name\":\"Alcoy aplica nuevas medidas para frenar el Coronavirus\"}]},{\"@type\":\"WebSite\",\"@id\":\"https:\\\/\\\/www.copealcoy.es\\\/es\\\/#website\",\"url\":\"https:\\\/\\\/www.copealcoy.es\\\/es\\\/\",\"name\":\"COPE Alcoy\",\"description\":\"Emisora COPE de radio local con emisi\u00f3n online. Pont de Sant Jordi 8-10 03803 Alcoy\",\"potentialAction\":[{\"@type\":\"SearchAction\",\"target\":{\"@type\":\"EntryPoint\",\"urlTemplate\":\"https:\\\/\\\/www.copealcoy.es\\\/es\\\/?s={search_term_string}\"},\"query-input\":{\"@type\":\"PropertyValueSpecification\",\"valueRequired\":true,\"valueName\":\"search_term_string\"}}],\"inLanguage\":\"es\"},{\"@type\":\"Person\",\"@id\":\"https:\\\/\\\/www.copealcoy.es\\\/es\\\/#\\\/schema\\\/person\\\/e777c87fa024e57d40170af9df39882c\",\"name\":\"Cope Alcoy\",\"image\":{\"@type\":\"ImageObject\",\"inLanguage\":\"es\",\"@id\":\"https:\\\/\\\/secure.gravatar.com\\\/avatar\\\/bb65d0283347e303893ba14f0692005417c1e0e690a325a4c5d8bb2b3943ee14?s=96&d=mm&r=g\",\"url\":\"https:\\\/\\\/secure.gravatar.com\\\/avatar\\\/bb65d0283347e303893ba14f0692005417c1e0e690a325a4c5d8bb2b3943ee14?s=96&d=mm&r=g\",\"contentUrl\":\"https:\\\/\\\/secure.gravatar.com\\\/avatar\\\/bb65d0283347e303893ba14f0692005417c1e0e690a325a4c5d8bb2b3943ee14?s=96&d=mm&r=g\",\"caption\":\"Cope Alcoy\"}}]}<\/script>\n<!-- \/ Yoast SEO plugin. -->","yoast_head_json":{"title":"Alcoy aplica nuevas medidas para frenar el Coronavirus - COPE Alcoy","robots":{"index":"index","follow":"follow","max-snippet":"max-snippet:-1","max-image-preview":"max-image-preview:large","max-video-preview":"max-video-preview:-1"},"canonical":"https:\/\/www.copealcoy.es\/es\/alcoy-aplica-nuevas-medidas-para-frenar-el-coronavirus\/","og_locale":"es_ES","og_type":"article","og_title":"Alcoy aplica nuevas medidas para frenar el Coronavirus - COPE Alcoy","og_description":"Alcoy tiene una elevada incidencia del Coronavirus y esto ha obligado al Ayuntamiento de la ciudad a adoptar nuevas medidas...","og_url":"https:\/\/www.copealcoy.es\/es\/alcoy-aplica-nuevas-medidas-para-frenar-el-coronavirus\/","og_site_name":"COPE Alcoy","article_published_time":"2020-12-21T17:25:03+00:00","article_modified_time":"2020-12-22T08:45:57+00:00","og_image":[{"width":1440,"height":960,"url":"https:\/\/www.copealcoy.es\/wp-content\/uploads\/2020\/12\/131968869_2264077200402419_7222251855949781656_o.jpg","type":"image\/jpeg"}],"author":"Cope Alcoy","twitter_misc":{"Escrito por":"Cope Alcoy","Tiempo de lectura":"2 minutos"},"schema":{"@context":"https:\/\/schema.org","@graph":[{"@type":"Article","@id":"https:\/\/www.copealcoy.es\/es\/alcoy-aplica-nuevas-medidas-para-frenar-el-coronavirus\/#article","isPartOf":{"@id":"https:\/\/www.copealcoy.es\/es\/alcoy-aplica-nuevas-medidas-para-frenar-el-coronavirus\/"},"author":{"name":"Cope Alcoy","@id":"https:\/\/www.copealcoy.es\/es\/#\/schema\/person\/e777c87fa024e57d40170af9df39882c"},"headline":"Alcoy aplica nuevas medidas para frenar el Coronavirus","datePublished":"2020-12-21T17:25:03+00:00","dateModified":"2020-12-22T08:45:57+00:00","mainEntityOfPage":{"@id":"https:\/\/www.copealcoy.es\/es\/alcoy-aplica-nuevas-medidas-para-frenar-el-coronavirus\/"},"wordCount":378,"commentCount":0,"image":{"@id":"https:\/\/www.copealcoy.es\/es\/alcoy-aplica-nuevas-medidas-para-frenar-el-coronavirus\/#primaryimage"},"thumbnailUrl":"https:\/\/www.copealcoy.es\/wp-content\/uploads\/2020\/12\/131968869_2264077200402419_7222251855949781656_o.jpg","keywords":["Alcoy","aplicaci\u00f3n","Coronavirus","Emilio Sala","Nuevas medidas","Prevenci\u00f3n","Preventorio","residencias de mayores"],"articleSection":["Alcoy","Noticias","Pol\u00edtica y Econom\u00eda","Portada"],"inLanguage":"es"},{"@type":"WebPage","@id":"https:\/\/www.copealcoy.es\/es\/alcoy-aplica-nuevas-medidas-para-frenar-el-coronavirus\/","url":"https:\/\/www.copealcoy.es\/es\/alcoy-aplica-nuevas-medidas-para-frenar-el-coronavirus\/","name":"Alcoy aplica nuevas medidas para frenar el Coronavirus - COPE Alcoy","isPartOf":{"@id":"https:\/\/www.copealcoy.es\/es\/#website"},"primaryImageOfPage":{"@id":"https:\/\/www.copealcoy.es\/es\/alcoy-aplica-nuevas-medidas-para-frenar-el-coronavirus\/#primaryimage"},"image":{"@id":"https:\/\/www.copealcoy.es\/es\/alcoy-aplica-nuevas-medidas-para-frenar-el-coronavirus\/#primaryimage"},"thumbnailUrl":"https:\/\/www.copealcoy.es\/wp-content\/uploads\/2020\/12\/131968869_2264077200402419_7222251855949781656_o.jpg","datePublished":"2020-12-21T17:25:03+00:00","dateModified":"2020-12-22T08:45:57+00:00","author":{"@id":"https:\/\/www.copealcoy.es\/es\/#\/schema\/person\/e777c87fa024e57d40170af9df39882c"},"breadcrumb":{"@id":"https:\/\/www.copealcoy.es\/es\/alcoy-aplica-nuevas-medidas-para-frenar-el-coronavirus\/#breadcrumb"},"inLanguage":"es","potentialAction":[{"@type":"ReadAction","target":["https:\/\/www.copealcoy.es\/es\/alcoy-aplica-nuevas-medidas-para-frenar-el-coronavirus\/"]}]},{"@type":"ImageObject","inLanguage":"es","@id":"https:\/\/www.copealcoy.es\/es\/alcoy-aplica-nuevas-medidas-para-frenar-el-coronavirus\/#primaryimage","url":"https:\/\/www.copealcoy.es\/wp-content\/uploads\/2020\/12\/131968869_2264077200402419_7222251855949781656_o.jpg","contentUrl":"https:\/\/www.copealcoy.es\/wp-content\/uploads\/2020\/12\/131968869_2264077200402419_7222251855949781656_o.jpg","width":1440,"height":960},{"@type":"BreadcrumbList","@id":"https:\/\/www.copealcoy.es\/es\/alcoy-aplica-nuevas-medidas-para-frenar-el-coronavirus\/#breadcrumb","itemListElement":[{"@type":"ListItem","position":1,"name":"Portada","item":"https:\/\/www.copealcoy.es\/es\/"},{"@type":"ListItem","position":2,"name":"Alcoy aplica nuevas medidas para frenar el Coronavirus"}]},{"@type":"WebSite","@id":"https:\/\/www.copealcoy.es\/es\/#website","url":"https:\/\/www.copealcoy.es\/es\/","name":"COPE Alcoy","description":"Emisora COPE de radio local con emisi\u00f3n online. Pont de Sant Jordi 8-10 03803 Alcoy","potentialAction":[{"@type":"SearchAction","target":{"@type":"EntryPoint","urlTemplate":"https:\/\/www.copealcoy.es\/es\/?s={search_term_string}"},"query-input":{"@type":"PropertyValueSpecification","valueRequired":true,"valueName":"search_term_string"}}],"inLanguage":"es"},{"@type":"Person","@id":"https:\/\/www.copealcoy.es\/es\/#\/schema\/person\/e777c87fa024e57d40170af9df39882c","name":"Cope Alcoy","image":{"@type":"ImageObject","inLanguage":"es","@id":"https:\/\/secure.gravatar.com\/avatar\/bb65d0283347e303893ba14f0692005417c1e0e690a325a4c5d8bb2b3943ee14?s=96&d=mm&r=g","url":"https:\/\/secure.gravatar.com\/avatar\/bb65d0283347e303893ba14f0692005417c1e0e690a325a4c5d8bb2b3943ee14?s=96&d=mm&r=g","contentUrl":"https:\/\/secure.gravatar.com\/avatar\/bb65d0283347e303893ba14f0692005417c1e0e690a325a4c5d8bb2b3943ee14?s=96&d=mm&r=g","caption":"Cope Alcoy"}}]}},"_links":{"self":[{"href":"https:\/\/www.copealcoy.es\/es\/wp-json\/wp\/v2\/posts\/68972","targetHints":{"allow":["GET"]}}],"collection":[{"href":"https:\/\/www.copealcoy.es\/es\/wp-json\/wp\/v2\/posts"}],"about":[{"href":"https:\/\/www.copealcoy.es\/es\/wp-json\/wp\/v2\/types\/post"}],"author":[{"embeddable":true,"href":"https:\/\/www.copealcoy.es\/es\/wp-json\/wp\/v2\/users\/1"}],"replies":[{"embeddable":true,"href":"https:\/\/www.copealcoy.es\/es\/wp-json\/wp\/v2\/comments?post=68972"}],"version-history":[{"count":0,"href":"https:\/\/www.copealcoy.es\/es\/wp-json\/wp\/v2\/posts\/68972\/revisions"}],"wp:featuredmedia":[{"embeddable":true,"href":"https:\/\/www.copealcoy.es\/es\/wp-json\/wp\/v2\/media\/68973"}],"wp:attachment":[{"href":"https:\/\/www.copealcoy.es\/es\/wp-json\/wp\/v2\/media?parent=68972"}],"wp:term":[{"taxonomy":"category","embeddable":true,"href":"https:\/\/www.copealcoy.es\/es\/wp-json\/wp\/v2\/categories?post=68972"},{"taxonomy":"post_tag","embeddable":true,"href":"https:\/\/www.copealcoy.es\/es\/wp-json\/wp\/v2\/tags?post=68972"}],"curies":[{"name":"wp","href":"https:\/\/api.w.org\/{rel}","templated":true}]}}