{"id":68926,"date":"2020-12-18T17:39:36","date_gmt":"2020-12-18T17:39:36","guid":{"rendered":"https:\/\/www.copealcoy.es\/?p=68926"},"modified":"2020-12-18T17:57:59","modified_gmt":"2020-12-18T17:57:59","slug":"el-pp-de-alcoy-presenta-sus-enmiendas-a-los-presupuestos-de-la-generalitat","status":"publish","type":"post","link":"https:\/\/www.copealcoy.es\/es\/el-pp-de-alcoy-presenta-sus-enmiendas-a-los-presupuestos-de-la-generalitat\/","title":{"rendered":"El PP de Alcoy presenta sus enmiendas a los Presupuestos de la Generalitat"},"content":{"rendered":"<p style=\"text-align: justify;\">El <strong>Partido Popular de Alcoy<\/strong> ha presentado enmiendas a los presupuestos de la <strong>Generalitat Valenciana<\/strong> por valor de <strong>8&#8217;2 millones de euros<\/strong>.<\/p>\n<p style=\"text-align: justify;\">La principal enmienda es la referente al <strong>Plan Edificant del Consell<\/strong>. El PP propone que la cantidad prevista, de 1&#8217;2 millones, se incremente en 3 millones para quedar finalmente en los 4&#8217;2. Asimismo proponen\u00a0crear una partida de 906.139&#8217;85 euros para <strong>construir la rotonda de acceso norte<\/strong> y se plantea una partida de 500.000 euros para <strong>la recuperaci\u00f3n de las antiguas f\u00e1bricas de El Molinar<\/strong>. En <strong>materia sanitaria<\/strong> destacan dos enmiendas: 840.000 euros para la ampliaci\u00f3n del <strong>Centro de Salud La Bassa<\/strong> y 100.000 para la adquisici\u00f3n de terrenos sobre los que prever la ampliaci\u00f3n del <strong>Centro de La F\u00e1brica<\/strong>. De igual forma piden un mill\u00f3n de euros para <strong>la mejora de la carretera CV-70 entre Alcoy y Benidorm<\/strong> al mismo tiempo que instan a\u00a0duplicar la inversi\u00f3n prevista para <strong>la construcci\u00f3n del Centro de Turismo de Interior en la Manzana de Rodes<\/strong> &#8220;<em>las enmiendas\u00a0son ajustadas y realistas, conscientes de las necesidades de la ciudad, y de la situaci\u00f3n econ\u00f3mica que afecta a todas las administraciones. Estos\u00a0presupuestos de la Generalitat, que se debaten la pr\u00f3xima semana, abandonan a Alcoy a su suerte con una inversi\u00f3n m\u00ednima pese a las carencias de la ciudad. Debemos reivindicar que la Generalitat tenga a Alcoy en la consideraci\u00f3n que se merece<\/em>&#8220;, detalla el portavoz popular; <strong>Quique Ruiz<\/strong>.<\/p>\n<p style=\"text-align: justify;\">Desde el PP destacan que el Gobierno Valenciano <strong>cerr\u00f3 el a\u00f1o pasado debiendo 3&#8217;3 millones de euros<\/strong> al Ayuntamiento.<\/p>\n","protected":false},"excerpt":{"rendered":"<p>El Partido Popular de Alcoy ha presentado enmiendas a los presupuestos de la Generalitat Valenciana por valor de 8&#8217;2 millones&#8230;<\/p>\n","protected":false},"author":1,"featured_media":51196,"comment_status":"open","ping_status":"open","sticky":false,"template":"","format":"standard","meta":{"footnotes":""},"categories":[97,75,79],"tags":[2976,994,448,1370,316],"class_list":["post-68926","post","type-post","status-publish","format-standard","has-post-thumbnail","hentry","category-alcoy","category-noticias","category-politicayeconomia","tag-enmiendas","tag-generalitat-valenciana","tag-partido-popular","tag-presentacion","tag-presupuestos"],"yoast_head":"<!-- This site is optimized with the Yoast SEO plugin v27.3 - https:\/\/yoast.com\/product\/yoast-seo-wordpress\/ -->\n<title>El PP de Alcoy presenta sus enmiendas a los Presupuestos de la Generalitat - COPE Alcoy<\/title>\n<meta name=\"robots\" content=\"index, follow, max-snippet:-1, max-image-preview:large, max-video-preview:-1\" \/>\n<link rel=\"canonical\" href=\"https:\/\/www.copealcoy.es\/es\/el-pp-de-alcoy-presenta-sus-enmiendas-a-los-presupuestos-de-la-generalitat\/\" \/>\n<meta property=\"og:locale\" content=\"es_ES\" \/>\n<meta property=\"og:type\" content=\"article\" \/>\n<meta property=\"og:title\" content=\"El PP de Alcoy presenta sus enmiendas a los Presupuestos de la Generalitat - COPE Alcoy\" \/>\n<meta property=\"og:description\" content=\"El Partido Popular de Alcoy ha presentado enmiendas a los presupuestos de la Generalitat Valenciana por valor de 8&#8217;2 millones...\" \/>\n<meta property=\"og:url\" content=\"https:\/\/www.copealcoy.es\/es\/el-pp-de-alcoy-presenta-sus-enmiendas-a-los-presupuestos-de-la-generalitat\/\" \/>\n<meta property=\"og:site_name\" content=\"COPE Alcoy\" \/>\n<meta property=\"article:published_time\" content=\"2020-12-18T17:39:36+00:00\" \/>\n<meta property=\"article:modified_time\" content=\"2020-12-18T17:57:59+00:00\" \/>\n<meta property=\"og:image\" content=\"https:\/\/www.copealcoy.es\/wp-content\/uploads\/2019\/05\/IMG_8339-e1558449043277-1-scaled.jpg\" \/>\n\t<meta property=\"og:image:width\" content=\"2560\" \/>\n\t<meta property=\"og:image:height\" content=\"1547\" \/>\n\t<meta property=\"og:image:type\" content=\"image\/jpeg\" \/>\n<meta name=\"author\" content=\"Cope Alcoy\" \/>\n<meta name=\"twitter:label1\" content=\"Escrito por\" \/>\n\t<meta name=\"twitter:data1\" content=\"Cope Alcoy\" \/>\n\t<meta name=\"twitter:label2\" content=\"Tiempo de lectura\" \/>\n\t<meta name=\"twitter:data2\" content=\"1 minuto\" \/>\n<script type=\"application\/ld+json\" class=\"yoast-schema-graph\">{\"@context\":\"https:\\\/\\\/schema.org\",\"@graph\":[{\"@type\":\"Article\",\"@id\":\"https:\\\/\\\/www.copealcoy.es\\\/es\\\/el-pp-de-alcoy-presenta-sus-enmiendas-a-los-presupuestos-de-la-generalitat\\\/#article\",\"isPartOf\":{\"@id\":\"https:\\\/\\\/www.copealcoy.es\\\/es\\\/el-pp-de-alcoy-presenta-sus-enmiendas-a-los-presupuestos-de-la-generalitat\\\/\"},\"author\":{\"name\":\"Cope Alcoy\",\"@id\":\"https:\\\/\\\/www.copealcoy.es\\\/es\\\/#\\\/schema\\\/person\\\/e777c87fa024e57d40170af9df39882c\"},\"headline\":\"El PP de Alcoy presenta sus enmiendas a los Presupuestos de la Generalitat\",\"datePublished\":\"2020-12-18T17:39:36+00:00\",\"dateModified\":\"2020-12-18T17:57:59+00:00\",\"mainEntityOfPage\":{\"@id\":\"https:\\\/\\\/www.copealcoy.es\\\/es\\\/el-pp-de-alcoy-presenta-sus-enmiendas-a-los-presupuestos-de-la-generalitat\\\/\"},\"wordCount\":276,\"commentCount\":0,\"image\":{\"@id\":\"https:\\\/\\\/www.copealcoy.es\\\/es\\\/el-pp-de-alcoy-presenta-sus-enmiendas-a-los-presupuestos-de-la-generalitat\\\/#primaryimage\"},\"thumbnailUrl\":\"https:\\\/\\\/www.copealcoy.es\\\/wp-content\\\/uploads\\\/2019\\\/05\\\/IMG_8339-e1558449043277-1-scaled.jpg\",\"keywords\":[\"enmiendas\",\"Generalitat Valenciana\",\"Partido Popular\",\"presentaci\u00f3n\",\"Presupuestos\"],\"articleSection\":[\"Alcoy\",\"Noticias\",\"Pol\u00edtica y Econom\u00eda\"],\"inLanguage\":\"es\"},{\"@type\":\"WebPage\",\"@id\":\"https:\\\/\\\/www.copealcoy.es\\\/es\\\/el-pp-de-alcoy-presenta-sus-enmiendas-a-los-presupuestos-de-la-generalitat\\\/\",\"url\":\"https:\\\/\\\/www.copealcoy.es\\\/es\\\/el-pp-de-alcoy-presenta-sus-enmiendas-a-los-presupuestos-de-la-generalitat\\\/\",\"name\":\"El PP de Alcoy presenta sus enmiendas a los Presupuestos de la Generalitat - COPE Alcoy\",\"isPartOf\":{\"@id\":\"https:\\\/\\\/www.copealcoy.es\\\/es\\\/#website\"},\"primaryImageOfPage\":{\"@id\":\"https:\\\/\\\/www.copealcoy.es\\\/es\\\/el-pp-de-alcoy-presenta-sus-enmiendas-a-los-presupuestos-de-la-generalitat\\\/#primaryimage\"},\"image\":{\"@id\":\"https:\\\/\\\/www.copealcoy.es\\\/es\\\/el-pp-de-alcoy-presenta-sus-enmiendas-a-los-presupuestos-de-la-generalitat\\\/#primaryimage\"},\"thumbnailUrl\":\"https:\\\/\\\/www.copealcoy.es\\\/wp-content\\\/uploads\\\/2019\\\/05\\\/IMG_8339-e1558449043277-1-scaled.jpg\",\"datePublished\":\"2020-12-18T17:39:36+00:00\",\"dateModified\":\"2020-12-18T17:57:59+00:00\",\"author\":{\"@id\":\"https:\\\/\\\/www.copealcoy.es\\\/es\\\/#\\\/schema\\\/person\\\/e777c87fa024e57d40170af9df39882c\"},\"breadcrumb\":{\"@id\":\"https:\\\/\\\/www.copealcoy.es\\\/es\\\/el-pp-de-alcoy-presenta-sus-enmiendas-a-los-presupuestos-de-la-generalitat\\\/#breadcrumb\"},\"inLanguage\":\"es\",\"potentialAction\":[{\"@type\":\"ReadAction\",\"target\":[\"https:\\\/\\\/www.copealcoy.es\\\/es\\\/el-pp-de-alcoy-presenta-sus-enmiendas-a-los-presupuestos-de-la-generalitat\\\/\"]}]},{\"@type\":\"ImageObject\",\"inLanguage\":\"es\",\"@id\":\"https:\\\/\\\/www.copealcoy.es\\\/es\\\/el-pp-de-alcoy-presenta-sus-enmiendas-a-los-presupuestos-de-la-generalitat\\\/#primaryimage\",\"url\":\"https:\\\/\\\/www.copealcoy.es\\\/wp-content\\\/uploads\\\/2019\\\/05\\\/IMG_8339-e1558449043277-1-scaled.jpg\",\"contentUrl\":\"https:\\\/\\\/www.copealcoy.es\\\/wp-content\\\/uploads\\\/2019\\\/05\\\/IMG_8339-e1558449043277-1-scaled.jpg\",\"width\":2560,\"height\":1547,\"caption\":\"Quique Ruiz en su entrevista en #LaMa\u00f1anaEnAlcoy de este martes\"},{\"@type\":\"BreadcrumbList\",\"@id\":\"https:\\\/\\\/www.copealcoy.es\\\/es\\\/el-pp-de-alcoy-presenta-sus-enmiendas-a-los-presupuestos-de-la-generalitat\\\/#breadcrumb\",\"itemListElement\":[{\"@type\":\"ListItem\",\"position\":1,\"name\":\"Portada\",\"item\":\"https:\\\/\\\/www.copealcoy.es\\\/es\\\/\"},{\"@type\":\"ListItem\",\"position\":2,\"name\":\"El PP de Alcoy presenta sus enmiendas a los Presupuestos de la Generalitat\"}]},{\"@type\":\"WebSite\",\"@id\":\"https:\\\/\\\/www.copealcoy.es\\\/es\\\/#website\",\"url\":\"https:\\\/\\\/www.copealcoy.es\\\/es\\\/\",\"name\":\"COPE Alcoy\",\"description\":\"Emisora COPE de radio local con emisi\u00f3n online. Pont de Sant Jordi 8-10 03803 Alcoy\",\"potentialAction\":[{\"@type\":\"SearchAction\",\"target\":{\"@type\":\"EntryPoint\",\"urlTemplate\":\"https:\\\/\\\/www.copealcoy.es\\\/es\\\/?s={search_term_string}\"},\"query-input\":{\"@type\":\"PropertyValueSpecification\",\"valueRequired\":true,\"valueName\":\"search_term_string\"}}],\"inLanguage\":\"es\"},{\"@type\":\"Person\",\"@id\":\"https:\\\/\\\/www.copealcoy.es\\\/es\\\/#\\\/schema\\\/person\\\/e777c87fa024e57d40170af9df39882c\",\"name\":\"Cope Alcoy\",\"image\":{\"@type\":\"ImageObject\",\"inLanguage\":\"es\",\"@id\":\"https:\\\/\\\/secure.gravatar.com\\\/avatar\\\/bb65d0283347e303893ba14f0692005417c1e0e690a325a4c5d8bb2b3943ee14?s=96&d=mm&r=g\",\"url\":\"https:\\\/\\\/secure.gravatar.com\\\/avatar\\\/bb65d0283347e303893ba14f0692005417c1e0e690a325a4c5d8bb2b3943ee14?s=96&d=mm&r=g\",\"contentUrl\":\"https:\\\/\\\/secure.gravatar.com\\\/avatar\\\/bb65d0283347e303893ba14f0692005417c1e0e690a325a4c5d8bb2b3943ee14?s=96&d=mm&r=g\",\"caption\":\"Cope Alcoy\"}}]}<\/script>\n<!-- \/ Yoast SEO plugin. -->","yoast_head_json":{"title":"El PP de Alcoy presenta sus enmiendas a los Presupuestos de la Generalitat - COPE Alcoy","robots":{"index":"index","follow":"follow","max-snippet":"max-snippet:-1","max-image-preview":"max-image-preview:large","max-video-preview":"max-video-preview:-1"},"canonical":"https:\/\/www.copealcoy.es\/es\/el-pp-de-alcoy-presenta-sus-enmiendas-a-los-presupuestos-de-la-generalitat\/","og_locale":"es_ES","og_type":"article","og_title":"El PP de Alcoy presenta sus enmiendas a los Presupuestos de la Generalitat - COPE Alcoy","og_description":"El Partido Popular de Alcoy ha presentado enmiendas a los presupuestos de la Generalitat Valenciana por valor de 8&#8217;2 millones...","og_url":"https:\/\/www.copealcoy.es\/es\/el-pp-de-alcoy-presenta-sus-enmiendas-a-los-presupuestos-de-la-generalitat\/","og_site_name":"COPE Alcoy","article_published_time":"2020-12-18T17:39:36+00:00","article_modified_time":"2020-12-18T17:57:59+00:00","og_image":[{"width":2560,"height":1547,"url":"https:\/\/www.copealcoy.es\/wp-content\/uploads\/2019\/05\/IMG_8339-e1558449043277-1-scaled.jpg","type":"image\/jpeg"}],"author":"Cope Alcoy","twitter_misc":{"Escrito por":"Cope Alcoy","Tiempo de lectura":"1 minuto"},"schema":{"@context":"https:\/\/schema.org","@graph":[{"@type":"Article","@id":"https:\/\/www.copealcoy.es\/es\/el-pp-de-alcoy-presenta-sus-enmiendas-a-los-presupuestos-de-la-generalitat\/#article","isPartOf":{"@id":"https:\/\/www.copealcoy.es\/es\/el-pp-de-alcoy-presenta-sus-enmiendas-a-los-presupuestos-de-la-generalitat\/"},"author":{"name":"Cope Alcoy","@id":"https:\/\/www.copealcoy.es\/es\/#\/schema\/person\/e777c87fa024e57d40170af9df39882c"},"headline":"El PP de Alcoy presenta sus enmiendas a los Presupuestos de la Generalitat","datePublished":"2020-12-18T17:39:36+00:00","dateModified":"2020-12-18T17:57:59+00:00","mainEntityOfPage":{"@id":"https:\/\/www.copealcoy.es\/es\/el-pp-de-alcoy-presenta-sus-enmiendas-a-los-presupuestos-de-la-generalitat\/"},"wordCount":276,"commentCount":0,"image":{"@id":"https:\/\/www.copealcoy.es\/es\/el-pp-de-alcoy-presenta-sus-enmiendas-a-los-presupuestos-de-la-generalitat\/#primaryimage"},"thumbnailUrl":"https:\/\/www.copealcoy.es\/wp-content\/uploads\/2019\/05\/IMG_8339-e1558449043277-1-scaled.jpg","keywords":["enmiendas","Generalitat Valenciana","Partido Popular","presentaci\u00f3n","Presupuestos"],"articleSection":["Alcoy","Noticias","Pol\u00edtica y Econom\u00eda"],"inLanguage":"es"},{"@type":"WebPage","@id":"https:\/\/www.copealcoy.es\/es\/el-pp-de-alcoy-presenta-sus-enmiendas-a-los-presupuestos-de-la-generalitat\/","url":"https:\/\/www.copealcoy.es\/es\/el-pp-de-alcoy-presenta-sus-enmiendas-a-los-presupuestos-de-la-generalitat\/","name":"El PP de Alcoy presenta sus enmiendas a los Presupuestos de la Generalitat - COPE Alcoy","isPartOf":{"@id":"https:\/\/www.copealcoy.es\/es\/#website"},"primaryImageOfPage":{"@id":"https:\/\/www.copealcoy.es\/es\/el-pp-de-alcoy-presenta-sus-enmiendas-a-los-presupuestos-de-la-generalitat\/#primaryimage"},"image":{"@id":"https:\/\/www.copealcoy.es\/es\/el-pp-de-alcoy-presenta-sus-enmiendas-a-los-presupuestos-de-la-generalitat\/#primaryimage"},"thumbnailUrl":"https:\/\/www.copealcoy.es\/wp-content\/uploads\/2019\/05\/IMG_8339-e1558449043277-1-scaled.jpg","datePublished":"2020-12-18T17:39:36+00:00","dateModified":"2020-12-18T17:57:59+00:00","author":{"@id":"https:\/\/www.copealcoy.es\/es\/#\/schema\/person\/e777c87fa024e57d40170af9df39882c"},"breadcrumb":{"@id":"https:\/\/www.copealcoy.es\/es\/el-pp-de-alcoy-presenta-sus-enmiendas-a-los-presupuestos-de-la-generalitat\/#breadcrumb"},"inLanguage":"es","potentialAction":[{"@type":"ReadAction","target":["https:\/\/www.copealcoy.es\/es\/el-pp-de-alcoy-presenta-sus-enmiendas-a-los-presupuestos-de-la-generalitat\/"]}]},{"@type":"ImageObject","inLanguage":"es","@id":"https:\/\/www.copealcoy.es\/es\/el-pp-de-alcoy-presenta-sus-enmiendas-a-los-presupuestos-de-la-generalitat\/#primaryimage","url":"https:\/\/www.copealcoy.es\/wp-content\/uploads\/2019\/05\/IMG_8339-e1558449043277-1-scaled.jpg","contentUrl":"https:\/\/www.copealcoy.es\/wp-content\/uploads\/2019\/05\/IMG_8339-e1558449043277-1-scaled.jpg","width":2560,"height":1547,"caption":"Quique Ruiz en su entrevista en #LaMa\u00f1anaEnAlcoy de este martes"},{"@type":"BreadcrumbList","@id":"https:\/\/www.copealcoy.es\/es\/el-pp-de-alcoy-presenta-sus-enmiendas-a-los-presupuestos-de-la-generalitat\/#breadcrumb","itemListElement":[{"@type":"ListItem","position":1,"name":"Portada","item":"https:\/\/www.copealcoy.es\/es\/"},{"@type":"ListItem","position":2,"name":"El PP de Alcoy presenta sus enmiendas a los Presupuestos de la Generalitat"}]},{"@type":"WebSite","@id":"https:\/\/www.copealcoy.es\/es\/#website","url":"https:\/\/www.copealcoy.es\/es\/","name":"COPE Alcoy","description":"Emisora COPE de radio local con emisi\u00f3n online. Pont de Sant Jordi 8-10 03803 Alcoy","potentialAction":[{"@type":"SearchAction","target":{"@type":"EntryPoint","urlTemplate":"https:\/\/www.copealcoy.es\/es\/?s={search_term_string}"},"query-input":{"@type":"PropertyValueSpecification","valueRequired":true,"valueName":"search_term_string"}}],"inLanguage":"es"},{"@type":"Person","@id":"https:\/\/www.copealcoy.es\/es\/#\/schema\/person\/e777c87fa024e57d40170af9df39882c","name":"Cope Alcoy","image":{"@type":"ImageObject","inLanguage":"es","@id":"https:\/\/secure.gravatar.com\/avatar\/bb65d0283347e303893ba14f0692005417c1e0e690a325a4c5d8bb2b3943ee14?s=96&d=mm&r=g","url":"https:\/\/secure.gravatar.com\/avatar\/bb65d0283347e303893ba14f0692005417c1e0e690a325a4c5d8bb2b3943ee14?s=96&d=mm&r=g","contentUrl":"https:\/\/secure.gravatar.com\/avatar\/bb65d0283347e303893ba14f0692005417c1e0e690a325a4c5d8bb2b3943ee14?s=96&d=mm&r=g","caption":"Cope Alcoy"}}]}},"_links":{"self":[{"href":"https:\/\/www.copealcoy.es\/es\/wp-json\/wp\/v2\/posts\/68926","targetHints":{"allow":["GET"]}}],"collection":[{"href":"https:\/\/www.copealcoy.es\/es\/wp-json\/wp\/v2\/posts"}],"about":[{"href":"https:\/\/www.copealcoy.es\/es\/wp-json\/wp\/v2\/types\/post"}],"author":[{"embeddable":true,"href":"https:\/\/www.copealcoy.es\/es\/wp-json\/wp\/v2\/users\/1"}],"replies":[{"embeddable":true,"href":"https:\/\/www.copealcoy.es\/es\/wp-json\/wp\/v2\/comments?post=68926"}],"version-history":[{"count":0,"href":"https:\/\/www.copealcoy.es\/es\/wp-json\/wp\/v2\/posts\/68926\/revisions"}],"wp:featuredmedia":[{"embeddable":true,"href":"https:\/\/www.copealcoy.es\/es\/wp-json\/wp\/v2\/media\/51196"}],"wp:attachment":[{"href":"https:\/\/www.copealcoy.es\/es\/wp-json\/wp\/v2\/media?parent=68926"}],"wp:term":[{"taxonomy":"category","embeddable":true,"href":"https:\/\/www.copealcoy.es\/es\/wp-json\/wp\/v2\/categories?post=68926"},{"taxonomy":"post_tag","embeddable":true,"href":"https:\/\/www.copealcoy.es\/es\/wp-json\/wp\/v2\/tags?post=68926"}],"curies":[{"name":"wp","href":"https:\/\/api.w.org\/{rel}","templated":true}]}}