{"id":68894,"date":"2020-12-18T15:35:27","date_gmt":"2020-12-18T15:35:27","guid":{"rendered":"https:\/\/www.copealcoy.es\/?p=68894"},"modified":"2020-12-19T19:03:28","modified_gmt":"2020-12-19T19:03:28","slug":"la-vacunacion-del-coronavirus-se-adelanta-en-la-comunitat","status":"publish","type":"post","link":"https:\/\/www.copealcoy.es\/es\/la-vacunacion-del-coronavirus-se-adelanta-en-la-comunitat\/","title":{"rendered":"La vacunaci\u00f3n del Coronavirus se adelanta en la Comunitat"},"content":{"rendered":"<p style=\"text-align: justify;\"><strong>El Ministro de Sanidad, Salvador Illa,<\/strong> ha anunciado que <strong>el domingo 27 de diciembre<\/strong> comenzar\u00e1 a administrarse en Espa\u00f1a l<strong>a vacuna desarrollada por Pfizer y BioNTech<\/strong> contra el Coronavirus, siendo el 26 de diciembre cuando se reciban las primeras dosis.<\/p>\n<p style=\"text-align: justify;\">Cada semana, seg\u00fan ha explicado, <strong>se ir\u00e1n recibiendo las dosis de cada vacuna<\/strong> y <strong>se ir\u00e1n distribuyendo de forma equitativa a las comunidades aut\u00f3nomas<\/strong> para ir prosiguiendo el proceso de vacunaci\u00f3n y en base al plan de vacunaci\u00f3n aprobado por el Consejo de Ministros. La citaci\u00f3n para recibir la vacuna tambi\u00e9n se realizar\u00e1 &#8220;<em>lo antes posible<\/em>&#8221; y <strong>no hay previstas sanciones<\/strong> para los que se nieguen a acudir a recibirla.<\/p>\n<p style=\"text-align: justify;\">La vacuna<strong> va a ser suministrada en la red sanitaria habitual<\/strong>, de forma gratuita en <strong>los m\u00e1s de 13.000 puntos de vacunaci\u00f3n<\/strong> de los que dispone Espa\u00f1a. Debido a que la vacuna <strong>presenta una serie de dificultades de distribuci\u00f3n<\/strong>, la compa\u00f1\u00eda va a ser la encargada de distribuirla en varios puntos de Espa\u00f1a y, posteriormente, <strong>cada comunidad aut\u00f3noma contar\u00e1 con dos puntos concretos<\/strong> para recibirlas en su territorio.<\/p>\n<p style=\"text-align: justify;\">&#8220;<em>Las dosis llegar\u00e1n a todas las comunidades aut\u00f3nomas entre el s\u00e1bado 26 de diciembre y el domingo 27 diciembre. Estamos acabando de terminar los procesos log\u00edsticos y todas las comunidades dispondr\u00e1n de las dosis que les corresponden equitativamente para comenzar su proceso de vacunaci\u00f3n<\/em>&#8220;, ha explicado Illa.<\/p>\n<p style=\"text-align: justify;\">No obstante, Illa ha reconocido que <strong>todav\u00eda no se sabe cu\u00e1ntas dosis llegar\u00e1n a Espa\u00f1a en el primer env\u00edo<\/strong>, si bien ha recordado que <strong>van a ser repartidas<\/strong> &#8220;<em>equitativamente<\/em>&#8221; en toda Europa. &#8220;<em>En cuanto tengamos una confirmaci\u00f3n fehaciente de las dosis la daremos a conocer<\/em>&#8220;, ha asegurado el ministro.<\/p>\n<p style=\"text-align: justify;\">Previsiblemente, <strong>la EMA va a dar luz verde al f\u00e1rmaco<\/strong> en la reuni\u00f3n que ha previsto el pr\u00f3ximo lunes, 21 de diciembre, momento a partir del cual la Comisi\u00f3n Europea <strong>se ha preparado para poder concluir el proceso formal en apenas dos d\u00edas<\/strong>, el 23 de diciembre, a pesar de que se trata de una burocracia que habitualmente requiere 67 d\u00edas. No obstante, <strong>la agencia sigue manteniendo la reuni\u00f3n prevista para el 29 de diciembre<\/strong> por si necesitan valorar m\u00e1s datos.<\/p>\n<p style=\"text-align: justify;\">Seg\u00fan se establece en el <a href=\"https:\/\/www.mscbs.gob.es\/gabinetePrensa\/notaPrensa\/pdf\/24.11241120144431769.pdf\"><strong>Plan de Vacunaci\u00f3n contra COVID-19<\/strong><\/a>, en la primera etapa de la vacunaci\u00f3n se vacunar\u00e1 a 2,5 millones de personas, las cuales ser\u00e1n residentes y personal sanitario de residencias, as\u00ed como de centros de grandes dependientes, y el resto del personal sanitario y los grandes dependientes no institucionalizados. Esta fase, seg\u00fan ha explicado Illa, se llevar\u00e1 a cabo entre los meses de enero y febrero.<\/p>\n<p style=\"text-align: justify;\">Posteriormente, y a pesar de que todav\u00eda no est\u00e1 decidido en qu\u00e9 fase de vacunaci\u00f3n entrar\u00e1n, <strong>se vacunar\u00e1n a mayores de 65 a\u00f1os, personas con condiciones de riesgo, personas que viven o trabajan en comunidades o entornos cerrados, personas vulnerables por su situaci\u00f3n socioecon\u00f3mica, personas con trabajos esenciales, personal docente, poblaci\u00f3n infantil, adolescentes y j\u00f3venes,<\/strong> las personas que viven en zonas con importantes brotes de coronavirus o de alta incidencia, las mujeres embarazadas o que est\u00e1n en el periodo de lactancia, y las personas a SARS-CoV-2.<\/p>\n<p style=\"text-align: justify;\"><strong>La Comunitat preparada <\/strong><\/p>\n<p style=\"text-align: justify;\"><strong>El &#8216;president&#8217; de la Generalitat, Ximo Puig,<\/strong> ha anunciado este jueves que la Comunitat Valenciana est\u00e1 preparada para recibir, almacenar, distribuir y administrar 600.000 dosis de la vacuna Pzifer frente a la Covid-19 as\u00ed como todo el material necesario para el proceso de vacunaci\u00f3n y el equipo humano que lo pilotar\u00e1.<\/p>\n<p style=\"text-align: justify;\">&#8220;<em>No sabemos exactamente qu\u00e9 d\u00eda y a qu\u00e9 hora llegar\u00e1n las primeras dosis ni la cantidad inicial de vacunas para empezar el proceso<\/em>&#8220;, ha admitido Puig, pero ha defendido que en la Comunitat &#8220;<em>estamos preparados y esa es la gran esperanza y el horizonte que nos debe dar fuerzas<\/em>&#8220;.<\/p>\n<p style=\"text-align: justify;\">&#8220;<em>Lo m\u00e1s importante es que en estos momentos tenemos los frigor\u00edficos, la instalaci\u00f3n de material y lo m\u00e1s importante en este plan de vacunaci\u00f3n que son los recursos humanos<\/em>&#8220;, y ha puesto como ejemplo de profesionalidad en la administraci\u00f3n de vacunas la campa\u00f1a de la gripe, en la que se han vacunado medio mill\u00f3n de personas m\u00e1s que el a\u00f1o pasado. A su juicio, esto es <strong>una muestra de la capacidad de los equipos de Atenci\u00f3n primaria<\/strong> &#8220;<em>en este buen hacer<\/em>&#8220;.<\/p>\n","protected":false},"excerpt":{"rendered":"<p>El Ministro de Sanidad, Salvador Illa, ha anunciado que el domingo 27 de diciembre comenzar\u00e1 a administrarse en Espa\u00f1a la&#8230;<\/p>\n","protected":false},"author":1,"featured_media":68741,"comment_status":"open","ping_status":"open","sticky":false,"template":"","format":"standard","meta":{"footnotes":""},"categories":[6909,98,75],"tags":[1768,7281,10050,1529],"class_list":["post-68894","post","type-post","status-publish","format-standard","has-post-thumbnail","hentry","category-actualidad","category-comarcas","category-noticias","tag-comunitat-valenciana","tag-coronavirus","tag-crisis-sanitaria","tag-vacunacion"],"yoast_head":"<!-- This site is optimized with the Yoast SEO plugin v27.3 - https:\/\/yoast.com\/product\/yoast-seo-wordpress\/ -->\n<title>La vacunaci\u00f3n del Coronavirus se adelanta en la Comunitat - COPE Alcoy<\/title>\n<meta name=\"robots\" content=\"index, follow, max-snippet:-1, max-image-preview:large, max-video-preview:-1\" \/>\n<link rel=\"canonical\" href=\"https:\/\/www.copealcoy.es\/es\/la-vacunacion-del-coronavirus-se-adelanta-en-la-comunitat\/\" \/>\n<meta property=\"og:locale\" content=\"es_ES\" \/>\n<meta property=\"og:type\" content=\"article\" \/>\n<meta property=\"og:title\" content=\"La vacunaci\u00f3n del Coronavirus se adelanta en la Comunitat - COPE Alcoy\" \/>\n<meta property=\"og:description\" content=\"El Ministro de Sanidad, Salvador Illa, ha anunciado que el domingo 27 de diciembre comenzar\u00e1 a administrarse en Espa\u00f1a la...\" \/>\n<meta property=\"og:url\" content=\"https:\/\/www.copealcoy.es\/es\/la-vacunacion-del-coronavirus-se-adelanta-en-la-comunitat\/\" \/>\n<meta property=\"og:site_name\" content=\"COPE Alcoy\" \/>\n<meta property=\"article:published_time\" content=\"2020-12-18T15:35:27+00:00\" \/>\n<meta property=\"article:modified_time\" content=\"2020-12-19T19:03:28+00:00\" \/>\n<meta property=\"og:image\" content=\"https:\/\/www.copealcoy.es\/wp-content\/uploads\/2020\/12\/1606471127086.jpg\" \/>\n\t<meta property=\"og:image:width\" content=\"976\" \/>\n\t<meta property=\"og:image:height\" content=\"549\" \/>\n\t<meta property=\"og:image:type\" content=\"image\/jpeg\" \/>\n<meta name=\"author\" content=\"Cope Alcoy\" \/>\n<meta name=\"twitter:label1\" content=\"Escrito por\" \/>\n\t<meta name=\"twitter:data1\" content=\"Cope Alcoy\" \/>\n\t<meta name=\"twitter:label2\" content=\"Tiempo de lectura\" \/>\n\t<meta name=\"twitter:data2\" content=\"4 minutos\" \/>\n<script type=\"application\/ld+json\" class=\"yoast-schema-graph\">{\"@context\":\"https:\\\/\\\/schema.org\",\"@graph\":[{\"@type\":\"Article\",\"@id\":\"https:\\\/\\\/www.copealcoy.es\\\/es\\\/la-vacunacion-del-coronavirus-se-adelanta-en-la-comunitat\\\/#article\",\"isPartOf\":{\"@id\":\"https:\\\/\\\/www.copealcoy.es\\\/es\\\/la-vacunacion-del-coronavirus-se-adelanta-en-la-comunitat\\\/\"},\"author\":{\"name\":\"Cope Alcoy\",\"@id\":\"https:\\\/\\\/www.copealcoy.es\\\/es\\\/#\\\/schema\\\/person\\\/e777c87fa024e57d40170af9df39882c\"},\"headline\":\"La vacunaci\u00f3n del Coronavirus se adelanta en la Comunitat\",\"datePublished\":\"2020-12-18T15:35:27+00:00\",\"dateModified\":\"2020-12-19T19:03:28+00:00\",\"mainEntityOfPage\":{\"@id\":\"https:\\\/\\\/www.copealcoy.es\\\/es\\\/la-vacunacion-del-coronavirus-se-adelanta-en-la-comunitat\\\/\"},\"wordCount\":757,\"commentCount\":0,\"image\":{\"@id\":\"https:\\\/\\\/www.copealcoy.es\\\/es\\\/la-vacunacion-del-coronavirus-se-adelanta-en-la-comunitat\\\/#primaryimage\"},\"thumbnailUrl\":\"https:\\\/\\\/www.copealcoy.es\\\/wp-content\\\/uploads\\\/2020\\\/12\\\/1606471127086.jpg\",\"keywords\":[\"Comunitat Valenciana\",\"Coronavirus\",\"crisis sanitaria\",\"Vacunaci\u00f3n\"],\"articleSection\":[\"Actualidad\",\"Comarcas\",\"Noticias\"],\"inLanguage\":\"es\"},{\"@type\":\"WebPage\",\"@id\":\"https:\\\/\\\/www.copealcoy.es\\\/es\\\/la-vacunacion-del-coronavirus-se-adelanta-en-la-comunitat\\\/\",\"url\":\"https:\\\/\\\/www.copealcoy.es\\\/es\\\/la-vacunacion-del-coronavirus-se-adelanta-en-la-comunitat\\\/\",\"name\":\"La vacunaci\u00f3n del Coronavirus se adelanta en la Comunitat - COPE Alcoy\",\"isPartOf\":{\"@id\":\"https:\\\/\\\/www.copealcoy.es\\\/es\\\/#website\"},\"primaryImageOfPage\":{\"@id\":\"https:\\\/\\\/www.copealcoy.es\\\/es\\\/la-vacunacion-del-coronavirus-se-adelanta-en-la-comunitat\\\/#primaryimage\"},\"image\":{\"@id\":\"https:\\\/\\\/www.copealcoy.es\\\/es\\\/la-vacunacion-del-coronavirus-se-adelanta-en-la-comunitat\\\/#primaryimage\"},\"thumbnailUrl\":\"https:\\\/\\\/www.copealcoy.es\\\/wp-content\\\/uploads\\\/2020\\\/12\\\/1606471127086.jpg\",\"datePublished\":\"2020-12-18T15:35:27+00:00\",\"dateModified\":\"2020-12-19T19:03:28+00:00\",\"author\":{\"@id\":\"https:\\\/\\\/www.copealcoy.es\\\/es\\\/#\\\/schema\\\/person\\\/e777c87fa024e57d40170af9df39882c\"},\"breadcrumb\":{\"@id\":\"https:\\\/\\\/www.copealcoy.es\\\/es\\\/la-vacunacion-del-coronavirus-se-adelanta-en-la-comunitat\\\/#breadcrumb\"},\"inLanguage\":\"es\",\"potentialAction\":[{\"@type\":\"ReadAction\",\"target\":[\"https:\\\/\\\/www.copealcoy.es\\\/es\\\/la-vacunacion-del-coronavirus-se-adelanta-en-la-comunitat\\\/\"]}]},{\"@type\":\"ImageObject\",\"inLanguage\":\"es\",\"@id\":\"https:\\\/\\\/www.copealcoy.es\\\/es\\\/la-vacunacion-del-coronavirus-se-adelanta-en-la-comunitat\\\/#primaryimage\",\"url\":\"https:\\\/\\\/www.copealcoy.es\\\/wp-content\\\/uploads\\\/2020\\\/12\\\/1606471127086.jpg\",\"contentUrl\":\"https:\\\/\\\/www.copealcoy.es\\\/wp-content\\\/uploads\\\/2020\\\/12\\\/1606471127086.jpg\",\"width\":976,\"height\":549},{\"@type\":\"BreadcrumbList\",\"@id\":\"https:\\\/\\\/www.copealcoy.es\\\/es\\\/la-vacunacion-del-coronavirus-se-adelanta-en-la-comunitat\\\/#breadcrumb\",\"itemListElement\":[{\"@type\":\"ListItem\",\"position\":1,\"name\":\"Portada\",\"item\":\"https:\\\/\\\/www.copealcoy.es\\\/es\\\/\"},{\"@type\":\"ListItem\",\"position\":2,\"name\":\"La vacunaci\u00f3n del Coronavirus se adelanta en la Comunitat\"}]},{\"@type\":\"WebSite\",\"@id\":\"https:\\\/\\\/www.copealcoy.es\\\/es\\\/#website\",\"url\":\"https:\\\/\\\/www.copealcoy.es\\\/es\\\/\",\"name\":\"COPE Alcoy\",\"description\":\"Emisora COPE de radio local con emisi\u00f3n online. Pont de Sant Jordi 8-10 03803 Alcoy\",\"potentialAction\":[{\"@type\":\"SearchAction\",\"target\":{\"@type\":\"EntryPoint\",\"urlTemplate\":\"https:\\\/\\\/www.copealcoy.es\\\/es\\\/?s={search_term_string}\"},\"query-input\":{\"@type\":\"PropertyValueSpecification\",\"valueRequired\":true,\"valueName\":\"search_term_string\"}}],\"inLanguage\":\"es\"},{\"@type\":\"Person\",\"@id\":\"https:\\\/\\\/www.copealcoy.es\\\/es\\\/#\\\/schema\\\/person\\\/e777c87fa024e57d40170af9df39882c\",\"name\":\"Cope Alcoy\",\"image\":{\"@type\":\"ImageObject\",\"inLanguage\":\"es\",\"@id\":\"https:\\\/\\\/secure.gravatar.com\\\/avatar\\\/bb65d0283347e303893ba14f0692005417c1e0e690a325a4c5d8bb2b3943ee14?s=96&d=mm&r=g\",\"url\":\"https:\\\/\\\/secure.gravatar.com\\\/avatar\\\/bb65d0283347e303893ba14f0692005417c1e0e690a325a4c5d8bb2b3943ee14?s=96&d=mm&r=g\",\"contentUrl\":\"https:\\\/\\\/secure.gravatar.com\\\/avatar\\\/bb65d0283347e303893ba14f0692005417c1e0e690a325a4c5d8bb2b3943ee14?s=96&d=mm&r=g\",\"caption\":\"Cope Alcoy\"}}]}<\/script>\n<!-- \/ Yoast SEO plugin. -->","yoast_head_json":{"title":"La vacunaci\u00f3n del Coronavirus se adelanta en la Comunitat - COPE Alcoy","robots":{"index":"index","follow":"follow","max-snippet":"max-snippet:-1","max-image-preview":"max-image-preview:large","max-video-preview":"max-video-preview:-1"},"canonical":"https:\/\/www.copealcoy.es\/es\/la-vacunacion-del-coronavirus-se-adelanta-en-la-comunitat\/","og_locale":"es_ES","og_type":"article","og_title":"La vacunaci\u00f3n del Coronavirus se adelanta en la Comunitat - COPE Alcoy","og_description":"El Ministro de Sanidad, Salvador Illa, ha anunciado que el domingo 27 de diciembre comenzar\u00e1 a administrarse en Espa\u00f1a la...","og_url":"https:\/\/www.copealcoy.es\/es\/la-vacunacion-del-coronavirus-se-adelanta-en-la-comunitat\/","og_site_name":"COPE Alcoy","article_published_time":"2020-12-18T15:35:27+00:00","article_modified_time":"2020-12-19T19:03:28+00:00","og_image":[{"width":976,"height":549,"url":"https:\/\/www.copealcoy.es\/wp-content\/uploads\/2020\/12\/1606471127086.jpg","type":"image\/jpeg"}],"author":"Cope Alcoy","twitter_misc":{"Escrito por":"Cope Alcoy","Tiempo de lectura":"4 minutos"},"schema":{"@context":"https:\/\/schema.org","@graph":[{"@type":"Article","@id":"https:\/\/www.copealcoy.es\/es\/la-vacunacion-del-coronavirus-se-adelanta-en-la-comunitat\/#article","isPartOf":{"@id":"https:\/\/www.copealcoy.es\/es\/la-vacunacion-del-coronavirus-se-adelanta-en-la-comunitat\/"},"author":{"name":"Cope Alcoy","@id":"https:\/\/www.copealcoy.es\/es\/#\/schema\/person\/e777c87fa024e57d40170af9df39882c"},"headline":"La vacunaci\u00f3n del Coronavirus se adelanta en la Comunitat","datePublished":"2020-12-18T15:35:27+00:00","dateModified":"2020-12-19T19:03:28+00:00","mainEntityOfPage":{"@id":"https:\/\/www.copealcoy.es\/es\/la-vacunacion-del-coronavirus-se-adelanta-en-la-comunitat\/"},"wordCount":757,"commentCount":0,"image":{"@id":"https:\/\/www.copealcoy.es\/es\/la-vacunacion-del-coronavirus-se-adelanta-en-la-comunitat\/#primaryimage"},"thumbnailUrl":"https:\/\/www.copealcoy.es\/wp-content\/uploads\/2020\/12\/1606471127086.jpg","keywords":["Comunitat Valenciana","Coronavirus","crisis sanitaria","Vacunaci\u00f3n"],"articleSection":["Actualidad","Comarcas","Noticias"],"inLanguage":"es"},{"@type":"WebPage","@id":"https:\/\/www.copealcoy.es\/es\/la-vacunacion-del-coronavirus-se-adelanta-en-la-comunitat\/","url":"https:\/\/www.copealcoy.es\/es\/la-vacunacion-del-coronavirus-se-adelanta-en-la-comunitat\/","name":"La vacunaci\u00f3n del Coronavirus se adelanta en la Comunitat - COPE Alcoy","isPartOf":{"@id":"https:\/\/www.copealcoy.es\/es\/#website"},"primaryImageOfPage":{"@id":"https:\/\/www.copealcoy.es\/es\/la-vacunacion-del-coronavirus-se-adelanta-en-la-comunitat\/#primaryimage"},"image":{"@id":"https:\/\/www.copealcoy.es\/es\/la-vacunacion-del-coronavirus-se-adelanta-en-la-comunitat\/#primaryimage"},"thumbnailUrl":"https:\/\/www.copealcoy.es\/wp-content\/uploads\/2020\/12\/1606471127086.jpg","datePublished":"2020-12-18T15:35:27+00:00","dateModified":"2020-12-19T19:03:28+00:00","author":{"@id":"https:\/\/www.copealcoy.es\/es\/#\/schema\/person\/e777c87fa024e57d40170af9df39882c"},"breadcrumb":{"@id":"https:\/\/www.copealcoy.es\/es\/la-vacunacion-del-coronavirus-se-adelanta-en-la-comunitat\/#breadcrumb"},"inLanguage":"es","potentialAction":[{"@type":"ReadAction","target":["https:\/\/www.copealcoy.es\/es\/la-vacunacion-del-coronavirus-se-adelanta-en-la-comunitat\/"]}]},{"@type":"ImageObject","inLanguage":"es","@id":"https:\/\/www.copealcoy.es\/es\/la-vacunacion-del-coronavirus-se-adelanta-en-la-comunitat\/#primaryimage","url":"https:\/\/www.copealcoy.es\/wp-content\/uploads\/2020\/12\/1606471127086.jpg","contentUrl":"https:\/\/www.copealcoy.es\/wp-content\/uploads\/2020\/12\/1606471127086.jpg","width":976,"height":549},{"@type":"BreadcrumbList","@id":"https:\/\/www.copealcoy.es\/es\/la-vacunacion-del-coronavirus-se-adelanta-en-la-comunitat\/#breadcrumb","itemListElement":[{"@type":"ListItem","position":1,"name":"Portada","item":"https:\/\/www.copealcoy.es\/es\/"},{"@type":"ListItem","position":2,"name":"La vacunaci\u00f3n del Coronavirus se adelanta en la Comunitat"}]},{"@type":"WebSite","@id":"https:\/\/www.copealcoy.es\/es\/#website","url":"https:\/\/www.copealcoy.es\/es\/","name":"COPE Alcoy","description":"Emisora COPE de radio local con emisi\u00f3n online. Pont de Sant Jordi 8-10 03803 Alcoy","potentialAction":[{"@type":"SearchAction","target":{"@type":"EntryPoint","urlTemplate":"https:\/\/www.copealcoy.es\/es\/?s={search_term_string}"},"query-input":{"@type":"PropertyValueSpecification","valueRequired":true,"valueName":"search_term_string"}}],"inLanguage":"es"},{"@type":"Person","@id":"https:\/\/www.copealcoy.es\/es\/#\/schema\/person\/e777c87fa024e57d40170af9df39882c","name":"Cope Alcoy","image":{"@type":"ImageObject","inLanguage":"es","@id":"https:\/\/secure.gravatar.com\/avatar\/bb65d0283347e303893ba14f0692005417c1e0e690a325a4c5d8bb2b3943ee14?s=96&d=mm&r=g","url":"https:\/\/secure.gravatar.com\/avatar\/bb65d0283347e303893ba14f0692005417c1e0e690a325a4c5d8bb2b3943ee14?s=96&d=mm&r=g","contentUrl":"https:\/\/secure.gravatar.com\/avatar\/bb65d0283347e303893ba14f0692005417c1e0e690a325a4c5d8bb2b3943ee14?s=96&d=mm&r=g","caption":"Cope Alcoy"}}]}},"_links":{"self":[{"href":"https:\/\/www.copealcoy.es\/es\/wp-json\/wp\/v2\/posts\/68894","targetHints":{"allow":["GET"]}}],"collection":[{"href":"https:\/\/www.copealcoy.es\/es\/wp-json\/wp\/v2\/posts"}],"about":[{"href":"https:\/\/www.copealcoy.es\/es\/wp-json\/wp\/v2\/types\/post"}],"author":[{"embeddable":true,"href":"https:\/\/www.copealcoy.es\/es\/wp-json\/wp\/v2\/users\/1"}],"replies":[{"embeddable":true,"href":"https:\/\/www.copealcoy.es\/es\/wp-json\/wp\/v2\/comments?post=68894"}],"version-history":[{"count":0,"href":"https:\/\/www.copealcoy.es\/es\/wp-json\/wp\/v2\/posts\/68894\/revisions"}],"wp:featuredmedia":[{"embeddable":true,"href":"https:\/\/www.copealcoy.es\/es\/wp-json\/wp\/v2\/media\/68741"}],"wp:attachment":[{"href":"https:\/\/www.copealcoy.es\/es\/wp-json\/wp\/v2\/media?parent=68894"}],"wp:term":[{"taxonomy":"category","embeddable":true,"href":"https:\/\/www.copealcoy.es\/es\/wp-json\/wp\/v2\/categories?post=68894"},{"taxonomy":"post_tag","embeddable":true,"href":"https:\/\/www.copealcoy.es\/es\/wp-json\/wp\/v2\/tags?post=68894"}],"curies":[{"name":"wp","href":"https:\/\/api.w.org\/{rel}","templated":true}]}}