{"id":68791,"date":"2020-12-16T11:52:32","date_gmt":"2020-12-16T11:52:32","guid":{"rendered":"https:\/\/www.copealcoy.es\/?p=68791"},"modified":"2020-12-16T12:07:50","modified_gmt":"2020-12-16T12:07:50","slug":"ximo-puig-las-medidas-ya-son-restrictivas-lo-importante-es-cumplirlas","status":"publish","type":"post","link":"https:\/\/www.copealcoy.es\/es\/ximo-puig-las-medidas-ya-son-restrictivas-lo-importante-es-cumplirlas\/","title":{"rendered":"Ximo Puig: &#8220;Las medidas ya son restrictivas, lo importante es cumplirlas&#8221;"},"content":{"rendered":"<p style=\"text-align: justify;\"><strong>El President de la Generalitat, Ximo Puig<\/strong> ha asegurado en COPE COMUNITAT VALENCIANA que <strong>la voluntad del gobierno valenciano <\/strong>&#8220;<em>es mantener las restricciones actuales en la Comunitat de cara a las fiestas navide\u00f1as<\/em>&#8220;.\u00a0Ante un posible endurecimiento, Puig asegura que las medidas &#8220;ya son restrictivas,\u00a0lo importante es la corresponsabilidad, porque no puede haber un polic\u00eda detr\u00e1s de cada uno de nosotros&#8221;.<\/p>\n<p style=\"text-align: justify;\">&#8220;<em>Cada uno tiene su papel y la corresponsabilidad es importante. Cuando cometemos una imprudencia ponemos en peligro a nuestros familiares y amigos. Cumplir con las medidas sanitarias no puede ser un condicionante en funci\u00f3n de la represi\u00f3n sino de la conciencia de cada uno de nosotros<\/em>&#8220;, ha a\u00f1adido.<\/p>\n<blockquote><p><strong>&#8220;No puede haber un polic\u00eda detr\u00e1s de cada uno de nosotros. Cada uno tiene su papel y la corresponsabilidad es importante&#8221;<\/strong><\/p><\/blockquote>\n<p style=\"text-align: justify;\">Durante la entrevista, <strong>realizada en el\u00a0<\/strong><a href=\"https:\/\/es.wikipedia.org\/wiki\/Palacio_de_la_Generalidad_Valenciana\"><strong>Palau de la Generalitat<\/strong>,<\/a>\u00a0el jefe del Consell apela a vivir la Navidad con <strong>la misma intensidad<\/strong>, pese a <strong>las restricciones y las limitaciones<\/strong> a las que nos obliga la pandemia, y como har\u00e1 \u00e9l mismo ya que ha contado que<strong> pasar\u00e1 las fiestas en su pueblo natal<\/strong>, Morella.<\/p>\n<p style=\"text-align: justify;\">El gobierno valenciano <strong>aprob\u00f3 una serie de\u00a0restricciones de cara a las navidades<\/strong>, como la reducci\u00f3n de aforos, el mantenimiento del cierre perimetral de la Comunitat y el toque de queda hasta las 12.00 de la noche que estar\u00e1n vigentes hasta el pr\u00f3ximo 15 de enero, si bien es cierto que <strong>se permiten excepciones en la movilidad y el toque de queda<\/strong> los d\u00edas m\u00e1s se\u00f1alados de navidad como el 24, 25 o el 31 de diciembre y 1 de enero.<\/p>\n<p style=\"text-align: justify;\">Medidas que el jefe del consell defiende <strong>se han tomado siempre<\/strong> &#8220;<em>desde la serenidad, el equilibrio y la sensatez<\/em>&#8221; y por ello defiende el cumplimiento de las restricciones m\u00e1s que regular nuevas.<\/p>\n<p style=\"text-align: justify;\">Ximo Puig asegura que\u00a0<strong>no hay un recetario para superar la crisis.<\/strong>\u00a0Hay territorios con limitaciones en hosteler\u00eda y tienen niveles m\u00e1s altos del virus que nosotros, y reconoce que <strong>hay cuestiones<\/strong> que &#8220;<em>a\u00fan desconocemos del virus&#8221;, por ello asegura que &#8220;la gran esperanza son las vacunas y por tanto ya podemos hablar de la luz al final del t\u00fanel<\/em>&#8220;<\/p>\n<p style=\"text-align: justify;\">En cuanto al<strong>\u00a0plan de vacunaci\u00f3n\u00a0<\/strong>en la Comunidad Valenciana el President explica que el sistema sanitario valenciano tiene fortaleza suficiente para implementar la vacunaci\u00f3n del covid-19. De hecho, recuerda que este a\u00f1o se han vacunado medio mill\u00f3n m\u00e1s de personas que el a\u00f1o pasado hasta superar las 1.200.000 personas vacunadas de la gripe. Y recuerda que la atenci\u00f3n primaria es clave en este plan de vacunaci\u00f3n con apoyo de todos los \u00e1mbitos sanitarios. &#8220;<em>Hay un itinerario y lo que intentamos es que haya la mayor capacidad de vacunar de forma r\u00e1pida a los segmentos de poblaci\u00f3n clave<\/em>&#8220;.<\/p>\n<p><strong>Superar la pandemia y reactivar la econom\u00eda los grandes objetivos<\/strong><\/p>\n<p style=\"text-align: justify;\">El jefe del Consell <strong>echa la vista atr\u00e1s en su charla con el jefe de informativos de COPE Comunidad Valenciana<\/strong>, <strong>Vicente Odaz,<\/strong>\u00a0y reconoce que &#8220;ni en la peor de las pesadillas hubiese imaginado una situaci\u00f3n como esta que califica de &#8220;tsunami&#8221;.<\/p>\n<p style=\"text-align: justify;\">Por ello tiene claro que<strong>\u00a0los dos grandes objetivos <\/strong>para su gobierno son &#8220;<em>superar la crisis sanitaria y reactivar la econom\u00eda<\/em>&#8220;. En este sentido, asegura que hay que encarrilar &#8220;<em>todos los esfuerzos a salvar vidas y salvar empresas<\/em>&#8221;.<\/p>\n<p style=\"text-align: justify;\">&#8220;<em>No puede haber proyectos empresariales que se finiquiten por falta de solvencia, y lo que tenemos que intentar lograr es que proyectos que eran rentables en 2019 no dejen de serlo por falta de reacci\u00f3n de la administraci\u00f3n<\/em>&#8220;, a\u00f1ade.<\/p>\n<p style=\"text-align: justify;\">Por ello no le preocupa si <strong>la gesti\u00f3n de la crisis<\/strong> le puede pasar factura a nivel pol\u00edtico. &#8220;<em>En este momento hacer cuentas pol\u00edticas no tiene sentido&#8221; . Sin embargo reconoce que en lo personal ha notado el apoyo y la compresi\u00f3n de la sociedad valenciana y asegura que &#8220;nunca les agradecer\u00e9 lo suficiente su actitud tan positiva<\/em>&#8220;.<\/p>\n<blockquote><p><strong>&#8220;Hay que encarrilar todos los esfuerzos a salvar vidas y salvar empresas<\/strong>&#8221;<\/p><\/blockquote>\n<p style=\"text-align: justify;\">La Comunidad <strong>fue de los territorios que m\u00e1s cumpli\u00f3 con el confinamiento<\/strong>. El <strong>92% de los valencianos estuvieron confinados<\/strong>, &#8220;<em>lo que demuestra la madurez de la sociedad<\/em>&#8220;, recuerda.<\/p>\n<p><strong>Hospitales de campa\u00f1a<\/strong><\/p>\n<p style=\"text-align: justify;\"><a href=\"https:\/\/www.cope.es\/actualidad\/espana\/noticias\/valenciano-pide-comision-investigacion-para-aclarar-contratos-los-hospitales-campana-los-aviones-20201215_1046428\">El jefe del Consell<strong> defiende la gesti\u00f3n de su ejecutivo en la adjudicaci\u00f3n de los hospitales de campa\u00f1a<\/strong><\/a>. Asegura que &#8220;<em>la agencia tiene que abrir expediente si alg\u00fan partido pol\u00edtico presenta una denuncia o un escrito<\/em>&#8220;.<\/p>\n<p style=\"text-align: justify;\">&#8220;<em>En aquel momento<\/em>&#8211; recuerda Puig-<em> tomamos decisiones para garantizar que hubieran camas suficientes, y lo volver\u00eda hacer porque se trataba de garantizar servicio p\u00fablico de atenci\u00f3n sanitaria en todo momento<\/em>. Se hizo como marca la ley y me parece mezquino que se use la pandemia para hacer confrontaci\u00f3n, porque creo que no es el camino adecuado&#8221;.<\/p>\n<p style=\"text-align: justify;\"><strong>Vuelos con inmigrantes<\/strong><\/p>\n<p style=\"text-align: justify;\">Ximo Puig tambi\u00e9n ha recordado en COPE Valencia que tras ser conocedor de la llegada de inmigrantes en vuelos regulares a la Comunitat, habl\u00f3 con el Ministerio para recordarle que <strong>es el gobierno de Espa\u00f1a<\/strong> &#8220;<em>el que tiene competencias para hacer cumplir el cierre perimetral de la Comunitat, en base al estado de alarma.\u00a0<\/em><em>No se trata inmigrantes o no, el cierre perimetral es para todos y se han de cumplir una serie de excepciones para poder venir&#8221;<\/em><strong>,\u00a0<\/strong>ha afirmado el President.<\/p>\n<p style=\"text-align: justify;\"><strong>Mensaje al Consell: &#8220;<em>salvar vidas y salvar empresas, cualquier otra cosa debe aparcarse<\/em>&#8220;<\/strong><\/p>\n<p style=\"text-align: justify;\">Puig ha restado importancia a las<strong>\u00a0tensiones vividas con la portavoz del Consell y vicepresidenta segunda M\u00f3nica Oltra<\/strong>. &#8220;<em>Los gobiernos de coalici\u00f3n tienen su diversidad y\u00a0pueden surgir y surgen discrepancias, pero lo importante es que este Consell desde 2015 ha aprobado en tiempo y forma los Presupuestos que es fundamental.\u00a0Por tanto, la l\u00ednea de la estabilidad sigue reforzada<\/em>&#8221; ha defendido.<\/p>\n<p style=\"text-align: justify;\">Puig asegura que &#8220;<em>siempre se pueden hacer las cosas mejor, empezando por uno mismo, y en este sentido, hacer m\u00e1s efectivo el di\u00e1logo y deliberar m\u00e1s a veces para conseguir mejores resultados<\/em>&#8220;.<\/p>\n<p style=\"text-align: justify;\">&#8220;<em>Lo fundamental es tener la cabeza donde corresponde: superaci\u00f3n de la pandemia y reactivaci\u00f3n econ\u00f3mica: salvar vidas y salvar empresas, ese debe ser el objetivo, cualquier otra cosa, leg\u00edtima, debe aparcarse<\/em>&#8220;, defiende Puig.<\/p>\n<p style=\"text-align: justify;\">&#8220;<em>Cualquier responsable pol\u00edtico debe tener muy claro, y todo el Consell lo tiene claro, que no hay ruta alternativa, la exigencia de la ciudadan\u00eda ahora mismo es obvia. Porque lo m\u00e1s grave es que cada d\u00eda sigue muriendo gente. Esa ha de ser la obsesi\u00f3n<\/em>&#8220;, a\u00f1ade.<\/p>\n<p style=\"text-align: justify;\">Por \u00faltimo, Puig insiste en que debemos &#8220;<em>aceptar las lecciones que nos deja esta crisis y mejorar. Hay que volver a la &#8220;normalidad mejorada&#8221; aprendiendo algo y cambiando las cosas que no han funcionado<\/em>&#8220;.<\/p>\n<p style=\"text-align: justify;\">El Presidente Puig <strong>echa la vista atr\u00e1s y recuerda la tensi\u00f3n vivida<\/strong> cuando &#8220;<em>en lo peor de la pandemia las proyecciones que nos hac\u00edan no sab\u00edamos si \u00edbamos a tener suficientes camas<\/em>&#8220;. Aunque preguntado por los momentos m\u00e1s duros, asegura que <strong>quienes han vivido lo peor de la pandemia<\/strong> &#8220;<em>son todas aquellas personas que han perdido a sus familiares, a aquellos que han muerto solos<\/em>&#8220;. Por eso, <strong>pone en valor el trabajo y la humanidad<\/strong> de todo el personal sanitario y sociosanitario.<\/p>\n<p style=\"text-align: justify;\">Puig ha aprovechado para\u00a0<strong>felicitar las fiestas a los valencianos y animar a vivir las navidades desde lo esencial: el afecto, la fraternidad, la solidaridad<\/strong>.<\/p>\n","protected":false},"excerpt":{"rendered":"<p>El President de la Generalitat, Ximo Puig ha asegurado en COPE COMUNITAT VALENCIANA que la voluntad del gobierno valenciano &#8220;es&#8230;<\/p>\n","protected":false},"author":1,"featured_media":68792,"comment_status":"open","ping_status":"open","sticky":false,"template":"","format":"standard","meta":{"footnotes":""},"categories":[97,75,79],"tags":[7281,10050,2968,10484,1728],"class_list":["post-68791","post","type-post","status-publish","format-standard","has-post-thumbnail","hentry","category-alcoy","category-noticias","category-politicayeconomia","tag-coronavirus","tag-crisis-sanitaria","tag-entrevista","tag-medidas-restrictivas","tag-ximo-puig"],"yoast_head":"<!-- This site is optimized with the Yoast SEO plugin v27.3 - https:\/\/yoast.com\/product\/yoast-seo-wordpress\/ -->\n<title>Ximo Puig: &quot;Las medidas ya son restrictivas, lo importante es cumplirlas&quot; - COPE Alcoy<\/title>\n<meta name=\"robots\" content=\"index, follow, max-snippet:-1, max-image-preview:large, max-video-preview:-1\" \/>\n<link rel=\"canonical\" href=\"https:\/\/www.copealcoy.es\/es\/ximo-puig-las-medidas-ya-son-restrictivas-lo-importante-es-cumplirlas\/\" \/>\n<meta property=\"og:locale\" content=\"es_ES\" \/>\n<meta property=\"og:type\" content=\"article\" \/>\n<meta property=\"og:title\" content=\"Ximo Puig: &quot;Las medidas ya son restrictivas, lo importante es cumplirlas&quot; - COPE Alcoy\" \/>\n<meta property=\"og:description\" content=\"El President de la Generalitat, Ximo Puig ha asegurado en COPE COMUNITAT VALENCIANA que la voluntad del gobierno valenciano &#8220;es...\" \/>\n<meta property=\"og:url\" content=\"https:\/\/www.copealcoy.es\/es\/ximo-puig-las-medidas-ya-son-restrictivas-lo-importante-es-cumplirlas\/\" \/>\n<meta property=\"og:site_name\" content=\"COPE Alcoy\" \/>\n<meta property=\"article:published_time\" content=\"2020-12-16T11:52:32+00:00\" \/>\n<meta property=\"article:modified_time\" content=\"2020-12-16T12:07:50+00:00\" \/>\n<meta property=\"og:image\" content=\"https:\/\/www.copealcoy.es\/wp-content\/uploads\/2020\/12\/Puig.jpg\" \/>\n\t<meta property=\"og:image:width\" content=\"839\" \/>\n\t<meta property=\"og:image:height\" content=\"452\" \/>\n\t<meta property=\"og:image:type\" content=\"image\/jpeg\" \/>\n<meta name=\"author\" content=\"Cope Alcoy\" \/>\n<meta name=\"twitter:label1\" content=\"Escrito por\" \/>\n\t<meta name=\"twitter:data1\" content=\"Cope Alcoy\" \/>\n\t<meta name=\"twitter:label2\" content=\"Tiempo de lectura\" \/>\n\t<meta name=\"twitter:data2\" content=\"6 minutos\" \/>\n<script type=\"application\/ld+json\" class=\"yoast-schema-graph\">{\"@context\":\"https:\\\/\\\/schema.org\",\"@graph\":[{\"@type\":\"Article\",\"@id\":\"https:\\\/\\\/www.copealcoy.es\\\/es\\\/ximo-puig-las-medidas-ya-son-restrictivas-lo-importante-es-cumplirlas\\\/#article\",\"isPartOf\":{\"@id\":\"https:\\\/\\\/www.copealcoy.es\\\/es\\\/ximo-puig-las-medidas-ya-son-restrictivas-lo-importante-es-cumplirlas\\\/\"},\"author\":{\"name\":\"Cope Alcoy\",\"@id\":\"https:\\\/\\\/www.copealcoy.es\\\/es\\\/#\\\/schema\\\/person\\\/e777c87fa024e57d40170af9df39882c\"},\"headline\":\"Ximo Puig: &#8220;Las medidas ya son restrictivas, lo importante es cumplirlas&#8221;\",\"datePublished\":\"2020-12-16T11:52:32+00:00\",\"dateModified\":\"2020-12-16T12:07:50+00:00\",\"mainEntityOfPage\":{\"@id\":\"https:\\\/\\\/www.copealcoy.es\\\/es\\\/ximo-puig-las-medidas-ya-son-restrictivas-lo-importante-es-cumplirlas\\\/\"},\"wordCount\":1265,\"commentCount\":0,\"image\":{\"@id\":\"https:\\\/\\\/www.copealcoy.es\\\/es\\\/ximo-puig-las-medidas-ya-son-restrictivas-lo-importante-es-cumplirlas\\\/#primaryimage\"},\"thumbnailUrl\":\"https:\\\/\\\/www.copealcoy.es\\\/wp-content\\\/uploads\\\/2020\\\/12\\\/Puig.jpg\",\"keywords\":[\"Coronavirus\",\"crisis sanitaria\",\"entrevista\",\"medidas restrictivas\",\"Ximo Puig\"],\"articleSection\":[\"Alcoy\",\"Noticias\",\"Pol\u00edtica y Econom\u00eda\"],\"inLanguage\":\"es\"},{\"@type\":\"WebPage\",\"@id\":\"https:\\\/\\\/www.copealcoy.es\\\/es\\\/ximo-puig-las-medidas-ya-son-restrictivas-lo-importante-es-cumplirlas\\\/\",\"url\":\"https:\\\/\\\/www.copealcoy.es\\\/es\\\/ximo-puig-las-medidas-ya-son-restrictivas-lo-importante-es-cumplirlas\\\/\",\"name\":\"Ximo Puig: \\\"Las medidas ya son restrictivas, lo importante es cumplirlas\\\" - COPE Alcoy\",\"isPartOf\":{\"@id\":\"https:\\\/\\\/www.copealcoy.es\\\/es\\\/#website\"},\"primaryImageOfPage\":{\"@id\":\"https:\\\/\\\/www.copealcoy.es\\\/es\\\/ximo-puig-las-medidas-ya-son-restrictivas-lo-importante-es-cumplirlas\\\/#primaryimage\"},\"image\":{\"@id\":\"https:\\\/\\\/www.copealcoy.es\\\/es\\\/ximo-puig-las-medidas-ya-son-restrictivas-lo-importante-es-cumplirlas\\\/#primaryimage\"},\"thumbnailUrl\":\"https:\\\/\\\/www.copealcoy.es\\\/wp-content\\\/uploads\\\/2020\\\/12\\\/Puig.jpg\",\"datePublished\":\"2020-12-16T11:52:32+00:00\",\"dateModified\":\"2020-12-16T12:07:50+00:00\",\"author\":{\"@id\":\"https:\\\/\\\/www.copealcoy.es\\\/es\\\/#\\\/schema\\\/person\\\/e777c87fa024e57d40170af9df39882c\"},\"breadcrumb\":{\"@id\":\"https:\\\/\\\/www.copealcoy.es\\\/es\\\/ximo-puig-las-medidas-ya-son-restrictivas-lo-importante-es-cumplirlas\\\/#breadcrumb\"},\"inLanguage\":\"es\",\"potentialAction\":[{\"@type\":\"ReadAction\",\"target\":[\"https:\\\/\\\/www.copealcoy.es\\\/es\\\/ximo-puig-las-medidas-ya-son-restrictivas-lo-importante-es-cumplirlas\\\/\"]}]},{\"@type\":\"ImageObject\",\"inLanguage\":\"es\",\"@id\":\"https:\\\/\\\/www.copealcoy.es\\\/es\\\/ximo-puig-las-medidas-ya-son-restrictivas-lo-importante-es-cumplirlas\\\/#primaryimage\",\"url\":\"https:\\\/\\\/www.copealcoy.es\\\/wp-content\\\/uploads\\\/2020\\\/12\\\/Puig.jpg\",\"contentUrl\":\"https:\\\/\\\/www.copealcoy.es\\\/wp-content\\\/uploads\\\/2020\\\/12\\\/Puig.jpg\",\"width\":839,\"height\":452},{\"@type\":\"BreadcrumbList\",\"@id\":\"https:\\\/\\\/www.copealcoy.es\\\/es\\\/ximo-puig-las-medidas-ya-son-restrictivas-lo-importante-es-cumplirlas\\\/#breadcrumb\",\"itemListElement\":[{\"@type\":\"ListItem\",\"position\":1,\"name\":\"Portada\",\"item\":\"https:\\\/\\\/www.copealcoy.es\\\/es\\\/\"},{\"@type\":\"ListItem\",\"position\":2,\"name\":\"Ximo Puig: &#8220;Las medidas ya son restrictivas, lo importante es cumplirlas&#8221;\"}]},{\"@type\":\"WebSite\",\"@id\":\"https:\\\/\\\/www.copealcoy.es\\\/es\\\/#website\",\"url\":\"https:\\\/\\\/www.copealcoy.es\\\/es\\\/\",\"name\":\"COPE Alcoy\",\"description\":\"Emisora COPE de radio local con emisi\u00f3n online. Pont de Sant Jordi 8-10 03803 Alcoy\",\"potentialAction\":[{\"@type\":\"SearchAction\",\"target\":{\"@type\":\"EntryPoint\",\"urlTemplate\":\"https:\\\/\\\/www.copealcoy.es\\\/es\\\/?s={search_term_string}\"},\"query-input\":{\"@type\":\"PropertyValueSpecification\",\"valueRequired\":true,\"valueName\":\"search_term_string\"}}],\"inLanguage\":\"es\"},{\"@type\":\"Person\",\"@id\":\"https:\\\/\\\/www.copealcoy.es\\\/es\\\/#\\\/schema\\\/person\\\/e777c87fa024e57d40170af9df39882c\",\"name\":\"Cope Alcoy\",\"image\":{\"@type\":\"ImageObject\",\"inLanguage\":\"es\",\"@id\":\"https:\\\/\\\/secure.gravatar.com\\\/avatar\\\/bb65d0283347e303893ba14f0692005417c1e0e690a325a4c5d8bb2b3943ee14?s=96&d=mm&r=g\",\"url\":\"https:\\\/\\\/secure.gravatar.com\\\/avatar\\\/bb65d0283347e303893ba14f0692005417c1e0e690a325a4c5d8bb2b3943ee14?s=96&d=mm&r=g\",\"contentUrl\":\"https:\\\/\\\/secure.gravatar.com\\\/avatar\\\/bb65d0283347e303893ba14f0692005417c1e0e690a325a4c5d8bb2b3943ee14?s=96&d=mm&r=g\",\"caption\":\"Cope Alcoy\"}}]}<\/script>\n<!-- \/ Yoast SEO plugin. -->","yoast_head_json":{"title":"Ximo Puig: \"Las medidas ya son restrictivas, lo importante es cumplirlas\" - COPE Alcoy","robots":{"index":"index","follow":"follow","max-snippet":"max-snippet:-1","max-image-preview":"max-image-preview:large","max-video-preview":"max-video-preview:-1"},"canonical":"https:\/\/www.copealcoy.es\/es\/ximo-puig-las-medidas-ya-son-restrictivas-lo-importante-es-cumplirlas\/","og_locale":"es_ES","og_type":"article","og_title":"Ximo Puig: \"Las medidas ya son restrictivas, lo importante es cumplirlas\" - COPE Alcoy","og_description":"El President de la Generalitat, Ximo Puig ha asegurado en COPE COMUNITAT VALENCIANA que la voluntad del gobierno valenciano &#8220;es...","og_url":"https:\/\/www.copealcoy.es\/es\/ximo-puig-las-medidas-ya-son-restrictivas-lo-importante-es-cumplirlas\/","og_site_name":"COPE Alcoy","article_published_time":"2020-12-16T11:52:32+00:00","article_modified_time":"2020-12-16T12:07:50+00:00","og_image":[{"width":839,"height":452,"url":"https:\/\/www.copealcoy.es\/wp-content\/uploads\/2020\/12\/Puig.jpg","type":"image\/jpeg"}],"author":"Cope Alcoy","twitter_misc":{"Escrito por":"Cope Alcoy","Tiempo de lectura":"6 minutos"},"schema":{"@context":"https:\/\/schema.org","@graph":[{"@type":"Article","@id":"https:\/\/www.copealcoy.es\/es\/ximo-puig-las-medidas-ya-son-restrictivas-lo-importante-es-cumplirlas\/#article","isPartOf":{"@id":"https:\/\/www.copealcoy.es\/es\/ximo-puig-las-medidas-ya-son-restrictivas-lo-importante-es-cumplirlas\/"},"author":{"name":"Cope Alcoy","@id":"https:\/\/www.copealcoy.es\/es\/#\/schema\/person\/e777c87fa024e57d40170af9df39882c"},"headline":"Ximo Puig: &#8220;Las medidas ya son restrictivas, lo importante es cumplirlas&#8221;","datePublished":"2020-12-16T11:52:32+00:00","dateModified":"2020-12-16T12:07:50+00:00","mainEntityOfPage":{"@id":"https:\/\/www.copealcoy.es\/es\/ximo-puig-las-medidas-ya-son-restrictivas-lo-importante-es-cumplirlas\/"},"wordCount":1265,"commentCount":0,"image":{"@id":"https:\/\/www.copealcoy.es\/es\/ximo-puig-las-medidas-ya-son-restrictivas-lo-importante-es-cumplirlas\/#primaryimage"},"thumbnailUrl":"https:\/\/www.copealcoy.es\/wp-content\/uploads\/2020\/12\/Puig.jpg","keywords":["Coronavirus","crisis sanitaria","entrevista","medidas restrictivas","Ximo Puig"],"articleSection":["Alcoy","Noticias","Pol\u00edtica y Econom\u00eda"],"inLanguage":"es"},{"@type":"WebPage","@id":"https:\/\/www.copealcoy.es\/es\/ximo-puig-las-medidas-ya-son-restrictivas-lo-importante-es-cumplirlas\/","url":"https:\/\/www.copealcoy.es\/es\/ximo-puig-las-medidas-ya-son-restrictivas-lo-importante-es-cumplirlas\/","name":"Ximo Puig: \"Las medidas ya son restrictivas, lo importante es cumplirlas\" - COPE Alcoy","isPartOf":{"@id":"https:\/\/www.copealcoy.es\/es\/#website"},"primaryImageOfPage":{"@id":"https:\/\/www.copealcoy.es\/es\/ximo-puig-las-medidas-ya-son-restrictivas-lo-importante-es-cumplirlas\/#primaryimage"},"image":{"@id":"https:\/\/www.copealcoy.es\/es\/ximo-puig-las-medidas-ya-son-restrictivas-lo-importante-es-cumplirlas\/#primaryimage"},"thumbnailUrl":"https:\/\/www.copealcoy.es\/wp-content\/uploads\/2020\/12\/Puig.jpg","datePublished":"2020-12-16T11:52:32+00:00","dateModified":"2020-12-16T12:07:50+00:00","author":{"@id":"https:\/\/www.copealcoy.es\/es\/#\/schema\/person\/e777c87fa024e57d40170af9df39882c"},"breadcrumb":{"@id":"https:\/\/www.copealcoy.es\/es\/ximo-puig-las-medidas-ya-son-restrictivas-lo-importante-es-cumplirlas\/#breadcrumb"},"inLanguage":"es","potentialAction":[{"@type":"ReadAction","target":["https:\/\/www.copealcoy.es\/es\/ximo-puig-las-medidas-ya-son-restrictivas-lo-importante-es-cumplirlas\/"]}]},{"@type":"ImageObject","inLanguage":"es","@id":"https:\/\/www.copealcoy.es\/es\/ximo-puig-las-medidas-ya-son-restrictivas-lo-importante-es-cumplirlas\/#primaryimage","url":"https:\/\/www.copealcoy.es\/wp-content\/uploads\/2020\/12\/Puig.jpg","contentUrl":"https:\/\/www.copealcoy.es\/wp-content\/uploads\/2020\/12\/Puig.jpg","width":839,"height":452},{"@type":"BreadcrumbList","@id":"https:\/\/www.copealcoy.es\/es\/ximo-puig-las-medidas-ya-son-restrictivas-lo-importante-es-cumplirlas\/#breadcrumb","itemListElement":[{"@type":"ListItem","position":1,"name":"Portada","item":"https:\/\/www.copealcoy.es\/es\/"},{"@type":"ListItem","position":2,"name":"Ximo Puig: &#8220;Las medidas ya son restrictivas, lo importante es cumplirlas&#8221;"}]},{"@type":"WebSite","@id":"https:\/\/www.copealcoy.es\/es\/#website","url":"https:\/\/www.copealcoy.es\/es\/","name":"COPE Alcoy","description":"Emisora COPE de radio local con emisi\u00f3n online. Pont de Sant Jordi 8-10 03803 Alcoy","potentialAction":[{"@type":"SearchAction","target":{"@type":"EntryPoint","urlTemplate":"https:\/\/www.copealcoy.es\/es\/?s={search_term_string}"},"query-input":{"@type":"PropertyValueSpecification","valueRequired":true,"valueName":"search_term_string"}}],"inLanguage":"es"},{"@type":"Person","@id":"https:\/\/www.copealcoy.es\/es\/#\/schema\/person\/e777c87fa024e57d40170af9df39882c","name":"Cope Alcoy","image":{"@type":"ImageObject","inLanguage":"es","@id":"https:\/\/secure.gravatar.com\/avatar\/bb65d0283347e303893ba14f0692005417c1e0e690a325a4c5d8bb2b3943ee14?s=96&d=mm&r=g","url":"https:\/\/secure.gravatar.com\/avatar\/bb65d0283347e303893ba14f0692005417c1e0e690a325a4c5d8bb2b3943ee14?s=96&d=mm&r=g","contentUrl":"https:\/\/secure.gravatar.com\/avatar\/bb65d0283347e303893ba14f0692005417c1e0e690a325a4c5d8bb2b3943ee14?s=96&d=mm&r=g","caption":"Cope Alcoy"}}]}},"_links":{"self":[{"href":"https:\/\/www.copealcoy.es\/es\/wp-json\/wp\/v2\/posts\/68791","targetHints":{"allow":["GET"]}}],"collection":[{"href":"https:\/\/www.copealcoy.es\/es\/wp-json\/wp\/v2\/posts"}],"about":[{"href":"https:\/\/www.copealcoy.es\/es\/wp-json\/wp\/v2\/types\/post"}],"author":[{"embeddable":true,"href":"https:\/\/www.copealcoy.es\/es\/wp-json\/wp\/v2\/users\/1"}],"replies":[{"embeddable":true,"href":"https:\/\/www.copealcoy.es\/es\/wp-json\/wp\/v2\/comments?post=68791"}],"version-history":[{"count":0,"href":"https:\/\/www.copealcoy.es\/es\/wp-json\/wp\/v2\/posts\/68791\/revisions"}],"wp:featuredmedia":[{"embeddable":true,"href":"https:\/\/www.copealcoy.es\/es\/wp-json\/wp\/v2\/media\/68792"}],"wp:attachment":[{"href":"https:\/\/www.copealcoy.es\/es\/wp-json\/wp\/v2\/media?parent=68791"}],"wp:term":[{"taxonomy":"category","embeddable":true,"href":"https:\/\/www.copealcoy.es\/es\/wp-json\/wp\/v2\/categories?post=68791"},{"taxonomy":"post_tag","embeddable":true,"href":"https:\/\/www.copealcoy.es\/es\/wp-json\/wp\/v2\/tags?post=68791"}],"curies":[{"name":"wp","href":"https:\/\/api.w.org\/{rel}","templated":true}]}}