{"id":68757,"date":"2020-12-15T10:51:00","date_gmt":"2020-12-15T10:51:00","guid":{"rendered":"https:\/\/www.copealcoy.es\/?p=68757"},"modified":"2020-12-19T19:07:37","modified_gmt":"2020-12-19T19:07:37","slug":"el-consell-no-prendra-noves-mesures-si-no-es-detecta-un-canvi-clar-en-la-tendencia-de-la-pandemia","status":"publish","type":"post","link":"https:\/\/www.copealcoy.es\/es\/el-consell-no-prendra-noves-mesures-si-no-es-detecta-un-canvi-clar-en-la-tendencia-de-la-pandemia\/","title":{"rendered":"El Consell no prendr\u00e0 noves mesures si no es detecta un canvi clar en la tend\u00e8ncia de la pand\u00e8mia"},"content":{"rendered":"<p style=\"text-align: justify;\">El President del Consell, <strong>Ximo Puig<\/strong>, ha evitat parlar de<strong> noves mesures per a la pand\u00e8mia<\/strong> durant la visita a les obres d\u2019ampliaci\u00f3 de l\u2019Hospital Cl\u00ednic de Val\u00e8ncia. Puig <strong>ha deixat clar novament<\/strong> que si fera falta &#8220;<em>alguna implementaci\u00f3 m\u00e9s es faria&#8221;<\/em>\u00a0per\u00f2 tamb\u00e9 ha remarcat que <strong>cal esperar l\u2019evoluci\u00f3 de la situaci\u00f3<\/strong>. I encara que ha adm\u00e9s que <strong>durant l\u2019\u00faltim cap de setmana la pressi\u00f3 hospital\u00e0ria<\/strong> ha crescut, ha valorat que una mirada a les \u00faltimes setmanes apunta cap a una &#8220;<em>clara estabilitzaci\u00f3&#8221;<\/em>.<\/p>\n<p style=\"text-align: justify;\">El President <strong>ha evitat parlar d\u2019un enduriment de les restriccions i ha defensat<\/strong> que ara \u00e9s m\u00e9s necessari que mai la &#8220;<em>corresponsabilitat i ha demanat esperar als pr\u00f2xims dies per a vore l\u2019evoluci\u00f3. Puig ha remarcat que analitzaran els diferents indicadors abans de prendre noves mesures. Dem\u00e0 dimecres est\u00e0 previst el Consell Interterritorial de Salut, en el qual participen les comunitats aut\u00f2nomes i el govern espanyol, i dijous es reunir\u00e0 el Consell. El responsable pol\u00edtica del Consell ha remarcat que m\u00e9s que un indicador concret, cal tindre una visi\u00f3 global i veure l\u2019evoluci\u00f3 sobre tot de l\u2019estr\u00e9s sanitari. \u00c9s cert que en l\u2019\u00faltim cap de setmana hi ha hagut un cert repunt de les hospitalitzacions, per\u00f2 en el conjunt de les \u00faltimes setmanes hi ha hagut una clara estabilitzaci\u00f3<\/em>&#8220;, ha reiterat.<\/p>\n<p style=\"text-align: justify;\">Sobre <strong>la reuni\u00f3 del Consell Interterritorial de dem\u00e0<\/strong> &#8220;<em>m\u00e9s enll\u00e0 de noves restriccions<\/em>&#8220;, Puig ha reclamat <strong>respecte<\/strong> la mesura perimetral, i<strong> reduir la mobilitat<\/strong> entre les regions.<\/p>\n","protected":false},"excerpt":{"rendered":"<p>El President del Consell, Ximo Puig, ha evitat parlar de noves mesures per a la pand\u00e8mia durant la visita a&#8230;<\/p>\n","protected":false},"author":1,"featured_media":68432,"comment_status":"open","ping_status":"open","sticky":false,"template":"","format":"standard","meta":{"footnotes":""},"categories":[6909,97,75,79],"tags":[482,237,479,7281,994,10230,10480],"class_list":["post-68757","post","type-post","status-publish","format-standard","has-post-thumbnail","hentry","category-actualidad","category-alcoy","category-noticias","category-politicayeconomia","tag-alcoia","tag-comtat","tag-consell","tag-coronavirus","tag-generalitat-valenciana","tag-noves-mesures","tag-tendencia"],"yoast_head":"<!-- This site is optimized with the Yoast SEO plugin v27.3 - https:\/\/yoast.com\/product\/yoast-seo-wordpress\/ -->\n<title>El Consell no prendr\u00e0 noves mesures si no es detecta un canvi clar en la tend\u00e8ncia de la pand\u00e8mia - COPE Alcoy<\/title>\n<meta name=\"robots\" content=\"index, follow, max-snippet:-1, max-image-preview:large, max-video-preview:-1\" \/>\n<link rel=\"canonical\" href=\"https:\/\/www.copealcoy.es\/es\/el-consell-no-prendra-noves-mesures-si-no-es-detecta-un-canvi-clar-en-la-tendencia-de-la-pandemia\/\" \/>\n<meta property=\"og:locale\" content=\"es_ES\" \/>\n<meta property=\"og:type\" content=\"article\" \/>\n<meta property=\"og:title\" content=\"El Consell no prendr\u00e0 noves mesures si no es detecta un canvi clar en la tend\u00e8ncia de la pand\u00e8mia - COPE Alcoy\" \/>\n<meta property=\"og:description\" content=\"El President del Consell, Ximo Puig, ha evitat parlar de noves mesures per a la pand\u00e8mia durant la visita a...\" \/>\n<meta property=\"og:url\" content=\"https:\/\/www.copealcoy.es\/es\/el-consell-no-prendra-noves-mesures-si-no-es-detecta-un-canvi-clar-en-la-tendencia-de-la-pandemia\/\" \/>\n<meta property=\"og:site_name\" content=\"COPE Alcoy\" \/>\n<meta property=\"article:published_time\" content=\"2020-12-15T10:51:00+00:00\" \/>\n<meta property=\"article:modified_time\" content=\"2020-12-19T19:07:37+00:00\" \/>\n<meta property=\"og:image\" content=\"https:\/\/www.copealcoy.es\/wp-content\/uploads\/2020\/12\/1607167836299.jpg\" \/>\n\t<meta property=\"og:image:width\" content=\"976\" \/>\n\t<meta property=\"og:image:height\" content=\"550\" \/>\n\t<meta property=\"og:image:type\" content=\"image\/jpeg\" \/>\n<meta name=\"author\" content=\"Cope Alcoy\" \/>\n<meta name=\"twitter:label1\" content=\"Escrito por\" \/>\n\t<meta name=\"twitter:data1\" content=\"Cope Alcoy\" \/>\n\t<meta name=\"twitter:label2\" content=\"Tiempo de lectura\" \/>\n\t<meta name=\"twitter:data2\" content=\"1 minuto\" \/>\n<script type=\"application\/ld+json\" class=\"yoast-schema-graph\">{\"@context\":\"https:\\\/\\\/schema.org\",\"@graph\":[{\"@type\":\"Article\",\"@id\":\"https:\\\/\\\/www.copealcoy.es\\\/es\\\/el-consell-no-prendra-noves-mesures-si-no-es-detecta-un-canvi-clar-en-la-tendencia-de-la-pandemia\\\/#article\",\"isPartOf\":{\"@id\":\"https:\\\/\\\/www.copealcoy.es\\\/es\\\/el-consell-no-prendra-noves-mesures-si-no-es-detecta-un-canvi-clar-en-la-tendencia-de-la-pandemia\\\/\"},\"author\":{\"name\":\"Cope Alcoy\",\"@id\":\"https:\\\/\\\/www.copealcoy.es\\\/es\\\/#\\\/schema\\\/person\\\/e777c87fa024e57d40170af9df39882c\"},\"headline\":\"El Consell no prendr\u00e0 noves mesures si no es detecta un canvi clar en la tend\u00e8ncia de la pand\u00e8mia\",\"datePublished\":\"2020-12-15T10:51:00+00:00\",\"dateModified\":\"2020-12-19T19:07:37+00:00\",\"mainEntityOfPage\":{\"@id\":\"https:\\\/\\\/www.copealcoy.es\\\/es\\\/el-consell-no-prendra-noves-mesures-si-no-es-detecta-un-canvi-clar-en-la-tendencia-de-la-pandemia\\\/\"},\"wordCount\":285,\"commentCount\":0,\"image\":{\"@id\":\"https:\\\/\\\/www.copealcoy.es\\\/es\\\/el-consell-no-prendra-noves-mesures-si-no-es-detecta-un-canvi-clar-en-la-tendencia-de-la-pandemia\\\/#primaryimage\"},\"thumbnailUrl\":\"https:\\\/\\\/www.copealcoy.es\\\/wp-content\\\/uploads\\\/2020\\\/12\\\/1607167836299.jpg\",\"keywords\":[\"Alcoi\u00e0\",\"Comtat\",\"Consell\",\"Coronavirus\",\"Generalitat Valenciana\",\"Noves mesures\",\"tend\u00e8ncia\"],\"articleSection\":[\"Actualidad\",\"Alcoy\",\"Noticias\",\"Pol\u00edtica y Econom\u00eda\"],\"inLanguage\":\"es\"},{\"@type\":\"WebPage\",\"@id\":\"https:\\\/\\\/www.copealcoy.es\\\/es\\\/el-consell-no-prendra-noves-mesures-si-no-es-detecta-un-canvi-clar-en-la-tendencia-de-la-pandemia\\\/\",\"url\":\"https:\\\/\\\/www.copealcoy.es\\\/es\\\/el-consell-no-prendra-noves-mesures-si-no-es-detecta-un-canvi-clar-en-la-tendencia-de-la-pandemia\\\/\",\"name\":\"El Consell no prendr\u00e0 noves mesures si no es detecta un canvi clar en la tend\u00e8ncia de la pand\u00e8mia - COPE Alcoy\",\"isPartOf\":{\"@id\":\"https:\\\/\\\/www.copealcoy.es\\\/es\\\/#website\"},\"primaryImageOfPage\":{\"@id\":\"https:\\\/\\\/www.copealcoy.es\\\/es\\\/el-consell-no-prendra-noves-mesures-si-no-es-detecta-un-canvi-clar-en-la-tendencia-de-la-pandemia\\\/#primaryimage\"},\"image\":{\"@id\":\"https:\\\/\\\/www.copealcoy.es\\\/es\\\/el-consell-no-prendra-noves-mesures-si-no-es-detecta-un-canvi-clar-en-la-tendencia-de-la-pandemia\\\/#primaryimage\"},\"thumbnailUrl\":\"https:\\\/\\\/www.copealcoy.es\\\/wp-content\\\/uploads\\\/2020\\\/12\\\/1607167836299.jpg\",\"datePublished\":\"2020-12-15T10:51:00+00:00\",\"dateModified\":\"2020-12-19T19:07:37+00:00\",\"author\":{\"@id\":\"https:\\\/\\\/www.copealcoy.es\\\/es\\\/#\\\/schema\\\/person\\\/e777c87fa024e57d40170af9df39882c\"},\"breadcrumb\":{\"@id\":\"https:\\\/\\\/www.copealcoy.es\\\/es\\\/el-consell-no-prendra-noves-mesures-si-no-es-detecta-un-canvi-clar-en-la-tendencia-de-la-pandemia\\\/#breadcrumb\"},\"inLanguage\":\"es\",\"potentialAction\":[{\"@type\":\"ReadAction\",\"target\":[\"https:\\\/\\\/www.copealcoy.es\\\/es\\\/el-consell-no-prendra-noves-mesures-si-no-es-detecta-un-canvi-clar-en-la-tendencia-de-la-pandemia\\\/\"]}]},{\"@type\":\"ImageObject\",\"inLanguage\":\"es\",\"@id\":\"https:\\\/\\\/www.copealcoy.es\\\/es\\\/el-consell-no-prendra-noves-mesures-si-no-es-detecta-un-canvi-clar-en-la-tendencia-de-la-pandemia\\\/#primaryimage\",\"url\":\"https:\\\/\\\/www.copealcoy.es\\\/wp-content\\\/uploads\\\/2020\\\/12\\\/1607167836299.jpg\",\"contentUrl\":\"https:\\\/\\\/www.copealcoy.es\\\/wp-content\\\/uploads\\\/2020\\\/12\\\/1607167836299.jpg\",\"width\":976,\"height\":550},{\"@type\":\"BreadcrumbList\",\"@id\":\"https:\\\/\\\/www.copealcoy.es\\\/es\\\/el-consell-no-prendra-noves-mesures-si-no-es-detecta-un-canvi-clar-en-la-tendencia-de-la-pandemia\\\/#breadcrumb\",\"itemListElement\":[{\"@type\":\"ListItem\",\"position\":1,\"name\":\"Portada\",\"item\":\"https:\\\/\\\/www.copealcoy.es\\\/es\\\/\"},{\"@type\":\"ListItem\",\"position\":2,\"name\":\"El Consell no prendr\u00e0 noves mesures si no es detecta un canvi clar en la tend\u00e8ncia de la pand\u00e8mia\"}]},{\"@type\":\"WebSite\",\"@id\":\"https:\\\/\\\/www.copealcoy.es\\\/es\\\/#website\",\"url\":\"https:\\\/\\\/www.copealcoy.es\\\/es\\\/\",\"name\":\"COPE Alcoy\",\"description\":\"Emisora COPE de radio local con emisi\u00f3n online. Pont de Sant Jordi 8-10 03803 Alcoy\",\"potentialAction\":[{\"@type\":\"SearchAction\",\"target\":{\"@type\":\"EntryPoint\",\"urlTemplate\":\"https:\\\/\\\/www.copealcoy.es\\\/es\\\/?s={search_term_string}\"},\"query-input\":{\"@type\":\"PropertyValueSpecification\",\"valueRequired\":true,\"valueName\":\"search_term_string\"}}],\"inLanguage\":\"es\"},{\"@type\":\"Person\",\"@id\":\"https:\\\/\\\/www.copealcoy.es\\\/es\\\/#\\\/schema\\\/person\\\/e777c87fa024e57d40170af9df39882c\",\"name\":\"Cope Alcoy\",\"image\":{\"@type\":\"ImageObject\",\"inLanguage\":\"es\",\"@id\":\"https:\\\/\\\/secure.gravatar.com\\\/avatar\\\/bb65d0283347e303893ba14f0692005417c1e0e690a325a4c5d8bb2b3943ee14?s=96&d=mm&r=g\",\"url\":\"https:\\\/\\\/secure.gravatar.com\\\/avatar\\\/bb65d0283347e303893ba14f0692005417c1e0e690a325a4c5d8bb2b3943ee14?s=96&d=mm&r=g\",\"contentUrl\":\"https:\\\/\\\/secure.gravatar.com\\\/avatar\\\/bb65d0283347e303893ba14f0692005417c1e0e690a325a4c5d8bb2b3943ee14?s=96&d=mm&r=g\",\"caption\":\"Cope Alcoy\"}}]}<\/script>\n<!-- \/ Yoast SEO plugin. -->","yoast_head_json":{"title":"El Consell no prendr\u00e0 noves mesures si no es detecta un canvi clar en la tend\u00e8ncia de la pand\u00e8mia - COPE Alcoy","robots":{"index":"index","follow":"follow","max-snippet":"max-snippet:-1","max-image-preview":"max-image-preview:large","max-video-preview":"max-video-preview:-1"},"canonical":"https:\/\/www.copealcoy.es\/es\/el-consell-no-prendra-noves-mesures-si-no-es-detecta-un-canvi-clar-en-la-tendencia-de-la-pandemia\/","og_locale":"es_ES","og_type":"article","og_title":"El Consell no prendr\u00e0 noves mesures si no es detecta un canvi clar en la tend\u00e8ncia de la pand\u00e8mia - COPE Alcoy","og_description":"El President del Consell, Ximo Puig, ha evitat parlar de noves mesures per a la pand\u00e8mia durant la visita a...","og_url":"https:\/\/www.copealcoy.es\/es\/el-consell-no-prendra-noves-mesures-si-no-es-detecta-un-canvi-clar-en-la-tendencia-de-la-pandemia\/","og_site_name":"COPE Alcoy","article_published_time":"2020-12-15T10:51:00+00:00","article_modified_time":"2020-12-19T19:07:37+00:00","og_image":[{"width":976,"height":550,"url":"https:\/\/www.copealcoy.es\/wp-content\/uploads\/2020\/12\/1607167836299.jpg","type":"image\/jpeg"}],"author":"Cope Alcoy","twitter_misc":{"Escrito por":"Cope Alcoy","Tiempo de lectura":"1 minuto"},"schema":{"@context":"https:\/\/schema.org","@graph":[{"@type":"Article","@id":"https:\/\/www.copealcoy.es\/es\/el-consell-no-prendra-noves-mesures-si-no-es-detecta-un-canvi-clar-en-la-tendencia-de-la-pandemia\/#article","isPartOf":{"@id":"https:\/\/www.copealcoy.es\/es\/el-consell-no-prendra-noves-mesures-si-no-es-detecta-un-canvi-clar-en-la-tendencia-de-la-pandemia\/"},"author":{"name":"Cope Alcoy","@id":"https:\/\/www.copealcoy.es\/es\/#\/schema\/person\/e777c87fa024e57d40170af9df39882c"},"headline":"El Consell no prendr\u00e0 noves mesures si no es detecta un canvi clar en la tend\u00e8ncia de la pand\u00e8mia","datePublished":"2020-12-15T10:51:00+00:00","dateModified":"2020-12-19T19:07:37+00:00","mainEntityOfPage":{"@id":"https:\/\/www.copealcoy.es\/es\/el-consell-no-prendra-noves-mesures-si-no-es-detecta-un-canvi-clar-en-la-tendencia-de-la-pandemia\/"},"wordCount":285,"commentCount":0,"image":{"@id":"https:\/\/www.copealcoy.es\/es\/el-consell-no-prendra-noves-mesures-si-no-es-detecta-un-canvi-clar-en-la-tendencia-de-la-pandemia\/#primaryimage"},"thumbnailUrl":"https:\/\/www.copealcoy.es\/wp-content\/uploads\/2020\/12\/1607167836299.jpg","keywords":["Alcoi\u00e0","Comtat","Consell","Coronavirus","Generalitat Valenciana","Noves mesures","tend\u00e8ncia"],"articleSection":["Actualidad","Alcoy","Noticias","Pol\u00edtica y Econom\u00eda"],"inLanguage":"es"},{"@type":"WebPage","@id":"https:\/\/www.copealcoy.es\/es\/el-consell-no-prendra-noves-mesures-si-no-es-detecta-un-canvi-clar-en-la-tendencia-de-la-pandemia\/","url":"https:\/\/www.copealcoy.es\/es\/el-consell-no-prendra-noves-mesures-si-no-es-detecta-un-canvi-clar-en-la-tendencia-de-la-pandemia\/","name":"El Consell no prendr\u00e0 noves mesures si no es detecta un canvi clar en la tend\u00e8ncia de la pand\u00e8mia - COPE Alcoy","isPartOf":{"@id":"https:\/\/www.copealcoy.es\/es\/#website"},"primaryImageOfPage":{"@id":"https:\/\/www.copealcoy.es\/es\/el-consell-no-prendra-noves-mesures-si-no-es-detecta-un-canvi-clar-en-la-tendencia-de-la-pandemia\/#primaryimage"},"image":{"@id":"https:\/\/www.copealcoy.es\/es\/el-consell-no-prendra-noves-mesures-si-no-es-detecta-un-canvi-clar-en-la-tendencia-de-la-pandemia\/#primaryimage"},"thumbnailUrl":"https:\/\/www.copealcoy.es\/wp-content\/uploads\/2020\/12\/1607167836299.jpg","datePublished":"2020-12-15T10:51:00+00:00","dateModified":"2020-12-19T19:07:37+00:00","author":{"@id":"https:\/\/www.copealcoy.es\/es\/#\/schema\/person\/e777c87fa024e57d40170af9df39882c"},"breadcrumb":{"@id":"https:\/\/www.copealcoy.es\/es\/el-consell-no-prendra-noves-mesures-si-no-es-detecta-un-canvi-clar-en-la-tendencia-de-la-pandemia\/#breadcrumb"},"inLanguage":"es","potentialAction":[{"@type":"ReadAction","target":["https:\/\/www.copealcoy.es\/es\/el-consell-no-prendra-noves-mesures-si-no-es-detecta-un-canvi-clar-en-la-tendencia-de-la-pandemia\/"]}]},{"@type":"ImageObject","inLanguage":"es","@id":"https:\/\/www.copealcoy.es\/es\/el-consell-no-prendra-noves-mesures-si-no-es-detecta-un-canvi-clar-en-la-tendencia-de-la-pandemia\/#primaryimage","url":"https:\/\/www.copealcoy.es\/wp-content\/uploads\/2020\/12\/1607167836299.jpg","contentUrl":"https:\/\/www.copealcoy.es\/wp-content\/uploads\/2020\/12\/1607167836299.jpg","width":976,"height":550},{"@type":"BreadcrumbList","@id":"https:\/\/www.copealcoy.es\/es\/el-consell-no-prendra-noves-mesures-si-no-es-detecta-un-canvi-clar-en-la-tendencia-de-la-pandemia\/#breadcrumb","itemListElement":[{"@type":"ListItem","position":1,"name":"Portada","item":"https:\/\/www.copealcoy.es\/es\/"},{"@type":"ListItem","position":2,"name":"El Consell no prendr\u00e0 noves mesures si no es detecta un canvi clar en la tend\u00e8ncia de la pand\u00e8mia"}]},{"@type":"WebSite","@id":"https:\/\/www.copealcoy.es\/es\/#website","url":"https:\/\/www.copealcoy.es\/es\/","name":"COPE Alcoy","description":"Emisora COPE de radio local con emisi\u00f3n online. Pont de Sant Jordi 8-10 03803 Alcoy","potentialAction":[{"@type":"SearchAction","target":{"@type":"EntryPoint","urlTemplate":"https:\/\/www.copealcoy.es\/es\/?s={search_term_string}"},"query-input":{"@type":"PropertyValueSpecification","valueRequired":true,"valueName":"search_term_string"}}],"inLanguage":"es"},{"@type":"Person","@id":"https:\/\/www.copealcoy.es\/es\/#\/schema\/person\/e777c87fa024e57d40170af9df39882c","name":"Cope Alcoy","image":{"@type":"ImageObject","inLanguage":"es","@id":"https:\/\/secure.gravatar.com\/avatar\/bb65d0283347e303893ba14f0692005417c1e0e690a325a4c5d8bb2b3943ee14?s=96&d=mm&r=g","url":"https:\/\/secure.gravatar.com\/avatar\/bb65d0283347e303893ba14f0692005417c1e0e690a325a4c5d8bb2b3943ee14?s=96&d=mm&r=g","contentUrl":"https:\/\/secure.gravatar.com\/avatar\/bb65d0283347e303893ba14f0692005417c1e0e690a325a4c5d8bb2b3943ee14?s=96&d=mm&r=g","caption":"Cope Alcoy"}}]}},"_links":{"self":[{"href":"https:\/\/www.copealcoy.es\/es\/wp-json\/wp\/v2\/posts\/68757","targetHints":{"allow":["GET"]}}],"collection":[{"href":"https:\/\/www.copealcoy.es\/es\/wp-json\/wp\/v2\/posts"}],"about":[{"href":"https:\/\/www.copealcoy.es\/es\/wp-json\/wp\/v2\/types\/post"}],"author":[{"embeddable":true,"href":"https:\/\/www.copealcoy.es\/es\/wp-json\/wp\/v2\/users\/1"}],"replies":[{"embeddable":true,"href":"https:\/\/www.copealcoy.es\/es\/wp-json\/wp\/v2\/comments?post=68757"}],"version-history":[{"count":0,"href":"https:\/\/www.copealcoy.es\/es\/wp-json\/wp\/v2\/posts\/68757\/revisions"}],"wp:featuredmedia":[{"embeddable":true,"href":"https:\/\/www.copealcoy.es\/es\/wp-json\/wp\/v2\/media\/68432"}],"wp:attachment":[{"href":"https:\/\/www.copealcoy.es\/es\/wp-json\/wp\/v2\/media?parent=68757"}],"wp:term":[{"taxonomy":"category","embeddable":true,"href":"https:\/\/www.copealcoy.es\/es\/wp-json\/wp\/v2\/categories?post=68757"},{"taxonomy":"post_tag","embeddable":true,"href":"https:\/\/www.copealcoy.es\/es\/wp-json\/wp\/v2\/tags?post=68757"}],"curies":[{"name":"wp","href":"https:\/\/api.w.org\/{rel}","templated":true}]}}