{"id":68701,"date":"2020-12-14T09:10:00","date_gmt":"2020-12-14T09:10:00","guid":{"rendered":"https:\/\/www.copealcoy.es\/?p=68701"},"modified":"2020-12-14T12:16:27","modified_gmt":"2020-12-14T12:16:27","slug":"el-consell-colaborara-con-el-ayuntamiento-de-cocentaina-para-fomentar-las-fiestas-tradicionales","status":"publish","type":"post","link":"https:\/\/www.copealcoy.es\/es\/el-consell-colaborara-con-el-ayuntamiento-de-cocentaina-para-fomentar-las-fiestas-tradicionales\/","title":{"rendered":"El Consell colaborar\u00e1 con el Ayuntamiento de Cocentaina para fomentar las fiestas tradicionales"},"content":{"rendered":"<p style=\"text-align: justify;\">El Consell ha autorizado <strong>la suscripci\u00f3n del convenio de colaboraci\u00f3n entre Turisme Comunitat Valenciana y el Ayuntamiento de Cocentaina<\/strong> para el <strong>fomento de las fiestas tradicionales<\/strong> de la Comunitat Valenciana.<\/p>\n<p style=\"text-align: justify;\">De este modo, <strong>Turisme Comunitat Valenciana destina en 2020 un total de 40.000 euros al Ayuntamiento de la Villa Condal<\/strong> para la realizaci\u00f3n de <strong>actuaciones de marketing colaborativo<\/strong> de cara a la promoci\u00f3n de fiestas de relevante inter\u00e9s tur\u00edstico, como es <strong>la Fira de Tots Sants<\/strong>.<\/p>\n<p style=\"text-align: justify;\">Por su parte, <strong>el Consistorio se compromete a realizar diferentes actuaciones en el marco de la Fira de Tots Sants<\/strong> como las llamadas Jornades Gastron\u00f2miques, campeonatos deportivos con motivo de la Fira, Descubrimiento del Cartel Anunciador de la Fira ganador del concurso; el concierto Fira de Tots Sants; organizaci\u00f3n del Dia dels Xiquets; inauguraci\u00f3n de las exposiciones oficiales de la Fira al Palau Comtal; as\u00ed como el certamen Coral Nacional \u2018Fira de Tots Sants\u2019.<\/p>\n<p style=\"text-align: justify;\">Para la realizaci\u00f3n de estas actuaciones, <strong>el mismo Ayuntamiento promocionar\u00e1 estas acciones en espacios publicitarios<\/strong>, adem\u00e1s de a trav\u00e9s de<strong> medios de comunicaci\u00f3n<\/strong>, as\u00ed como <strong>a trav\u00e9s del patrocinio publicitario<\/strong> del equipo ciclista \u00abFira de Tots Sants-AllTricks\u00bb que promociona la imagen de la feria por todo el territorio espa\u00f1ol.<\/p>\n","protected":false},"excerpt":{"rendered":"<p>El Consell ha autorizado la suscripci\u00f3n del convenio de colaboraci\u00f3n entre Turisme Comunitat Valenciana y el Ayuntamiento de Cocentaina para&#8230;<\/p>\n","protected":false},"author":1,"featured_media":36362,"comment_status":"open","ping_status":"open","sticky":false,"template":"","format":"standard","meta":{"footnotes":""},"categories":[98,75],"tags":[1243,132,479,635],"class_list":["post-68701","post","type-post","status-publish","format-standard","has-post-thumbnail","hentry","category-comarcas","category-noticias","tag-apoyo","tag-cocentaina","tag-consell","tag-fira-de-tots-sants"],"yoast_head":"<!-- This site is optimized with the Yoast SEO plugin v27.3 - https:\/\/yoast.com\/product\/yoast-seo-wordpress\/ -->\n<title>El Consell colaborar\u00e1 con el Ayuntamiento de Cocentaina para fomentar las fiestas tradicionales - COPE Alcoy<\/title>\n<meta name=\"robots\" content=\"index, follow, max-snippet:-1, max-image-preview:large, max-video-preview:-1\" \/>\n<link rel=\"canonical\" href=\"https:\/\/www.copealcoy.es\/es\/el-consell-colaborara-con-el-ayuntamiento-de-cocentaina-para-fomentar-las-fiestas-tradicionales\/\" \/>\n<meta property=\"og:locale\" content=\"es_ES\" \/>\n<meta property=\"og:type\" content=\"article\" \/>\n<meta property=\"og:title\" content=\"El Consell colaborar\u00e1 con el Ayuntamiento de Cocentaina para fomentar las fiestas tradicionales - COPE Alcoy\" \/>\n<meta property=\"og:description\" content=\"El Consell ha autorizado la suscripci\u00f3n del convenio de colaboraci\u00f3n entre Turisme Comunitat Valenciana y el Ayuntamiento de Cocentaina para...\" \/>\n<meta property=\"og:url\" content=\"https:\/\/www.copealcoy.es\/es\/el-consell-colaborara-con-el-ayuntamiento-de-cocentaina-para-fomentar-las-fiestas-tradicionales\/\" \/>\n<meta property=\"og:site_name\" content=\"COPE Alcoy\" \/>\n<meta property=\"article:published_time\" content=\"2020-12-14T09:10:00+00:00\" \/>\n<meta property=\"article:modified_time\" content=\"2020-12-14T12:16:27+00:00\" \/>\n<meta property=\"og:image\" content=\"https:\/\/www.copealcoy.es\/wp-content\/uploads\/2017\/10\/23032773_1808785225821900_4362444522413860622_n-e1509755036757.jpg\" \/>\n\t<meta property=\"og:image:width\" content=\"960\" \/>\n\t<meta property=\"og:image:height\" content=\"513\" \/>\n\t<meta property=\"og:image:type\" content=\"image\/jpeg\" \/>\n<meta name=\"author\" content=\"Cope Alcoy\" \/>\n<meta name=\"twitter:label1\" content=\"Escrito por\" \/>\n\t<meta name=\"twitter:data1\" content=\"Cope Alcoy\" \/>\n\t<meta name=\"twitter:label2\" content=\"Tiempo de lectura\" \/>\n\t<meta name=\"twitter:data2\" content=\"1 minuto\" \/>\n<script type=\"application\/ld+json\" class=\"yoast-schema-graph\">{\"@context\":\"https:\\\/\\\/schema.org\",\"@graph\":[{\"@type\":\"Article\",\"@id\":\"https:\\\/\\\/www.copealcoy.es\\\/es\\\/el-consell-colaborara-con-el-ayuntamiento-de-cocentaina-para-fomentar-las-fiestas-tradicionales\\\/#article\",\"isPartOf\":{\"@id\":\"https:\\\/\\\/www.copealcoy.es\\\/es\\\/el-consell-colaborara-con-el-ayuntamiento-de-cocentaina-para-fomentar-las-fiestas-tradicionales\\\/\"},\"author\":{\"name\":\"Cope Alcoy\",\"@id\":\"https:\\\/\\\/www.copealcoy.es\\\/es\\\/#\\\/schema\\\/person\\\/e777c87fa024e57d40170af9df39882c\"},\"headline\":\"El Consell colaborar\u00e1 con el Ayuntamiento de Cocentaina para fomentar las fiestas tradicionales\",\"datePublished\":\"2020-12-14T09:10:00+00:00\",\"dateModified\":\"2020-12-14T12:16:27+00:00\",\"mainEntityOfPage\":{\"@id\":\"https:\\\/\\\/www.copealcoy.es\\\/es\\\/el-consell-colaborara-con-el-ayuntamiento-de-cocentaina-para-fomentar-las-fiestas-tradicionales\\\/\"},\"wordCount\":225,\"commentCount\":0,\"image\":{\"@id\":\"https:\\\/\\\/www.copealcoy.es\\\/es\\\/el-consell-colaborara-con-el-ayuntamiento-de-cocentaina-para-fomentar-las-fiestas-tradicionales\\\/#primaryimage\"},\"thumbnailUrl\":\"https:\\\/\\\/www.copealcoy.es\\\/wp-content\\\/uploads\\\/2017\\\/10\\\/23032773_1808785225821900_4362444522413860622_n-e1509755036757.jpg\",\"keywords\":[\"apoyo\",\"Cocentaina\",\"Consell\",\"Fira de Tots Sants\"],\"articleSection\":[\"Comarcas\",\"Noticias\"],\"inLanguage\":\"es\"},{\"@type\":\"WebPage\",\"@id\":\"https:\\\/\\\/www.copealcoy.es\\\/es\\\/el-consell-colaborara-con-el-ayuntamiento-de-cocentaina-para-fomentar-las-fiestas-tradicionales\\\/\",\"url\":\"https:\\\/\\\/www.copealcoy.es\\\/es\\\/el-consell-colaborara-con-el-ayuntamiento-de-cocentaina-para-fomentar-las-fiestas-tradicionales\\\/\",\"name\":\"El Consell colaborar\u00e1 con el Ayuntamiento de Cocentaina para fomentar las fiestas tradicionales - COPE Alcoy\",\"isPartOf\":{\"@id\":\"https:\\\/\\\/www.copealcoy.es\\\/es\\\/#website\"},\"primaryImageOfPage\":{\"@id\":\"https:\\\/\\\/www.copealcoy.es\\\/es\\\/el-consell-colaborara-con-el-ayuntamiento-de-cocentaina-para-fomentar-las-fiestas-tradicionales\\\/#primaryimage\"},\"image\":{\"@id\":\"https:\\\/\\\/www.copealcoy.es\\\/es\\\/el-consell-colaborara-con-el-ayuntamiento-de-cocentaina-para-fomentar-las-fiestas-tradicionales\\\/#primaryimage\"},\"thumbnailUrl\":\"https:\\\/\\\/www.copealcoy.es\\\/wp-content\\\/uploads\\\/2017\\\/10\\\/23032773_1808785225821900_4362444522413860622_n-e1509755036757.jpg\",\"datePublished\":\"2020-12-14T09:10:00+00:00\",\"dateModified\":\"2020-12-14T12:16:27+00:00\",\"author\":{\"@id\":\"https:\\\/\\\/www.copealcoy.es\\\/es\\\/#\\\/schema\\\/person\\\/e777c87fa024e57d40170af9df39882c\"},\"breadcrumb\":{\"@id\":\"https:\\\/\\\/www.copealcoy.es\\\/es\\\/el-consell-colaborara-con-el-ayuntamiento-de-cocentaina-para-fomentar-las-fiestas-tradicionales\\\/#breadcrumb\"},\"inLanguage\":\"es\",\"potentialAction\":[{\"@type\":\"ReadAction\",\"target\":[\"https:\\\/\\\/www.copealcoy.es\\\/es\\\/el-consell-colaborara-con-el-ayuntamiento-de-cocentaina-para-fomentar-las-fiestas-tradicionales\\\/\"]}]},{\"@type\":\"ImageObject\",\"inLanguage\":\"es\",\"@id\":\"https:\\\/\\\/www.copealcoy.es\\\/es\\\/el-consell-colaborara-con-el-ayuntamiento-de-cocentaina-para-fomentar-las-fiestas-tradicionales\\\/#primaryimage\",\"url\":\"https:\\\/\\\/www.copealcoy.es\\\/wp-content\\\/uploads\\\/2017\\\/10\\\/23032773_1808785225821900_4362444522413860622_n-e1509755036757.jpg\",\"contentUrl\":\"https:\\\/\\\/www.copealcoy.es\\\/wp-content\\\/uploads\\\/2017\\\/10\\\/23032773_1808785225821900_4362444522413860622_n-e1509755036757.jpg\",\"width\":960,\"height\":513,\"caption\":\"La Fira inunda cada rinc\u00f3n de Cocentaina \\\/ Foto: G. Pascual\"},{\"@type\":\"BreadcrumbList\",\"@id\":\"https:\\\/\\\/www.copealcoy.es\\\/es\\\/el-consell-colaborara-con-el-ayuntamiento-de-cocentaina-para-fomentar-las-fiestas-tradicionales\\\/#breadcrumb\",\"itemListElement\":[{\"@type\":\"ListItem\",\"position\":1,\"name\":\"Portada\",\"item\":\"https:\\\/\\\/www.copealcoy.es\\\/es\\\/\"},{\"@type\":\"ListItem\",\"position\":2,\"name\":\"El Consell colaborar\u00e1 con el Ayuntamiento de Cocentaina para fomentar las fiestas tradicionales\"}]},{\"@type\":\"WebSite\",\"@id\":\"https:\\\/\\\/www.copealcoy.es\\\/es\\\/#website\",\"url\":\"https:\\\/\\\/www.copealcoy.es\\\/es\\\/\",\"name\":\"COPE Alcoy\",\"description\":\"Emisora COPE de radio local con emisi\u00f3n online. Pont de Sant Jordi 8-10 03803 Alcoy\",\"potentialAction\":[{\"@type\":\"SearchAction\",\"target\":{\"@type\":\"EntryPoint\",\"urlTemplate\":\"https:\\\/\\\/www.copealcoy.es\\\/es\\\/?s={search_term_string}\"},\"query-input\":{\"@type\":\"PropertyValueSpecification\",\"valueRequired\":true,\"valueName\":\"search_term_string\"}}],\"inLanguage\":\"es\"},{\"@type\":\"Person\",\"@id\":\"https:\\\/\\\/www.copealcoy.es\\\/es\\\/#\\\/schema\\\/person\\\/e777c87fa024e57d40170af9df39882c\",\"name\":\"Cope Alcoy\",\"image\":{\"@type\":\"ImageObject\",\"inLanguage\":\"es\",\"@id\":\"https:\\\/\\\/secure.gravatar.com\\\/avatar\\\/bb65d0283347e303893ba14f0692005417c1e0e690a325a4c5d8bb2b3943ee14?s=96&d=mm&r=g\",\"url\":\"https:\\\/\\\/secure.gravatar.com\\\/avatar\\\/bb65d0283347e303893ba14f0692005417c1e0e690a325a4c5d8bb2b3943ee14?s=96&d=mm&r=g\",\"contentUrl\":\"https:\\\/\\\/secure.gravatar.com\\\/avatar\\\/bb65d0283347e303893ba14f0692005417c1e0e690a325a4c5d8bb2b3943ee14?s=96&d=mm&r=g\",\"caption\":\"Cope Alcoy\"}}]}<\/script>\n<!-- \/ Yoast SEO plugin. -->","yoast_head_json":{"title":"El Consell colaborar\u00e1 con el Ayuntamiento de Cocentaina para fomentar las fiestas tradicionales - COPE Alcoy","robots":{"index":"index","follow":"follow","max-snippet":"max-snippet:-1","max-image-preview":"max-image-preview:large","max-video-preview":"max-video-preview:-1"},"canonical":"https:\/\/www.copealcoy.es\/es\/el-consell-colaborara-con-el-ayuntamiento-de-cocentaina-para-fomentar-las-fiestas-tradicionales\/","og_locale":"es_ES","og_type":"article","og_title":"El Consell colaborar\u00e1 con el Ayuntamiento de Cocentaina para fomentar las fiestas tradicionales - COPE Alcoy","og_description":"El Consell ha autorizado la suscripci\u00f3n del convenio de colaboraci\u00f3n entre Turisme Comunitat Valenciana y el Ayuntamiento de Cocentaina para...","og_url":"https:\/\/www.copealcoy.es\/es\/el-consell-colaborara-con-el-ayuntamiento-de-cocentaina-para-fomentar-las-fiestas-tradicionales\/","og_site_name":"COPE Alcoy","article_published_time":"2020-12-14T09:10:00+00:00","article_modified_time":"2020-12-14T12:16:27+00:00","og_image":[{"width":960,"height":513,"url":"https:\/\/www.copealcoy.es\/wp-content\/uploads\/2017\/10\/23032773_1808785225821900_4362444522413860622_n-e1509755036757.jpg","type":"image\/jpeg"}],"author":"Cope Alcoy","twitter_misc":{"Escrito por":"Cope Alcoy","Tiempo de lectura":"1 minuto"},"schema":{"@context":"https:\/\/schema.org","@graph":[{"@type":"Article","@id":"https:\/\/www.copealcoy.es\/es\/el-consell-colaborara-con-el-ayuntamiento-de-cocentaina-para-fomentar-las-fiestas-tradicionales\/#article","isPartOf":{"@id":"https:\/\/www.copealcoy.es\/es\/el-consell-colaborara-con-el-ayuntamiento-de-cocentaina-para-fomentar-las-fiestas-tradicionales\/"},"author":{"name":"Cope Alcoy","@id":"https:\/\/www.copealcoy.es\/es\/#\/schema\/person\/e777c87fa024e57d40170af9df39882c"},"headline":"El Consell colaborar\u00e1 con el Ayuntamiento de Cocentaina para fomentar las fiestas tradicionales","datePublished":"2020-12-14T09:10:00+00:00","dateModified":"2020-12-14T12:16:27+00:00","mainEntityOfPage":{"@id":"https:\/\/www.copealcoy.es\/es\/el-consell-colaborara-con-el-ayuntamiento-de-cocentaina-para-fomentar-las-fiestas-tradicionales\/"},"wordCount":225,"commentCount":0,"image":{"@id":"https:\/\/www.copealcoy.es\/es\/el-consell-colaborara-con-el-ayuntamiento-de-cocentaina-para-fomentar-las-fiestas-tradicionales\/#primaryimage"},"thumbnailUrl":"https:\/\/www.copealcoy.es\/wp-content\/uploads\/2017\/10\/23032773_1808785225821900_4362444522413860622_n-e1509755036757.jpg","keywords":["apoyo","Cocentaina","Consell","Fira de Tots Sants"],"articleSection":["Comarcas","Noticias"],"inLanguage":"es"},{"@type":"WebPage","@id":"https:\/\/www.copealcoy.es\/es\/el-consell-colaborara-con-el-ayuntamiento-de-cocentaina-para-fomentar-las-fiestas-tradicionales\/","url":"https:\/\/www.copealcoy.es\/es\/el-consell-colaborara-con-el-ayuntamiento-de-cocentaina-para-fomentar-las-fiestas-tradicionales\/","name":"El Consell colaborar\u00e1 con el Ayuntamiento de Cocentaina para fomentar las fiestas tradicionales - COPE Alcoy","isPartOf":{"@id":"https:\/\/www.copealcoy.es\/es\/#website"},"primaryImageOfPage":{"@id":"https:\/\/www.copealcoy.es\/es\/el-consell-colaborara-con-el-ayuntamiento-de-cocentaina-para-fomentar-las-fiestas-tradicionales\/#primaryimage"},"image":{"@id":"https:\/\/www.copealcoy.es\/es\/el-consell-colaborara-con-el-ayuntamiento-de-cocentaina-para-fomentar-las-fiestas-tradicionales\/#primaryimage"},"thumbnailUrl":"https:\/\/www.copealcoy.es\/wp-content\/uploads\/2017\/10\/23032773_1808785225821900_4362444522413860622_n-e1509755036757.jpg","datePublished":"2020-12-14T09:10:00+00:00","dateModified":"2020-12-14T12:16:27+00:00","author":{"@id":"https:\/\/www.copealcoy.es\/es\/#\/schema\/person\/e777c87fa024e57d40170af9df39882c"},"breadcrumb":{"@id":"https:\/\/www.copealcoy.es\/es\/el-consell-colaborara-con-el-ayuntamiento-de-cocentaina-para-fomentar-las-fiestas-tradicionales\/#breadcrumb"},"inLanguage":"es","potentialAction":[{"@type":"ReadAction","target":["https:\/\/www.copealcoy.es\/es\/el-consell-colaborara-con-el-ayuntamiento-de-cocentaina-para-fomentar-las-fiestas-tradicionales\/"]}]},{"@type":"ImageObject","inLanguage":"es","@id":"https:\/\/www.copealcoy.es\/es\/el-consell-colaborara-con-el-ayuntamiento-de-cocentaina-para-fomentar-las-fiestas-tradicionales\/#primaryimage","url":"https:\/\/www.copealcoy.es\/wp-content\/uploads\/2017\/10\/23032773_1808785225821900_4362444522413860622_n-e1509755036757.jpg","contentUrl":"https:\/\/www.copealcoy.es\/wp-content\/uploads\/2017\/10\/23032773_1808785225821900_4362444522413860622_n-e1509755036757.jpg","width":960,"height":513,"caption":"La Fira inunda cada rinc\u00f3n de Cocentaina \/ Foto: G. Pascual"},{"@type":"BreadcrumbList","@id":"https:\/\/www.copealcoy.es\/es\/el-consell-colaborara-con-el-ayuntamiento-de-cocentaina-para-fomentar-las-fiestas-tradicionales\/#breadcrumb","itemListElement":[{"@type":"ListItem","position":1,"name":"Portada","item":"https:\/\/www.copealcoy.es\/es\/"},{"@type":"ListItem","position":2,"name":"El Consell colaborar\u00e1 con el Ayuntamiento de Cocentaina para fomentar las fiestas tradicionales"}]},{"@type":"WebSite","@id":"https:\/\/www.copealcoy.es\/es\/#website","url":"https:\/\/www.copealcoy.es\/es\/","name":"COPE Alcoy","description":"Emisora COPE de radio local con emisi\u00f3n online. Pont de Sant Jordi 8-10 03803 Alcoy","potentialAction":[{"@type":"SearchAction","target":{"@type":"EntryPoint","urlTemplate":"https:\/\/www.copealcoy.es\/es\/?s={search_term_string}"},"query-input":{"@type":"PropertyValueSpecification","valueRequired":true,"valueName":"search_term_string"}}],"inLanguage":"es"},{"@type":"Person","@id":"https:\/\/www.copealcoy.es\/es\/#\/schema\/person\/e777c87fa024e57d40170af9df39882c","name":"Cope Alcoy","image":{"@type":"ImageObject","inLanguage":"es","@id":"https:\/\/secure.gravatar.com\/avatar\/bb65d0283347e303893ba14f0692005417c1e0e690a325a4c5d8bb2b3943ee14?s=96&d=mm&r=g","url":"https:\/\/secure.gravatar.com\/avatar\/bb65d0283347e303893ba14f0692005417c1e0e690a325a4c5d8bb2b3943ee14?s=96&d=mm&r=g","contentUrl":"https:\/\/secure.gravatar.com\/avatar\/bb65d0283347e303893ba14f0692005417c1e0e690a325a4c5d8bb2b3943ee14?s=96&d=mm&r=g","caption":"Cope Alcoy"}}]}},"_links":{"self":[{"href":"https:\/\/www.copealcoy.es\/es\/wp-json\/wp\/v2\/posts\/68701","targetHints":{"allow":["GET"]}}],"collection":[{"href":"https:\/\/www.copealcoy.es\/es\/wp-json\/wp\/v2\/posts"}],"about":[{"href":"https:\/\/www.copealcoy.es\/es\/wp-json\/wp\/v2\/types\/post"}],"author":[{"embeddable":true,"href":"https:\/\/www.copealcoy.es\/es\/wp-json\/wp\/v2\/users\/1"}],"replies":[{"embeddable":true,"href":"https:\/\/www.copealcoy.es\/es\/wp-json\/wp\/v2\/comments?post=68701"}],"version-history":[{"count":0,"href":"https:\/\/www.copealcoy.es\/es\/wp-json\/wp\/v2\/posts\/68701\/revisions"}],"wp:featuredmedia":[{"embeddable":true,"href":"https:\/\/www.copealcoy.es\/es\/wp-json\/wp\/v2\/media\/36362"}],"wp:attachment":[{"href":"https:\/\/www.copealcoy.es\/es\/wp-json\/wp\/v2\/media?parent=68701"}],"wp:term":[{"taxonomy":"category","embeddable":true,"href":"https:\/\/www.copealcoy.es\/es\/wp-json\/wp\/v2\/categories?post=68701"},{"taxonomy":"post_tag","embeddable":true,"href":"https:\/\/www.copealcoy.es\/es\/wp-json\/wp\/v2\/tags?post=68701"}],"curies":[{"name":"wp","href":"https:\/\/api.w.org\/{rel}","templated":true}]}}