{"id":68689,"date":"2020-12-14T11:49:53","date_gmt":"2020-12-14T11:49:53","guid":{"rendered":"https:\/\/www.copealcoy.es\/?p=68689"},"modified":"2020-12-14T12:01:00","modified_gmt":"2020-12-14T12:01:00","slug":"elegides-les-bandes-que-participaran-en-el-ii-certamen-de-musica-festera-de-cocentaina","status":"publish","type":"post","link":"https:\/\/www.copealcoy.es\/es\/elegides-les-bandes-que-participaran-en-el-ii-certamen-de-musica-festera-de-cocentaina\/","title":{"rendered":"Elegides les bandes que participaran en el II Certamen de M\u00fasica Festera de Cocentaina"},"content":{"rendered":"<p style=\"text-align: justify;\">Ja es coneixen<strong> les tres bandes de m\u00fasica<\/strong> que prendran part en <strong>el II Certamen d&#8217;Interpretaci\u00f3 de M\u00fasica Festera<\/strong> que, si la crisi sanit\u00e0ria del Coronavirus no ho impedeix, <strong>celebrar\u00e0 Cocentaina el pr\u00f2xim 1 de maig de 2021<\/strong>.<\/p>\n<p style=\"text-align: justify;\">Es tracta de<strong> la Uni\u00f3 Musical d\u2019Alcoi, el Centre Art\u00edstic Cultural &#8216;Verge de la Pau\u2019 d\u2019agost i la Uni\u00f3 Musical \u2018La Primitiva\u2019 de Castell de Castells<\/strong>. Totes elles <strong>han sigut triades d&#8217;entre les 8 formacions musicals que s&#8217;han presentat per a conc\u00f3rrer en el concurs<\/strong> &#8220;<em>estem molt contents de la resposta obtinguda i el volum de bandes que s&#8217;ha presentat al Certamen, tenint en compte les circumst\u00e0ncies sanit\u00e0ries per les quals travessem, demostra que aquesta cita musical est\u00e0 ja plenament consolidada al nostre poble<\/em>&#8220;; detalla Francisco Valor, Coordinador del mateix Certamen.<\/p>\n<p style=\"text-align: justify;\">Recordar que les tres bandes participants competiran per <strong>un primer premi de 3.500 euros i trofeu<\/strong>,\u00a0<strong>un segon guard\u00f3 dotat de 2.000 euros<\/strong>\u00a0i\u00a0<strong>un tercer premi valorat en 1.000 euros<\/strong>. En aquesta ocasi\u00f3 es preveu que les formacions musicals que conc\u00f3rreguen al Certamen\u00a0<strong>interpreten un pasdoble no puntuable d\u2019autors contestans<\/strong>,\u00a0<strong>una marxa cristiana de lliure elecci\u00f3<\/strong>\u00a0i\u00a0<strong>una marxa mora del compositor local Josep Vicent Egea Insa<\/strong>\u00a0que ser\u00e0\u00a0<strong>la pe\u00e7a obligada<\/strong> d\u2019aquesta edici\u00f3.<\/p>\n","protected":false},"excerpt":{"rendered":"<p>Ja es coneixen les tres bandes de m\u00fasica que prendran part en el II Certamen d&#8217;Interpretaci\u00f3 de M\u00fasica Festera que,&#8230;<\/p>\n","protected":false},"author":1,"featured_media":66472,"comment_status":"open","ping_status":"open","sticky":false,"template":"","format":"standard","meta":{"footnotes":""},"categories":[98,75],"tags":[10472,132,4174,10473,700],"class_list":["post-68689","post","type-post","status-publish","format-standard","has-post-thumbnail","hentry","category-comarcas","category-noticias","tag-bandes-participants","tag-cocentaina","tag-francisco-valor","tag-ii-certamen-interpretacio","tag-musica-festera"],"yoast_head":"<!-- This site is optimized with the Yoast SEO plugin v27.3 - https:\/\/yoast.com\/product\/yoast-seo-wordpress\/ -->\n<title>Elegides les bandes que participaran en el II Certamen de M\u00fasica Festera de Cocentaina - COPE Alcoy<\/title>\n<meta name=\"robots\" content=\"index, follow, max-snippet:-1, max-image-preview:large, max-video-preview:-1\" \/>\n<link rel=\"canonical\" href=\"https:\/\/www.copealcoy.es\/es\/elegides-les-bandes-que-participaran-en-el-ii-certamen-de-musica-festera-de-cocentaina\/\" \/>\n<meta property=\"og:locale\" content=\"es_ES\" \/>\n<meta property=\"og:type\" content=\"article\" \/>\n<meta property=\"og:title\" content=\"Elegides les bandes que participaran en el II Certamen de M\u00fasica Festera de Cocentaina - COPE Alcoy\" \/>\n<meta property=\"og:description\" content=\"Ja es coneixen les tres bandes de m\u00fasica que prendran part en el II Certamen d&#8217;Interpretaci\u00f3 de M\u00fasica Festera que,...\" \/>\n<meta property=\"og:url\" content=\"https:\/\/www.copealcoy.es\/es\/elegides-les-bandes-que-participaran-en-el-ii-certamen-de-musica-festera-de-cocentaina\/\" \/>\n<meta property=\"og:site_name\" content=\"COPE Alcoy\" \/>\n<meta property=\"article:published_time\" content=\"2020-12-14T11:49:53+00:00\" \/>\n<meta property=\"article:modified_time\" content=\"2020-12-14T12:01:00+00:00\" \/>\n<meta property=\"og:image\" content=\"https:\/\/www.copealcoy.es\/wp-content\/uploads\/2020\/10\/10-El-Certamen-se-present\u00f3-ayer-en-el-Sal\u00f3n-de-Plenos-del-Ayuntamiento-Foto-Gabriel-Pascual-scaled.jpg\" \/>\n\t<meta property=\"og:image:width\" content=\"2560\" \/>\n\t<meta property=\"og:image:height\" content=\"1517\" \/>\n\t<meta property=\"og:image:type\" content=\"image\/jpeg\" \/>\n<meta name=\"author\" content=\"Cope Alcoy\" \/>\n<meta name=\"twitter:label1\" content=\"Escrito por\" \/>\n\t<meta name=\"twitter:data1\" content=\"Cope Alcoy\" \/>\n\t<meta name=\"twitter:label2\" content=\"Tiempo de lectura\" \/>\n\t<meta name=\"twitter:data2\" content=\"1 minuto\" \/>\n<script type=\"application\/ld+json\" class=\"yoast-schema-graph\">{\"@context\":\"https:\\\/\\\/schema.org\",\"@graph\":[{\"@type\":\"Article\",\"@id\":\"https:\\\/\\\/www.copealcoy.es\\\/es\\\/elegides-les-bandes-que-participaran-en-el-ii-certamen-de-musica-festera-de-cocentaina\\\/#article\",\"isPartOf\":{\"@id\":\"https:\\\/\\\/www.copealcoy.es\\\/es\\\/elegides-les-bandes-que-participaran-en-el-ii-certamen-de-musica-festera-de-cocentaina\\\/\"},\"author\":{\"name\":\"Cope Alcoy\",\"@id\":\"https:\\\/\\\/www.copealcoy.es\\\/es\\\/#\\\/schema\\\/person\\\/e777c87fa024e57d40170af9df39882c\"},\"headline\":\"Elegides les bandes que participaran en el II Certamen de M\u00fasica Festera de Cocentaina\",\"datePublished\":\"2020-12-14T11:49:53+00:00\",\"dateModified\":\"2020-12-14T12:01:00+00:00\",\"mainEntityOfPage\":{\"@id\":\"https:\\\/\\\/www.copealcoy.es\\\/es\\\/elegides-les-bandes-que-participaran-en-el-ii-certamen-de-musica-festera-de-cocentaina\\\/\"},\"wordCount\":231,\"commentCount\":0,\"image\":{\"@id\":\"https:\\\/\\\/www.copealcoy.es\\\/es\\\/elegides-les-bandes-que-participaran-en-el-ii-certamen-de-musica-festera-de-cocentaina\\\/#primaryimage\"},\"thumbnailUrl\":\"https:\\\/\\\/www.copealcoy.es\\\/wp-content\\\/uploads\\\/2020\\\/10\\\/10-El-Certamen-se-present\u00f3-ayer-en-el-Sal\u00f3n-de-Plenos-del-Ayuntamiento-Foto-Gabriel-Pascual-scaled.jpg\",\"keywords\":[\"bandes participants\",\"Cocentaina\",\"Francisco Valor\",\"II Certamen Interpretaci\u00f3\",\"M\u00fasica Festera\"],\"articleSection\":[\"Comarcas\",\"Noticias\"],\"inLanguage\":\"es\"},{\"@type\":\"WebPage\",\"@id\":\"https:\\\/\\\/www.copealcoy.es\\\/es\\\/elegides-les-bandes-que-participaran-en-el-ii-certamen-de-musica-festera-de-cocentaina\\\/\",\"url\":\"https:\\\/\\\/www.copealcoy.es\\\/es\\\/elegides-les-bandes-que-participaran-en-el-ii-certamen-de-musica-festera-de-cocentaina\\\/\",\"name\":\"Elegides les bandes que participaran en el II Certamen de M\u00fasica Festera de Cocentaina - COPE Alcoy\",\"isPartOf\":{\"@id\":\"https:\\\/\\\/www.copealcoy.es\\\/es\\\/#website\"},\"primaryImageOfPage\":{\"@id\":\"https:\\\/\\\/www.copealcoy.es\\\/es\\\/elegides-les-bandes-que-participaran-en-el-ii-certamen-de-musica-festera-de-cocentaina\\\/#primaryimage\"},\"image\":{\"@id\":\"https:\\\/\\\/www.copealcoy.es\\\/es\\\/elegides-les-bandes-que-participaran-en-el-ii-certamen-de-musica-festera-de-cocentaina\\\/#primaryimage\"},\"thumbnailUrl\":\"https:\\\/\\\/www.copealcoy.es\\\/wp-content\\\/uploads\\\/2020\\\/10\\\/10-El-Certamen-se-present\u00f3-ayer-en-el-Sal\u00f3n-de-Plenos-del-Ayuntamiento-Foto-Gabriel-Pascual-scaled.jpg\",\"datePublished\":\"2020-12-14T11:49:53+00:00\",\"dateModified\":\"2020-12-14T12:01:00+00:00\",\"author\":{\"@id\":\"https:\\\/\\\/www.copealcoy.es\\\/es\\\/#\\\/schema\\\/person\\\/e777c87fa024e57d40170af9df39882c\"},\"breadcrumb\":{\"@id\":\"https:\\\/\\\/www.copealcoy.es\\\/es\\\/elegides-les-bandes-que-participaran-en-el-ii-certamen-de-musica-festera-de-cocentaina\\\/#breadcrumb\"},\"inLanguage\":\"es\",\"potentialAction\":[{\"@type\":\"ReadAction\",\"target\":[\"https:\\\/\\\/www.copealcoy.es\\\/es\\\/elegides-les-bandes-que-participaran-en-el-ii-certamen-de-musica-festera-de-cocentaina\\\/\"]}]},{\"@type\":\"ImageObject\",\"inLanguage\":\"es\",\"@id\":\"https:\\\/\\\/www.copealcoy.es\\\/es\\\/elegides-les-bandes-que-participaran-en-el-ii-certamen-de-musica-festera-de-cocentaina\\\/#primaryimage\",\"url\":\"https:\\\/\\\/www.copealcoy.es\\\/wp-content\\\/uploads\\\/2020\\\/10\\\/10-El-Certamen-se-present\u00f3-ayer-en-el-Sal\u00f3n-de-Plenos-del-Ayuntamiento-Foto-Gabriel-Pascual-scaled.jpg\",\"contentUrl\":\"https:\\\/\\\/www.copealcoy.es\\\/wp-content\\\/uploads\\\/2020\\\/10\\\/10-El-Certamen-se-present\u00f3-ayer-en-el-Sal\u00f3n-de-Plenos-del-Ayuntamiento-Foto-Gabriel-Pascual-scaled.jpg\",\"width\":2560,\"height\":1517,\"caption\":\"El Certamen s'ha presentat aquest mat\u00ed\"},{\"@type\":\"BreadcrumbList\",\"@id\":\"https:\\\/\\\/www.copealcoy.es\\\/es\\\/elegides-les-bandes-que-participaran-en-el-ii-certamen-de-musica-festera-de-cocentaina\\\/#breadcrumb\",\"itemListElement\":[{\"@type\":\"ListItem\",\"position\":1,\"name\":\"Portada\",\"item\":\"https:\\\/\\\/www.copealcoy.es\\\/es\\\/\"},{\"@type\":\"ListItem\",\"position\":2,\"name\":\"Elegides les bandes que participaran en el II Certamen de M\u00fasica Festera de Cocentaina\"}]},{\"@type\":\"WebSite\",\"@id\":\"https:\\\/\\\/www.copealcoy.es\\\/es\\\/#website\",\"url\":\"https:\\\/\\\/www.copealcoy.es\\\/es\\\/\",\"name\":\"COPE Alcoy\",\"description\":\"Emisora COPE de radio local con emisi\u00f3n online. Pont de Sant Jordi 8-10 03803 Alcoy\",\"potentialAction\":[{\"@type\":\"SearchAction\",\"target\":{\"@type\":\"EntryPoint\",\"urlTemplate\":\"https:\\\/\\\/www.copealcoy.es\\\/es\\\/?s={search_term_string}\"},\"query-input\":{\"@type\":\"PropertyValueSpecification\",\"valueRequired\":true,\"valueName\":\"search_term_string\"}}],\"inLanguage\":\"es\"},{\"@type\":\"Person\",\"@id\":\"https:\\\/\\\/www.copealcoy.es\\\/es\\\/#\\\/schema\\\/person\\\/e777c87fa024e57d40170af9df39882c\",\"name\":\"Cope Alcoy\",\"image\":{\"@type\":\"ImageObject\",\"inLanguage\":\"es\",\"@id\":\"https:\\\/\\\/secure.gravatar.com\\\/avatar\\\/bb65d0283347e303893ba14f0692005417c1e0e690a325a4c5d8bb2b3943ee14?s=96&d=mm&r=g\",\"url\":\"https:\\\/\\\/secure.gravatar.com\\\/avatar\\\/bb65d0283347e303893ba14f0692005417c1e0e690a325a4c5d8bb2b3943ee14?s=96&d=mm&r=g\",\"contentUrl\":\"https:\\\/\\\/secure.gravatar.com\\\/avatar\\\/bb65d0283347e303893ba14f0692005417c1e0e690a325a4c5d8bb2b3943ee14?s=96&d=mm&r=g\",\"caption\":\"Cope Alcoy\"}}]}<\/script>\n<!-- \/ Yoast SEO plugin. -->","yoast_head_json":{"title":"Elegides les bandes que participaran en el II Certamen de M\u00fasica Festera de Cocentaina - COPE Alcoy","robots":{"index":"index","follow":"follow","max-snippet":"max-snippet:-1","max-image-preview":"max-image-preview:large","max-video-preview":"max-video-preview:-1"},"canonical":"https:\/\/www.copealcoy.es\/es\/elegides-les-bandes-que-participaran-en-el-ii-certamen-de-musica-festera-de-cocentaina\/","og_locale":"es_ES","og_type":"article","og_title":"Elegides les bandes que participaran en el II Certamen de M\u00fasica Festera de Cocentaina - COPE Alcoy","og_description":"Ja es coneixen les tres bandes de m\u00fasica que prendran part en el II Certamen d&#8217;Interpretaci\u00f3 de M\u00fasica Festera que,...","og_url":"https:\/\/www.copealcoy.es\/es\/elegides-les-bandes-que-participaran-en-el-ii-certamen-de-musica-festera-de-cocentaina\/","og_site_name":"COPE Alcoy","article_published_time":"2020-12-14T11:49:53+00:00","article_modified_time":"2020-12-14T12:01:00+00:00","og_image":[{"width":2560,"height":1517,"url":"https:\/\/www.copealcoy.es\/wp-content\/uploads\/2020\/10\/10-El-Certamen-se-present\u00f3-ayer-en-el-Sal\u00f3n-de-Plenos-del-Ayuntamiento-Foto-Gabriel-Pascual-scaled.jpg","type":"image\/jpeg"}],"author":"Cope Alcoy","twitter_misc":{"Escrito por":"Cope Alcoy","Tiempo de lectura":"1 minuto"},"schema":{"@context":"https:\/\/schema.org","@graph":[{"@type":"Article","@id":"https:\/\/www.copealcoy.es\/es\/elegides-les-bandes-que-participaran-en-el-ii-certamen-de-musica-festera-de-cocentaina\/#article","isPartOf":{"@id":"https:\/\/www.copealcoy.es\/es\/elegides-les-bandes-que-participaran-en-el-ii-certamen-de-musica-festera-de-cocentaina\/"},"author":{"name":"Cope Alcoy","@id":"https:\/\/www.copealcoy.es\/es\/#\/schema\/person\/e777c87fa024e57d40170af9df39882c"},"headline":"Elegides les bandes que participaran en el II Certamen de M\u00fasica Festera de Cocentaina","datePublished":"2020-12-14T11:49:53+00:00","dateModified":"2020-12-14T12:01:00+00:00","mainEntityOfPage":{"@id":"https:\/\/www.copealcoy.es\/es\/elegides-les-bandes-que-participaran-en-el-ii-certamen-de-musica-festera-de-cocentaina\/"},"wordCount":231,"commentCount":0,"image":{"@id":"https:\/\/www.copealcoy.es\/es\/elegides-les-bandes-que-participaran-en-el-ii-certamen-de-musica-festera-de-cocentaina\/#primaryimage"},"thumbnailUrl":"https:\/\/www.copealcoy.es\/wp-content\/uploads\/2020\/10\/10-El-Certamen-se-present\u00f3-ayer-en-el-Sal\u00f3n-de-Plenos-del-Ayuntamiento-Foto-Gabriel-Pascual-scaled.jpg","keywords":["bandes participants","Cocentaina","Francisco Valor","II Certamen Interpretaci\u00f3","M\u00fasica Festera"],"articleSection":["Comarcas","Noticias"],"inLanguage":"es"},{"@type":"WebPage","@id":"https:\/\/www.copealcoy.es\/es\/elegides-les-bandes-que-participaran-en-el-ii-certamen-de-musica-festera-de-cocentaina\/","url":"https:\/\/www.copealcoy.es\/es\/elegides-les-bandes-que-participaran-en-el-ii-certamen-de-musica-festera-de-cocentaina\/","name":"Elegides les bandes que participaran en el II Certamen de M\u00fasica Festera de Cocentaina - COPE Alcoy","isPartOf":{"@id":"https:\/\/www.copealcoy.es\/es\/#website"},"primaryImageOfPage":{"@id":"https:\/\/www.copealcoy.es\/es\/elegides-les-bandes-que-participaran-en-el-ii-certamen-de-musica-festera-de-cocentaina\/#primaryimage"},"image":{"@id":"https:\/\/www.copealcoy.es\/es\/elegides-les-bandes-que-participaran-en-el-ii-certamen-de-musica-festera-de-cocentaina\/#primaryimage"},"thumbnailUrl":"https:\/\/www.copealcoy.es\/wp-content\/uploads\/2020\/10\/10-El-Certamen-se-present\u00f3-ayer-en-el-Sal\u00f3n-de-Plenos-del-Ayuntamiento-Foto-Gabriel-Pascual-scaled.jpg","datePublished":"2020-12-14T11:49:53+00:00","dateModified":"2020-12-14T12:01:00+00:00","author":{"@id":"https:\/\/www.copealcoy.es\/es\/#\/schema\/person\/e777c87fa024e57d40170af9df39882c"},"breadcrumb":{"@id":"https:\/\/www.copealcoy.es\/es\/elegides-les-bandes-que-participaran-en-el-ii-certamen-de-musica-festera-de-cocentaina\/#breadcrumb"},"inLanguage":"es","potentialAction":[{"@type":"ReadAction","target":["https:\/\/www.copealcoy.es\/es\/elegides-les-bandes-que-participaran-en-el-ii-certamen-de-musica-festera-de-cocentaina\/"]}]},{"@type":"ImageObject","inLanguage":"es","@id":"https:\/\/www.copealcoy.es\/es\/elegides-les-bandes-que-participaran-en-el-ii-certamen-de-musica-festera-de-cocentaina\/#primaryimage","url":"https:\/\/www.copealcoy.es\/wp-content\/uploads\/2020\/10\/10-El-Certamen-se-present\u00f3-ayer-en-el-Sal\u00f3n-de-Plenos-del-Ayuntamiento-Foto-Gabriel-Pascual-scaled.jpg","contentUrl":"https:\/\/www.copealcoy.es\/wp-content\/uploads\/2020\/10\/10-El-Certamen-se-present\u00f3-ayer-en-el-Sal\u00f3n-de-Plenos-del-Ayuntamiento-Foto-Gabriel-Pascual-scaled.jpg","width":2560,"height":1517,"caption":"El Certamen s'ha presentat aquest mat\u00ed"},{"@type":"BreadcrumbList","@id":"https:\/\/www.copealcoy.es\/es\/elegides-les-bandes-que-participaran-en-el-ii-certamen-de-musica-festera-de-cocentaina\/#breadcrumb","itemListElement":[{"@type":"ListItem","position":1,"name":"Portada","item":"https:\/\/www.copealcoy.es\/es\/"},{"@type":"ListItem","position":2,"name":"Elegides les bandes que participaran en el II Certamen de M\u00fasica Festera de Cocentaina"}]},{"@type":"WebSite","@id":"https:\/\/www.copealcoy.es\/es\/#website","url":"https:\/\/www.copealcoy.es\/es\/","name":"COPE Alcoy","description":"Emisora COPE de radio local con emisi\u00f3n online. Pont de Sant Jordi 8-10 03803 Alcoy","potentialAction":[{"@type":"SearchAction","target":{"@type":"EntryPoint","urlTemplate":"https:\/\/www.copealcoy.es\/es\/?s={search_term_string}"},"query-input":{"@type":"PropertyValueSpecification","valueRequired":true,"valueName":"search_term_string"}}],"inLanguage":"es"},{"@type":"Person","@id":"https:\/\/www.copealcoy.es\/es\/#\/schema\/person\/e777c87fa024e57d40170af9df39882c","name":"Cope Alcoy","image":{"@type":"ImageObject","inLanguage":"es","@id":"https:\/\/secure.gravatar.com\/avatar\/bb65d0283347e303893ba14f0692005417c1e0e690a325a4c5d8bb2b3943ee14?s=96&d=mm&r=g","url":"https:\/\/secure.gravatar.com\/avatar\/bb65d0283347e303893ba14f0692005417c1e0e690a325a4c5d8bb2b3943ee14?s=96&d=mm&r=g","contentUrl":"https:\/\/secure.gravatar.com\/avatar\/bb65d0283347e303893ba14f0692005417c1e0e690a325a4c5d8bb2b3943ee14?s=96&d=mm&r=g","caption":"Cope Alcoy"}}]}},"_links":{"self":[{"href":"https:\/\/www.copealcoy.es\/es\/wp-json\/wp\/v2\/posts\/68689","targetHints":{"allow":["GET"]}}],"collection":[{"href":"https:\/\/www.copealcoy.es\/es\/wp-json\/wp\/v2\/posts"}],"about":[{"href":"https:\/\/www.copealcoy.es\/es\/wp-json\/wp\/v2\/types\/post"}],"author":[{"embeddable":true,"href":"https:\/\/www.copealcoy.es\/es\/wp-json\/wp\/v2\/users\/1"}],"replies":[{"embeddable":true,"href":"https:\/\/www.copealcoy.es\/es\/wp-json\/wp\/v2\/comments?post=68689"}],"version-history":[{"count":0,"href":"https:\/\/www.copealcoy.es\/es\/wp-json\/wp\/v2\/posts\/68689\/revisions"}],"wp:featuredmedia":[{"embeddable":true,"href":"https:\/\/www.copealcoy.es\/es\/wp-json\/wp\/v2\/media\/66472"}],"wp:attachment":[{"href":"https:\/\/www.copealcoy.es\/es\/wp-json\/wp\/v2\/media?parent=68689"}],"wp:term":[{"taxonomy":"category","embeddable":true,"href":"https:\/\/www.copealcoy.es\/es\/wp-json\/wp\/v2\/categories?post=68689"},{"taxonomy":"post_tag","embeddable":true,"href":"https:\/\/www.copealcoy.es\/es\/wp-json\/wp\/v2\/tags?post=68689"}],"curies":[{"name":"wp","href":"https:\/\/api.w.org\/{rel}","templated":true}]}}