{"id":68534,"date":"2020-12-07T18:41:53","date_gmt":"2020-12-07T18:41:53","guid":{"rendered":"https:\/\/www.copealcoy.es\/?p=68534"},"modified":"2020-12-08T19:45:54","modified_gmt":"2020-12-08T19:45:54","slug":"alcoy-pone-fin-al-iv-centenario-del-patronazgo-de-san-mauro","status":"publish","type":"post","link":"https:\/\/www.copealcoy.es\/es\/alcoy-pone-fin-al-iv-centenario-del-patronazgo-de-san-mauro\/","title":{"rendered":"Alcoy pone fin al IV Centenario del patronazgo de San Mauro"},"content":{"rendered":"<p style=\"text-align: justify;\">Alcoy puso el domingo 6 de diciembre <strong>un brillante colof\u00f3n a los actos conmemorativos del IV Centenario de la elecci\u00f3n de San Mauro como patr\u00f3n de la ciudad<\/strong>, un hecho que <strong>se produjo el 3 de diciembre de 1620<\/strong> ante<strong> los graves terremotos<\/strong> que sacudieron la entonces Villa.\u00a0<\/p>\n<p style=\"text-align: justify;\">El pasado jueves <strong>arranc\u00f3 el Triduo en honor al m\u00e1rtir<\/strong> y durante las tres jornadas <strong>se realizaron diferentes iniciativas<\/strong> como una adoraci\u00f3n ante el Sant\u00edsimo y la imposici\u00f3n de las medallas a los ni\u00f1os as\u00ed como adultos bautizados con el nombre de Mauro. Adem\u00e1s <strong>el s\u00e1bado se celebr\u00f3 la procesi\u00f3n claustral por dentro de la Parroquia de San Mauro y San Francisco<\/strong> en la que se deposit\u00f3 el cop\u00f3n con las Sagradas Formas encima del tronco de olivo que fue colocado en el centro del altar mayor. De esta forma <strong>se record\u00f3 lo que hicieron nuestros antepasados en 1620<\/strong> cuando sacaron el Sant\u00edsimo Sacramento de la parroquia, debido a los graves terremotos, y lo llevaron a la zona de\u00a0<em>Les Eres Noves\u00a0<\/em>para rezar toda la noche pidiendo por el fin de los movimientos s\u00edsmicos. En esta breve procesi\u00f3n<strong> tomaron parte representantes de todas las entidades religiosas de la ciudad<\/strong>, con su correspondiente bander\u00edn, los gremios y <strong>la imagen peque\u00f1a de San Mauro conocida como &#8216;L&#8217;Anxancaet&#8217;<\/strong>.\u00a0<\/p>\n<p style=\"text-align: justify;\">Ya el domingo se celebr\u00f3 <strong>la Misa Mayor<\/strong> a las 12:30h en la citada iglesia de San Mauro y San Francisco <strong>presidida por Don Jos\u00e9 Vilaplana<\/strong>, Obispo Em\u00e9rito de Huelva, y concelebrada por varios sacerdotes; entre ellos el titular de las Parroquias del Centro; <strong>Don Jos\u00e9 Lu\u00eds Llopis<\/strong>. En la eucarist\u00eda el Presidente de la Asociaci\u00f3n de San Mauro, <strong>Jos\u00e9 Domingo Sempere<\/strong>, ley\u00f3 en la acta en la que qued\u00f3 reflejado el nombramiento del santo como patr\u00f3n de Alcoy y <strong>el Ayuntamiento fue nombrado asociado de honor de esta entidad religiosa<\/strong>. Este hecho qued\u00f3 materializado con <strong>la colocaci\u00f3n de un corbat\u00edn en la bandera oficial de nuestra ciudad<\/strong>. Por \u00faltimo desde el balc\u00f3n de la Parroquia<strong> fueron bendecidas las im\u00e1genes de San Mauro y San Francisco<\/strong>, ideadas por el escultor Mart\u00edn Lagares, y que a partir de ahora completar\u00e1n la fachada del templo.<\/p>\n<p style=\"text-align: justify;\">El IV Centenario finaliz\u00f3 con <strong>una misa de Acci\u00f3n de Gracias en honor a San Mauro M\u00e1rtir<\/strong> que se celebr\u00f3 en la tarde del lunes 7 de diciembre, v\u00edspera del d\u00eda de la Inmaculada Concepci\u00f3n.\u00a0<\/p>\n\n\n<p><\/p>\n","protected":false},"excerpt":{"rendered":"<p>Alcoy puso el domingo 6 de diciembre un brillante colof\u00f3n a los actos conmemorativos del IV Centenario de la elecci\u00f3n&#8230;<\/p>\n","protected":false},"author":1,"featured_media":68535,"comment_status":"open","ping_status":"open","sticky":false,"template":"","format":"standard","meta":{"footnotes":""},"categories":[97,78,75],"tags":[1494,7801,10308,127],"class_list":["post-68534","post","type-post","status-publish","format-standard","has-post-thumbnail","hentry","category-alcoy","category-fiestaycultura","category-noticias","tag-alcoy","tag-iv-centenario","tag-patronazgo","tag-san-mauro"],"yoast_head":"<!-- This site is optimized with the Yoast SEO plugin v27.3 - https:\/\/yoast.com\/product\/yoast-seo-wordpress\/ -->\n<title>Alcoy pone fin al IV Centenario del patronazgo de San Mauro - COPE Alcoy<\/title>\n<meta name=\"robots\" content=\"index, follow, max-snippet:-1, max-image-preview:large, max-video-preview:-1\" \/>\n<link rel=\"canonical\" href=\"https:\/\/www.copealcoy.es\/es\/alcoy-pone-fin-al-iv-centenario-del-patronazgo-de-san-mauro\/\" \/>\n<meta property=\"og:locale\" content=\"es_ES\" \/>\n<meta property=\"og:type\" content=\"article\" \/>\n<meta property=\"og:title\" content=\"Alcoy pone fin al IV Centenario del patronazgo de San Mauro - COPE Alcoy\" \/>\n<meta property=\"og:description\" content=\"Alcoy puso el domingo 6 de diciembre un brillante colof\u00f3n a los actos conmemorativos del IV Centenario de la elecci\u00f3n...\" \/>\n<meta property=\"og:url\" content=\"https:\/\/www.copealcoy.es\/es\/alcoy-pone-fin-al-iv-centenario-del-patronazgo-de-san-mauro\/\" \/>\n<meta property=\"og:site_name\" content=\"COPE Alcoy\" \/>\n<meta property=\"article:published_time\" content=\"2020-12-07T18:41:53+00:00\" \/>\n<meta property=\"article:modified_time\" content=\"2020-12-08T19:45:54+00:00\" \/>\n<meta property=\"og:image\" content=\"https:\/\/www.copealcoy.es\/wp-content\/uploads\/2020\/12\/129665280_2250212431788896_2435260602368958229_o.jpg\" \/>\n\t<meta property=\"og:image:width\" content=\"1316\" \/>\n\t<meta property=\"og:image:height\" content=\"640\" \/>\n\t<meta property=\"og:image:type\" content=\"image\/jpeg\" \/>\n<meta name=\"author\" content=\"Cope Alcoy\" \/>\n<meta name=\"twitter:label1\" content=\"Escrito por\" \/>\n\t<meta name=\"twitter:data1\" content=\"Cope Alcoy\" \/>\n\t<meta name=\"twitter:label2\" content=\"Tiempo de lectura\" \/>\n\t<meta name=\"twitter:data2\" content=\"2 minutos\" \/>\n<script type=\"application\/ld+json\" class=\"yoast-schema-graph\">{\"@context\":\"https:\\\/\\\/schema.org\",\"@graph\":[{\"@type\":\"Article\",\"@id\":\"https:\\\/\\\/www.copealcoy.es\\\/es\\\/alcoy-pone-fin-al-iv-centenario-del-patronazgo-de-san-mauro\\\/#article\",\"isPartOf\":{\"@id\":\"https:\\\/\\\/www.copealcoy.es\\\/es\\\/alcoy-pone-fin-al-iv-centenario-del-patronazgo-de-san-mauro\\\/\"},\"author\":{\"name\":\"Cope Alcoy\",\"@id\":\"https:\\\/\\\/www.copealcoy.es\\\/es\\\/#\\\/schema\\\/person\\\/e777c87fa024e57d40170af9df39882c\"},\"headline\":\"Alcoy pone fin al IV Centenario del patronazgo de San Mauro\",\"datePublished\":\"2020-12-07T18:41:53+00:00\",\"dateModified\":\"2020-12-08T19:45:54+00:00\",\"mainEntityOfPage\":{\"@id\":\"https:\\\/\\\/www.copealcoy.es\\\/es\\\/alcoy-pone-fin-al-iv-centenario-del-patronazgo-de-san-mauro\\\/\"},\"wordCount\":432,\"commentCount\":0,\"image\":{\"@id\":\"https:\\\/\\\/www.copealcoy.es\\\/es\\\/alcoy-pone-fin-al-iv-centenario-del-patronazgo-de-san-mauro\\\/#primaryimage\"},\"thumbnailUrl\":\"https:\\\/\\\/www.copealcoy.es\\\/wp-content\\\/uploads\\\/2020\\\/12\\\/129665280_2250212431788896_2435260602368958229_o.jpg\",\"keywords\":[\"Alcoy\",\"IV Centenario\",\"patronazgo\",\"San Mauro\"],\"articleSection\":[\"Alcoy\",\"Fiesta y Cultura\",\"Noticias\"],\"inLanguage\":\"es\"},{\"@type\":\"WebPage\",\"@id\":\"https:\\\/\\\/www.copealcoy.es\\\/es\\\/alcoy-pone-fin-al-iv-centenario-del-patronazgo-de-san-mauro\\\/\",\"url\":\"https:\\\/\\\/www.copealcoy.es\\\/es\\\/alcoy-pone-fin-al-iv-centenario-del-patronazgo-de-san-mauro\\\/\",\"name\":\"Alcoy pone fin al IV Centenario del patronazgo de San Mauro - COPE Alcoy\",\"isPartOf\":{\"@id\":\"https:\\\/\\\/www.copealcoy.es\\\/es\\\/#website\"},\"primaryImageOfPage\":{\"@id\":\"https:\\\/\\\/www.copealcoy.es\\\/es\\\/alcoy-pone-fin-al-iv-centenario-del-patronazgo-de-san-mauro\\\/#primaryimage\"},\"image\":{\"@id\":\"https:\\\/\\\/www.copealcoy.es\\\/es\\\/alcoy-pone-fin-al-iv-centenario-del-patronazgo-de-san-mauro\\\/#primaryimage\"},\"thumbnailUrl\":\"https:\\\/\\\/www.copealcoy.es\\\/wp-content\\\/uploads\\\/2020\\\/12\\\/129665280_2250212431788896_2435260602368958229_o.jpg\",\"datePublished\":\"2020-12-07T18:41:53+00:00\",\"dateModified\":\"2020-12-08T19:45:54+00:00\",\"author\":{\"@id\":\"https:\\\/\\\/www.copealcoy.es\\\/es\\\/#\\\/schema\\\/person\\\/e777c87fa024e57d40170af9df39882c\"},\"breadcrumb\":{\"@id\":\"https:\\\/\\\/www.copealcoy.es\\\/es\\\/alcoy-pone-fin-al-iv-centenario-del-patronazgo-de-san-mauro\\\/#breadcrumb\"},\"inLanguage\":\"es\",\"potentialAction\":[{\"@type\":\"ReadAction\",\"target\":[\"https:\\\/\\\/www.copealcoy.es\\\/es\\\/alcoy-pone-fin-al-iv-centenario-del-patronazgo-de-san-mauro\\\/\"]}]},{\"@type\":\"ImageObject\",\"inLanguage\":\"es\",\"@id\":\"https:\\\/\\\/www.copealcoy.es\\\/es\\\/alcoy-pone-fin-al-iv-centenario-del-patronazgo-de-san-mauro\\\/#primaryimage\",\"url\":\"https:\\\/\\\/www.copealcoy.es\\\/wp-content\\\/uploads\\\/2020\\\/12\\\/129665280_2250212431788896_2435260602368958229_o.jpg\",\"contentUrl\":\"https:\\\/\\\/www.copealcoy.es\\\/wp-content\\\/uploads\\\/2020\\\/12\\\/129665280_2250212431788896_2435260602368958229_o.jpg\",\"width\":1316,\"height\":640},{\"@type\":\"BreadcrumbList\",\"@id\":\"https:\\\/\\\/www.copealcoy.es\\\/es\\\/alcoy-pone-fin-al-iv-centenario-del-patronazgo-de-san-mauro\\\/#breadcrumb\",\"itemListElement\":[{\"@type\":\"ListItem\",\"position\":1,\"name\":\"Portada\",\"item\":\"https:\\\/\\\/www.copealcoy.es\\\/es\\\/\"},{\"@type\":\"ListItem\",\"position\":2,\"name\":\"Alcoy pone fin al IV Centenario del patronazgo de San Mauro\"}]},{\"@type\":\"WebSite\",\"@id\":\"https:\\\/\\\/www.copealcoy.es\\\/es\\\/#website\",\"url\":\"https:\\\/\\\/www.copealcoy.es\\\/es\\\/\",\"name\":\"COPE Alcoy\",\"description\":\"Emisora COPE de radio local con emisi\u00f3n online. Pont de Sant Jordi 8-10 03803 Alcoy\",\"potentialAction\":[{\"@type\":\"SearchAction\",\"target\":{\"@type\":\"EntryPoint\",\"urlTemplate\":\"https:\\\/\\\/www.copealcoy.es\\\/es\\\/?s={search_term_string}\"},\"query-input\":{\"@type\":\"PropertyValueSpecification\",\"valueRequired\":true,\"valueName\":\"search_term_string\"}}],\"inLanguage\":\"es\"},{\"@type\":\"Person\",\"@id\":\"https:\\\/\\\/www.copealcoy.es\\\/es\\\/#\\\/schema\\\/person\\\/e777c87fa024e57d40170af9df39882c\",\"name\":\"Cope Alcoy\",\"image\":{\"@type\":\"ImageObject\",\"inLanguage\":\"es\",\"@id\":\"https:\\\/\\\/secure.gravatar.com\\\/avatar\\\/bb65d0283347e303893ba14f0692005417c1e0e690a325a4c5d8bb2b3943ee14?s=96&d=mm&r=g\",\"url\":\"https:\\\/\\\/secure.gravatar.com\\\/avatar\\\/bb65d0283347e303893ba14f0692005417c1e0e690a325a4c5d8bb2b3943ee14?s=96&d=mm&r=g\",\"contentUrl\":\"https:\\\/\\\/secure.gravatar.com\\\/avatar\\\/bb65d0283347e303893ba14f0692005417c1e0e690a325a4c5d8bb2b3943ee14?s=96&d=mm&r=g\",\"caption\":\"Cope Alcoy\"}}]}<\/script>\n<!-- \/ Yoast SEO plugin. -->","yoast_head_json":{"title":"Alcoy pone fin al IV Centenario del patronazgo de San Mauro - COPE Alcoy","robots":{"index":"index","follow":"follow","max-snippet":"max-snippet:-1","max-image-preview":"max-image-preview:large","max-video-preview":"max-video-preview:-1"},"canonical":"https:\/\/www.copealcoy.es\/es\/alcoy-pone-fin-al-iv-centenario-del-patronazgo-de-san-mauro\/","og_locale":"es_ES","og_type":"article","og_title":"Alcoy pone fin al IV Centenario del patronazgo de San Mauro - COPE Alcoy","og_description":"Alcoy puso el domingo 6 de diciembre un brillante colof\u00f3n a los actos conmemorativos del IV Centenario de la elecci\u00f3n...","og_url":"https:\/\/www.copealcoy.es\/es\/alcoy-pone-fin-al-iv-centenario-del-patronazgo-de-san-mauro\/","og_site_name":"COPE Alcoy","article_published_time":"2020-12-07T18:41:53+00:00","article_modified_time":"2020-12-08T19:45:54+00:00","og_image":[{"width":1316,"height":640,"url":"https:\/\/www.copealcoy.es\/wp-content\/uploads\/2020\/12\/129665280_2250212431788896_2435260602368958229_o.jpg","type":"image\/jpeg"}],"author":"Cope Alcoy","twitter_misc":{"Escrito por":"Cope Alcoy","Tiempo de lectura":"2 minutos"},"schema":{"@context":"https:\/\/schema.org","@graph":[{"@type":"Article","@id":"https:\/\/www.copealcoy.es\/es\/alcoy-pone-fin-al-iv-centenario-del-patronazgo-de-san-mauro\/#article","isPartOf":{"@id":"https:\/\/www.copealcoy.es\/es\/alcoy-pone-fin-al-iv-centenario-del-patronazgo-de-san-mauro\/"},"author":{"name":"Cope Alcoy","@id":"https:\/\/www.copealcoy.es\/es\/#\/schema\/person\/e777c87fa024e57d40170af9df39882c"},"headline":"Alcoy pone fin al IV Centenario del patronazgo de San Mauro","datePublished":"2020-12-07T18:41:53+00:00","dateModified":"2020-12-08T19:45:54+00:00","mainEntityOfPage":{"@id":"https:\/\/www.copealcoy.es\/es\/alcoy-pone-fin-al-iv-centenario-del-patronazgo-de-san-mauro\/"},"wordCount":432,"commentCount":0,"image":{"@id":"https:\/\/www.copealcoy.es\/es\/alcoy-pone-fin-al-iv-centenario-del-patronazgo-de-san-mauro\/#primaryimage"},"thumbnailUrl":"https:\/\/www.copealcoy.es\/wp-content\/uploads\/2020\/12\/129665280_2250212431788896_2435260602368958229_o.jpg","keywords":["Alcoy","IV Centenario","patronazgo","San Mauro"],"articleSection":["Alcoy","Fiesta y Cultura","Noticias"],"inLanguage":"es"},{"@type":"WebPage","@id":"https:\/\/www.copealcoy.es\/es\/alcoy-pone-fin-al-iv-centenario-del-patronazgo-de-san-mauro\/","url":"https:\/\/www.copealcoy.es\/es\/alcoy-pone-fin-al-iv-centenario-del-patronazgo-de-san-mauro\/","name":"Alcoy pone fin al IV Centenario del patronazgo de San Mauro - COPE Alcoy","isPartOf":{"@id":"https:\/\/www.copealcoy.es\/es\/#website"},"primaryImageOfPage":{"@id":"https:\/\/www.copealcoy.es\/es\/alcoy-pone-fin-al-iv-centenario-del-patronazgo-de-san-mauro\/#primaryimage"},"image":{"@id":"https:\/\/www.copealcoy.es\/es\/alcoy-pone-fin-al-iv-centenario-del-patronazgo-de-san-mauro\/#primaryimage"},"thumbnailUrl":"https:\/\/www.copealcoy.es\/wp-content\/uploads\/2020\/12\/129665280_2250212431788896_2435260602368958229_o.jpg","datePublished":"2020-12-07T18:41:53+00:00","dateModified":"2020-12-08T19:45:54+00:00","author":{"@id":"https:\/\/www.copealcoy.es\/es\/#\/schema\/person\/e777c87fa024e57d40170af9df39882c"},"breadcrumb":{"@id":"https:\/\/www.copealcoy.es\/es\/alcoy-pone-fin-al-iv-centenario-del-patronazgo-de-san-mauro\/#breadcrumb"},"inLanguage":"es","potentialAction":[{"@type":"ReadAction","target":["https:\/\/www.copealcoy.es\/es\/alcoy-pone-fin-al-iv-centenario-del-patronazgo-de-san-mauro\/"]}]},{"@type":"ImageObject","inLanguage":"es","@id":"https:\/\/www.copealcoy.es\/es\/alcoy-pone-fin-al-iv-centenario-del-patronazgo-de-san-mauro\/#primaryimage","url":"https:\/\/www.copealcoy.es\/wp-content\/uploads\/2020\/12\/129665280_2250212431788896_2435260602368958229_o.jpg","contentUrl":"https:\/\/www.copealcoy.es\/wp-content\/uploads\/2020\/12\/129665280_2250212431788896_2435260602368958229_o.jpg","width":1316,"height":640},{"@type":"BreadcrumbList","@id":"https:\/\/www.copealcoy.es\/es\/alcoy-pone-fin-al-iv-centenario-del-patronazgo-de-san-mauro\/#breadcrumb","itemListElement":[{"@type":"ListItem","position":1,"name":"Portada","item":"https:\/\/www.copealcoy.es\/es\/"},{"@type":"ListItem","position":2,"name":"Alcoy pone fin al IV Centenario del patronazgo de San Mauro"}]},{"@type":"WebSite","@id":"https:\/\/www.copealcoy.es\/es\/#website","url":"https:\/\/www.copealcoy.es\/es\/","name":"COPE Alcoy","description":"Emisora COPE de radio local con emisi\u00f3n online. Pont de Sant Jordi 8-10 03803 Alcoy","potentialAction":[{"@type":"SearchAction","target":{"@type":"EntryPoint","urlTemplate":"https:\/\/www.copealcoy.es\/es\/?s={search_term_string}"},"query-input":{"@type":"PropertyValueSpecification","valueRequired":true,"valueName":"search_term_string"}}],"inLanguage":"es"},{"@type":"Person","@id":"https:\/\/www.copealcoy.es\/es\/#\/schema\/person\/e777c87fa024e57d40170af9df39882c","name":"Cope Alcoy","image":{"@type":"ImageObject","inLanguage":"es","@id":"https:\/\/secure.gravatar.com\/avatar\/bb65d0283347e303893ba14f0692005417c1e0e690a325a4c5d8bb2b3943ee14?s=96&d=mm&r=g","url":"https:\/\/secure.gravatar.com\/avatar\/bb65d0283347e303893ba14f0692005417c1e0e690a325a4c5d8bb2b3943ee14?s=96&d=mm&r=g","contentUrl":"https:\/\/secure.gravatar.com\/avatar\/bb65d0283347e303893ba14f0692005417c1e0e690a325a4c5d8bb2b3943ee14?s=96&d=mm&r=g","caption":"Cope Alcoy"}}]}},"_links":{"self":[{"href":"https:\/\/www.copealcoy.es\/es\/wp-json\/wp\/v2\/posts\/68534","targetHints":{"allow":["GET"]}}],"collection":[{"href":"https:\/\/www.copealcoy.es\/es\/wp-json\/wp\/v2\/posts"}],"about":[{"href":"https:\/\/www.copealcoy.es\/es\/wp-json\/wp\/v2\/types\/post"}],"author":[{"embeddable":true,"href":"https:\/\/www.copealcoy.es\/es\/wp-json\/wp\/v2\/users\/1"}],"replies":[{"embeddable":true,"href":"https:\/\/www.copealcoy.es\/es\/wp-json\/wp\/v2\/comments?post=68534"}],"version-history":[{"count":0,"href":"https:\/\/www.copealcoy.es\/es\/wp-json\/wp\/v2\/posts\/68534\/revisions"}],"wp:featuredmedia":[{"embeddable":true,"href":"https:\/\/www.copealcoy.es\/es\/wp-json\/wp\/v2\/media\/68535"}],"wp:attachment":[{"href":"https:\/\/www.copealcoy.es\/es\/wp-json\/wp\/v2\/media?parent=68534"}],"wp:term":[{"taxonomy":"category","embeddable":true,"href":"https:\/\/www.copealcoy.es\/es\/wp-json\/wp\/v2\/categories?post=68534"},{"taxonomy":"post_tag","embeddable":true,"href":"https:\/\/www.copealcoy.es\/es\/wp-json\/wp\/v2\/tags?post=68534"}],"curies":[{"name":"wp","href":"https:\/\/api.w.org\/{rel}","templated":true}]}}