{"id":68508,"date":"2020-11-09T19:18:43","date_gmt":"2020-11-09T19:18:43","guid":{"rendered":"https:\/\/www.copealcoy.es\/?p=68508"},"modified":"2020-12-07T19:36:23","modified_gmt":"2020-12-07T19:36:23","slug":"gran-remontada-para-la-victoria-del-union-alcoyana-en-el-laporta-ante-el-lider","status":"publish","type":"post","link":"https:\/\/www.copealcoy.es\/es\/gran-remontada-para-la-victoria-del-union-alcoyana-en-el-laporta-ante-el-lider\/","title":{"rendered":"Gran remontada para la victoria del Uni\u00f3n Alcoyana en el Laporta ante el l\u00edder"},"content":{"rendered":"<p style=\"text-align: justify;\"><strong>Segunda victoria de la temporada<\/strong> y menuda victoria para el Uni\u00f3n Alcoyana FS.<\/p>\n<p style=\"text-align: justify;\">Llegaban <strong>ambos equipos invictos al parqu\u00e9 del Francisco Laporta<\/strong> en un partido en el que se esperaba <strong>una nueva excelente entrada en las gradas<\/strong> pero que finalmente <strong>se ten\u00eda que disputar a puerta cerrada<\/strong> por el comunicado recibido por la Generalitat Valenciana.<\/p>\n<p style=\"text-align: justify;\">As\u00ed, el partido, sin afici\u00f3n, <strong>enfrentar\u00eda a los que ven\u00edan siendo los dos primeros clasificados<\/strong> tras las 3 primeras jornadas.<\/p>\n<p style=\"text-align: justify;\"><strong>Javi Silvestre<\/strong> iniciar\u00eda con <strong>Moyano, Bili, Tito, Dako y Vercher<\/strong>. En <strong>la banqueta<\/strong> esperar\u00edan Tekio (ps), Ximo, Iago, Borja, Pablo y Sanz.<\/p>\n<p style=\"text-align: justify;\">El inicio del encuentro <strong>depar\u00f3 tanteo y posesi\u00f3n repartida en ambos equipos<\/strong>. Los nuestros llegaban m\u00e1s y dispusieron desde bien pronto de <strong>claras ocasiones<\/strong> por parte de Tito y Vercher pero el inspirado meta local evitar\u00eda el gol.<\/p>\n<p style=\"text-align: justify;\">Segu\u00eda la lucha en la pista\u2026 <strong>los entrenadores rotaban el banquillo y los l\u00edderes se iban haciendo con el partido.<\/strong> En el 10\u2032 <strong>Moyano salvaba un clar\u00edsimo 2\u00d71<\/strong> sacando un pie inesperado para <strong>evitar un 0-1<\/strong> que parec\u00eda m\u00e1s que hecho.<\/p>\n<p style=\"text-align: justify;\">En el 1<strong>2\u2019 Moyano salvaba dos m\u00e1s de manea consecutiva<\/strong>. La <strong>primera<\/strong> en otro 2\u00d71 lanz\u00e1ndose abajo al palo cuando s\u00f3lo parec\u00eda s\u00f3lo tener que empujarla. Inmediatamente <strong>otras con un fuerte disparo<\/strong> desde 5 metros. La <strong>insistencia castelluda<\/strong> dar\u00eda sus frutos antes del descanso. Los nuestros <strong>no se encontraban c\u00f3modos en la pista<\/strong> y Moyano doblaba trabajo de manera excepcional.<\/p>\n<p style=\"text-align: justify;\">Nada pudo hacer a falta de 3:43. Antoni, tras recortar con gran calidad en el \u00e1rea, <strong>dispara y su rebote es desviado por Tito<\/strong> para entrar cerca del palo corto cuando Moyano <strong>se lanzaba al contrario<\/strong>. As\u00ed se <strong>llegar\u00eda al descanso<\/strong>.<\/p>\n<p style=\"text-align: justify;\">Los nuestros <strong>se conjuraron en el descanso<\/strong> para darle la vuelta a la situaci\u00f3n.<\/p>\n<p style=\"text-align: justify;\">Empezar\u00eda de nuevo <strong>igualado<\/strong> el encuentro tras la reanudaci\u00f3n. En el 26\u2019, <strong>una jugada de c\u00f3rner<\/strong> perfectamente ejecutada posibilitar\u00eda un peligroso disparo que<strong> a punto de transformarse en el empate<\/strong> pero el meta visitante Adri\u00e1n <strong>se har\u00eda con el esf\u00e9rico<\/strong> para lanzar una inteligente contra 2\u00d71 contra Moyano que <strong>se estall\u00f3 en el palo<\/strong> cuando el gol, de nuevo, estaba cantado. Los celestes <strong>se salvaban in extremis<\/strong>.<\/p>\n<p style=\"text-align: justify;\">En el 27\u2019 <strong>doble clara ocasi\u00f3n xa el Uni\u00f3n Alcoyana FS<\/strong>. Iago desde la frontal<strong> no pudo empujarla a la red<\/strong>. En el 28\u2019 ocasi\u00f3n otra para Pablo Sanz tras pase de Borja. Apretaban los nuestros <strong>en ataque y en defensa<\/strong> de nuevo cuando quedaban 10\u2032 para el final. Este <strong>era realmente<\/strong> el equipo de Javi Silvestre.<\/p>\n<p style=\"text-align: justify;\">Los celestes <strong>cog\u00edan el mando<\/strong> pero en el 30\u2019<strong> jarro de agua fr\u00eda<\/strong> en el Francisco Laporta. David, tras varios rebotes en la frontal <strong>la pegar\u00eda para colarse lentamente entre las piernas de Moyano (0-2)<\/strong>. Cuando mejor estaba el equipo el CFS Castalla de David Peinado <strong>se distanciaba en el electr\u00f3nico<\/strong>. Los nuestros <strong>recortar\u00edan pronto<\/strong> para encarar el \u00faltimo tercio partido con m\u00e1ximas esperanzas.<\/p>\n<p style=\"text-align: justify;\">En el 32\u2019 <strong>un penalti a Borja en una jugada de estrategia<\/strong> posibilitar\u00eda al pichichi Bili poner el 1-2. Los nuestros <strong>estaban de nuevo cerca<\/strong>. En el 36\u2032 llegar\u00eda el empate. Jugad\u00f3n de Bili en banda en banda derecha <strong>deshaci\u00e9ndose de tres rivales<\/strong> y<strong> para ponerla con calma<\/strong> y con el interior al palo largo (2-2).<\/p>\n<p style=\"text-align: justify;\">Gol de Dako en el mismo minuto de juego. Quedaban 4:07 y <strong>otra gran jugada de Bili en banda derecha facilitar\u00eda el dispar\u00f3 de Tito<\/strong>, que fue taponado en primera instancia, pero que<strong> en segunda ver\u00eda como nuestro otro hombre gol<\/strong> transformaba en el 3-2 y el j\u00fabilo en el banquillo local.<\/p>\n<p style=\"text-align: justify;\">David Peinado <strong>optar\u00eda por el juego de portero-jugador<\/strong> a falta de 3:30 para el final. Los nuestros <strong>segu\u00edan con el mono de trabajo<\/strong> para defender ese +3 que estaba en sus manos.<\/p>\n<p style=\"text-align: justify;\">Dako y Tito <strong>tuvieron dos clar\u00edsimas sin portero<\/strong> pero marrar\u00edan. En la tercera, s\u00ed. La zurda del cierre Vercher <strong>esta vez si aprovechar\u00eda un error en la salida castelluda para empalmarla con agresividad<\/strong> y hacer distancia con el 4-2 a falta de 3:05. Los nuestros acariciaban el primer +3 en casa pero quedaba mucho por ver. En primer lugar <strong>la rigurosa expulsi\u00f3n de Vercher<\/strong> al celebrar el gol cogi\u00e9ndose de la red de fondo de la pista. Era la segunda tarjeta amarilla y <strong>los nuestros se quedaban con un jugador menos<\/strong> para los pr\u00f3ximos dos minutos pero los nuestros estaban con confianza.<\/p>\n<p style=\"text-align: justify;\">Con 4\u00d73 y <strong>despu\u00e9s de defender bien el primer minuto de inferioridad<\/strong>, se pudo crear <strong>una excelente contra para que Tito<\/strong>, sin \u00e1ngulo, la colara por bajo de las piernas del portero visitante el 5-2 a falta de 2 minutos. De ah\u00ed al final, <strong>gran defensa local<\/strong> ante el acoso de los de David Peinado.<\/p>\n<p style=\"text-align: justify;\">Grand\u00edsimo partido de los nuestros <strong>para conseguir un nuevo +3<\/strong>, acercarse a un punto del l\u00edder <strong>desde la segunda posici\u00f3n<\/strong> y ser ya el \u00fanico equipo invicto del grupo.<\/p>\n<p style=\"text-align: justify;\">La pr\u00f3xima semana, <strong>otro nuevo reto en La Malladeta (s\u00e1bado, 18:00h) ante un dur\u00edsimo rival como es La Vila en su casa<\/strong>. Los vileros persiguen a los de Javi Silvestre, junto al Novelda, a tan s\u00f3lo un punto.<\/p>\n","protected":false},"excerpt":{"rendered":"<p>Segunda victoria de la temporada y menuda victoria para el Uni\u00f3n Alcoyana FS. Llegaban ambos equipos invictos al parqu\u00e9 del&#8230;<\/p>\n","protected":false},"author":1,"featured_media":68509,"comment_status":"open","ping_status":"open","sticky":false,"template":"","format":"standard","meta":{"footnotes":""},"categories":[97,92,75],"tags":[1619,10437,3284,3526],"class_list":["post-68508","post","type-post","status-publish","format-standard","has-post-thumbnail","hentry","category-alcoy","category-deportes","category-noticias","tag-castalla","tag-remontada","tag-union-alcoyana-fs","tag-victoria"],"yoast_head":"<!-- This site is optimized with the Yoast SEO plugin v27.3 - https:\/\/yoast.com\/product\/yoast-seo-wordpress\/ -->\n<title>Gran remontada para la victoria del Uni\u00f3n Alcoyana en el Laporta ante el l\u00edder - COPE Alcoy<\/title>\n<meta name=\"robots\" content=\"index, follow, max-snippet:-1, max-image-preview:large, max-video-preview:-1\" \/>\n<link rel=\"canonical\" href=\"https:\/\/www.copealcoy.es\/es\/gran-remontada-para-la-victoria-del-union-alcoyana-en-el-laporta-ante-el-lider\/\" \/>\n<meta property=\"og:locale\" content=\"es_ES\" \/>\n<meta property=\"og:type\" content=\"article\" \/>\n<meta property=\"og:title\" content=\"Gran remontada para la victoria del Uni\u00f3n Alcoyana en el Laporta ante el l\u00edder - COPE Alcoy\" \/>\n<meta property=\"og:description\" content=\"Segunda victoria de la temporada y menuda victoria para el Uni\u00f3n Alcoyana FS. Llegaban ambos equipos invictos al parqu\u00e9 del...\" \/>\n<meta property=\"og:url\" content=\"https:\/\/www.copealcoy.es\/es\/gran-remontada-para-la-victoria-del-union-alcoyana-en-el-laporta-ante-el-lider\/\" \/>\n<meta property=\"og:site_name\" content=\"COPE Alcoy\" \/>\n<meta property=\"article:published_time\" content=\"2020-11-09T19:18:43+00:00\" \/>\n<meta property=\"article:modified_time\" content=\"2020-12-07T19:36:23+00:00\" \/>\n<meta property=\"og:image\" content=\"https:\/\/www.copealcoy.es\/wp-content\/uploads\/2020\/12\/\u00a9-PSTFotografia-071120-0001-1536x1025-1.jpg\" \/>\n\t<meta property=\"og:image:width\" content=\"1536\" \/>\n\t<meta property=\"og:image:height\" content=\"1025\" \/>\n\t<meta property=\"og:image:type\" content=\"image\/jpeg\" \/>\n<meta name=\"author\" content=\"Cope Alcoy\" \/>\n<meta name=\"twitter:label1\" content=\"Escrito por\" \/>\n\t<meta name=\"twitter:data1\" content=\"Cope Alcoy\" \/>\n\t<meta name=\"twitter:label2\" content=\"Tiempo de lectura\" \/>\n\t<meta name=\"twitter:data2\" content=\"4 minutos\" \/>\n<script type=\"application\/ld+json\" class=\"yoast-schema-graph\">{\"@context\":\"https:\\\/\\\/schema.org\",\"@graph\":[{\"@type\":\"Article\",\"@id\":\"https:\\\/\\\/www.copealcoy.es\\\/es\\\/gran-remontada-para-la-victoria-del-union-alcoyana-en-el-laporta-ante-el-lider\\\/#article\",\"isPartOf\":{\"@id\":\"https:\\\/\\\/www.copealcoy.es\\\/es\\\/gran-remontada-para-la-victoria-del-union-alcoyana-en-el-laporta-ante-el-lider\\\/\"},\"author\":{\"name\":\"Cope Alcoy\",\"@id\":\"https:\\\/\\\/www.copealcoy.es\\\/es\\\/#\\\/schema\\\/person\\\/e777c87fa024e57d40170af9df39882c\"},\"headline\":\"Gran remontada para la victoria del Uni\u00f3n Alcoyana en el Laporta ante el l\u00edder\",\"datePublished\":\"2020-11-09T19:18:43+00:00\",\"dateModified\":\"2020-12-07T19:36:23+00:00\",\"mainEntityOfPage\":{\"@id\":\"https:\\\/\\\/www.copealcoy.es\\\/es\\\/gran-remontada-para-la-victoria-del-union-alcoyana-en-el-laporta-ante-el-lider\\\/\"},\"wordCount\":899,\"commentCount\":0,\"image\":{\"@id\":\"https:\\\/\\\/www.copealcoy.es\\\/es\\\/gran-remontada-para-la-victoria-del-union-alcoyana-en-el-laporta-ante-el-lider\\\/#primaryimage\"},\"thumbnailUrl\":\"https:\\\/\\\/www.copealcoy.es\\\/wp-content\\\/uploads\\\/2020\\\/12\\\/\u00a9-PSTFotografia-071120-0001-1536x1025-1.jpg\",\"keywords\":[\"Castalla\",\"Remontada\",\"Uni\u00f3n Alcoyana FS\",\"Victoria\"],\"articleSection\":[\"Alcoy\",\"Deportes\",\"Noticias\"],\"inLanguage\":\"es\"},{\"@type\":\"WebPage\",\"@id\":\"https:\\\/\\\/www.copealcoy.es\\\/es\\\/gran-remontada-para-la-victoria-del-union-alcoyana-en-el-laporta-ante-el-lider\\\/\",\"url\":\"https:\\\/\\\/www.copealcoy.es\\\/es\\\/gran-remontada-para-la-victoria-del-union-alcoyana-en-el-laporta-ante-el-lider\\\/\",\"name\":\"Gran remontada para la victoria del Uni\u00f3n Alcoyana en el Laporta ante el l\u00edder - COPE Alcoy\",\"isPartOf\":{\"@id\":\"https:\\\/\\\/www.copealcoy.es\\\/es\\\/#website\"},\"primaryImageOfPage\":{\"@id\":\"https:\\\/\\\/www.copealcoy.es\\\/es\\\/gran-remontada-para-la-victoria-del-union-alcoyana-en-el-laporta-ante-el-lider\\\/#primaryimage\"},\"image\":{\"@id\":\"https:\\\/\\\/www.copealcoy.es\\\/es\\\/gran-remontada-para-la-victoria-del-union-alcoyana-en-el-laporta-ante-el-lider\\\/#primaryimage\"},\"thumbnailUrl\":\"https:\\\/\\\/www.copealcoy.es\\\/wp-content\\\/uploads\\\/2020\\\/12\\\/\u00a9-PSTFotografia-071120-0001-1536x1025-1.jpg\",\"datePublished\":\"2020-11-09T19:18:43+00:00\",\"dateModified\":\"2020-12-07T19:36:23+00:00\",\"author\":{\"@id\":\"https:\\\/\\\/www.copealcoy.es\\\/es\\\/#\\\/schema\\\/person\\\/e777c87fa024e57d40170af9df39882c\"},\"breadcrumb\":{\"@id\":\"https:\\\/\\\/www.copealcoy.es\\\/es\\\/gran-remontada-para-la-victoria-del-union-alcoyana-en-el-laporta-ante-el-lider\\\/#breadcrumb\"},\"inLanguage\":\"es\",\"potentialAction\":[{\"@type\":\"ReadAction\",\"target\":[\"https:\\\/\\\/www.copealcoy.es\\\/es\\\/gran-remontada-para-la-victoria-del-union-alcoyana-en-el-laporta-ante-el-lider\\\/\"]}]},{\"@type\":\"ImageObject\",\"inLanguage\":\"es\",\"@id\":\"https:\\\/\\\/www.copealcoy.es\\\/es\\\/gran-remontada-para-la-victoria-del-union-alcoyana-en-el-laporta-ante-el-lider\\\/#primaryimage\",\"url\":\"https:\\\/\\\/www.copealcoy.es\\\/wp-content\\\/uploads\\\/2020\\\/12\\\/\u00a9-PSTFotografia-071120-0001-1536x1025-1.jpg\",\"contentUrl\":\"https:\\\/\\\/www.copealcoy.es\\\/wp-content\\\/uploads\\\/2020\\\/12\\\/\u00a9-PSTFotografia-071120-0001-1536x1025-1.jpg\",\"width\":1536,\"height\":1025},{\"@type\":\"BreadcrumbList\",\"@id\":\"https:\\\/\\\/www.copealcoy.es\\\/es\\\/gran-remontada-para-la-victoria-del-union-alcoyana-en-el-laporta-ante-el-lider\\\/#breadcrumb\",\"itemListElement\":[{\"@type\":\"ListItem\",\"position\":1,\"name\":\"Portada\",\"item\":\"https:\\\/\\\/www.copealcoy.es\\\/es\\\/\"},{\"@type\":\"ListItem\",\"position\":2,\"name\":\"Gran remontada para la victoria del Uni\u00f3n Alcoyana en el Laporta ante el l\u00edder\"}]},{\"@type\":\"WebSite\",\"@id\":\"https:\\\/\\\/www.copealcoy.es\\\/es\\\/#website\",\"url\":\"https:\\\/\\\/www.copealcoy.es\\\/es\\\/\",\"name\":\"COPE Alcoy\",\"description\":\"Emisora COPE de radio local con emisi\u00f3n online. Pont de Sant Jordi 8-10 03803 Alcoy\",\"potentialAction\":[{\"@type\":\"SearchAction\",\"target\":{\"@type\":\"EntryPoint\",\"urlTemplate\":\"https:\\\/\\\/www.copealcoy.es\\\/es\\\/?s={search_term_string}\"},\"query-input\":{\"@type\":\"PropertyValueSpecification\",\"valueRequired\":true,\"valueName\":\"search_term_string\"}}],\"inLanguage\":\"es\"},{\"@type\":\"Person\",\"@id\":\"https:\\\/\\\/www.copealcoy.es\\\/es\\\/#\\\/schema\\\/person\\\/e777c87fa024e57d40170af9df39882c\",\"name\":\"Cope Alcoy\",\"image\":{\"@type\":\"ImageObject\",\"inLanguage\":\"es\",\"@id\":\"https:\\\/\\\/secure.gravatar.com\\\/avatar\\\/bb65d0283347e303893ba14f0692005417c1e0e690a325a4c5d8bb2b3943ee14?s=96&d=mm&r=g\",\"url\":\"https:\\\/\\\/secure.gravatar.com\\\/avatar\\\/bb65d0283347e303893ba14f0692005417c1e0e690a325a4c5d8bb2b3943ee14?s=96&d=mm&r=g\",\"contentUrl\":\"https:\\\/\\\/secure.gravatar.com\\\/avatar\\\/bb65d0283347e303893ba14f0692005417c1e0e690a325a4c5d8bb2b3943ee14?s=96&d=mm&r=g\",\"caption\":\"Cope Alcoy\"}}]}<\/script>\n<!-- \/ Yoast SEO plugin. -->","yoast_head_json":{"title":"Gran remontada para la victoria del Uni\u00f3n Alcoyana en el Laporta ante el l\u00edder - COPE Alcoy","robots":{"index":"index","follow":"follow","max-snippet":"max-snippet:-1","max-image-preview":"max-image-preview:large","max-video-preview":"max-video-preview:-1"},"canonical":"https:\/\/www.copealcoy.es\/es\/gran-remontada-para-la-victoria-del-union-alcoyana-en-el-laporta-ante-el-lider\/","og_locale":"es_ES","og_type":"article","og_title":"Gran remontada para la victoria del Uni\u00f3n Alcoyana en el Laporta ante el l\u00edder - COPE Alcoy","og_description":"Segunda victoria de la temporada y menuda victoria para el Uni\u00f3n Alcoyana FS. Llegaban ambos equipos invictos al parqu\u00e9 del...","og_url":"https:\/\/www.copealcoy.es\/es\/gran-remontada-para-la-victoria-del-union-alcoyana-en-el-laporta-ante-el-lider\/","og_site_name":"COPE Alcoy","article_published_time":"2020-11-09T19:18:43+00:00","article_modified_time":"2020-12-07T19:36:23+00:00","og_image":[{"width":1536,"height":1025,"url":"https:\/\/www.copealcoy.es\/wp-content\/uploads\/2020\/12\/\u00a9-PSTFotografia-071120-0001-1536x1025-1.jpg","type":"image\/jpeg"}],"author":"Cope Alcoy","twitter_misc":{"Escrito por":"Cope Alcoy","Tiempo de lectura":"4 minutos"},"schema":{"@context":"https:\/\/schema.org","@graph":[{"@type":"Article","@id":"https:\/\/www.copealcoy.es\/es\/gran-remontada-para-la-victoria-del-union-alcoyana-en-el-laporta-ante-el-lider\/#article","isPartOf":{"@id":"https:\/\/www.copealcoy.es\/es\/gran-remontada-para-la-victoria-del-union-alcoyana-en-el-laporta-ante-el-lider\/"},"author":{"name":"Cope Alcoy","@id":"https:\/\/www.copealcoy.es\/es\/#\/schema\/person\/e777c87fa024e57d40170af9df39882c"},"headline":"Gran remontada para la victoria del Uni\u00f3n Alcoyana en el Laporta ante el l\u00edder","datePublished":"2020-11-09T19:18:43+00:00","dateModified":"2020-12-07T19:36:23+00:00","mainEntityOfPage":{"@id":"https:\/\/www.copealcoy.es\/es\/gran-remontada-para-la-victoria-del-union-alcoyana-en-el-laporta-ante-el-lider\/"},"wordCount":899,"commentCount":0,"image":{"@id":"https:\/\/www.copealcoy.es\/es\/gran-remontada-para-la-victoria-del-union-alcoyana-en-el-laporta-ante-el-lider\/#primaryimage"},"thumbnailUrl":"https:\/\/www.copealcoy.es\/wp-content\/uploads\/2020\/12\/\u00a9-PSTFotografia-071120-0001-1536x1025-1.jpg","keywords":["Castalla","Remontada","Uni\u00f3n Alcoyana FS","Victoria"],"articleSection":["Alcoy","Deportes","Noticias"],"inLanguage":"es"},{"@type":"WebPage","@id":"https:\/\/www.copealcoy.es\/es\/gran-remontada-para-la-victoria-del-union-alcoyana-en-el-laporta-ante-el-lider\/","url":"https:\/\/www.copealcoy.es\/es\/gran-remontada-para-la-victoria-del-union-alcoyana-en-el-laporta-ante-el-lider\/","name":"Gran remontada para la victoria del Uni\u00f3n Alcoyana en el Laporta ante el l\u00edder - COPE Alcoy","isPartOf":{"@id":"https:\/\/www.copealcoy.es\/es\/#website"},"primaryImageOfPage":{"@id":"https:\/\/www.copealcoy.es\/es\/gran-remontada-para-la-victoria-del-union-alcoyana-en-el-laporta-ante-el-lider\/#primaryimage"},"image":{"@id":"https:\/\/www.copealcoy.es\/es\/gran-remontada-para-la-victoria-del-union-alcoyana-en-el-laporta-ante-el-lider\/#primaryimage"},"thumbnailUrl":"https:\/\/www.copealcoy.es\/wp-content\/uploads\/2020\/12\/\u00a9-PSTFotografia-071120-0001-1536x1025-1.jpg","datePublished":"2020-11-09T19:18:43+00:00","dateModified":"2020-12-07T19:36:23+00:00","author":{"@id":"https:\/\/www.copealcoy.es\/es\/#\/schema\/person\/e777c87fa024e57d40170af9df39882c"},"breadcrumb":{"@id":"https:\/\/www.copealcoy.es\/es\/gran-remontada-para-la-victoria-del-union-alcoyana-en-el-laporta-ante-el-lider\/#breadcrumb"},"inLanguage":"es","potentialAction":[{"@type":"ReadAction","target":["https:\/\/www.copealcoy.es\/es\/gran-remontada-para-la-victoria-del-union-alcoyana-en-el-laporta-ante-el-lider\/"]}]},{"@type":"ImageObject","inLanguage":"es","@id":"https:\/\/www.copealcoy.es\/es\/gran-remontada-para-la-victoria-del-union-alcoyana-en-el-laporta-ante-el-lider\/#primaryimage","url":"https:\/\/www.copealcoy.es\/wp-content\/uploads\/2020\/12\/\u00a9-PSTFotografia-071120-0001-1536x1025-1.jpg","contentUrl":"https:\/\/www.copealcoy.es\/wp-content\/uploads\/2020\/12\/\u00a9-PSTFotografia-071120-0001-1536x1025-1.jpg","width":1536,"height":1025},{"@type":"BreadcrumbList","@id":"https:\/\/www.copealcoy.es\/es\/gran-remontada-para-la-victoria-del-union-alcoyana-en-el-laporta-ante-el-lider\/#breadcrumb","itemListElement":[{"@type":"ListItem","position":1,"name":"Portada","item":"https:\/\/www.copealcoy.es\/es\/"},{"@type":"ListItem","position":2,"name":"Gran remontada para la victoria del Uni\u00f3n Alcoyana en el Laporta ante el l\u00edder"}]},{"@type":"WebSite","@id":"https:\/\/www.copealcoy.es\/es\/#website","url":"https:\/\/www.copealcoy.es\/es\/","name":"COPE Alcoy","description":"Emisora COPE de radio local con emisi\u00f3n online. Pont de Sant Jordi 8-10 03803 Alcoy","potentialAction":[{"@type":"SearchAction","target":{"@type":"EntryPoint","urlTemplate":"https:\/\/www.copealcoy.es\/es\/?s={search_term_string}"},"query-input":{"@type":"PropertyValueSpecification","valueRequired":true,"valueName":"search_term_string"}}],"inLanguage":"es"},{"@type":"Person","@id":"https:\/\/www.copealcoy.es\/es\/#\/schema\/person\/e777c87fa024e57d40170af9df39882c","name":"Cope Alcoy","image":{"@type":"ImageObject","inLanguage":"es","@id":"https:\/\/secure.gravatar.com\/avatar\/bb65d0283347e303893ba14f0692005417c1e0e690a325a4c5d8bb2b3943ee14?s=96&d=mm&r=g","url":"https:\/\/secure.gravatar.com\/avatar\/bb65d0283347e303893ba14f0692005417c1e0e690a325a4c5d8bb2b3943ee14?s=96&d=mm&r=g","contentUrl":"https:\/\/secure.gravatar.com\/avatar\/bb65d0283347e303893ba14f0692005417c1e0e690a325a4c5d8bb2b3943ee14?s=96&d=mm&r=g","caption":"Cope Alcoy"}}]}},"_links":{"self":[{"href":"https:\/\/www.copealcoy.es\/es\/wp-json\/wp\/v2\/posts\/68508","targetHints":{"allow":["GET"]}}],"collection":[{"href":"https:\/\/www.copealcoy.es\/es\/wp-json\/wp\/v2\/posts"}],"about":[{"href":"https:\/\/www.copealcoy.es\/es\/wp-json\/wp\/v2\/types\/post"}],"author":[{"embeddable":true,"href":"https:\/\/www.copealcoy.es\/es\/wp-json\/wp\/v2\/users\/1"}],"replies":[{"embeddable":true,"href":"https:\/\/www.copealcoy.es\/es\/wp-json\/wp\/v2\/comments?post=68508"}],"version-history":[{"count":0,"href":"https:\/\/www.copealcoy.es\/es\/wp-json\/wp\/v2\/posts\/68508\/revisions"}],"wp:featuredmedia":[{"embeddable":true,"href":"https:\/\/www.copealcoy.es\/es\/wp-json\/wp\/v2\/media\/68509"}],"wp:attachment":[{"href":"https:\/\/www.copealcoy.es\/es\/wp-json\/wp\/v2\/media?parent=68508"}],"wp:term":[{"taxonomy":"category","embeddable":true,"href":"https:\/\/www.copealcoy.es\/es\/wp-json\/wp\/v2\/categories?post=68508"},{"taxonomy":"post_tag","embeddable":true,"href":"https:\/\/www.copealcoy.es\/es\/wp-json\/wp\/v2\/tags?post=68508"}],"curies":[{"name":"wp","href":"https:\/\/api.w.org\/{rel}","templated":true}]}}