{"id":68467,"date":"2020-12-05T19:51:04","date_gmt":"2020-12-05T19:51:04","guid":{"rendered":"https:\/\/www.copealcoy.es\/?p=68467"},"modified":"2020-12-06T18:48:30","modified_gmt":"2020-12-06T18:48:30","slug":"7-de-diciembre-un-festivo-local-en-buena-parte-de-lalcoia-y-el-comtat","status":"publish","type":"post","link":"https:\/\/www.copealcoy.es\/es\/7-de-diciembre-un-festivo-local-en-buena-parte-de-lalcoia-y-el-comtat\/","title":{"rendered":"7 de diciembre, un festivo local en buena parte de L&#8217;Alcoi\u00e0 y El Comtat"},"content":{"rendered":"<p style=\"text-align: justify;\">Buena parte de <strong>las comarcas de L&#8217;Alcoi\u00e0 y El Comtat<\/strong> viven en este <strong>lunes 7 de diciembre<\/strong> una jornada <strong>con car\u00e1cter de festivo local<\/strong> enmarcada <strong>en pleno puente de La Constituci\u00f3n y de la Inmaculada Concepci\u00f3n<\/strong>. Esto se debe, en su mayor\u00eda, a que<strong> muchos municipios fijaron el d\u00eda festivo para hoy despu\u00e9s de haber suspendido en 2020 las Fiestas Patronales<\/strong> a causa de la crisis sanitaria del Coronavirus. El <strong>objetivo<\/strong> de la decisi\u00f3n estaba claro: <strong>alargar m\u00e1s un puente como este<\/strong> en el que, adem\u00e1s de hacer una escapada, siempre que la pandemia lo permita; <strong>muchos ultiman los preparativos de la Navidad<\/strong> e <strong>intensifican la recogida de la aceituna<\/strong>.<\/p>\n<p style=\"text-align: justify;\">De esta forma <strong>ser\u00e1 festivo local en este 7 de diciembre en Alcoy, Muro, Banyeres de Mariola, Benilloba,\u00a0\u00a0Agres, Alfafara, Beniarr\u00e9s, Benimassot, Gorga, Onil y Planes<\/strong>. Tambi\u00e9n es d\u00eda no laborable en <strong>Cocentaina<\/strong>, municipio que en septiembre <strong>acord\u00f3 trasladar a hoy el festivo local<\/strong> que <strong>se hab\u00eda previsto para el 30 de octubre<\/strong> con el fin de inaugurar la Fira de Tots Sants una vez se hab\u00eda decidido que el certamen tendr\u00eda un formato diferente al habitual. Como curiosidad cabe indicar que <strong>la Villa Condal tuvo el 20 de marzo su primer festivo local del a\u00f1o<\/strong>, al caer el d\u00eda de la Mare de D\u00e9u del Miracle en el domingo 19 de abril, y este <strong>no se pudo cambiar<\/strong> porque coincidi\u00f3 con los primeros d\u00edas del confinamiento.<\/p>\n","protected":false},"excerpt":{"rendered":"<p>Buena parte de las comarcas de L&#8217;Alcoi\u00e0 y El Comtat viven en este lunes 7 de diciembre una jornada con&#8230;<\/p>\n","protected":false},"author":1,"featured_media":43058,"comment_status":"open","ping_status":"open","sticky":false,"template":"","format":"standard","meta":{"footnotes":""},"categories":[6909,75,125],"tags":[7712,482,237,7281,10050,7344],"class_list":["post-68467","post","type-post","status-publish","format-standard","has-post-thumbnail","hentry","category-actualidad","category-noticias","category-portada","tag-7-de-diciembre","tag-alcoia","tag-comtat","tag-coronavirus","tag-crisis-sanitaria","tag-festivo-local"],"yoast_head":"<!-- This site is optimized with the Yoast SEO plugin v27.3 - https:\/\/yoast.com\/product\/yoast-seo-wordpress\/ -->\n<title>7 de diciembre, un festivo local en buena parte de L&#039;Alcoi\u00e0 y El Comtat - COPE Alcoy<\/title>\n<meta name=\"robots\" content=\"index, follow, max-snippet:-1, max-image-preview:large, max-video-preview:-1\" \/>\n<link rel=\"canonical\" href=\"https:\/\/www.copealcoy.es\/es\/7-de-diciembre-un-festivo-local-en-buena-parte-de-lalcoia-y-el-comtat\/\" \/>\n<meta property=\"og:locale\" content=\"es_ES\" \/>\n<meta property=\"og:type\" content=\"article\" \/>\n<meta property=\"og:title\" content=\"7 de diciembre, un festivo local en buena parte de L&#039;Alcoi\u00e0 y El Comtat - COPE Alcoy\" \/>\n<meta property=\"og:description\" content=\"Buena parte de las comarcas de L&#8217;Alcoi\u00e0 y El Comtat viven en este lunes 7 de diciembre una jornada con...\" \/>\n<meta property=\"og:url\" content=\"https:\/\/www.copealcoy.es\/es\/7-de-diciembre-un-festivo-local-en-buena-parte-de-lalcoia-y-el-comtat\/\" \/>\n<meta property=\"og:site_name\" content=\"COPE Alcoy\" \/>\n<meta property=\"article:published_time\" content=\"2020-12-05T19:51:04+00:00\" \/>\n<meta property=\"article:modified_time\" content=\"2020-12-06T18:48:30+00:00\" \/>\n<meta property=\"og:image\" content=\"https:\/\/www.copealcoy.es\/wp-content\/uploads\/2018\/06\/alfafara-644x362.jpg\" \/>\n\t<meta property=\"og:image:width\" content=\"644\" \/>\n\t<meta property=\"og:image:height\" content=\"362\" \/>\n\t<meta property=\"og:image:type\" content=\"image\/jpeg\" \/>\n<meta name=\"author\" content=\"Cope Alcoy\" \/>\n<meta name=\"twitter:label1\" content=\"Escrito por\" \/>\n\t<meta name=\"twitter:data1\" content=\"Cope Alcoy\" \/>\n\t<meta name=\"twitter:label2\" content=\"Tiempo de lectura\" \/>\n\t<meta name=\"twitter:data2\" content=\"1 minuto\" \/>\n<script type=\"application\/ld+json\" class=\"yoast-schema-graph\">{\"@context\":\"https:\\\/\\\/schema.org\",\"@graph\":[{\"@type\":\"Article\",\"@id\":\"https:\\\/\\\/www.copealcoy.es\\\/es\\\/7-de-diciembre-un-festivo-local-en-buena-parte-de-lalcoia-y-el-comtat\\\/#article\",\"isPartOf\":{\"@id\":\"https:\\\/\\\/www.copealcoy.es\\\/es\\\/7-de-diciembre-un-festivo-local-en-buena-parte-de-lalcoia-y-el-comtat\\\/\"},\"author\":{\"name\":\"Cope Alcoy\",\"@id\":\"https:\\\/\\\/www.copealcoy.es\\\/es\\\/#\\\/schema\\\/person\\\/e777c87fa024e57d40170af9df39882c\"},\"headline\":\"7 de diciembre, un festivo local en buena parte de L&#8217;Alcoi\u00e0 y El Comtat\",\"datePublished\":\"2020-12-05T19:51:04+00:00\",\"dateModified\":\"2020-12-06T18:48:30+00:00\",\"mainEntityOfPage\":{\"@id\":\"https:\\\/\\\/www.copealcoy.es\\\/es\\\/7-de-diciembre-un-festivo-local-en-buena-parte-de-lalcoia-y-el-comtat\\\/\"},\"wordCount\":265,\"commentCount\":0,\"image\":{\"@id\":\"https:\\\/\\\/www.copealcoy.es\\\/es\\\/7-de-diciembre-un-festivo-local-en-buena-parte-de-lalcoia-y-el-comtat\\\/#primaryimage\"},\"thumbnailUrl\":\"https:\\\/\\\/www.copealcoy.es\\\/wp-content\\\/uploads\\\/2018\\\/06\\\/alfafara-644x362.jpg\",\"keywords\":[\"7 de diciembre\",\"Alcoi\u00e0\",\"Comtat\",\"Coronavirus\",\"crisis sanitaria\",\"festivo local\"],\"articleSection\":[\"Actualidad\",\"Noticias\",\"Portada\"],\"inLanguage\":\"es\"},{\"@type\":\"WebPage\",\"@id\":\"https:\\\/\\\/www.copealcoy.es\\\/es\\\/7-de-diciembre-un-festivo-local-en-buena-parte-de-lalcoia-y-el-comtat\\\/\",\"url\":\"https:\\\/\\\/www.copealcoy.es\\\/es\\\/7-de-diciembre-un-festivo-local-en-buena-parte-de-lalcoia-y-el-comtat\\\/\",\"name\":\"7 de diciembre, un festivo local en buena parte de L'Alcoi\u00e0 y El Comtat - COPE Alcoy\",\"isPartOf\":{\"@id\":\"https:\\\/\\\/www.copealcoy.es\\\/es\\\/#website\"},\"primaryImageOfPage\":{\"@id\":\"https:\\\/\\\/www.copealcoy.es\\\/es\\\/7-de-diciembre-un-festivo-local-en-buena-parte-de-lalcoia-y-el-comtat\\\/#primaryimage\"},\"image\":{\"@id\":\"https:\\\/\\\/www.copealcoy.es\\\/es\\\/7-de-diciembre-un-festivo-local-en-buena-parte-de-lalcoia-y-el-comtat\\\/#primaryimage\"},\"thumbnailUrl\":\"https:\\\/\\\/www.copealcoy.es\\\/wp-content\\\/uploads\\\/2018\\\/06\\\/alfafara-644x362.jpg\",\"datePublished\":\"2020-12-05T19:51:04+00:00\",\"dateModified\":\"2020-12-06T18:48:30+00:00\",\"author\":{\"@id\":\"https:\\\/\\\/www.copealcoy.es\\\/es\\\/#\\\/schema\\\/person\\\/e777c87fa024e57d40170af9df39882c\"},\"breadcrumb\":{\"@id\":\"https:\\\/\\\/www.copealcoy.es\\\/es\\\/7-de-diciembre-un-festivo-local-en-buena-parte-de-lalcoia-y-el-comtat\\\/#breadcrumb\"},\"inLanguage\":\"es\",\"potentialAction\":[{\"@type\":\"ReadAction\",\"target\":[\"https:\\\/\\\/www.copealcoy.es\\\/es\\\/7-de-diciembre-un-festivo-local-en-buena-parte-de-lalcoia-y-el-comtat\\\/\"]}]},{\"@type\":\"ImageObject\",\"inLanguage\":\"es\",\"@id\":\"https:\\\/\\\/www.copealcoy.es\\\/es\\\/7-de-diciembre-un-festivo-local-en-buena-parte-de-lalcoia-y-el-comtat\\\/#primaryimage\",\"url\":\"https:\\\/\\\/www.copealcoy.es\\\/wp-content\\\/uploads\\\/2018\\\/06\\\/alfafara-644x362.jpg\",\"contentUrl\":\"https:\\\/\\\/www.copealcoy.es\\\/wp-content\\\/uploads\\\/2018\\\/06\\\/alfafara-644x362.jpg\",\"width\":644,\"height\":362,\"caption\":\"Alfafara es una de las poblaciones integradas en la Mancomunitat\"},{\"@type\":\"BreadcrumbList\",\"@id\":\"https:\\\/\\\/www.copealcoy.es\\\/es\\\/7-de-diciembre-un-festivo-local-en-buena-parte-de-lalcoia-y-el-comtat\\\/#breadcrumb\",\"itemListElement\":[{\"@type\":\"ListItem\",\"position\":1,\"name\":\"Portada\",\"item\":\"https:\\\/\\\/www.copealcoy.es\\\/es\\\/\"},{\"@type\":\"ListItem\",\"position\":2,\"name\":\"7 de diciembre, un festivo local en buena parte de L&#8217;Alcoi\u00e0 y El Comtat\"}]},{\"@type\":\"WebSite\",\"@id\":\"https:\\\/\\\/www.copealcoy.es\\\/es\\\/#website\",\"url\":\"https:\\\/\\\/www.copealcoy.es\\\/es\\\/\",\"name\":\"COPE Alcoy\",\"description\":\"Emisora COPE de radio local con emisi\u00f3n online. Pont de Sant Jordi 8-10 03803 Alcoy\",\"potentialAction\":[{\"@type\":\"SearchAction\",\"target\":{\"@type\":\"EntryPoint\",\"urlTemplate\":\"https:\\\/\\\/www.copealcoy.es\\\/es\\\/?s={search_term_string}\"},\"query-input\":{\"@type\":\"PropertyValueSpecification\",\"valueRequired\":true,\"valueName\":\"search_term_string\"}}],\"inLanguage\":\"es\"},{\"@type\":\"Person\",\"@id\":\"https:\\\/\\\/www.copealcoy.es\\\/es\\\/#\\\/schema\\\/person\\\/e777c87fa024e57d40170af9df39882c\",\"name\":\"Cope Alcoy\",\"image\":{\"@type\":\"ImageObject\",\"inLanguage\":\"es\",\"@id\":\"https:\\\/\\\/secure.gravatar.com\\\/avatar\\\/bb65d0283347e303893ba14f0692005417c1e0e690a325a4c5d8bb2b3943ee14?s=96&d=mm&r=g\",\"url\":\"https:\\\/\\\/secure.gravatar.com\\\/avatar\\\/bb65d0283347e303893ba14f0692005417c1e0e690a325a4c5d8bb2b3943ee14?s=96&d=mm&r=g\",\"contentUrl\":\"https:\\\/\\\/secure.gravatar.com\\\/avatar\\\/bb65d0283347e303893ba14f0692005417c1e0e690a325a4c5d8bb2b3943ee14?s=96&d=mm&r=g\",\"caption\":\"Cope Alcoy\"}}]}<\/script>\n<!-- \/ Yoast SEO plugin. -->","yoast_head_json":{"title":"7 de diciembre, un festivo local en buena parte de L'Alcoi\u00e0 y El Comtat - COPE Alcoy","robots":{"index":"index","follow":"follow","max-snippet":"max-snippet:-1","max-image-preview":"max-image-preview:large","max-video-preview":"max-video-preview:-1"},"canonical":"https:\/\/www.copealcoy.es\/es\/7-de-diciembre-un-festivo-local-en-buena-parte-de-lalcoia-y-el-comtat\/","og_locale":"es_ES","og_type":"article","og_title":"7 de diciembre, un festivo local en buena parte de L'Alcoi\u00e0 y El Comtat - COPE Alcoy","og_description":"Buena parte de las comarcas de L&#8217;Alcoi\u00e0 y El Comtat viven en este lunes 7 de diciembre una jornada con...","og_url":"https:\/\/www.copealcoy.es\/es\/7-de-diciembre-un-festivo-local-en-buena-parte-de-lalcoia-y-el-comtat\/","og_site_name":"COPE Alcoy","article_published_time":"2020-12-05T19:51:04+00:00","article_modified_time":"2020-12-06T18:48:30+00:00","og_image":[{"width":644,"height":362,"url":"https:\/\/www.copealcoy.es\/wp-content\/uploads\/2018\/06\/alfafara-644x362.jpg","type":"image\/jpeg"}],"author":"Cope Alcoy","twitter_misc":{"Escrito por":"Cope Alcoy","Tiempo de lectura":"1 minuto"},"schema":{"@context":"https:\/\/schema.org","@graph":[{"@type":"Article","@id":"https:\/\/www.copealcoy.es\/es\/7-de-diciembre-un-festivo-local-en-buena-parte-de-lalcoia-y-el-comtat\/#article","isPartOf":{"@id":"https:\/\/www.copealcoy.es\/es\/7-de-diciembre-un-festivo-local-en-buena-parte-de-lalcoia-y-el-comtat\/"},"author":{"name":"Cope Alcoy","@id":"https:\/\/www.copealcoy.es\/es\/#\/schema\/person\/e777c87fa024e57d40170af9df39882c"},"headline":"7 de diciembre, un festivo local en buena parte de L&#8217;Alcoi\u00e0 y El Comtat","datePublished":"2020-12-05T19:51:04+00:00","dateModified":"2020-12-06T18:48:30+00:00","mainEntityOfPage":{"@id":"https:\/\/www.copealcoy.es\/es\/7-de-diciembre-un-festivo-local-en-buena-parte-de-lalcoia-y-el-comtat\/"},"wordCount":265,"commentCount":0,"image":{"@id":"https:\/\/www.copealcoy.es\/es\/7-de-diciembre-un-festivo-local-en-buena-parte-de-lalcoia-y-el-comtat\/#primaryimage"},"thumbnailUrl":"https:\/\/www.copealcoy.es\/wp-content\/uploads\/2018\/06\/alfafara-644x362.jpg","keywords":["7 de diciembre","Alcoi\u00e0","Comtat","Coronavirus","crisis sanitaria","festivo local"],"articleSection":["Actualidad","Noticias","Portada"],"inLanguage":"es"},{"@type":"WebPage","@id":"https:\/\/www.copealcoy.es\/es\/7-de-diciembre-un-festivo-local-en-buena-parte-de-lalcoia-y-el-comtat\/","url":"https:\/\/www.copealcoy.es\/es\/7-de-diciembre-un-festivo-local-en-buena-parte-de-lalcoia-y-el-comtat\/","name":"7 de diciembre, un festivo local en buena parte de L'Alcoi\u00e0 y El Comtat - COPE Alcoy","isPartOf":{"@id":"https:\/\/www.copealcoy.es\/es\/#website"},"primaryImageOfPage":{"@id":"https:\/\/www.copealcoy.es\/es\/7-de-diciembre-un-festivo-local-en-buena-parte-de-lalcoia-y-el-comtat\/#primaryimage"},"image":{"@id":"https:\/\/www.copealcoy.es\/es\/7-de-diciembre-un-festivo-local-en-buena-parte-de-lalcoia-y-el-comtat\/#primaryimage"},"thumbnailUrl":"https:\/\/www.copealcoy.es\/wp-content\/uploads\/2018\/06\/alfafara-644x362.jpg","datePublished":"2020-12-05T19:51:04+00:00","dateModified":"2020-12-06T18:48:30+00:00","author":{"@id":"https:\/\/www.copealcoy.es\/es\/#\/schema\/person\/e777c87fa024e57d40170af9df39882c"},"breadcrumb":{"@id":"https:\/\/www.copealcoy.es\/es\/7-de-diciembre-un-festivo-local-en-buena-parte-de-lalcoia-y-el-comtat\/#breadcrumb"},"inLanguage":"es","potentialAction":[{"@type":"ReadAction","target":["https:\/\/www.copealcoy.es\/es\/7-de-diciembre-un-festivo-local-en-buena-parte-de-lalcoia-y-el-comtat\/"]}]},{"@type":"ImageObject","inLanguage":"es","@id":"https:\/\/www.copealcoy.es\/es\/7-de-diciembre-un-festivo-local-en-buena-parte-de-lalcoia-y-el-comtat\/#primaryimage","url":"https:\/\/www.copealcoy.es\/wp-content\/uploads\/2018\/06\/alfafara-644x362.jpg","contentUrl":"https:\/\/www.copealcoy.es\/wp-content\/uploads\/2018\/06\/alfafara-644x362.jpg","width":644,"height":362,"caption":"Alfafara es una de las poblaciones integradas en la Mancomunitat"},{"@type":"BreadcrumbList","@id":"https:\/\/www.copealcoy.es\/es\/7-de-diciembre-un-festivo-local-en-buena-parte-de-lalcoia-y-el-comtat\/#breadcrumb","itemListElement":[{"@type":"ListItem","position":1,"name":"Portada","item":"https:\/\/www.copealcoy.es\/es\/"},{"@type":"ListItem","position":2,"name":"7 de diciembre, un festivo local en buena parte de L&#8217;Alcoi\u00e0 y El Comtat"}]},{"@type":"WebSite","@id":"https:\/\/www.copealcoy.es\/es\/#website","url":"https:\/\/www.copealcoy.es\/es\/","name":"COPE Alcoy","description":"Emisora COPE de radio local con emisi\u00f3n online. Pont de Sant Jordi 8-10 03803 Alcoy","potentialAction":[{"@type":"SearchAction","target":{"@type":"EntryPoint","urlTemplate":"https:\/\/www.copealcoy.es\/es\/?s={search_term_string}"},"query-input":{"@type":"PropertyValueSpecification","valueRequired":true,"valueName":"search_term_string"}}],"inLanguage":"es"},{"@type":"Person","@id":"https:\/\/www.copealcoy.es\/es\/#\/schema\/person\/e777c87fa024e57d40170af9df39882c","name":"Cope Alcoy","image":{"@type":"ImageObject","inLanguage":"es","@id":"https:\/\/secure.gravatar.com\/avatar\/bb65d0283347e303893ba14f0692005417c1e0e690a325a4c5d8bb2b3943ee14?s=96&d=mm&r=g","url":"https:\/\/secure.gravatar.com\/avatar\/bb65d0283347e303893ba14f0692005417c1e0e690a325a4c5d8bb2b3943ee14?s=96&d=mm&r=g","contentUrl":"https:\/\/secure.gravatar.com\/avatar\/bb65d0283347e303893ba14f0692005417c1e0e690a325a4c5d8bb2b3943ee14?s=96&d=mm&r=g","caption":"Cope Alcoy"}}]}},"_links":{"self":[{"href":"https:\/\/www.copealcoy.es\/es\/wp-json\/wp\/v2\/posts\/68467","targetHints":{"allow":["GET"]}}],"collection":[{"href":"https:\/\/www.copealcoy.es\/es\/wp-json\/wp\/v2\/posts"}],"about":[{"href":"https:\/\/www.copealcoy.es\/es\/wp-json\/wp\/v2\/types\/post"}],"author":[{"embeddable":true,"href":"https:\/\/www.copealcoy.es\/es\/wp-json\/wp\/v2\/users\/1"}],"replies":[{"embeddable":true,"href":"https:\/\/www.copealcoy.es\/es\/wp-json\/wp\/v2\/comments?post=68467"}],"version-history":[{"count":0,"href":"https:\/\/www.copealcoy.es\/es\/wp-json\/wp\/v2\/posts\/68467\/revisions"}],"wp:featuredmedia":[{"embeddable":true,"href":"https:\/\/www.copealcoy.es\/es\/wp-json\/wp\/v2\/media\/43058"}],"wp:attachment":[{"href":"https:\/\/www.copealcoy.es\/es\/wp-json\/wp\/v2\/media?parent=68467"}],"wp:term":[{"taxonomy":"category","embeddable":true,"href":"https:\/\/www.copealcoy.es\/es\/wp-json\/wp\/v2\/categories?post=68467"},{"taxonomy":"post_tag","embeddable":true,"href":"https:\/\/www.copealcoy.es\/es\/wp-json\/wp\/v2\/tags?post=68467"}],"curies":[{"name":"wp","href":"https:\/\/api.w.org\/{rel}","templated":true}]}}