{"id":68437,"date":"2020-12-05T17:29:00","date_gmt":"2020-12-05T17:29:00","guid":{"rendered":"https:\/\/www.copealcoy.es\/?p=68437"},"modified":"2020-12-06T18:49:22","modified_gmt":"2020-12-06T18:49:22","slug":"caritas-alcoy-lanza-de-nuevo-la-campana-que-este-invierno-nadie-pase-frio","status":"publish","type":"post","link":"https:\/\/www.copealcoy.es\/es\/caritas-alcoy-lanza-de-nuevo-la-campana-que-este-invierno-nadie-pase-frio\/","title":{"rendered":"C\u00e1ritas Alcoy lanza de nuevo la campa\u00f1a &#8216;Que este invierno nadie pase fr\u00edo&#8217;"},"content":{"rendered":"<p style=\"text-align: justify;\">C\u00e1ritas Alcoy <strong>ha puesto en marcha una nueva edici\u00f3n de la campa\u00f1a &#8216;Que en este invierne nadie pase fr\u00edo&#8217;<\/strong>, una iniciativa en la que <strong>se recogen fondos<\/strong> que despu\u00e9s ir\u00e1n destinados a <strong>la compra de bombonas de butano<\/strong>. Estas se repartir\u00e1n despu\u00e9s a <strong>las familias m\u00e1s desfavorecidas de la ciudad<\/strong> con el fin de <strong>combatir las bajas temperaturas del invierno<\/strong> que se acerca.<\/p>\n<p style=\"text-align: justify;\">Los interesados en hacer un donativo pueden pasar por <strong>el stand que C\u00e1ritas Alcoy ha montado en el Parque de La Glorieta<\/strong> durante la Fira de Nadal. Ser\u00e1 hasta el 8 de diciembre en <strong>horario de matinal (10:30h a 14h)<\/strong> y por <strong>la tarde (17:00h a 20:30h)<\/strong> &#8220;<em>Alcoy es una ciudad solidaria y esta vez seguro que lo vuelven a demostrar. Animamos a todos a participar en esta buena causa que tan buenos resultados nos ha dado desde que la pusimos en marcha<\/em>&#8220;, apuntaba en COPE ALCOY esta semana <strong>Santi Segura<\/strong>; Delegado Arciprestal de C\u00e1ritas.<\/p>\n<p style=\"text-align: justify;\"><span class=\"JLqJ4b ChMk0b\" data-language-for-alternatives=\"es\" data-language-to-translate-into=\"ca\" data-phrase-index=\"0\">En caso de no<\/span> <span class=\"JLqJ4b ChMk0b\" data-language-for-alternatives=\"es\" data-language-to-translate-into=\"ca\" data-phrase-index=\"1\">poder acudir al<\/span> <span class=\"JLqJ4b ChMk0b\" data-language-for-alternatives=\"es\" data-language-to-translate-into=\"ca\" data-phrase-index=\"2\">Mercadillo<\/span><span class=\"JLqJ4b ChMk0b\" data-language-for-alternatives=\"es\" data-language-to-translate-into=\"ca\" data-phrase-index=\"3\">,<\/span> <strong><span class=\"JLqJ4b ChMk0b\" data-language-for-alternatives=\"es\" data-language-to-translate-into=\"ca\" data-phrase-index=\"4\">tambi\u00e9n<\/span> <span class=\"JLqJ4b ChMk0b\" data-language-for-alternatives=\"es\" data-language-to-translate-into=\"ca\" data-phrase-index=\"5\">se puede hacer<\/span> <span class=\"JLqJ4b ChMk0b\" data-language-for-alternatives=\"es\" data-language-to-translate-into=\"ca\" data-phrase-index=\"6\">donaciones<\/span> <span class=\"JLqJ4b ChMk0b\" data-language-for-alternatives=\"es\" data-language-to-translate-into=\"ca\" data-phrase-index=\"7\">a trav\u00e9s<\/span> <span class=\"JLqJ4b ChMk0b\" data-language-for-alternatives=\"es\" data-language-to-translate-into=\"ca\" data-phrase-index=\"8\">de transferencia bancaria<\/span> <span class=\"JLqJ4b ChMk0b\" data-language-for-alternatives=\"es\" data-language-to-translate-into=\"ca\" data-phrase-index=\"9\">o<\/span> <span class=\"JLqJ4b ChMk0b\" data-language-for-alternatives=\"es\" data-language-to-translate-into=\"ca\" data-phrase-index=\"10\">Bizum<\/span><\/strong><span class=\"JLqJ4b ChMk0b\" data-language-for-alternatives=\"es\" data-language-to-translate-into=\"ca\" data-phrase-index=\"11\">:<\/span> <strong><span class=\"JLqJ4b ChMk0b\" data-language-for-alternatives=\"es\" data-language-to-translate-into=\"ca\" data-phrase-index=\"13\">Banco<\/span> <span class=\"JLqJ4b ChMk0b\" data-language-for-alternatives=\"es\" data-language-to-translate-into=\"ca\" data-phrase-index=\"14\">Sabadell<\/span> <\/strong><span class=\"JLqJ4b ChMk0b\" data-language-for-alternatives=\"es\" data-language-to-translate-into=\"ca\" data-phrase-index=\"15\">(<\/span><span class=\"JLqJ4b ChMk0b\" data-language-for-alternatives=\"es\" data-language-to-translate-into=\"ca\" data-phrase-index=\"16\">ES95<\/span> <span class=\"JLqJ4b ChMk0b\" data-language-for-alternatives=\"es\" data-language-to-translate-into=\"ca\" data-phrase-index=\"17\">0081 0267 8600 0671 2084),<\/span> <strong><span class=\"JLqJ4b ChMk0b\" data-language-for-alternatives=\"es\" data-language-to-translate-into=\"ca\" data-phrase-index=\"19\">Caixa Banc<\/span><\/strong>\u00a0<span class=\"JLqJ4b ChMk0b\" data-language-for-alternatives=\"es\" data-language-to-translate-into=\"ca\" data-phrase-index=\"21\">(<\/span><span class=\"JLqJ4b ChMk0b\" data-language-for-alternatives=\"es\" data-language-to-translate-into=\"ca\" data-phrase-index=\"22\">ES35<\/span> <span class=\"JLqJ4b ChMk0b\" data-language-for-alternatives=\"es\" data-language-to-translate-into=\"ca\" data-phrase-index=\"23\">2100 2252 2402 0020 0483) y<\/span><strong> <span class=\"JLqJ4b ChMk0b\" data-language-for-alternatives=\"es\" data-language-to-translate-into=\"ca\" data-phrase-index=\"25\">BIZUM<\/span><span class=\"JLqJ4b ChMk0b\" data-language-for-alternatives=\"es\" data-language-to-translate-into=\"ca\" data-phrase-index=\"26\">:<\/span><\/strong> <span class=\"JLqJ4b ChMk0b\" data-language-for-alternatives=\"es\" data-language-to-translate-into=\"ca\" data-phrase-index=\"27\">01422<\/span> <span class=\"JLqJ4b ChMk0b\" data-language-for-alternatives=\"es\" data-language-to-translate-into=\"ca\" data-phrase-index=\"28\">(pago<\/span> <span class=\"JLqJ4b ChMk0b\" data-language-for-alternatives=\"es\" data-language-to-translate-into=\"ca\" data-phrase-index=\"29\">a<\/span> <span class=\"JLqJ4b ChMk0b\" data-language-for-alternatives=\"es\" data-language-to-translate-into=\"ca\" data-phrase-index=\"30\">ONG<\/span><span class=\"JLqJ4b ChMk0b\" data-language-for-alternatives=\"es\" data-language-to-translate-into=\"ca\" data-phrase-index=\"31\">)<\/span> <span class=\"JLqJ4b ChMk0b\" data-language-for-alternatives=\"es\" data-language-to-translate-into=\"ca\" data-phrase-index=\"32\">y como<\/span> <span class=\"JLqJ4b ChMk0b\" data-language-for-alternatives=\"es\" data-language-to-translate-into=\"ca\" data-phrase-index=\"33\">concepto<\/span> <span class=\"JLqJ4b ChMk0b\" data-language-for-alternatives=\"es\" data-language-to-translate-into=\"ca\" data-phrase-index=\"34\">BUTANO.<\/span><\/p>\n","protected":false},"excerpt":{"rendered":"<p>C\u00e1ritas Alcoy ha puesto en marcha una nueva edici\u00f3n de la campa\u00f1a &#8216;Que en este invierne nadie pase fr\u00edo&#8217;, una&#8230;<\/p>\n","protected":false},"author":1,"featured_media":68438,"comment_status":"open","ping_status":"open","sticky":false,"template":"","format":"standard","meta":{"footnotes":""},"categories":[97,78,75],"tags":[10427,199,3582,5064,200],"class_list":["post-68437","post","type-post","status-publish","format-standard","has-post-thumbnail","hentry","category-alcoy","category-fiestaycultura","category-noticias","tag-bombona-butano","tag-campana","tag-caritas-alcoy","tag-invierno","tag-recogida"],"yoast_head":"<!-- This site is optimized with the Yoast SEO plugin v27.3 - https:\/\/yoast.com\/product\/yoast-seo-wordpress\/ -->\n<title>C\u00e1ritas Alcoy lanza de nuevo la campa\u00f1a &#039;Que este invierno nadie pase fr\u00edo&#039; - COPE Alcoy<\/title>\n<meta name=\"robots\" content=\"index, follow, max-snippet:-1, max-image-preview:large, max-video-preview:-1\" \/>\n<link rel=\"canonical\" href=\"https:\/\/www.copealcoy.es\/es\/caritas-alcoy-lanza-de-nuevo-la-campana-que-este-invierno-nadie-pase-frio\/\" \/>\n<meta property=\"og:locale\" content=\"es_ES\" \/>\n<meta property=\"og:type\" content=\"article\" \/>\n<meta property=\"og:title\" content=\"C\u00e1ritas Alcoy lanza de nuevo la campa\u00f1a &#039;Que este invierno nadie pase fr\u00edo&#039; - COPE Alcoy\" \/>\n<meta property=\"og:description\" content=\"C\u00e1ritas Alcoy ha puesto en marcha una nueva edici\u00f3n de la campa\u00f1a &#8216;Que en este invierne nadie pase fr\u00edo&#8217;, una...\" \/>\n<meta property=\"og:url\" content=\"https:\/\/www.copealcoy.es\/es\/caritas-alcoy-lanza-de-nuevo-la-campana-que-este-invierno-nadie-pase-frio\/\" \/>\n<meta property=\"og:site_name\" content=\"COPE Alcoy\" \/>\n<meta property=\"article:published_time\" content=\"2020-12-05T17:29:00+00:00\" \/>\n<meta property=\"article:modified_time\" content=\"2020-12-06T18:49:22+00:00\" \/>\n<meta property=\"og:image\" content=\"https:\/\/www.copealcoy.es\/wp-content\/uploads\/2020\/12\/129389107_1133034863825443_3398385648544692407_o.jpg\" \/>\n\t<meta property=\"og:image:width\" content=\"1440\" \/>\n\t<meta property=\"og:image:height\" content=\"1080\" \/>\n\t<meta property=\"og:image:type\" content=\"image\/jpeg\" \/>\n<meta name=\"author\" content=\"Cope Alcoy\" \/>\n<meta name=\"twitter:label1\" content=\"Escrito por\" \/>\n\t<meta name=\"twitter:data1\" content=\"Cope Alcoy\" \/>\n\t<meta name=\"twitter:label2\" content=\"Tiempo de lectura\" \/>\n\t<meta name=\"twitter:data2\" content=\"1 minuto\" \/>\n<script type=\"application\/ld+json\" class=\"yoast-schema-graph\">{\"@context\":\"https:\\\/\\\/schema.org\",\"@graph\":[{\"@type\":\"Article\",\"@id\":\"https:\\\/\\\/www.copealcoy.es\\\/es\\\/caritas-alcoy-lanza-de-nuevo-la-campana-que-este-invierno-nadie-pase-frio\\\/#article\",\"isPartOf\":{\"@id\":\"https:\\\/\\\/www.copealcoy.es\\\/es\\\/caritas-alcoy-lanza-de-nuevo-la-campana-que-este-invierno-nadie-pase-frio\\\/\"},\"author\":{\"name\":\"Cope Alcoy\",\"@id\":\"https:\\\/\\\/www.copealcoy.es\\\/es\\\/#\\\/schema\\\/person\\\/e777c87fa024e57d40170af9df39882c\"},\"headline\":\"C\u00e1ritas Alcoy lanza de nuevo la campa\u00f1a &#8216;Que este invierno nadie pase fr\u00edo&#8217;\",\"datePublished\":\"2020-12-05T17:29:00+00:00\",\"dateModified\":\"2020-12-06T18:49:22+00:00\",\"mainEntityOfPage\":{\"@id\":\"https:\\\/\\\/www.copealcoy.es\\\/es\\\/caritas-alcoy-lanza-de-nuevo-la-campana-que-este-invierno-nadie-pase-frio\\\/\"},\"wordCount\":221,\"commentCount\":0,\"image\":{\"@id\":\"https:\\\/\\\/www.copealcoy.es\\\/es\\\/caritas-alcoy-lanza-de-nuevo-la-campana-que-este-invierno-nadie-pase-frio\\\/#primaryimage\"},\"thumbnailUrl\":\"https:\\\/\\\/www.copealcoy.es\\\/wp-content\\\/uploads\\\/2020\\\/12\\\/129389107_1133034863825443_3398385648544692407_o.jpg\",\"keywords\":[\"Bombona Butano\",\"Campa\u00f1a\",\"C\u00e1ritas Alcoy\",\"invierno\",\"Recogida\"],\"articleSection\":[\"Alcoy\",\"Fiesta y Cultura\",\"Noticias\"],\"inLanguage\":\"es\"},{\"@type\":\"WebPage\",\"@id\":\"https:\\\/\\\/www.copealcoy.es\\\/es\\\/caritas-alcoy-lanza-de-nuevo-la-campana-que-este-invierno-nadie-pase-frio\\\/\",\"url\":\"https:\\\/\\\/www.copealcoy.es\\\/es\\\/caritas-alcoy-lanza-de-nuevo-la-campana-que-este-invierno-nadie-pase-frio\\\/\",\"name\":\"C\u00e1ritas Alcoy lanza de nuevo la campa\u00f1a 'Que este invierno nadie pase fr\u00edo' - COPE Alcoy\",\"isPartOf\":{\"@id\":\"https:\\\/\\\/www.copealcoy.es\\\/es\\\/#website\"},\"primaryImageOfPage\":{\"@id\":\"https:\\\/\\\/www.copealcoy.es\\\/es\\\/caritas-alcoy-lanza-de-nuevo-la-campana-que-este-invierno-nadie-pase-frio\\\/#primaryimage\"},\"image\":{\"@id\":\"https:\\\/\\\/www.copealcoy.es\\\/es\\\/caritas-alcoy-lanza-de-nuevo-la-campana-que-este-invierno-nadie-pase-frio\\\/#primaryimage\"},\"thumbnailUrl\":\"https:\\\/\\\/www.copealcoy.es\\\/wp-content\\\/uploads\\\/2020\\\/12\\\/129389107_1133034863825443_3398385648544692407_o.jpg\",\"datePublished\":\"2020-12-05T17:29:00+00:00\",\"dateModified\":\"2020-12-06T18:49:22+00:00\",\"author\":{\"@id\":\"https:\\\/\\\/www.copealcoy.es\\\/es\\\/#\\\/schema\\\/person\\\/e777c87fa024e57d40170af9df39882c\"},\"breadcrumb\":{\"@id\":\"https:\\\/\\\/www.copealcoy.es\\\/es\\\/caritas-alcoy-lanza-de-nuevo-la-campana-que-este-invierno-nadie-pase-frio\\\/#breadcrumb\"},\"inLanguage\":\"es\",\"potentialAction\":[{\"@type\":\"ReadAction\",\"target\":[\"https:\\\/\\\/www.copealcoy.es\\\/es\\\/caritas-alcoy-lanza-de-nuevo-la-campana-que-este-invierno-nadie-pase-frio\\\/\"]}]},{\"@type\":\"ImageObject\",\"inLanguage\":\"es\",\"@id\":\"https:\\\/\\\/www.copealcoy.es\\\/es\\\/caritas-alcoy-lanza-de-nuevo-la-campana-que-este-invierno-nadie-pase-frio\\\/#primaryimage\",\"url\":\"https:\\\/\\\/www.copealcoy.es\\\/wp-content\\\/uploads\\\/2020\\\/12\\\/129389107_1133034863825443_3398385648544692407_o.jpg\",\"contentUrl\":\"https:\\\/\\\/www.copealcoy.es\\\/wp-content\\\/uploads\\\/2020\\\/12\\\/129389107_1133034863825443_3398385648544692407_o.jpg\",\"width\":1440,\"height\":1080},{\"@type\":\"BreadcrumbList\",\"@id\":\"https:\\\/\\\/www.copealcoy.es\\\/es\\\/caritas-alcoy-lanza-de-nuevo-la-campana-que-este-invierno-nadie-pase-frio\\\/#breadcrumb\",\"itemListElement\":[{\"@type\":\"ListItem\",\"position\":1,\"name\":\"Portada\",\"item\":\"https:\\\/\\\/www.copealcoy.es\\\/es\\\/\"},{\"@type\":\"ListItem\",\"position\":2,\"name\":\"C\u00e1ritas Alcoy lanza de nuevo la campa\u00f1a &#8216;Que este invierno nadie pase fr\u00edo&#8217;\"}]},{\"@type\":\"WebSite\",\"@id\":\"https:\\\/\\\/www.copealcoy.es\\\/es\\\/#website\",\"url\":\"https:\\\/\\\/www.copealcoy.es\\\/es\\\/\",\"name\":\"COPE Alcoy\",\"description\":\"Emisora COPE de radio local con emisi\u00f3n online. Pont de Sant Jordi 8-10 03803 Alcoy\",\"potentialAction\":[{\"@type\":\"SearchAction\",\"target\":{\"@type\":\"EntryPoint\",\"urlTemplate\":\"https:\\\/\\\/www.copealcoy.es\\\/es\\\/?s={search_term_string}\"},\"query-input\":{\"@type\":\"PropertyValueSpecification\",\"valueRequired\":true,\"valueName\":\"search_term_string\"}}],\"inLanguage\":\"es\"},{\"@type\":\"Person\",\"@id\":\"https:\\\/\\\/www.copealcoy.es\\\/es\\\/#\\\/schema\\\/person\\\/e777c87fa024e57d40170af9df39882c\",\"name\":\"Cope Alcoy\",\"image\":{\"@type\":\"ImageObject\",\"inLanguage\":\"es\",\"@id\":\"https:\\\/\\\/secure.gravatar.com\\\/avatar\\\/bb65d0283347e303893ba14f0692005417c1e0e690a325a4c5d8bb2b3943ee14?s=96&d=mm&r=g\",\"url\":\"https:\\\/\\\/secure.gravatar.com\\\/avatar\\\/bb65d0283347e303893ba14f0692005417c1e0e690a325a4c5d8bb2b3943ee14?s=96&d=mm&r=g\",\"contentUrl\":\"https:\\\/\\\/secure.gravatar.com\\\/avatar\\\/bb65d0283347e303893ba14f0692005417c1e0e690a325a4c5d8bb2b3943ee14?s=96&d=mm&r=g\",\"caption\":\"Cope Alcoy\"}}]}<\/script>\n<!-- \/ Yoast SEO plugin. -->","yoast_head_json":{"title":"C\u00e1ritas Alcoy lanza de nuevo la campa\u00f1a 'Que este invierno nadie pase fr\u00edo' - COPE Alcoy","robots":{"index":"index","follow":"follow","max-snippet":"max-snippet:-1","max-image-preview":"max-image-preview:large","max-video-preview":"max-video-preview:-1"},"canonical":"https:\/\/www.copealcoy.es\/es\/caritas-alcoy-lanza-de-nuevo-la-campana-que-este-invierno-nadie-pase-frio\/","og_locale":"es_ES","og_type":"article","og_title":"C\u00e1ritas Alcoy lanza de nuevo la campa\u00f1a 'Que este invierno nadie pase fr\u00edo' - COPE Alcoy","og_description":"C\u00e1ritas Alcoy ha puesto en marcha una nueva edici\u00f3n de la campa\u00f1a &#8216;Que en este invierne nadie pase fr\u00edo&#8217;, una...","og_url":"https:\/\/www.copealcoy.es\/es\/caritas-alcoy-lanza-de-nuevo-la-campana-que-este-invierno-nadie-pase-frio\/","og_site_name":"COPE Alcoy","article_published_time":"2020-12-05T17:29:00+00:00","article_modified_time":"2020-12-06T18:49:22+00:00","og_image":[{"width":1440,"height":1080,"url":"https:\/\/www.copealcoy.es\/wp-content\/uploads\/2020\/12\/129389107_1133034863825443_3398385648544692407_o.jpg","type":"image\/jpeg"}],"author":"Cope Alcoy","twitter_misc":{"Escrito por":"Cope Alcoy","Tiempo de lectura":"1 minuto"},"schema":{"@context":"https:\/\/schema.org","@graph":[{"@type":"Article","@id":"https:\/\/www.copealcoy.es\/es\/caritas-alcoy-lanza-de-nuevo-la-campana-que-este-invierno-nadie-pase-frio\/#article","isPartOf":{"@id":"https:\/\/www.copealcoy.es\/es\/caritas-alcoy-lanza-de-nuevo-la-campana-que-este-invierno-nadie-pase-frio\/"},"author":{"name":"Cope Alcoy","@id":"https:\/\/www.copealcoy.es\/es\/#\/schema\/person\/e777c87fa024e57d40170af9df39882c"},"headline":"C\u00e1ritas Alcoy lanza de nuevo la campa\u00f1a &#8216;Que este invierno nadie pase fr\u00edo&#8217;","datePublished":"2020-12-05T17:29:00+00:00","dateModified":"2020-12-06T18:49:22+00:00","mainEntityOfPage":{"@id":"https:\/\/www.copealcoy.es\/es\/caritas-alcoy-lanza-de-nuevo-la-campana-que-este-invierno-nadie-pase-frio\/"},"wordCount":221,"commentCount":0,"image":{"@id":"https:\/\/www.copealcoy.es\/es\/caritas-alcoy-lanza-de-nuevo-la-campana-que-este-invierno-nadie-pase-frio\/#primaryimage"},"thumbnailUrl":"https:\/\/www.copealcoy.es\/wp-content\/uploads\/2020\/12\/129389107_1133034863825443_3398385648544692407_o.jpg","keywords":["Bombona Butano","Campa\u00f1a","C\u00e1ritas Alcoy","invierno","Recogida"],"articleSection":["Alcoy","Fiesta y Cultura","Noticias"],"inLanguage":"es"},{"@type":"WebPage","@id":"https:\/\/www.copealcoy.es\/es\/caritas-alcoy-lanza-de-nuevo-la-campana-que-este-invierno-nadie-pase-frio\/","url":"https:\/\/www.copealcoy.es\/es\/caritas-alcoy-lanza-de-nuevo-la-campana-que-este-invierno-nadie-pase-frio\/","name":"C\u00e1ritas Alcoy lanza de nuevo la campa\u00f1a 'Que este invierno nadie pase fr\u00edo' - COPE Alcoy","isPartOf":{"@id":"https:\/\/www.copealcoy.es\/es\/#website"},"primaryImageOfPage":{"@id":"https:\/\/www.copealcoy.es\/es\/caritas-alcoy-lanza-de-nuevo-la-campana-que-este-invierno-nadie-pase-frio\/#primaryimage"},"image":{"@id":"https:\/\/www.copealcoy.es\/es\/caritas-alcoy-lanza-de-nuevo-la-campana-que-este-invierno-nadie-pase-frio\/#primaryimage"},"thumbnailUrl":"https:\/\/www.copealcoy.es\/wp-content\/uploads\/2020\/12\/129389107_1133034863825443_3398385648544692407_o.jpg","datePublished":"2020-12-05T17:29:00+00:00","dateModified":"2020-12-06T18:49:22+00:00","author":{"@id":"https:\/\/www.copealcoy.es\/es\/#\/schema\/person\/e777c87fa024e57d40170af9df39882c"},"breadcrumb":{"@id":"https:\/\/www.copealcoy.es\/es\/caritas-alcoy-lanza-de-nuevo-la-campana-que-este-invierno-nadie-pase-frio\/#breadcrumb"},"inLanguage":"es","potentialAction":[{"@type":"ReadAction","target":["https:\/\/www.copealcoy.es\/es\/caritas-alcoy-lanza-de-nuevo-la-campana-que-este-invierno-nadie-pase-frio\/"]}]},{"@type":"ImageObject","inLanguage":"es","@id":"https:\/\/www.copealcoy.es\/es\/caritas-alcoy-lanza-de-nuevo-la-campana-que-este-invierno-nadie-pase-frio\/#primaryimage","url":"https:\/\/www.copealcoy.es\/wp-content\/uploads\/2020\/12\/129389107_1133034863825443_3398385648544692407_o.jpg","contentUrl":"https:\/\/www.copealcoy.es\/wp-content\/uploads\/2020\/12\/129389107_1133034863825443_3398385648544692407_o.jpg","width":1440,"height":1080},{"@type":"BreadcrumbList","@id":"https:\/\/www.copealcoy.es\/es\/caritas-alcoy-lanza-de-nuevo-la-campana-que-este-invierno-nadie-pase-frio\/#breadcrumb","itemListElement":[{"@type":"ListItem","position":1,"name":"Portada","item":"https:\/\/www.copealcoy.es\/es\/"},{"@type":"ListItem","position":2,"name":"C\u00e1ritas Alcoy lanza de nuevo la campa\u00f1a &#8216;Que este invierno nadie pase fr\u00edo&#8217;"}]},{"@type":"WebSite","@id":"https:\/\/www.copealcoy.es\/es\/#website","url":"https:\/\/www.copealcoy.es\/es\/","name":"COPE Alcoy","description":"Emisora COPE de radio local con emisi\u00f3n online. Pont de Sant Jordi 8-10 03803 Alcoy","potentialAction":[{"@type":"SearchAction","target":{"@type":"EntryPoint","urlTemplate":"https:\/\/www.copealcoy.es\/es\/?s={search_term_string}"},"query-input":{"@type":"PropertyValueSpecification","valueRequired":true,"valueName":"search_term_string"}}],"inLanguage":"es"},{"@type":"Person","@id":"https:\/\/www.copealcoy.es\/es\/#\/schema\/person\/e777c87fa024e57d40170af9df39882c","name":"Cope Alcoy","image":{"@type":"ImageObject","inLanguage":"es","@id":"https:\/\/secure.gravatar.com\/avatar\/bb65d0283347e303893ba14f0692005417c1e0e690a325a4c5d8bb2b3943ee14?s=96&d=mm&r=g","url":"https:\/\/secure.gravatar.com\/avatar\/bb65d0283347e303893ba14f0692005417c1e0e690a325a4c5d8bb2b3943ee14?s=96&d=mm&r=g","contentUrl":"https:\/\/secure.gravatar.com\/avatar\/bb65d0283347e303893ba14f0692005417c1e0e690a325a4c5d8bb2b3943ee14?s=96&d=mm&r=g","caption":"Cope Alcoy"}}]}},"_links":{"self":[{"href":"https:\/\/www.copealcoy.es\/es\/wp-json\/wp\/v2\/posts\/68437","targetHints":{"allow":["GET"]}}],"collection":[{"href":"https:\/\/www.copealcoy.es\/es\/wp-json\/wp\/v2\/posts"}],"about":[{"href":"https:\/\/www.copealcoy.es\/es\/wp-json\/wp\/v2\/types\/post"}],"author":[{"embeddable":true,"href":"https:\/\/www.copealcoy.es\/es\/wp-json\/wp\/v2\/users\/1"}],"replies":[{"embeddable":true,"href":"https:\/\/www.copealcoy.es\/es\/wp-json\/wp\/v2\/comments?post=68437"}],"version-history":[{"count":0,"href":"https:\/\/www.copealcoy.es\/es\/wp-json\/wp\/v2\/posts\/68437\/revisions"}],"wp:featuredmedia":[{"embeddable":true,"href":"https:\/\/www.copealcoy.es\/es\/wp-json\/wp\/v2\/media\/68438"}],"wp:attachment":[{"href":"https:\/\/www.copealcoy.es\/es\/wp-json\/wp\/v2\/media?parent=68437"}],"wp:term":[{"taxonomy":"category","embeddable":true,"href":"https:\/\/www.copealcoy.es\/es\/wp-json\/wp\/v2\/categories?post=68437"},{"taxonomy":"post_tag","embeddable":true,"href":"https:\/\/www.copealcoy.es\/es\/wp-json\/wp\/v2\/tags?post=68437"}],"curies":[{"name":"wp","href":"https:\/\/api.w.org\/{rel}","templated":true}]}}