{"id":68251,"date":"2020-11-30T12:39:07","date_gmt":"2020-11-30T12:39:07","guid":{"rendered":"https:\/\/www.copealcoy.es\/?p=68251"},"modified":"2020-11-30T12:45:06","modified_gmt":"2020-11-30T12:45:06","slug":"el-alcoyano-empata-sin-goles-ante-la-nucia","status":"publish","type":"post","link":"https:\/\/www.copealcoy.es\/es\/el-alcoyano-empata-sin-goles-ante-la-nucia\/","title":{"rendered":"El Alcoyano empata sin goles ante La Nuc\u00eda"},"content":{"rendered":"<p style=\"text-align: justify;\">El Alcoyano <strong>ha obtenido un valioso punto en el estadio de La Nuc\u00eda ante un equipo asentado en la Segunda B<\/strong> y con jugadores contrastados en la categor\u00eda. El Deportivo <strong>ha estado mejor f\u00edsicamente<\/strong> al disponer de un d\u00eda m\u00e1s que la semana anterior para descansar tras disputar 5 partidos en 2 semanas.<\/p>\n<p style=\"text-align: justify;\">Bien posicionado en el terreno de juego y con <strong>clara vocaci\u00f3n ofensiva<\/strong>, ha tenido cerca la victoria. Se nota, se percibe que el grupo de\u00a0<strong>Parras<\/strong>\u00a0comienza a<strong> asimilar el estilo<\/strong> y directrices del cuerpo t\u00e9cnico tras <strong>un turbulento y apretado inicio de liga<\/strong> y tras el aplazamiento de tres jornadas por culpa del COVID19.<\/p>\n<p style=\"text-align: justify;\">La<strong> primera parte<\/strong> ha sido muy pareja, con ocasiones igualadas para ambas escuadras. Cabe lamentar la lesi\u00f3n de\u00a0<strong>Juli<\/strong>\u00a0antes de cumplirse la primera media hora.<\/p>\n<p style=\"text-align: justify;\">La <strong>segunda mitad<\/strong> ha sido m\u00e1s vibrante, con grandes ocasiones para los dos conjuntos, y en especial para el Deportivo.\u00a0<strong>Alberto Rubio<\/strong> ha hilvanado una gran jugada personal por banda derecha que ha culminado con un \u2018pase de la muerte\u2019 que no ha encontrado rematador. El minuto 70 <strong>ha sido determinante<\/strong>, porque el ex jugador del Alcoyano, <strong>Hermosa<\/strong>, ha sido expulsado por derribar a\u00a0<strong>Raillo<\/strong>\u00a0cuando se dirig\u00eda -s\u00f3lo- a porter\u00eda tras un gran robo de bal\u00f3n de la defensa alcoyanista.<\/p>\n<p style=\"text-align: justify;\">Con las fuerzas justas y la aportaci\u00f3n ofensiva de\u00a0<strong>Mourad\u00a0<\/strong>y\u00a0<strong>\u00c1ngel<\/strong>, que han entrado de refuerzo, <strong>el Deportivo ha tenido varias opciones para marcar<\/strong>. La m\u00e1s clara, a un minuto para el final, de \u00c1ngel. Su disparo de falta directa se ha estrellado contra el palo.<\/p>\n<p style=\"text-align: justify;\">En definitiva, buen punto y <strong>ahora 6 d\u00edas para reponer fuerza y afrontar el siguiente partido en tierras baleares<\/strong> ante el Pe\u00f1a Deportiva de Santa Eulalia.<\/p>\n<p style=\"text-align: justify;\"><strong>Ficha t\u00e9cnica:<\/strong><\/p>\n<p style=\"text-align: justify;\"><strong>\u2013 La Nuc\u00eda<\/strong>: \u00d3scar Forn\u00e9s, \u00d3scar Prats (46\u2032 Hermosa), Neftal\u00ed, Kevin, Jos\u00e9 Mas (78\u2032 Juan Antonio), Mi\u00f1ano, Dami\u00e0 (72\u2032 Lama), Morgado (46\u2032 Javi Cabezas), Rub\u00e9n Sanz (46\u2032 Fort\u00e9), Titi y Ag\u00fcero<\/p>\n<p style=\"text-align: justify;\"><strong>\u2013 Alcoyano<\/strong>: Jos\u00e9 Juan, Jord\u00e1n, Jos\u00e9 Solbes, Ra\u00fal Gonz\u00e1lez, Pablo Carbonell, Juli (27\u2032 Alberto Rubio), Jony \u00d1\u00edguez, Juanan, Camacho (61\u2032 \u00c1ngel), Raillo (75\u2032 Ram\u00f3n) y Jona (61\u2032 Mourad)<\/p>\n<p style=\"text-align: justify;\"><strong>\u00c1rbitro<\/strong>: Busquets Ferrer (Catal\u00e1n). Amonest\u00f3 a los locales Neftal\u00ed y Lama y a los visitantes \u00c1ngel, Ram\u00f3n y Jony \u00d1iguez. Expuls\u00f3 a Hermosa con roja directa en el minuto 71.<\/p>\n","protected":false},"excerpt":{"rendered":"<p>El Alcoyano ha obtenido un valioso punto en el estadio de La Nuc\u00eda ante un equipo asentado en la Segunda&#8230;<\/p>\n","protected":false},"author":1,"featured_media":68252,"comment_status":"open","ping_status":"open","sticky":false,"template":"","format":"standard","meta":{"footnotes":""},"categories":[97,92,75],"tags":[10390,140,9438,10233],"class_list":["post-68251","post","type-post","status-publish","format-standard","has-post-thumbnail","hentry","category-alcoy","category-deportes","category-noticias","tag-0-0","tag-alcoyano","tag-empate-sin-goles","tag-la-nucia"],"yoast_head":"<!-- This site is optimized with the Yoast SEO plugin v27.3 - https:\/\/yoast.com\/product\/yoast-seo-wordpress\/ -->\n<title>El Alcoyano empata sin goles ante La Nuc\u00eda - COPE Alcoy<\/title>\n<meta name=\"robots\" content=\"index, follow, max-snippet:-1, max-image-preview:large, max-video-preview:-1\" \/>\n<link rel=\"canonical\" href=\"https:\/\/www.copealcoy.es\/es\/el-alcoyano-empata-sin-goles-ante-la-nucia\/\" \/>\n<meta property=\"og:locale\" content=\"es_ES\" \/>\n<meta property=\"og:type\" content=\"article\" \/>\n<meta property=\"og:title\" content=\"El Alcoyano empata sin goles ante La Nuc\u00eda - COPE Alcoy\" \/>\n<meta property=\"og:description\" content=\"El Alcoyano ha obtenido un valioso punto en el estadio de La Nuc\u00eda ante un equipo asentado en la Segunda...\" \/>\n<meta property=\"og:url\" content=\"https:\/\/www.copealcoy.es\/es\/el-alcoyano-empata-sin-goles-ante-la-nucia\/\" \/>\n<meta property=\"og:site_name\" content=\"COPE Alcoy\" \/>\n<meta property=\"article:published_time\" content=\"2020-11-30T12:39:07+00:00\" \/>\n<meta property=\"article:modified_time\" content=\"2020-11-30T12:45:06+00:00\" \/>\n<meta property=\"og:image\" content=\"https:\/\/www.copealcoy.es\/wp-content\/uploads\/2020\/11\/WhatsApp-Image-2020-11-29-at-17_29_52.jpeg\" \/>\n\t<meta property=\"og:image:width\" content=\"1294\" \/>\n\t<meta property=\"og:image:height\" content=\"807\" \/>\n\t<meta property=\"og:image:type\" content=\"image\/jpeg\" \/>\n<meta name=\"author\" content=\"Cope Alcoy\" \/>\n<meta name=\"twitter:label1\" content=\"Escrito por\" \/>\n\t<meta name=\"twitter:data1\" content=\"Cope Alcoy\" \/>\n\t<meta name=\"twitter:label2\" content=\"Tiempo de lectura\" \/>\n\t<meta name=\"twitter:data2\" content=\"2 minutos\" \/>\n<script type=\"application\/ld+json\" class=\"yoast-schema-graph\">{\"@context\":\"https:\\\/\\\/schema.org\",\"@graph\":[{\"@type\":\"Article\",\"@id\":\"https:\\\/\\\/www.copealcoy.es\\\/es\\\/el-alcoyano-empata-sin-goles-ante-la-nucia\\\/#article\",\"isPartOf\":{\"@id\":\"https:\\\/\\\/www.copealcoy.es\\\/es\\\/el-alcoyano-empata-sin-goles-ante-la-nucia\\\/\"},\"author\":{\"name\":\"Cope Alcoy\",\"@id\":\"https:\\\/\\\/www.copealcoy.es\\\/es\\\/#\\\/schema\\\/person\\\/e777c87fa024e57d40170af9df39882c\"},\"headline\":\"El Alcoyano empata sin goles ante La Nuc\u00eda\",\"datePublished\":\"2020-11-30T12:39:07+00:00\",\"dateModified\":\"2020-11-30T12:45:06+00:00\",\"mainEntityOfPage\":{\"@id\":\"https:\\\/\\\/www.copealcoy.es\\\/es\\\/el-alcoyano-empata-sin-goles-ante-la-nucia\\\/\"},\"wordCount\":401,\"commentCount\":0,\"image\":{\"@id\":\"https:\\\/\\\/www.copealcoy.es\\\/es\\\/el-alcoyano-empata-sin-goles-ante-la-nucia\\\/#primaryimage\"},\"thumbnailUrl\":\"https:\\\/\\\/www.copealcoy.es\\\/wp-content\\\/uploads\\\/2020\\\/11\\\/WhatsApp-Image-2020-11-29-at-17_29_52.jpeg\",\"keywords\":[\"0-0\",\"Alcoyano\",\"empate sin goles\",\"La Nuc\u00eda\"],\"articleSection\":[\"Alcoy\",\"Deportes\",\"Noticias\"],\"inLanguage\":\"es\"},{\"@type\":\"WebPage\",\"@id\":\"https:\\\/\\\/www.copealcoy.es\\\/es\\\/el-alcoyano-empata-sin-goles-ante-la-nucia\\\/\",\"url\":\"https:\\\/\\\/www.copealcoy.es\\\/es\\\/el-alcoyano-empata-sin-goles-ante-la-nucia\\\/\",\"name\":\"El Alcoyano empata sin goles ante La Nuc\u00eda - COPE Alcoy\",\"isPartOf\":{\"@id\":\"https:\\\/\\\/www.copealcoy.es\\\/es\\\/#website\"},\"primaryImageOfPage\":{\"@id\":\"https:\\\/\\\/www.copealcoy.es\\\/es\\\/el-alcoyano-empata-sin-goles-ante-la-nucia\\\/#primaryimage\"},\"image\":{\"@id\":\"https:\\\/\\\/www.copealcoy.es\\\/es\\\/el-alcoyano-empata-sin-goles-ante-la-nucia\\\/#primaryimage\"},\"thumbnailUrl\":\"https:\\\/\\\/www.copealcoy.es\\\/wp-content\\\/uploads\\\/2020\\\/11\\\/WhatsApp-Image-2020-11-29-at-17_29_52.jpeg\",\"datePublished\":\"2020-11-30T12:39:07+00:00\",\"dateModified\":\"2020-11-30T12:45:06+00:00\",\"author\":{\"@id\":\"https:\\\/\\\/www.copealcoy.es\\\/es\\\/#\\\/schema\\\/person\\\/e777c87fa024e57d40170af9df39882c\"},\"breadcrumb\":{\"@id\":\"https:\\\/\\\/www.copealcoy.es\\\/es\\\/el-alcoyano-empata-sin-goles-ante-la-nucia\\\/#breadcrumb\"},\"inLanguage\":\"es\",\"potentialAction\":[{\"@type\":\"ReadAction\",\"target\":[\"https:\\\/\\\/www.copealcoy.es\\\/es\\\/el-alcoyano-empata-sin-goles-ante-la-nucia\\\/\"]}]},{\"@type\":\"ImageObject\",\"inLanguage\":\"es\",\"@id\":\"https:\\\/\\\/www.copealcoy.es\\\/es\\\/el-alcoyano-empata-sin-goles-ante-la-nucia\\\/#primaryimage\",\"url\":\"https:\\\/\\\/www.copealcoy.es\\\/wp-content\\\/uploads\\\/2020\\\/11\\\/WhatsApp-Image-2020-11-29-at-17_29_52.jpeg\",\"contentUrl\":\"https:\\\/\\\/www.copealcoy.es\\\/wp-content\\\/uploads\\\/2020\\\/11\\\/WhatsApp-Image-2020-11-29-at-17_29_52.jpeg\",\"width\":1294,\"height\":807},{\"@type\":\"BreadcrumbList\",\"@id\":\"https:\\\/\\\/www.copealcoy.es\\\/es\\\/el-alcoyano-empata-sin-goles-ante-la-nucia\\\/#breadcrumb\",\"itemListElement\":[{\"@type\":\"ListItem\",\"position\":1,\"name\":\"Portada\",\"item\":\"https:\\\/\\\/www.copealcoy.es\\\/es\\\/\"},{\"@type\":\"ListItem\",\"position\":2,\"name\":\"El Alcoyano empata sin goles ante La Nuc\u00eda\"}]},{\"@type\":\"WebSite\",\"@id\":\"https:\\\/\\\/www.copealcoy.es\\\/es\\\/#website\",\"url\":\"https:\\\/\\\/www.copealcoy.es\\\/es\\\/\",\"name\":\"COPE Alcoy\",\"description\":\"Emisora COPE de radio local con emisi\u00f3n online. Pont de Sant Jordi 8-10 03803 Alcoy\",\"potentialAction\":[{\"@type\":\"SearchAction\",\"target\":{\"@type\":\"EntryPoint\",\"urlTemplate\":\"https:\\\/\\\/www.copealcoy.es\\\/es\\\/?s={search_term_string}\"},\"query-input\":{\"@type\":\"PropertyValueSpecification\",\"valueRequired\":true,\"valueName\":\"search_term_string\"}}],\"inLanguage\":\"es\"},{\"@type\":\"Person\",\"@id\":\"https:\\\/\\\/www.copealcoy.es\\\/es\\\/#\\\/schema\\\/person\\\/e777c87fa024e57d40170af9df39882c\",\"name\":\"Cope Alcoy\",\"image\":{\"@type\":\"ImageObject\",\"inLanguage\":\"es\",\"@id\":\"https:\\\/\\\/secure.gravatar.com\\\/avatar\\\/bb65d0283347e303893ba14f0692005417c1e0e690a325a4c5d8bb2b3943ee14?s=96&d=mm&r=g\",\"url\":\"https:\\\/\\\/secure.gravatar.com\\\/avatar\\\/bb65d0283347e303893ba14f0692005417c1e0e690a325a4c5d8bb2b3943ee14?s=96&d=mm&r=g\",\"contentUrl\":\"https:\\\/\\\/secure.gravatar.com\\\/avatar\\\/bb65d0283347e303893ba14f0692005417c1e0e690a325a4c5d8bb2b3943ee14?s=96&d=mm&r=g\",\"caption\":\"Cope Alcoy\"}}]}<\/script>\n<!-- \/ Yoast SEO plugin. -->","yoast_head_json":{"title":"El Alcoyano empata sin goles ante La Nuc\u00eda - COPE Alcoy","robots":{"index":"index","follow":"follow","max-snippet":"max-snippet:-1","max-image-preview":"max-image-preview:large","max-video-preview":"max-video-preview:-1"},"canonical":"https:\/\/www.copealcoy.es\/es\/el-alcoyano-empata-sin-goles-ante-la-nucia\/","og_locale":"es_ES","og_type":"article","og_title":"El Alcoyano empata sin goles ante La Nuc\u00eda - COPE Alcoy","og_description":"El Alcoyano ha obtenido un valioso punto en el estadio de La Nuc\u00eda ante un equipo asentado en la Segunda...","og_url":"https:\/\/www.copealcoy.es\/es\/el-alcoyano-empata-sin-goles-ante-la-nucia\/","og_site_name":"COPE Alcoy","article_published_time":"2020-11-30T12:39:07+00:00","article_modified_time":"2020-11-30T12:45:06+00:00","og_image":[{"width":1294,"height":807,"url":"https:\/\/www.copealcoy.es\/wp-content\/uploads\/2020\/11\/WhatsApp-Image-2020-11-29-at-17_29_52.jpeg","type":"image\/jpeg"}],"author":"Cope Alcoy","twitter_misc":{"Escrito por":"Cope Alcoy","Tiempo de lectura":"2 minutos"},"schema":{"@context":"https:\/\/schema.org","@graph":[{"@type":"Article","@id":"https:\/\/www.copealcoy.es\/es\/el-alcoyano-empata-sin-goles-ante-la-nucia\/#article","isPartOf":{"@id":"https:\/\/www.copealcoy.es\/es\/el-alcoyano-empata-sin-goles-ante-la-nucia\/"},"author":{"name":"Cope Alcoy","@id":"https:\/\/www.copealcoy.es\/es\/#\/schema\/person\/e777c87fa024e57d40170af9df39882c"},"headline":"El Alcoyano empata sin goles ante La Nuc\u00eda","datePublished":"2020-11-30T12:39:07+00:00","dateModified":"2020-11-30T12:45:06+00:00","mainEntityOfPage":{"@id":"https:\/\/www.copealcoy.es\/es\/el-alcoyano-empata-sin-goles-ante-la-nucia\/"},"wordCount":401,"commentCount":0,"image":{"@id":"https:\/\/www.copealcoy.es\/es\/el-alcoyano-empata-sin-goles-ante-la-nucia\/#primaryimage"},"thumbnailUrl":"https:\/\/www.copealcoy.es\/wp-content\/uploads\/2020\/11\/WhatsApp-Image-2020-11-29-at-17_29_52.jpeg","keywords":["0-0","Alcoyano","empate sin goles","La Nuc\u00eda"],"articleSection":["Alcoy","Deportes","Noticias"],"inLanguage":"es"},{"@type":"WebPage","@id":"https:\/\/www.copealcoy.es\/es\/el-alcoyano-empata-sin-goles-ante-la-nucia\/","url":"https:\/\/www.copealcoy.es\/es\/el-alcoyano-empata-sin-goles-ante-la-nucia\/","name":"El Alcoyano empata sin goles ante La Nuc\u00eda - COPE Alcoy","isPartOf":{"@id":"https:\/\/www.copealcoy.es\/es\/#website"},"primaryImageOfPage":{"@id":"https:\/\/www.copealcoy.es\/es\/el-alcoyano-empata-sin-goles-ante-la-nucia\/#primaryimage"},"image":{"@id":"https:\/\/www.copealcoy.es\/es\/el-alcoyano-empata-sin-goles-ante-la-nucia\/#primaryimage"},"thumbnailUrl":"https:\/\/www.copealcoy.es\/wp-content\/uploads\/2020\/11\/WhatsApp-Image-2020-11-29-at-17_29_52.jpeg","datePublished":"2020-11-30T12:39:07+00:00","dateModified":"2020-11-30T12:45:06+00:00","author":{"@id":"https:\/\/www.copealcoy.es\/es\/#\/schema\/person\/e777c87fa024e57d40170af9df39882c"},"breadcrumb":{"@id":"https:\/\/www.copealcoy.es\/es\/el-alcoyano-empata-sin-goles-ante-la-nucia\/#breadcrumb"},"inLanguage":"es","potentialAction":[{"@type":"ReadAction","target":["https:\/\/www.copealcoy.es\/es\/el-alcoyano-empata-sin-goles-ante-la-nucia\/"]}]},{"@type":"ImageObject","inLanguage":"es","@id":"https:\/\/www.copealcoy.es\/es\/el-alcoyano-empata-sin-goles-ante-la-nucia\/#primaryimage","url":"https:\/\/www.copealcoy.es\/wp-content\/uploads\/2020\/11\/WhatsApp-Image-2020-11-29-at-17_29_52.jpeg","contentUrl":"https:\/\/www.copealcoy.es\/wp-content\/uploads\/2020\/11\/WhatsApp-Image-2020-11-29-at-17_29_52.jpeg","width":1294,"height":807},{"@type":"BreadcrumbList","@id":"https:\/\/www.copealcoy.es\/es\/el-alcoyano-empata-sin-goles-ante-la-nucia\/#breadcrumb","itemListElement":[{"@type":"ListItem","position":1,"name":"Portada","item":"https:\/\/www.copealcoy.es\/es\/"},{"@type":"ListItem","position":2,"name":"El Alcoyano empata sin goles ante La Nuc\u00eda"}]},{"@type":"WebSite","@id":"https:\/\/www.copealcoy.es\/es\/#website","url":"https:\/\/www.copealcoy.es\/es\/","name":"COPE Alcoy","description":"Emisora COPE de radio local con emisi\u00f3n online. Pont de Sant Jordi 8-10 03803 Alcoy","potentialAction":[{"@type":"SearchAction","target":{"@type":"EntryPoint","urlTemplate":"https:\/\/www.copealcoy.es\/es\/?s={search_term_string}"},"query-input":{"@type":"PropertyValueSpecification","valueRequired":true,"valueName":"search_term_string"}}],"inLanguage":"es"},{"@type":"Person","@id":"https:\/\/www.copealcoy.es\/es\/#\/schema\/person\/e777c87fa024e57d40170af9df39882c","name":"Cope Alcoy","image":{"@type":"ImageObject","inLanguage":"es","@id":"https:\/\/secure.gravatar.com\/avatar\/bb65d0283347e303893ba14f0692005417c1e0e690a325a4c5d8bb2b3943ee14?s=96&d=mm&r=g","url":"https:\/\/secure.gravatar.com\/avatar\/bb65d0283347e303893ba14f0692005417c1e0e690a325a4c5d8bb2b3943ee14?s=96&d=mm&r=g","contentUrl":"https:\/\/secure.gravatar.com\/avatar\/bb65d0283347e303893ba14f0692005417c1e0e690a325a4c5d8bb2b3943ee14?s=96&d=mm&r=g","caption":"Cope Alcoy"}}]}},"_links":{"self":[{"href":"https:\/\/www.copealcoy.es\/es\/wp-json\/wp\/v2\/posts\/68251","targetHints":{"allow":["GET"]}}],"collection":[{"href":"https:\/\/www.copealcoy.es\/es\/wp-json\/wp\/v2\/posts"}],"about":[{"href":"https:\/\/www.copealcoy.es\/es\/wp-json\/wp\/v2\/types\/post"}],"author":[{"embeddable":true,"href":"https:\/\/www.copealcoy.es\/es\/wp-json\/wp\/v2\/users\/1"}],"replies":[{"embeddable":true,"href":"https:\/\/www.copealcoy.es\/es\/wp-json\/wp\/v2\/comments?post=68251"}],"version-history":[{"count":0,"href":"https:\/\/www.copealcoy.es\/es\/wp-json\/wp\/v2\/posts\/68251\/revisions"}],"wp:featuredmedia":[{"embeddable":true,"href":"https:\/\/www.copealcoy.es\/es\/wp-json\/wp\/v2\/media\/68252"}],"wp:attachment":[{"href":"https:\/\/www.copealcoy.es\/es\/wp-json\/wp\/v2\/media?parent=68251"}],"wp:term":[{"taxonomy":"category","embeddable":true,"href":"https:\/\/www.copealcoy.es\/es\/wp-json\/wp\/v2\/categories?post=68251"},{"taxonomy":"post_tag","embeddable":true,"href":"https:\/\/www.copealcoy.es\/es\/wp-json\/wp\/v2\/tags?post=68251"}],"curies":[{"name":"wp","href":"https:\/\/api.w.org\/{rel}","templated":true}]}}