{"id":68109,"date":"2020-11-27T09:09:50","date_gmt":"2020-11-27T09:09:50","guid":{"rendered":"https:\/\/www.copealcoy.es\/?p=68109"},"modified":"2020-11-27T15:35:12","modified_gmt":"2020-11-27T15:35:12","slug":"una-intensa-granizada-complica-la-circulacion-en-la-a7-a-primera-hora-de-la-manana","status":"publish","type":"post","link":"https:\/\/www.copealcoy.es\/es\/una-intensa-granizada-complica-la-circulacion-en-la-a7-a-primera-hora-de-la-manana\/","title":{"rendered":"Una intensa granizada complica la circulaci\u00f3n en la A7 a primera hora de la ma\u00f1ana"},"content":{"rendered":"<p style=\"text-align: justify;\">Una <strong>intensa granizada entre Alcoy e Ibi<\/strong> ha complicado <strong>la circulaci\u00f3n<\/strong> durante <strong>las primeras horas de la ma\u00f1ana<\/strong> a todos los conductores que circulaban por <strong>la A7<\/strong>. La <strong>Direcci\u00f3n General de Tr\u00e1fico (DGT)<\/strong> informa que las condiciones de circulaci\u00f3n <strong>son dif\u00edciles<\/strong> en esta v\u00eda, en ambos sentidos, entre <strong>los kil\u00f3metros 454 y 464<\/strong>.<\/p>\n<p style=\"text-align: justify;\">El granizo<strong> ha cubierto de un manto blanco la calzada<\/strong> y <strong>la situaci\u00f3n meteorol\u00f3gica<\/strong> seguir\u00e1 siendo adversa en l&#8217;Alcoi\u00e0 i El Comtat durante todo este viernes. La AEMET<strong> ha decretado aviso amarillo por fuetes lluvias<\/strong> y <strong>la inestabilidad<\/strong> seguir\u00e1 acompa\u00f1\u00e1ndonos hasta pr\u00e1cticamente el domingo por la ma\u00f1ana.<\/p>\n","protected":false},"excerpt":{"rendered":"<p>Una intensa granizada entre Alcoy e Ibi ha complicado la circulaci\u00f3n durante las primeras horas de la ma\u00f1ana a todos&#8230;<\/p>\n","protected":false},"author":1,"featured_media":68111,"comment_status":"open","ping_status":"open","sticky":false,"template":"","format":"standard","meta":{"footnotes":""},"categories":[98,75],"tags":[3566,482,3097,237,10375,574],"class_list":["post-68109","post","type-post","status-publish","format-standard","has-post-thumbnail","hentry","category-comarcas","category-noticias","tag-a7","tag-alcoia","tag-circulacion","tag-comtat","tag-intensa-granizada","tag-temporal"],"yoast_head":"<!-- This site is optimized with the Yoast SEO plugin v27.3 - https:\/\/yoast.com\/product\/yoast-seo-wordpress\/ -->\n<title>Una intensa granizada complica la circulaci\u00f3n en la A7 a primera hora de la ma\u00f1ana - COPE Alcoy<\/title>\n<meta name=\"robots\" content=\"index, follow, max-snippet:-1, max-image-preview:large, max-video-preview:-1\" \/>\n<link rel=\"canonical\" href=\"https:\/\/www.copealcoy.es\/es\/una-intensa-granizada-complica-la-circulacion-en-la-a7-a-primera-hora-de-la-manana\/\" \/>\n<meta property=\"og:locale\" content=\"es_ES\" \/>\n<meta property=\"og:type\" content=\"article\" \/>\n<meta property=\"og:title\" content=\"Una intensa granizada complica la circulaci\u00f3n en la A7 a primera hora de la ma\u00f1ana - COPE Alcoy\" \/>\n<meta property=\"og:description\" content=\"Una intensa granizada entre Alcoy e Ibi ha complicado la circulaci\u00f3n durante las primeras horas de la ma\u00f1ana a todos...\" \/>\n<meta property=\"og:url\" content=\"https:\/\/www.copealcoy.es\/es\/una-intensa-granizada-complica-la-circulacion-en-la-a7-a-primera-hora-de-la-manana\/\" \/>\n<meta property=\"og:site_name\" content=\"COPE Alcoy\" \/>\n<meta property=\"article:published_time\" content=\"2020-11-27T09:09:50+00:00\" \/>\n<meta property=\"article:modified_time\" content=\"2020-11-27T15:35:12+00:00\" \/>\n<meta property=\"og:image\" content=\"https:\/\/www.copealcoy.es\/wp-content\/uploads\/2020\/11\/unnamed-4.jpg\" \/>\n\t<meta property=\"og:image:width\" content=\"1760\" \/>\n\t<meta property=\"og:image:height\" content=\"1135\" \/>\n\t<meta property=\"og:image:type\" content=\"image\/jpeg\" \/>\n<meta name=\"author\" content=\"Cope Alcoy\" \/>\n<meta name=\"twitter:label1\" content=\"Escrito por\" \/>\n\t<meta name=\"twitter:data1\" content=\"Cope Alcoy\" \/>\n\t<meta name=\"twitter:label2\" content=\"Tiempo de lectura\" \/>\n\t<meta name=\"twitter:data2\" content=\"1 minuto\" \/>\n<script type=\"application\/ld+json\" class=\"yoast-schema-graph\">{\"@context\":\"https:\\\/\\\/schema.org\",\"@graph\":[{\"@type\":\"Article\",\"@id\":\"https:\\\/\\\/www.copealcoy.es\\\/es\\\/una-intensa-granizada-complica-la-circulacion-en-la-a7-a-primera-hora-de-la-manana\\\/#article\",\"isPartOf\":{\"@id\":\"https:\\\/\\\/www.copealcoy.es\\\/es\\\/una-intensa-granizada-complica-la-circulacion-en-la-a7-a-primera-hora-de-la-manana\\\/\"},\"author\":{\"name\":\"Cope Alcoy\",\"@id\":\"https:\\\/\\\/www.copealcoy.es\\\/es\\\/#\\\/schema\\\/person\\\/e777c87fa024e57d40170af9df39882c\"},\"headline\":\"Una intensa granizada complica la circulaci\u00f3n en la A7 a primera hora de la ma\u00f1ana\",\"datePublished\":\"2020-11-27T09:09:50+00:00\",\"dateModified\":\"2020-11-27T15:35:12+00:00\",\"mainEntityOfPage\":{\"@id\":\"https:\\\/\\\/www.copealcoy.es\\\/es\\\/una-intensa-granizada-complica-la-circulacion-en-la-a7-a-primera-hora-de-la-manana\\\/\"},\"wordCount\":129,\"commentCount\":0,\"image\":{\"@id\":\"https:\\\/\\\/www.copealcoy.es\\\/es\\\/una-intensa-granizada-complica-la-circulacion-en-la-a7-a-primera-hora-de-la-manana\\\/#primaryimage\"},\"thumbnailUrl\":\"https:\\\/\\\/www.copealcoy.es\\\/wp-content\\\/uploads\\\/2020\\\/11\\\/unnamed-4.jpg\",\"keywords\":[\"A7\",\"Alcoi\u00e0\",\"Circulaci\u00f3n\",\"Comtat\",\"intensa granizada\",\"Temporal\"],\"articleSection\":[\"Comarcas\",\"Noticias\"],\"inLanguage\":\"es\"},{\"@type\":\"WebPage\",\"@id\":\"https:\\\/\\\/www.copealcoy.es\\\/es\\\/una-intensa-granizada-complica-la-circulacion-en-la-a7-a-primera-hora-de-la-manana\\\/\",\"url\":\"https:\\\/\\\/www.copealcoy.es\\\/es\\\/una-intensa-granizada-complica-la-circulacion-en-la-a7-a-primera-hora-de-la-manana\\\/\",\"name\":\"Una intensa granizada complica la circulaci\u00f3n en la A7 a primera hora de la ma\u00f1ana - COPE Alcoy\",\"isPartOf\":{\"@id\":\"https:\\\/\\\/www.copealcoy.es\\\/es\\\/#website\"},\"primaryImageOfPage\":{\"@id\":\"https:\\\/\\\/www.copealcoy.es\\\/es\\\/una-intensa-granizada-complica-la-circulacion-en-la-a7-a-primera-hora-de-la-manana\\\/#primaryimage\"},\"image\":{\"@id\":\"https:\\\/\\\/www.copealcoy.es\\\/es\\\/una-intensa-granizada-complica-la-circulacion-en-la-a7-a-primera-hora-de-la-manana\\\/#primaryimage\"},\"thumbnailUrl\":\"https:\\\/\\\/www.copealcoy.es\\\/wp-content\\\/uploads\\\/2020\\\/11\\\/unnamed-4.jpg\",\"datePublished\":\"2020-11-27T09:09:50+00:00\",\"dateModified\":\"2020-11-27T15:35:12+00:00\",\"author\":{\"@id\":\"https:\\\/\\\/www.copealcoy.es\\\/es\\\/#\\\/schema\\\/person\\\/e777c87fa024e57d40170af9df39882c\"},\"breadcrumb\":{\"@id\":\"https:\\\/\\\/www.copealcoy.es\\\/es\\\/una-intensa-granizada-complica-la-circulacion-en-la-a7-a-primera-hora-de-la-manana\\\/#breadcrumb\"},\"inLanguage\":\"es\",\"potentialAction\":[{\"@type\":\"ReadAction\",\"target\":[\"https:\\\/\\\/www.copealcoy.es\\\/es\\\/una-intensa-granizada-complica-la-circulacion-en-la-a7-a-primera-hora-de-la-manana\\\/\"]}]},{\"@type\":\"ImageObject\",\"inLanguage\":\"es\",\"@id\":\"https:\\\/\\\/www.copealcoy.es\\\/es\\\/una-intensa-granizada-complica-la-circulacion-en-la-a7-a-primera-hora-de-la-manana\\\/#primaryimage\",\"url\":\"https:\\\/\\\/www.copealcoy.es\\\/wp-content\\\/uploads\\\/2020\\\/11\\\/unnamed-4.jpg\",\"contentUrl\":\"https:\\\/\\\/www.copealcoy.es\\\/wp-content\\\/uploads\\\/2020\\\/11\\\/unnamed-4.jpg\",\"width\":1760,\"height\":1135},{\"@type\":\"BreadcrumbList\",\"@id\":\"https:\\\/\\\/www.copealcoy.es\\\/es\\\/una-intensa-granizada-complica-la-circulacion-en-la-a7-a-primera-hora-de-la-manana\\\/#breadcrumb\",\"itemListElement\":[{\"@type\":\"ListItem\",\"position\":1,\"name\":\"Portada\",\"item\":\"https:\\\/\\\/www.copealcoy.es\\\/es\\\/\"},{\"@type\":\"ListItem\",\"position\":2,\"name\":\"Una intensa granizada complica la circulaci\u00f3n en la A7 a primera hora de la ma\u00f1ana\"}]},{\"@type\":\"WebSite\",\"@id\":\"https:\\\/\\\/www.copealcoy.es\\\/es\\\/#website\",\"url\":\"https:\\\/\\\/www.copealcoy.es\\\/es\\\/\",\"name\":\"COPE Alcoy\",\"description\":\"Emisora COPE de radio local con emisi\u00f3n online. Pont de Sant Jordi 8-10 03803 Alcoy\",\"potentialAction\":[{\"@type\":\"SearchAction\",\"target\":{\"@type\":\"EntryPoint\",\"urlTemplate\":\"https:\\\/\\\/www.copealcoy.es\\\/es\\\/?s={search_term_string}\"},\"query-input\":{\"@type\":\"PropertyValueSpecification\",\"valueRequired\":true,\"valueName\":\"search_term_string\"}}],\"inLanguage\":\"es\"},{\"@type\":\"Person\",\"@id\":\"https:\\\/\\\/www.copealcoy.es\\\/es\\\/#\\\/schema\\\/person\\\/e777c87fa024e57d40170af9df39882c\",\"name\":\"Cope Alcoy\",\"image\":{\"@type\":\"ImageObject\",\"inLanguage\":\"es\",\"@id\":\"https:\\\/\\\/secure.gravatar.com\\\/avatar\\\/bb65d0283347e303893ba14f0692005417c1e0e690a325a4c5d8bb2b3943ee14?s=96&d=mm&r=g\",\"url\":\"https:\\\/\\\/secure.gravatar.com\\\/avatar\\\/bb65d0283347e303893ba14f0692005417c1e0e690a325a4c5d8bb2b3943ee14?s=96&d=mm&r=g\",\"contentUrl\":\"https:\\\/\\\/secure.gravatar.com\\\/avatar\\\/bb65d0283347e303893ba14f0692005417c1e0e690a325a4c5d8bb2b3943ee14?s=96&d=mm&r=g\",\"caption\":\"Cope Alcoy\"}}]}<\/script>\n<!-- \/ Yoast SEO plugin. -->","yoast_head_json":{"title":"Una intensa granizada complica la circulaci\u00f3n en la A7 a primera hora de la ma\u00f1ana - COPE Alcoy","robots":{"index":"index","follow":"follow","max-snippet":"max-snippet:-1","max-image-preview":"max-image-preview:large","max-video-preview":"max-video-preview:-1"},"canonical":"https:\/\/www.copealcoy.es\/es\/una-intensa-granizada-complica-la-circulacion-en-la-a7-a-primera-hora-de-la-manana\/","og_locale":"es_ES","og_type":"article","og_title":"Una intensa granizada complica la circulaci\u00f3n en la A7 a primera hora de la ma\u00f1ana - COPE Alcoy","og_description":"Una intensa granizada entre Alcoy e Ibi ha complicado la circulaci\u00f3n durante las primeras horas de la ma\u00f1ana a todos...","og_url":"https:\/\/www.copealcoy.es\/es\/una-intensa-granizada-complica-la-circulacion-en-la-a7-a-primera-hora-de-la-manana\/","og_site_name":"COPE Alcoy","article_published_time":"2020-11-27T09:09:50+00:00","article_modified_time":"2020-11-27T15:35:12+00:00","og_image":[{"width":1760,"height":1135,"url":"https:\/\/www.copealcoy.es\/wp-content\/uploads\/2020\/11\/unnamed-4.jpg","type":"image\/jpeg"}],"author":"Cope Alcoy","twitter_misc":{"Escrito por":"Cope Alcoy","Tiempo de lectura":"1 minuto"},"schema":{"@context":"https:\/\/schema.org","@graph":[{"@type":"Article","@id":"https:\/\/www.copealcoy.es\/es\/una-intensa-granizada-complica-la-circulacion-en-la-a7-a-primera-hora-de-la-manana\/#article","isPartOf":{"@id":"https:\/\/www.copealcoy.es\/es\/una-intensa-granizada-complica-la-circulacion-en-la-a7-a-primera-hora-de-la-manana\/"},"author":{"name":"Cope Alcoy","@id":"https:\/\/www.copealcoy.es\/es\/#\/schema\/person\/e777c87fa024e57d40170af9df39882c"},"headline":"Una intensa granizada complica la circulaci\u00f3n en la A7 a primera hora de la ma\u00f1ana","datePublished":"2020-11-27T09:09:50+00:00","dateModified":"2020-11-27T15:35:12+00:00","mainEntityOfPage":{"@id":"https:\/\/www.copealcoy.es\/es\/una-intensa-granizada-complica-la-circulacion-en-la-a7-a-primera-hora-de-la-manana\/"},"wordCount":129,"commentCount":0,"image":{"@id":"https:\/\/www.copealcoy.es\/es\/una-intensa-granizada-complica-la-circulacion-en-la-a7-a-primera-hora-de-la-manana\/#primaryimage"},"thumbnailUrl":"https:\/\/www.copealcoy.es\/wp-content\/uploads\/2020\/11\/unnamed-4.jpg","keywords":["A7","Alcoi\u00e0","Circulaci\u00f3n","Comtat","intensa granizada","Temporal"],"articleSection":["Comarcas","Noticias"],"inLanguage":"es"},{"@type":"WebPage","@id":"https:\/\/www.copealcoy.es\/es\/una-intensa-granizada-complica-la-circulacion-en-la-a7-a-primera-hora-de-la-manana\/","url":"https:\/\/www.copealcoy.es\/es\/una-intensa-granizada-complica-la-circulacion-en-la-a7-a-primera-hora-de-la-manana\/","name":"Una intensa granizada complica la circulaci\u00f3n en la A7 a primera hora de la ma\u00f1ana - COPE Alcoy","isPartOf":{"@id":"https:\/\/www.copealcoy.es\/es\/#website"},"primaryImageOfPage":{"@id":"https:\/\/www.copealcoy.es\/es\/una-intensa-granizada-complica-la-circulacion-en-la-a7-a-primera-hora-de-la-manana\/#primaryimage"},"image":{"@id":"https:\/\/www.copealcoy.es\/es\/una-intensa-granizada-complica-la-circulacion-en-la-a7-a-primera-hora-de-la-manana\/#primaryimage"},"thumbnailUrl":"https:\/\/www.copealcoy.es\/wp-content\/uploads\/2020\/11\/unnamed-4.jpg","datePublished":"2020-11-27T09:09:50+00:00","dateModified":"2020-11-27T15:35:12+00:00","author":{"@id":"https:\/\/www.copealcoy.es\/es\/#\/schema\/person\/e777c87fa024e57d40170af9df39882c"},"breadcrumb":{"@id":"https:\/\/www.copealcoy.es\/es\/una-intensa-granizada-complica-la-circulacion-en-la-a7-a-primera-hora-de-la-manana\/#breadcrumb"},"inLanguage":"es","potentialAction":[{"@type":"ReadAction","target":["https:\/\/www.copealcoy.es\/es\/una-intensa-granizada-complica-la-circulacion-en-la-a7-a-primera-hora-de-la-manana\/"]}]},{"@type":"ImageObject","inLanguage":"es","@id":"https:\/\/www.copealcoy.es\/es\/una-intensa-granizada-complica-la-circulacion-en-la-a7-a-primera-hora-de-la-manana\/#primaryimage","url":"https:\/\/www.copealcoy.es\/wp-content\/uploads\/2020\/11\/unnamed-4.jpg","contentUrl":"https:\/\/www.copealcoy.es\/wp-content\/uploads\/2020\/11\/unnamed-4.jpg","width":1760,"height":1135},{"@type":"BreadcrumbList","@id":"https:\/\/www.copealcoy.es\/es\/una-intensa-granizada-complica-la-circulacion-en-la-a7-a-primera-hora-de-la-manana\/#breadcrumb","itemListElement":[{"@type":"ListItem","position":1,"name":"Portada","item":"https:\/\/www.copealcoy.es\/es\/"},{"@type":"ListItem","position":2,"name":"Una intensa granizada complica la circulaci\u00f3n en la A7 a primera hora de la ma\u00f1ana"}]},{"@type":"WebSite","@id":"https:\/\/www.copealcoy.es\/es\/#website","url":"https:\/\/www.copealcoy.es\/es\/","name":"COPE Alcoy","description":"Emisora COPE de radio local con emisi\u00f3n online. Pont de Sant Jordi 8-10 03803 Alcoy","potentialAction":[{"@type":"SearchAction","target":{"@type":"EntryPoint","urlTemplate":"https:\/\/www.copealcoy.es\/es\/?s={search_term_string}"},"query-input":{"@type":"PropertyValueSpecification","valueRequired":true,"valueName":"search_term_string"}}],"inLanguage":"es"},{"@type":"Person","@id":"https:\/\/www.copealcoy.es\/es\/#\/schema\/person\/e777c87fa024e57d40170af9df39882c","name":"Cope Alcoy","image":{"@type":"ImageObject","inLanguage":"es","@id":"https:\/\/secure.gravatar.com\/avatar\/bb65d0283347e303893ba14f0692005417c1e0e690a325a4c5d8bb2b3943ee14?s=96&d=mm&r=g","url":"https:\/\/secure.gravatar.com\/avatar\/bb65d0283347e303893ba14f0692005417c1e0e690a325a4c5d8bb2b3943ee14?s=96&d=mm&r=g","contentUrl":"https:\/\/secure.gravatar.com\/avatar\/bb65d0283347e303893ba14f0692005417c1e0e690a325a4c5d8bb2b3943ee14?s=96&d=mm&r=g","caption":"Cope Alcoy"}}]}},"_links":{"self":[{"href":"https:\/\/www.copealcoy.es\/es\/wp-json\/wp\/v2\/posts\/68109","targetHints":{"allow":["GET"]}}],"collection":[{"href":"https:\/\/www.copealcoy.es\/es\/wp-json\/wp\/v2\/posts"}],"about":[{"href":"https:\/\/www.copealcoy.es\/es\/wp-json\/wp\/v2\/types\/post"}],"author":[{"embeddable":true,"href":"https:\/\/www.copealcoy.es\/es\/wp-json\/wp\/v2\/users\/1"}],"replies":[{"embeddable":true,"href":"https:\/\/www.copealcoy.es\/es\/wp-json\/wp\/v2\/comments?post=68109"}],"version-history":[{"count":0,"href":"https:\/\/www.copealcoy.es\/es\/wp-json\/wp\/v2\/posts\/68109\/revisions"}],"wp:featuredmedia":[{"embeddable":true,"href":"https:\/\/www.copealcoy.es\/es\/wp-json\/wp\/v2\/media\/68111"}],"wp:attachment":[{"href":"https:\/\/www.copealcoy.es\/es\/wp-json\/wp\/v2\/media?parent=68109"}],"wp:term":[{"taxonomy":"category","embeddable":true,"href":"https:\/\/www.copealcoy.es\/es\/wp-json\/wp\/v2\/categories?post=68109"},{"taxonomy":"post_tag","embeddable":true,"href":"https:\/\/www.copealcoy.es\/es\/wp-json\/wp\/v2\/tags?post=68109"}],"curies":[{"name":"wp","href":"https:\/\/api.w.org\/{rel}","templated":true}]}}