{"id":67813,"date":"2020-11-20T11:47:24","date_gmt":"2020-11-20T11:47:24","guid":{"rendered":"https:\/\/www.copealcoy.es\/?p=67813"},"modified":"2020-11-20T11:54:27","modified_gmt":"2020-11-20T11:54:27","slug":"samantha-en-cadena-100-la-gente-no-se-mira-en-madrid-eso-me-sorprende-muchisimo","status":"publish","type":"post","link":"https:\/\/www.copealcoy.es\/es\/samantha-en-cadena-100-la-gente-no-se-mira-en-madrid-eso-me-sorprende-muchisimo\/","title":{"rendered":"Samantha en Cadena 100: &#8220;la gente no se mira en Madrid, eso me sorprende much\u00edsimo&#8221;"},"content":{"rendered":"<p style=\"text-align: justify;\">La <strong>cantante de Beniarr\u00e9s<\/strong> ha estado en <strong>la emisora musical del Grupo COPE<\/strong> para <strong>presentar su primer disco titulado &#8216;Nada&#8217;<\/strong>, un \u00e1lbum en el que <strong>la joven ha compuesto 8 canciones<\/strong> que resumen su esp\u00edritu m\u00e1s positivista.<\/p>\n<p style=\"text-align: justify;\">Con todo el orgullo y naturalidad posibles\u00a0<strong>Samantha nos describe en Cadena 100 la sensaci\u00f3n de cambio que est\u00e1 viviendo <\/strong><em>&#8220;mi pueblo tiene mil habitantes&#8221; <\/em>y ahora <strong>vive en Madrid<\/strong> donde, nos cuenta sorprendida, qu<em>e &#8220;la gente no se mira, eso me sorprende much\u00edsimo, al principio saludaba a la gente, eso pasa en mi pueblo&#8221;<\/em>.<\/p>\n<p style=\"text-align: justify;\">Tratando de asimilar el cambio de vivir en\u00a0<strong>Beniarr\u00e9s\u00a0<\/strong>(Alicante) a llegar a\u00a0<strong>Madrid\u00a0<\/strong>nos reitera y nos describe m\u00e1s todav\u00eda que\u00a0<em>&#8220;la gente no se mira siquiera, me parece muy extra\u00f1o. Para mi es la educaci\u00f3n&#8230;. Yo vivo en una finca y no conozco a los vecinos, nadie. Eso me parece s\u00faper raro<\/em>&#8220;. Impresionada dice que &#8220;n<em>o s\u00e9 qui\u00e9n es nadie, el Presidente de la Comunidad y porque era protocolo<\/em>&#8220;<\/p>\n<p style=\"text-align: justify;\">Sobre su <strong>primer trabajo <\/strong>asegura que\u00a0<em>&#8220;me propusieron hacer un \u00e1lbum y dije que s\u00ed&#8221;<\/em> al mismo tiempo que nos adelanta que &#8220;<em>no s\u00e9 si habr\u00e1 nuevo disco o sencillo a sencillo pero vamos a empezar, ya<\/em>&#8220;. Asegura tambi\u00e9n que en cuanto finalice de promocionar su nuevo disco &#8220;<em>me pongo a componer.\u00a0Quiero que sea otra cosa, pero a lo mejor no lo es&#8230; \u00a1no lo s\u00e9! vamos a hablar de cosas diferentes, habr\u00e1 balada-balada&#8230;<\/em>&#8220;.<\/p>\n<p style=\"text-align: justify;\">Desde su sencillez, <strong>desde la naturalidad y desde la franqueza nos cuenta tambi\u00e9n sus pasiones respecto a la m\u00fasica<\/strong> <em>&#8220;yo necesito componer desde lo que siento&#8221;<\/em> y que esta etapa es muy satisfactoria porque &#8220;t<em>odo est\u00e1 siendo muy bonito<\/em>&#8220;. Con esa impresi\u00f3n nos cuenta que su nueva m\u00fasica ten\u00eda que salir porque\u00a0<em>&#8220;ya est\u00e1, no pasa nada. He firmado muchos discos en preventa<\/em>&#8220;, le ha contado a nuestro compa\u00f1ero <strong>Antonio Hueso<\/strong>.<\/p>\n<p style=\"text-align: justify;\">Por \u00faltimo <strong>ha hecho referencia al t\u00edtulo del disco<\/strong> &#8220;<em>NADA, es una parte de todo lo que alguna vez se me ha pasado por la cabeza, es como un resumen del 2020&#8243;,<\/em> ha matizado.<\/p>\n<p style=\"text-align: justify;\">En <a href=\"https:\/\/www.cadena100.es\/musica\/entrevistas\/videos\/samantha-instalado-madrid-choca-que-gente-mira-eso-sorprende-muchisimo-20201119_1279585\"><span style=\"color: #0000ff;\"><strong>este enlace <\/strong><\/span><\/a>puedes ver la entrevista.<\/p>\n","protected":false},"excerpt":{"rendered":"<p>La cantante de Beniarr\u00e9s ha estado en la emisora musical del Grupo COPE para presentar su primer disco titulado &#8216;Nada&#8217;,&#8230;<\/p>\n","protected":false},"author":1,"featured_media":67815,"comment_status":"open","ping_status":"open","sticky":false,"template":"","format":"standard","meta":{"footnotes":""},"categories":[98,75],"tags":[10311,10320,851,7400,2578,10310],"class_list":["post-67813","post","type-post","status-publish","format-standard","has-post-thumbnail","hentry","category-comarcas","category-noticias","tag-nada","tag-album","tag-beniarres","tag-cadena-100","tag-disco","tag-samantha"],"yoast_head":"<!-- This site is optimized with the Yoast SEO plugin v27.3 - https:\/\/yoast.com\/product\/yoast-seo-wordpress\/ -->\n<title>Samantha en Cadena 100: &quot;la gente no se mira en Madrid, eso me sorprende much\u00edsimo&quot; - COPE Alcoy<\/title>\n<meta name=\"robots\" content=\"index, follow, max-snippet:-1, max-image-preview:large, max-video-preview:-1\" \/>\n<link rel=\"canonical\" href=\"https:\/\/www.copealcoy.es\/es\/samantha-en-cadena-100-la-gente-no-se-mira-en-madrid-eso-me-sorprende-muchisimo\/\" \/>\n<meta property=\"og:locale\" content=\"es_ES\" \/>\n<meta property=\"og:type\" content=\"article\" \/>\n<meta property=\"og:title\" content=\"Samantha en Cadena 100: &quot;la gente no se mira en Madrid, eso me sorprende much\u00edsimo&quot; - COPE Alcoy\" \/>\n<meta property=\"og:description\" content=\"La cantante de Beniarr\u00e9s ha estado en la emisora musical del Grupo COPE para presentar su primer disco titulado &#8216;Nada&#8217;,...\" \/>\n<meta property=\"og:url\" content=\"https:\/\/www.copealcoy.es\/es\/samantha-en-cadena-100-la-gente-no-se-mira-en-madrid-eso-me-sorprende-muchisimo\/\" \/>\n<meta property=\"og:site_name\" content=\"COPE Alcoy\" \/>\n<meta property=\"article:published_time\" content=\"2020-11-20T11:47:24+00:00\" \/>\n<meta property=\"article:modified_time\" content=\"2020-11-20T11:54:27+00:00\" \/>\n<meta property=\"og:image\" content=\"https:\/\/www.copealcoy.es\/wp-content\/uploads\/2020\/11\/1605797661867.jpg\" \/>\n\t<meta property=\"og:image:width\" content=\"976\" \/>\n\t<meta property=\"og:image:height\" content=\"549\" \/>\n\t<meta property=\"og:image:type\" content=\"image\/jpeg\" \/>\n<meta name=\"author\" content=\"Cope Alcoy\" \/>\n<meta name=\"twitter:label1\" content=\"Escrito por\" \/>\n\t<meta name=\"twitter:data1\" content=\"Cope Alcoy\" \/>\n\t<meta name=\"twitter:label2\" content=\"Tiempo de lectura\" \/>\n\t<meta name=\"twitter:data2\" content=\"2 minutos\" \/>\n<script type=\"application\/ld+json\" class=\"yoast-schema-graph\">{\"@context\":\"https:\\\/\\\/schema.org\",\"@graph\":[{\"@type\":\"Article\",\"@id\":\"https:\\\/\\\/www.copealcoy.es\\\/es\\\/samantha-en-cadena-100-la-gente-no-se-mira-en-madrid-eso-me-sorprende-muchisimo\\\/#article\",\"isPartOf\":{\"@id\":\"https:\\\/\\\/www.copealcoy.es\\\/es\\\/samantha-en-cadena-100-la-gente-no-se-mira-en-madrid-eso-me-sorprende-muchisimo\\\/\"},\"author\":{\"name\":\"Cope Alcoy\",\"@id\":\"https:\\\/\\\/www.copealcoy.es\\\/es\\\/#\\\/schema\\\/person\\\/e777c87fa024e57d40170af9df39882c\"},\"headline\":\"Samantha en Cadena 100: &#8220;la gente no se mira en Madrid, eso me sorprende much\u00edsimo&#8221;\",\"datePublished\":\"2020-11-20T11:47:24+00:00\",\"dateModified\":\"2020-11-20T11:54:27+00:00\",\"mainEntityOfPage\":{\"@id\":\"https:\\\/\\\/www.copealcoy.es\\\/es\\\/samantha-en-cadena-100-la-gente-no-se-mira-en-madrid-eso-me-sorprende-muchisimo\\\/\"},\"wordCount\":382,\"commentCount\":0,\"image\":{\"@id\":\"https:\\\/\\\/www.copealcoy.es\\\/es\\\/samantha-en-cadena-100-la-gente-no-se-mira-en-madrid-eso-me-sorprende-muchisimo\\\/#primaryimage\"},\"thumbnailUrl\":\"https:\\\/\\\/www.copealcoy.es\\\/wp-content\\\/uploads\\\/2020\\\/11\\\/1605797661867.jpg\",\"keywords\":[\"'Nada'\",\"\u00e1lbum\",\"Beniarres\",\"Cadena 100\",\"disco\",\"Samantha\"],\"articleSection\":[\"Comarcas\",\"Noticias\"],\"inLanguage\":\"es\"},{\"@type\":\"WebPage\",\"@id\":\"https:\\\/\\\/www.copealcoy.es\\\/es\\\/samantha-en-cadena-100-la-gente-no-se-mira-en-madrid-eso-me-sorprende-muchisimo\\\/\",\"url\":\"https:\\\/\\\/www.copealcoy.es\\\/es\\\/samantha-en-cadena-100-la-gente-no-se-mira-en-madrid-eso-me-sorprende-muchisimo\\\/\",\"name\":\"Samantha en Cadena 100: \\\"la gente no se mira en Madrid, eso me sorprende much\u00edsimo\\\" - COPE Alcoy\",\"isPartOf\":{\"@id\":\"https:\\\/\\\/www.copealcoy.es\\\/es\\\/#website\"},\"primaryImageOfPage\":{\"@id\":\"https:\\\/\\\/www.copealcoy.es\\\/es\\\/samantha-en-cadena-100-la-gente-no-se-mira-en-madrid-eso-me-sorprende-muchisimo\\\/#primaryimage\"},\"image\":{\"@id\":\"https:\\\/\\\/www.copealcoy.es\\\/es\\\/samantha-en-cadena-100-la-gente-no-se-mira-en-madrid-eso-me-sorprende-muchisimo\\\/#primaryimage\"},\"thumbnailUrl\":\"https:\\\/\\\/www.copealcoy.es\\\/wp-content\\\/uploads\\\/2020\\\/11\\\/1605797661867.jpg\",\"datePublished\":\"2020-11-20T11:47:24+00:00\",\"dateModified\":\"2020-11-20T11:54:27+00:00\",\"author\":{\"@id\":\"https:\\\/\\\/www.copealcoy.es\\\/es\\\/#\\\/schema\\\/person\\\/e777c87fa024e57d40170af9df39882c\"},\"breadcrumb\":{\"@id\":\"https:\\\/\\\/www.copealcoy.es\\\/es\\\/samantha-en-cadena-100-la-gente-no-se-mira-en-madrid-eso-me-sorprende-muchisimo\\\/#breadcrumb\"},\"inLanguage\":\"es\",\"potentialAction\":[{\"@type\":\"ReadAction\",\"target\":[\"https:\\\/\\\/www.copealcoy.es\\\/es\\\/samantha-en-cadena-100-la-gente-no-se-mira-en-madrid-eso-me-sorprende-muchisimo\\\/\"]}]},{\"@type\":\"ImageObject\",\"inLanguage\":\"es\",\"@id\":\"https:\\\/\\\/www.copealcoy.es\\\/es\\\/samantha-en-cadena-100-la-gente-no-se-mira-en-madrid-eso-me-sorprende-muchisimo\\\/#primaryimage\",\"url\":\"https:\\\/\\\/www.copealcoy.es\\\/wp-content\\\/uploads\\\/2020\\\/11\\\/1605797661867.jpg\",\"contentUrl\":\"https:\\\/\\\/www.copealcoy.es\\\/wp-content\\\/uploads\\\/2020\\\/11\\\/1605797661867.jpg\",\"width\":976,\"height\":549},{\"@type\":\"BreadcrumbList\",\"@id\":\"https:\\\/\\\/www.copealcoy.es\\\/es\\\/samantha-en-cadena-100-la-gente-no-se-mira-en-madrid-eso-me-sorprende-muchisimo\\\/#breadcrumb\",\"itemListElement\":[{\"@type\":\"ListItem\",\"position\":1,\"name\":\"Portada\",\"item\":\"https:\\\/\\\/www.copealcoy.es\\\/es\\\/\"},{\"@type\":\"ListItem\",\"position\":2,\"name\":\"Samantha en Cadena 100: &#8220;la gente no se mira en Madrid, eso me sorprende much\u00edsimo&#8221;\"}]},{\"@type\":\"WebSite\",\"@id\":\"https:\\\/\\\/www.copealcoy.es\\\/es\\\/#website\",\"url\":\"https:\\\/\\\/www.copealcoy.es\\\/es\\\/\",\"name\":\"COPE Alcoy\",\"description\":\"Emisora COPE de radio local con emisi\u00f3n online. Pont de Sant Jordi 8-10 03803 Alcoy\",\"potentialAction\":[{\"@type\":\"SearchAction\",\"target\":{\"@type\":\"EntryPoint\",\"urlTemplate\":\"https:\\\/\\\/www.copealcoy.es\\\/es\\\/?s={search_term_string}\"},\"query-input\":{\"@type\":\"PropertyValueSpecification\",\"valueRequired\":true,\"valueName\":\"search_term_string\"}}],\"inLanguage\":\"es\"},{\"@type\":\"Person\",\"@id\":\"https:\\\/\\\/www.copealcoy.es\\\/es\\\/#\\\/schema\\\/person\\\/e777c87fa024e57d40170af9df39882c\",\"name\":\"Cope Alcoy\",\"image\":{\"@type\":\"ImageObject\",\"inLanguage\":\"es\",\"@id\":\"https:\\\/\\\/secure.gravatar.com\\\/avatar\\\/bb65d0283347e303893ba14f0692005417c1e0e690a325a4c5d8bb2b3943ee14?s=96&d=mm&r=g\",\"url\":\"https:\\\/\\\/secure.gravatar.com\\\/avatar\\\/bb65d0283347e303893ba14f0692005417c1e0e690a325a4c5d8bb2b3943ee14?s=96&d=mm&r=g\",\"contentUrl\":\"https:\\\/\\\/secure.gravatar.com\\\/avatar\\\/bb65d0283347e303893ba14f0692005417c1e0e690a325a4c5d8bb2b3943ee14?s=96&d=mm&r=g\",\"caption\":\"Cope Alcoy\"}}]}<\/script>\n<!-- \/ Yoast SEO plugin. -->","yoast_head_json":{"title":"Samantha en Cadena 100: \"la gente no se mira en Madrid, eso me sorprende much\u00edsimo\" - COPE Alcoy","robots":{"index":"index","follow":"follow","max-snippet":"max-snippet:-1","max-image-preview":"max-image-preview:large","max-video-preview":"max-video-preview:-1"},"canonical":"https:\/\/www.copealcoy.es\/es\/samantha-en-cadena-100-la-gente-no-se-mira-en-madrid-eso-me-sorprende-muchisimo\/","og_locale":"es_ES","og_type":"article","og_title":"Samantha en Cadena 100: \"la gente no se mira en Madrid, eso me sorprende much\u00edsimo\" - COPE Alcoy","og_description":"La cantante de Beniarr\u00e9s ha estado en la emisora musical del Grupo COPE para presentar su primer disco titulado &#8216;Nada&#8217;,...","og_url":"https:\/\/www.copealcoy.es\/es\/samantha-en-cadena-100-la-gente-no-se-mira-en-madrid-eso-me-sorprende-muchisimo\/","og_site_name":"COPE Alcoy","article_published_time":"2020-11-20T11:47:24+00:00","article_modified_time":"2020-11-20T11:54:27+00:00","og_image":[{"width":976,"height":549,"url":"https:\/\/www.copealcoy.es\/wp-content\/uploads\/2020\/11\/1605797661867.jpg","type":"image\/jpeg"}],"author":"Cope Alcoy","twitter_misc":{"Escrito por":"Cope Alcoy","Tiempo de lectura":"2 minutos"},"schema":{"@context":"https:\/\/schema.org","@graph":[{"@type":"Article","@id":"https:\/\/www.copealcoy.es\/es\/samantha-en-cadena-100-la-gente-no-se-mira-en-madrid-eso-me-sorprende-muchisimo\/#article","isPartOf":{"@id":"https:\/\/www.copealcoy.es\/es\/samantha-en-cadena-100-la-gente-no-se-mira-en-madrid-eso-me-sorprende-muchisimo\/"},"author":{"name":"Cope Alcoy","@id":"https:\/\/www.copealcoy.es\/es\/#\/schema\/person\/e777c87fa024e57d40170af9df39882c"},"headline":"Samantha en Cadena 100: &#8220;la gente no se mira en Madrid, eso me sorprende much\u00edsimo&#8221;","datePublished":"2020-11-20T11:47:24+00:00","dateModified":"2020-11-20T11:54:27+00:00","mainEntityOfPage":{"@id":"https:\/\/www.copealcoy.es\/es\/samantha-en-cadena-100-la-gente-no-se-mira-en-madrid-eso-me-sorprende-muchisimo\/"},"wordCount":382,"commentCount":0,"image":{"@id":"https:\/\/www.copealcoy.es\/es\/samantha-en-cadena-100-la-gente-no-se-mira-en-madrid-eso-me-sorprende-muchisimo\/#primaryimage"},"thumbnailUrl":"https:\/\/www.copealcoy.es\/wp-content\/uploads\/2020\/11\/1605797661867.jpg","keywords":["'Nada'","\u00e1lbum","Beniarres","Cadena 100","disco","Samantha"],"articleSection":["Comarcas","Noticias"],"inLanguage":"es"},{"@type":"WebPage","@id":"https:\/\/www.copealcoy.es\/es\/samantha-en-cadena-100-la-gente-no-se-mira-en-madrid-eso-me-sorprende-muchisimo\/","url":"https:\/\/www.copealcoy.es\/es\/samantha-en-cadena-100-la-gente-no-se-mira-en-madrid-eso-me-sorprende-muchisimo\/","name":"Samantha en Cadena 100: \"la gente no se mira en Madrid, eso me sorprende much\u00edsimo\" - COPE Alcoy","isPartOf":{"@id":"https:\/\/www.copealcoy.es\/es\/#website"},"primaryImageOfPage":{"@id":"https:\/\/www.copealcoy.es\/es\/samantha-en-cadena-100-la-gente-no-se-mira-en-madrid-eso-me-sorprende-muchisimo\/#primaryimage"},"image":{"@id":"https:\/\/www.copealcoy.es\/es\/samantha-en-cadena-100-la-gente-no-se-mira-en-madrid-eso-me-sorprende-muchisimo\/#primaryimage"},"thumbnailUrl":"https:\/\/www.copealcoy.es\/wp-content\/uploads\/2020\/11\/1605797661867.jpg","datePublished":"2020-11-20T11:47:24+00:00","dateModified":"2020-11-20T11:54:27+00:00","author":{"@id":"https:\/\/www.copealcoy.es\/es\/#\/schema\/person\/e777c87fa024e57d40170af9df39882c"},"breadcrumb":{"@id":"https:\/\/www.copealcoy.es\/es\/samantha-en-cadena-100-la-gente-no-se-mira-en-madrid-eso-me-sorprende-muchisimo\/#breadcrumb"},"inLanguage":"es","potentialAction":[{"@type":"ReadAction","target":["https:\/\/www.copealcoy.es\/es\/samantha-en-cadena-100-la-gente-no-se-mira-en-madrid-eso-me-sorprende-muchisimo\/"]}]},{"@type":"ImageObject","inLanguage":"es","@id":"https:\/\/www.copealcoy.es\/es\/samantha-en-cadena-100-la-gente-no-se-mira-en-madrid-eso-me-sorprende-muchisimo\/#primaryimage","url":"https:\/\/www.copealcoy.es\/wp-content\/uploads\/2020\/11\/1605797661867.jpg","contentUrl":"https:\/\/www.copealcoy.es\/wp-content\/uploads\/2020\/11\/1605797661867.jpg","width":976,"height":549},{"@type":"BreadcrumbList","@id":"https:\/\/www.copealcoy.es\/es\/samantha-en-cadena-100-la-gente-no-se-mira-en-madrid-eso-me-sorprende-muchisimo\/#breadcrumb","itemListElement":[{"@type":"ListItem","position":1,"name":"Portada","item":"https:\/\/www.copealcoy.es\/es\/"},{"@type":"ListItem","position":2,"name":"Samantha en Cadena 100: &#8220;la gente no se mira en Madrid, eso me sorprende much\u00edsimo&#8221;"}]},{"@type":"WebSite","@id":"https:\/\/www.copealcoy.es\/es\/#website","url":"https:\/\/www.copealcoy.es\/es\/","name":"COPE Alcoy","description":"Emisora COPE de radio local con emisi\u00f3n online. Pont de Sant Jordi 8-10 03803 Alcoy","potentialAction":[{"@type":"SearchAction","target":{"@type":"EntryPoint","urlTemplate":"https:\/\/www.copealcoy.es\/es\/?s={search_term_string}"},"query-input":{"@type":"PropertyValueSpecification","valueRequired":true,"valueName":"search_term_string"}}],"inLanguage":"es"},{"@type":"Person","@id":"https:\/\/www.copealcoy.es\/es\/#\/schema\/person\/e777c87fa024e57d40170af9df39882c","name":"Cope Alcoy","image":{"@type":"ImageObject","inLanguage":"es","@id":"https:\/\/secure.gravatar.com\/avatar\/bb65d0283347e303893ba14f0692005417c1e0e690a325a4c5d8bb2b3943ee14?s=96&d=mm&r=g","url":"https:\/\/secure.gravatar.com\/avatar\/bb65d0283347e303893ba14f0692005417c1e0e690a325a4c5d8bb2b3943ee14?s=96&d=mm&r=g","contentUrl":"https:\/\/secure.gravatar.com\/avatar\/bb65d0283347e303893ba14f0692005417c1e0e690a325a4c5d8bb2b3943ee14?s=96&d=mm&r=g","caption":"Cope Alcoy"}}]}},"_links":{"self":[{"href":"https:\/\/www.copealcoy.es\/es\/wp-json\/wp\/v2\/posts\/67813","targetHints":{"allow":["GET"]}}],"collection":[{"href":"https:\/\/www.copealcoy.es\/es\/wp-json\/wp\/v2\/posts"}],"about":[{"href":"https:\/\/www.copealcoy.es\/es\/wp-json\/wp\/v2\/types\/post"}],"author":[{"embeddable":true,"href":"https:\/\/www.copealcoy.es\/es\/wp-json\/wp\/v2\/users\/1"}],"replies":[{"embeddable":true,"href":"https:\/\/www.copealcoy.es\/es\/wp-json\/wp\/v2\/comments?post=67813"}],"version-history":[{"count":0,"href":"https:\/\/www.copealcoy.es\/es\/wp-json\/wp\/v2\/posts\/67813\/revisions"}],"wp:featuredmedia":[{"embeddable":true,"href":"https:\/\/www.copealcoy.es\/es\/wp-json\/wp\/v2\/media\/67815"}],"wp:attachment":[{"href":"https:\/\/www.copealcoy.es\/es\/wp-json\/wp\/v2\/media?parent=67813"}],"wp:term":[{"taxonomy":"category","embeddable":true,"href":"https:\/\/www.copealcoy.es\/es\/wp-json\/wp\/v2\/categories?post=67813"},{"taxonomy":"post_tag","embeddable":true,"href":"https:\/\/www.copealcoy.es\/es\/wp-json\/wp\/v2\/tags?post=67813"}],"curies":[{"name":"wp","href":"https:\/\/api.w.org\/{rel}","templated":true}]}}