{"id":67789,"date":"2020-11-19T12:21:11","date_gmt":"2020-11-19T12:21:11","guid":{"rendered":"https:\/\/www.copealcoy.es\/?p=67789"},"modified":"2020-11-19T12:31:37","modified_gmt":"2020-11-19T12:31:37","slug":"guanyar-reclama-que-es-restituisca-per-a-la-ciutat-la-zona-verda-a-lantic-aparcament-del-mcdonalds","status":"publish","type":"post","link":"https:\/\/www.copealcoy.es\/es\/guanyar-reclama-que-es-restituisca-per-a-la-ciutat-la-zona-verda-a-lantic-aparcament-del-mcdonalds\/","title":{"rendered":"Guanyar reclama que es restituisca per a la ciutat la zona verda a l\u2019antic aparcament del McDonald\u2019s"},"content":{"rendered":"<p style=\"text-align: justify;\">Guanyar Alcoi <strong>ha demanat al Govern Local del PSOE<\/strong> que <strong>l&#8217;aparcament del restaurant McDonald\u2019s<\/strong> torne a ser zona verda.<\/p>\n<p style=\"text-align: justify;\">La formaci\u00f3 pol\u00edtica recorda que <strong>l&#8217;Executiu de Franc\u00e9s va aprovar inhabilitar els accessos amb mobiliari urb\u00e0<\/strong>, cosa que encara no ha fet, i <strong>va convertir l&#8217;\u00fas privat de l&#8217;aparcament en \u00fas p\u00fablic<\/strong>. Des de Guanyar indiquen que <strong>els canals d&#8217;acc\u00e9s de vehicles haurien d&#8217;estar inhabilitats des de 2018<\/strong>\u00a0<span class=\"hiddenGrammarError\">&#8220;<\/span><em>tenim a Alcoi un espai de la ciutat que \u00e9s considerada zona verda, per\u00f2 que en realitat \u00e9s un aparcament amb el benepl\u00e0cit del govern de Toni Franc\u00e9s. Per a la plataforma municipalista, com manifesta la seua regidora Sandra Obiol, aix\u00f2 demostra que al PSOE li semblava b\u00e9 la pol\u00edtica del PP: &#8220;el que va fer el PSOE \u00e9s canviar el nom del desprop\u00f2sit, per\u00f2 el desprop\u00f2sit \u00e9s el mateix. Alcoi tenia un espai de zona verda per a les persones i ara t\u00e9 un aparcament. Sempre estan criticant al PP, per\u00f2 en realitat fan pol\u00edtiques massa semblants<\/em>&#8220;, afirma la portaveu de la plataforma; S<strong>andra Obiol<\/strong>.<\/p>\n<p style=\"text-align: justify;\">Per \u00faltim Guanyar Alcoi confia\u00a0en el fet que<strong> la regidora d&#8217;Urbanisme Lorena\u00a0<span class=\"hiddenSpellError\">Zamorano<\/span>\u00a0solucione aquest problema<\/strong> com va afirmar en l&#8217;\u00faltim plenari.<\/p>\n","protected":false},"excerpt":{"rendered":"<p>Guanyar Alcoi ha demanat al Govern Local del PSOE que l&#8217;aparcament del restaurant McDonald\u2019s torne a ser zona verda. La&#8230;<\/p>\n","protected":false},"author":1,"featured_media":18756,"comment_status":"open","ping_status":"open","sticky":false,"template":"","format":"standard","meta":{"footnotes":""},"categories":[97,75,79],"tags":[9937,1325,10319,10317,7428,10318],"class_list":["post-67789","post","type-post","status-publish","format-standard","has-post-thumbnail","hentry","category-alcoy","category-noticias","category-politicayeconomia","tag-aparcament","tag-guanyar-alcoi","tag-mc-donalds","tag-restitucio","tag-sandra-obiol","tag-zona-verda"],"yoast_head":"<!-- This site is optimized with the Yoast SEO plugin v27.3 - https:\/\/yoast.com\/product\/yoast-seo-wordpress\/ -->\n<title>Guanyar reclama que es restituisca per a la ciutat la zona verda a l\u2019antic aparcament del McDonald\u2019s - COPE Alcoy<\/title>\n<meta name=\"robots\" content=\"index, follow, max-snippet:-1, max-image-preview:large, max-video-preview:-1\" \/>\n<link rel=\"canonical\" href=\"https:\/\/www.copealcoy.es\/es\/guanyar-reclama-que-es-restituisca-per-a-la-ciutat-la-zona-verda-a-lantic-aparcament-del-mcdonalds\/\" \/>\n<meta property=\"og:locale\" content=\"es_ES\" \/>\n<meta property=\"og:type\" content=\"article\" \/>\n<meta property=\"og:title\" content=\"Guanyar reclama que es restituisca per a la ciutat la zona verda a l\u2019antic aparcament del McDonald\u2019s - COPE Alcoy\" \/>\n<meta property=\"og:description\" content=\"Guanyar Alcoi ha demanat al Govern Local del PSOE que l&#8217;aparcament del restaurant McDonald\u2019s torne a ser zona verda. La...\" \/>\n<meta property=\"og:url\" content=\"https:\/\/www.copealcoy.es\/es\/guanyar-reclama-que-es-restituisca-per-a-la-ciutat-la-zona-verda-a-lantic-aparcament-del-mcdonalds\/\" \/>\n<meta property=\"og:site_name\" content=\"COPE Alcoy\" \/>\n<meta property=\"article:published_time\" content=\"2020-11-19T12:21:11+00:00\" \/>\n<meta property=\"article:modified_time\" content=\"2020-11-19T12:31:37+00:00\" \/>\n<meta property=\"og:image\" content=\"https:\/\/www.copealcoy.es\/wp-content\/uploads\/2016\/02\/12665787_10208463939896714_579807504_n-e1454972039459.jpg\" \/>\n\t<meta property=\"og:image:width\" content=\"931\" \/>\n\t<meta property=\"og:image:height\" content=\"506\" \/>\n\t<meta property=\"og:image:type\" content=\"image\/jpeg\" \/>\n<meta name=\"author\" content=\"Cope Alcoy\" \/>\n<meta name=\"twitter:label1\" content=\"Escrito por\" \/>\n\t<meta name=\"twitter:data1\" content=\"Cope Alcoy\" \/>\n\t<meta name=\"twitter:label2\" content=\"Tiempo de lectura\" \/>\n\t<meta name=\"twitter:data2\" content=\"1 minuto\" \/>\n<script type=\"application\/ld+json\" class=\"yoast-schema-graph\">{\"@context\":\"https:\\\/\\\/schema.org\",\"@graph\":[{\"@type\":\"Article\",\"@id\":\"https:\\\/\\\/www.copealcoy.es\\\/es\\\/guanyar-reclama-que-es-restituisca-per-a-la-ciutat-la-zona-verda-a-lantic-aparcament-del-mcdonalds\\\/#article\",\"isPartOf\":{\"@id\":\"https:\\\/\\\/www.copealcoy.es\\\/es\\\/guanyar-reclama-que-es-restituisca-per-a-la-ciutat-la-zona-verda-a-lantic-aparcament-del-mcdonalds\\\/\"},\"author\":{\"name\":\"Cope Alcoy\",\"@id\":\"https:\\\/\\\/www.copealcoy.es\\\/es\\\/#\\\/schema\\\/person\\\/e777c87fa024e57d40170af9df39882c\"},\"headline\":\"Guanyar reclama que es restituisca per a la ciutat la zona verda a l\u2019antic aparcament del McDonald\u2019s\",\"datePublished\":\"2020-11-19T12:21:11+00:00\",\"dateModified\":\"2020-11-19T12:31:37+00:00\",\"mainEntityOfPage\":{\"@id\":\"https:\\\/\\\/www.copealcoy.es\\\/es\\\/guanyar-reclama-que-es-restituisca-per-a-la-ciutat-la-zona-verda-a-lantic-aparcament-del-mcdonalds\\\/\"},\"wordCount\":233,\"commentCount\":0,\"image\":{\"@id\":\"https:\\\/\\\/www.copealcoy.es\\\/es\\\/guanyar-reclama-que-es-restituisca-per-a-la-ciutat-la-zona-verda-a-lantic-aparcament-del-mcdonalds\\\/#primaryimage\"},\"thumbnailUrl\":\"https:\\\/\\\/www.copealcoy.es\\\/wp-content\\\/uploads\\\/2016\\\/02\\\/12665787_10208463939896714_579807504_n-e1454972039459.jpg\",\"keywords\":[\"aparcament\",\"Guanyar Alcoi\",\"Mc Donalds\",\"restituci\u00f3\",\"Sandra Obiol\",\"zona verda\"],\"articleSection\":[\"Alcoy\",\"Noticias\",\"Pol\u00edtica y Econom\u00eda\"],\"inLanguage\":\"es\"},{\"@type\":\"WebPage\",\"@id\":\"https:\\\/\\\/www.copealcoy.es\\\/es\\\/guanyar-reclama-que-es-restituisca-per-a-la-ciutat-la-zona-verda-a-lantic-aparcament-del-mcdonalds\\\/\",\"url\":\"https:\\\/\\\/www.copealcoy.es\\\/es\\\/guanyar-reclama-que-es-restituisca-per-a-la-ciutat-la-zona-verda-a-lantic-aparcament-del-mcdonalds\\\/\",\"name\":\"Guanyar reclama que es restituisca per a la ciutat la zona verda a l\u2019antic aparcament del McDonald\u2019s - COPE Alcoy\",\"isPartOf\":{\"@id\":\"https:\\\/\\\/www.copealcoy.es\\\/es\\\/#website\"},\"primaryImageOfPage\":{\"@id\":\"https:\\\/\\\/www.copealcoy.es\\\/es\\\/guanyar-reclama-que-es-restituisca-per-a-la-ciutat-la-zona-verda-a-lantic-aparcament-del-mcdonalds\\\/#primaryimage\"},\"image\":{\"@id\":\"https:\\\/\\\/www.copealcoy.es\\\/es\\\/guanyar-reclama-que-es-restituisca-per-a-la-ciutat-la-zona-verda-a-lantic-aparcament-del-mcdonalds\\\/#primaryimage\"},\"thumbnailUrl\":\"https:\\\/\\\/www.copealcoy.es\\\/wp-content\\\/uploads\\\/2016\\\/02\\\/12665787_10208463939896714_579807504_n-e1454972039459.jpg\",\"datePublished\":\"2020-11-19T12:21:11+00:00\",\"dateModified\":\"2020-11-19T12:31:37+00:00\",\"author\":{\"@id\":\"https:\\\/\\\/www.copealcoy.es\\\/es\\\/#\\\/schema\\\/person\\\/e777c87fa024e57d40170af9df39882c\"},\"breadcrumb\":{\"@id\":\"https:\\\/\\\/www.copealcoy.es\\\/es\\\/guanyar-reclama-que-es-restituisca-per-a-la-ciutat-la-zona-verda-a-lantic-aparcament-del-mcdonalds\\\/#breadcrumb\"},\"inLanguage\":\"es\",\"potentialAction\":[{\"@type\":\"ReadAction\",\"target\":[\"https:\\\/\\\/www.copealcoy.es\\\/es\\\/guanyar-reclama-que-es-restituisca-per-a-la-ciutat-la-zona-verda-a-lantic-aparcament-del-mcdonalds\\\/\"]}]},{\"@type\":\"ImageObject\",\"inLanguage\":\"es\",\"@id\":\"https:\\\/\\\/www.copealcoy.es\\\/es\\\/guanyar-reclama-que-es-restituisca-per-a-la-ciutat-la-zona-verda-a-lantic-aparcament-del-mcdonalds\\\/#primaryimage\",\"url\":\"https:\\\/\\\/www.copealcoy.es\\\/wp-content\\\/uploads\\\/2016\\\/02\\\/12665787_10208463939896714_579807504_n-e1454972039459.jpg\",\"contentUrl\":\"https:\\\/\\\/www.copealcoy.es\\\/wp-content\\\/uploads\\\/2016\\\/02\\\/12665787_10208463939896714_579807504_n-e1454972039459.jpg\",\"width\":931,\"height\":506,\"caption\":\"Exterior del McDonald\u2019s en Alcoy\"},{\"@type\":\"BreadcrumbList\",\"@id\":\"https:\\\/\\\/www.copealcoy.es\\\/es\\\/guanyar-reclama-que-es-restituisca-per-a-la-ciutat-la-zona-verda-a-lantic-aparcament-del-mcdonalds\\\/#breadcrumb\",\"itemListElement\":[{\"@type\":\"ListItem\",\"position\":1,\"name\":\"Portada\",\"item\":\"https:\\\/\\\/www.copealcoy.es\\\/es\\\/\"},{\"@type\":\"ListItem\",\"position\":2,\"name\":\"Guanyar reclama que es restituisca per a la ciutat la zona verda a l\u2019antic aparcament del McDonald\u2019s\"}]},{\"@type\":\"WebSite\",\"@id\":\"https:\\\/\\\/www.copealcoy.es\\\/es\\\/#website\",\"url\":\"https:\\\/\\\/www.copealcoy.es\\\/es\\\/\",\"name\":\"COPE Alcoy\",\"description\":\"Emisora COPE de radio local con emisi\u00f3n online. Pont de Sant Jordi 8-10 03803 Alcoy\",\"potentialAction\":[{\"@type\":\"SearchAction\",\"target\":{\"@type\":\"EntryPoint\",\"urlTemplate\":\"https:\\\/\\\/www.copealcoy.es\\\/es\\\/?s={search_term_string}\"},\"query-input\":{\"@type\":\"PropertyValueSpecification\",\"valueRequired\":true,\"valueName\":\"search_term_string\"}}],\"inLanguage\":\"es\"},{\"@type\":\"Person\",\"@id\":\"https:\\\/\\\/www.copealcoy.es\\\/es\\\/#\\\/schema\\\/person\\\/e777c87fa024e57d40170af9df39882c\",\"name\":\"Cope Alcoy\",\"image\":{\"@type\":\"ImageObject\",\"inLanguage\":\"es\",\"@id\":\"https:\\\/\\\/secure.gravatar.com\\\/avatar\\\/bb65d0283347e303893ba14f0692005417c1e0e690a325a4c5d8bb2b3943ee14?s=96&d=mm&r=g\",\"url\":\"https:\\\/\\\/secure.gravatar.com\\\/avatar\\\/bb65d0283347e303893ba14f0692005417c1e0e690a325a4c5d8bb2b3943ee14?s=96&d=mm&r=g\",\"contentUrl\":\"https:\\\/\\\/secure.gravatar.com\\\/avatar\\\/bb65d0283347e303893ba14f0692005417c1e0e690a325a4c5d8bb2b3943ee14?s=96&d=mm&r=g\",\"caption\":\"Cope Alcoy\"}}]}<\/script>\n<!-- \/ Yoast SEO plugin. -->","yoast_head_json":{"title":"Guanyar reclama que es restituisca per a la ciutat la zona verda a l\u2019antic aparcament del McDonald\u2019s - COPE Alcoy","robots":{"index":"index","follow":"follow","max-snippet":"max-snippet:-1","max-image-preview":"max-image-preview:large","max-video-preview":"max-video-preview:-1"},"canonical":"https:\/\/www.copealcoy.es\/es\/guanyar-reclama-que-es-restituisca-per-a-la-ciutat-la-zona-verda-a-lantic-aparcament-del-mcdonalds\/","og_locale":"es_ES","og_type":"article","og_title":"Guanyar reclama que es restituisca per a la ciutat la zona verda a l\u2019antic aparcament del McDonald\u2019s - COPE Alcoy","og_description":"Guanyar Alcoi ha demanat al Govern Local del PSOE que l&#8217;aparcament del restaurant McDonald\u2019s torne a ser zona verda. La...","og_url":"https:\/\/www.copealcoy.es\/es\/guanyar-reclama-que-es-restituisca-per-a-la-ciutat-la-zona-verda-a-lantic-aparcament-del-mcdonalds\/","og_site_name":"COPE Alcoy","article_published_time":"2020-11-19T12:21:11+00:00","article_modified_time":"2020-11-19T12:31:37+00:00","og_image":[{"width":931,"height":506,"url":"https:\/\/www.copealcoy.es\/wp-content\/uploads\/2016\/02\/12665787_10208463939896714_579807504_n-e1454972039459.jpg","type":"image\/jpeg"}],"author":"Cope Alcoy","twitter_misc":{"Escrito por":"Cope Alcoy","Tiempo de lectura":"1 minuto"},"schema":{"@context":"https:\/\/schema.org","@graph":[{"@type":"Article","@id":"https:\/\/www.copealcoy.es\/es\/guanyar-reclama-que-es-restituisca-per-a-la-ciutat-la-zona-verda-a-lantic-aparcament-del-mcdonalds\/#article","isPartOf":{"@id":"https:\/\/www.copealcoy.es\/es\/guanyar-reclama-que-es-restituisca-per-a-la-ciutat-la-zona-verda-a-lantic-aparcament-del-mcdonalds\/"},"author":{"name":"Cope Alcoy","@id":"https:\/\/www.copealcoy.es\/es\/#\/schema\/person\/e777c87fa024e57d40170af9df39882c"},"headline":"Guanyar reclama que es restituisca per a la ciutat la zona verda a l\u2019antic aparcament del McDonald\u2019s","datePublished":"2020-11-19T12:21:11+00:00","dateModified":"2020-11-19T12:31:37+00:00","mainEntityOfPage":{"@id":"https:\/\/www.copealcoy.es\/es\/guanyar-reclama-que-es-restituisca-per-a-la-ciutat-la-zona-verda-a-lantic-aparcament-del-mcdonalds\/"},"wordCount":233,"commentCount":0,"image":{"@id":"https:\/\/www.copealcoy.es\/es\/guanyar-reclama-que-es-restituisca-per-a-la-ciutat-la-zona-verda-a-lantic-aparcament-del-mcdonalds\/#primaryimage"},"thumbnailUrl":"https:\/\/www.copealcoy.es\/wp-content\/uploads\/2016\/02\/12665787_10208463939896714_579807504_n-e1454972039459.jpg","keywords":["aparcament","Guanyar Alcoi","Mc Donalds","restituci\u00f3","Sandra Obiol","zona verda"],"articleSection":["Alcoy","Noticias","Pol\u00edtica y Econom\u00eda"],"inLanguage":"es"},{"@type":"WebPage","@id":"https:\/\/www.copealcoy.es\/es\/guanyar-reclama-que-es-restituisca-per-a-la-ciutat-la-zona-verda-a-lantic-aparcament-del-mcdonalds\/","url":"https:\/\/www.copealcoy.es\/es\/guanyar-reclama-que-es-restituisca-per-a-la-ciutat-la-zona-verda-a-lantic-aparcament-del-mcdonalds\/","name":"Guanyar reclama que es restituisca per a la ciutat la zona verda a l\u2019antic aparcament del McDonald\u2019s - COPE Alcoy","isPartOf":{"@id":"https:\/\/www.copealcoy.es\/es\/#website"},"primaryImageOfPage":{"@id":"https:\/\/www.copealcoy.es\/es\/guanyar-reclama-que-es-restituisca-per-a-la-ciutat-la-zona-verda-a-lantic-aparcament-del-mcdonalds\/#primaryimage"},"image":{"@id":"https:\/\/www.copealcoy.es\/es\/guanyar-reclama-que-es-restituisca-per-a-la-ciutat-la-zona-verda-a-lantic-aparcament-del-mcdonalds\/#primaryimage"},"thumbnailUrl":"https:\/\/www.copealcoy.es\/wp-content\/uploads\/2016\/02\/12665787_10208463939896714_579807504_n-e1454972039459.jpg","datePublished":"2020-11-19T12:21:11+00:00","dateModified":"2020-11-19T12:31:37+00:00","author":{"@id":"https:\/\/www.copealcoy.es\/es\/#\/schema\/person\/e777c87fa024e57d40170af9df39882c"},"breadcrumb":{"@id":"https:\/\/www.copealcoy.es\/es\/guanyar-reclama-que-es-restituisca-per-a-la-ciutat-la-zona-verda-a-lantic-aparcament-del-mcdonalds\/#breadcrumb"},"inLanguage":"es","potentialAction":[{"@type":"ReadAction","target":["https:\/\/www.copealcoy.es\/es\/guanyar-reclama-que-es-restituisca-per-a-la-ciutat-la-zona-verda-a-lantic-aparcament-del-mcdonalds\/"]}]},{"@type":"ImageObject","inLanguage":"es","@id":"https:\/\/www.copealcoy.es\/es\/guanyar-reclama-que-es-restituisca-per-a-la-ciutat-la-zona-verda-a-lantic-aparcament-del-mcdonalds\/#primaryimage","url":"https:\/\/www.copealcoy.es\/wp-content\/uploads\/2016\/02\/12665787_10208463939896714_579807504_n-e1454972039459.jpg","contentUrl":"https:\/\/www.copealcoy.es\/wp-content\/uploads\/2016\/02\/12665787_10208463939896714_579807504_n-e1454972039459.jpg","width":931,"height":506,"caption":"Exterior del McDonald\u2019s en Alcoy"},{"@type":"BreadcrumbList","@id":"https:\/\/www.copealcoy.es\/es\/guanyar-reclama-que-es-restituisca-per-a-la-ciutat-la-zona-verda-a-lantic-aparcament-del-mcdonalds\/#breadcrumb","itemListElement":[{"@type":"ListItem","position":1,"name":"Portada","item":"https:\/\/www.copealcoy.es\/es\/"},{"@type":"ListItem","position":2,"name":"Guanyar reclama que es restituisca per a la ciutat la zona verda a l\u2019antic aparcament del McDonald\u2019s"}]},{"@type":"WebSite","@id":"https:\/\/www.copealcoy.es\/es\/#website","url":"https:\/\/www.copealcoy.es\/es\/","name":"COPE Alcoy","description":"Emisora COPE de radio local con emisi\u00f3n online. Pont de Sant Jordi 8-10 03803 Alcoy","potentialAction":[{"@type":"SearchAction","target":{"@type":"EntryPoint","urlTemplate":"https:\/\/www.copealcoy.es\/es\/?s={search_term_string}"},"query-input":{"@type":"PropertyValueSpecification","valueRequired":true,"valueName":"search_term_string"}}],"inLanguage":"es"},{"@type":"Person","@id":"https:\/\/www.copealcoy.es\/es\/#\/schema\/person\/e777c87fa024e57d40170af9df39882c","name":"Cope Alcoy","image":{"@type":"ImageObject","inLanguage":"es","@id":"https:\/\/secure.gravatar.com\/avatar\/bb65d0283347e303893ba14f0692005417c1e0e690a325a4c5d8bb2b3943ee14?s=96&d=mm&r=g","url":"https:\/\/secure.gravatar.com\/avatar\/bb65d0283347e303893ba14f0692005417c1e0e690a325a4c5d8bb2b3943ee14?s=96&d=mm&r=g","contentUrl":"https:\/\/secure.gravatar.com\/avatar\/bb65d0283347e303893ba14f0692005417c1e0e690a325a4c5d8bb2b3943ee14?s=96&d=mm&r=g","caption":"Cope Alcoy"}}]}},"_links":{"self":[{"href":"https:\/\/www.copealcoy.es\/es\/wp-json\/wp\/v2\/posts\/67789","targetHints":{"allow":["GET"]}}],"collection":[{"href":"https:\/\/www.copealcoy.es\/es\/wp-json\/wp\/v2\/posts"}],"about":[{"href":"https:\/\/www.copealcoy.es\/es\/wp-json\/wp\/v2\/types\/post"}],"author":[{"embeddable":true,"href":"https:\/\/www.copealcoy.es\/es\/wp-json\/wp\/v2\/users\/1"}],"replies":[{"embeddable":true,"href":"https:\/\/www.copealcoy.es\/es\/wp-json\/wp\/v2\/comments?post=67789"}],"version-history":[{"count":0,"href":"https:\/\/www.copealcoy.es\/es\/wp-json\/wp\/v2\/posts\/67789\/revisions"}],"wp:featuredmedia":[{"embeddable":true,"href":"https:\/\/www.copealcoy.es\/es\/wp-json\/wp\/v2\/media\/18756"}],"wp:attachment":[{"href":"https:\/\/www.copealcoy.es\/es\/wp-json\/wp\/v2\/media?parent=67789"}],"wp:term":[{"taxonomy":"category","embeddable":true,"href":"https:\/\/www.copealcoy.es\/es\/wp-json\/wp\/v2\/categories?post=67789"},{"taxonomy":"post_tag","embeddable":true,"href":"https:\/\/www.copealcoy.es\/es\/wp-json\/wp\/v2\/tags?post=67789"}],"curies":[{"name":"wp","href":"https:\/\/api.w.org\/{rel}","templated":true}]}}