{"id":67728,"date":"2020-11-18T12:26:27","date_gmt":"2020-11-18T12:26:27","guid":{"rendered":"https:\/\/www.copealcoy.es\/?p=67728"},"modified":"2020-11-18T12:35:26","modified_gmt":"2020-11-18T12:35:26","slug":"la-2-retransmite-este-domingo-en-directo-la-misa-desde-alcoy","status":"publish","type":"post","link":"https:\/\/www.copealcoy.es\/es\/la-2-retransmite-este-domingo-en-directo-la-misa-desde-alcoy\/","title":{"rendered":"La 2 retransmite este domingo en directo la misa desde Alcoy"},"content":{"rendered":"<p style=\"text-align: justify;\">Televisi\u00f3n Espa\u00f1ola <strong>retransmitir\u00e1 este domingo 22 de noviembre la misa desde la ciudad de Alcoy<\/strong>. Ser\u00e1 <strong>a partir de las 10:30h<\/strong> de la ma\u00f1ana en el programa <strong>\u2018El D\u00eda del Se\u00f1or\u2019<\/strong> de La 2.<\/p>\n<p style=\"text-align: justify;\">Esta transmisi\u00f3n <strong>se realiza con motivo del IV Centenario del patronazgo de San Mauro y el I Centenario de la Fundaci\u00f3n de la Asociaci\u00f3n de San Mauro M\u00e1rtir<\/strong> que se conmemora durante este 2020 &#8220;<em>estamos muy contentos de poder acoger esta iniciativa porque supondr\u00e1 dar a conocer por toda Espa\u00f1a la devoci\u00f3n que Alcoy le profesa a su patr\u00f3n. Vamos a contar con los j\u00f3venes y ellos se encargar\u00e1n de los cantos as\u00ed como de hacer las lecturas. De esta forma mostraremos la importancia que tiene la gente joven en las actividades pastorales de la Asociaci\u00f3n de San Mauro y estoy seguro que aquellos que est\u00e1n fuera de Alcoy y vean la celebraci\u00f3n se emocionar\u00e1n<\/em>&#8220;, apuntaba en COPE ALCOY <strong>Jos\u00e9 Domingo Sempere<\/strong>, Presidente de la citada Asociaci\u00f3n de San Mauro M\u00e1rtir.<\/p>\n<p style=\"text-align: justify;\">La eucarist\u00eda <strong>se ofrecer\u00e1 desde la iglesia de San Mauro y San Francisco<\/strong>, templo que en 1920 <strong>estren\u00f3 el t\u00edtulo de Real Parroquia<\/strong> con ocasi\u00f3n del III Centenario del patronazgo de San Mauro M\u00e1rtir.<\/p>\n","protected":false},"excerpt":{"rendered":"<p>Televisi\u00f3n Espa\u00f1ola retransmitir\u00e1 este domingo 22 de noviembre la misa desde la ciudad de Alcoy. Ser\u00e1 a partir de las&#8230;<\/p>\n","protected":false},"author":1,"featured_media":17281,"comment_status":"open","ping_status":"open","sticky":false,"template":"","format":"standard","meta":{"footnotes":""},"categories":[97,78,75],"tags":[1494,9490,4961,10307,3520,10308,4029,127],"class_list":["post-67728","post","type-post","status-publish","format-standard","has-post-thumbnail","hentry","category-alcoy","category-fiestaycultura","category-noticias","tag-alcoy","tag-asociacion-de-san-mauro-martir","tag-jose-domingo-sempere","tag-la-2-tve","tag-misa","tag-patronazgo","tag-retransmision","tag-san-mauro"],"yoast_head":"<!-- This site is optimized with the Yoast SEO plugin v27.3 - https:\/\/yoast.com\/product\/yoast-seo-wordpress\/ -->\n<title>La 2 retransmite este domingo en directo la misa desde Alcoy - COPE Alcoy<\/title>\n<meta name=\"robots\" content=\"index, follow, max-snippet:-1, max-image-preview:large, max-video-preview:-1\" \/>\n<link rel=\"canonical\" href=\"https:\/\/www.copealcoy.es\/es\/la-2-retransmite-este-domingo-en-directo-la-misa-desde-alcoy\/\" \/>\n<meta property=\"og:locale\" content=\"es_ES\" \/>\n<meta property=\"og:type\" content=\"article\" \/>\n<meta property=\"og:title\" content=\"La 2 retransmite este domingo en directo la misa desde Alcoy - COPE Alcoy\" \/>\n<meta property=\"og:description\" content=\"Televisi\u00f3n Espa\u00f1ola retransmitir\u00e1 este domingo 22 de noviembre la misa desde la ciudad de Alcoy. Ser\u00e1 a partir de las...\" \/>\n<meta property=\"og:url\" content=\"https:\/\/www.copealcoy.es\/es\/la-2-retransmite-este-domingo-en-directo-la-misa-desde-alcoy\/\" \/>\n<meta property=\"og:site_name\" content=\"COPE Alcoy\" \/>\n<meta property=\"article:published_time\" content=\"2020-11-18T12:26:27+00:00\" \/>\n<meta property=\"article:modified_time\" content=\"2020-11-18T12:35:26+00:00\" \/>\n<meta property=\"og:image\" content=\"https:\/\/www.copealcoy.es\/wp-content\/uploads\/2015\/11\/12308550_1010288489028461_8394102362077911381_n.jpg\" \/>\n\t<meta property=\"og:image:width\" content=\"960\" \/>\n\t<meta property=\"og:image:height\" content=\"576\" \/>\n\t<meta property=\"og:image:type\" content=\"image\/jpeg\" \/>\n<meta name=\"author\" content=\"Cope Alcoy\" \/>\n<meta name=\"twitter:label1\" content=\"Escrito por\" \/>\n\t<meta name=\"twitter:data1\" content=\"Cope Alcoy\" \/>\n\t<meta name=\"twitter:label2\" content=\"Tiempo de lectura\" \/>\n\t<meta name=\"twitter:data2\" content=\"1 minuto\" \/>\n<script type=\"application\/ld+json\" class=\"yoast-schema-graph\">{\"@context\":\"https:\\\/\\\/schema.org\",\"@graph\":[{\"@type\":\"Article\",\"@id\":\"https:\\\/\\\/www.copealcoy.es\\\/es\\\/la-2-retransmite-este-domingo-en-directo-la-misa-desde-alcoy\\\/#article\",\"isPartOf\":{\"@id\":\"https:\\\/\\\/www.copealcoy.es\\\/es\\\/la-2-retransmite-este-domingo-en-directo-la-misa-desde-alcoy\\\/\"},\"author\":{\"name\":\"Cope Alcoy\",\"@id\":\"https:\\\/\\\/www.copealcoy.es\\\/es\\\/#\\\/schema\\\/person\\\/e777c87fa024e57d40170af9df39882c\"},\"headline\":\"La 2 retransmite este domingo en directo la misa desde Alcoy\",\"datePublished\":\"2020-11-18T12:26:27+00:00\",\"dateModified\":\"2020-11-18T12:35:26+00:00\",\"mainEntityOfPage\":{\"@id\":\"https:\\\/\\\/www.copealcoy.es\\\/es\\\/la-2-retransmite-este-domingo-en-directo-la-misa-desde-alcoy\\\/\"},\"wordCount\":229,\"commentCount\":0,\"image\":{\"@id\":\"https:\\\/\\\/www.copealcoy.es\\\/es\\\/la-2-retransmite-este-domingo-en-directo-la-misa-desde-alcoy\\\/#primaryimage\"},\"thumbnailUrl\":\"https:\\\/\\\/www.copealcoy.es\\\/wp-content\\\/uploads\\\/2015\\\/11\\\/12308550_1010288489028461_8394102362077911381_n.jpg\",\"keywords\":[\"Alcoy\",\"Asociaci\u00f3n de San Mauro M\u00e1rtir\",\"Jos\u00e9 Domingo Sempere\",\"La 2 TVE\",\"Misa\",\"patronazgo\",\"retransmisi\u00f3n\",\"San Mauro\"],\"articleSection\":[\"Alcoy\",\"Fiesta y Cultura\",\"Noticias\"],\"inLanguage\":\"es\"},{\"@type\":\"WebPage\",\"@id\":\"https:\\\/\\\/www.copealcoy.es\\\/es\\\/la-2-retransmite-este-domingo-en-directo-la-misa-desde-alcoy\\\/\",\"url\":\"https:\\\/\\\/www.copealcoy.es\\\/es\\\/la-2-retransmite-este-domingo-en-directo-la-misa-desde-alcoy\\\/\",\"name\":\"La 2 retransmite este domingo en directo la misa desde Alcoy - COPE Alcoy\",\"isPartOf\":{\"@id\":\"https:\\\/\\\/www.copealcoy.es\\\/es\\\/#website\"},\"primaryImageOfPage\":{\"@id\":\"https:\\\/\\\/www.copealcoy.es\\\/es\\\/la-2-retransmite-este-domingo-en-directo-la-misa-desde-alcoy\\\/#primaryimage\"},\"image\":{\"@id\":\"https:\\\/\\\/www.copealcoy.es\\\/es\\\/la-2-retransmite-este-domingo-en-directo-la-misa-desde-alcoy\\\/#primaryimage\"},\"thumbnailUrl\":\"https:\\\/\\\/www.copealcoy.es\\\/wp-content\\\/uploads\\\/2015\\\/11\\\/12308550_1010288489028461_8394102362077911381_n.jpg\",\"datePublished\":\"2020-11-18T12:26:27+00:00\",\"dateModified\":\"2020-11-18T12:35:26+00:00\",\"author\":{\"@id\":\"https:\\\/\\\/www.copealcoy.es\\\/es\\\/#\\\/schema\\\/person\\\/e777c87fa024e57d40170af9df39882c\"},\"breadcrumb\":{\"@id\":\"https:\\\/\\\/www.copealcoy.es\\\/es\\\/la-2-retransmite-este-domingo-en-directo-la-misa-desde-alcoy\\\/#breadcrumb\"},\"inLanguage\":\"es\",\"potentialAction\":[{\"@type\":\"ReadAction\",\"target\":[\"https:\\\/\\\/www.copealcoy.es\\\/es\\\/la-2-retransmite-este-domingo-en-directo-la-misa-desde-alcoy\\\/\"]}]},{\"@type\":\"ImageObject\",\"inLanguage\":\"es\",\"@id\":\"https:\\\/\\\/www.copealcoy.es\\\/es\\\/la-2-retransmite-este-domingo-en-directo-la-misa-desde-alcoy\\\/#primaryimage\",\"url\":\"https:\\\/\\\/www.copealcoy.es\\\/wp-content\\\/uploads\\\/2015\\\/11\\\/12308550_1010288489028461_8394102362077911381_n.jpg\",\"contentUrl\":\"https:\\\/\\\/www.copealcoy.es\\\/wp-content\\\/uploads\\\/2015\\\/11\\\/12308550_1010288489028461_8394102362077911381_n.jpg\",\"width\":960,\"height\":576},{\"@type\":\"BreadcrumbList\",\"@id\":\"https:\\\/\\\/www.copealcoy.es\\\/es\\\/la-2-retransmite-este-domingo-en-directo-la-misa-desde-alcoy\\\/#breadcrumb\",\"itemListElement\":[{\"@type\":\"ListItem\",\"position\":1,\"name\":\"Portada\",\"item\":\"https:\\\/\\\/www.copealcoy.es\\\/es\\\/\"},{\"@type\":\"ListItem\",\"position\":2,\"name\":\"La 2 retransmite este domingo en directo la misa desde Alcoy\"}]},{\"@type\":\"WebSite\",\"@id\":\"https:\\\/\\\/www.copealcoy.es\\\/es\\\/#website\",\"url\":\"https:\\\/\\\/www.copealcoy.es\\\/es\\\/\",\"name\":\"COPE Alcoy\",\"description\":\"Emisora COPE de radio local con emisi\u00f3n online. Pont de Sant Jordi 8-10 03803 Alcoy\",\"potentialAction\":[{\"@type\":\"SearchAction\",\"target\":{\"@type\":\"EntryPoint\",\"urlTemplate\":\"https:\\\/\\\/www.copealcoy.es\\\/es\\\/?s={search_term_string}\"},\"query-input\":{\"@type\":\"PropertyValueSpecification\",\"valueRequired\":true,\"valueName\":\"search_term_string\"}}],\"inLanguage\":\"es\"},{\"@type\":\"Person\",\"@id\":\"https:\\\/\\\/www.copealcoy.es\\\/es\\\/#\\\/schema\\\/person\\\/e777c87fa024e57d40170af9df39882c\",\"name\":\"Cope Alcoy\",\"image\":{\"@type\":\"ImageObject\",\"inLanguage\":\"es\",\"@id\":\"https:\\\/\\\/secure.gravatar.com\\\/avatar\\\/bb65d0283347e303893ba14f0692005417c1e0e690a325a4c5d8bb2b3943ee14?s=96&d=mm&r=g\",\"url\":\"https:\\\/\\\/secure.gravatar.com\\\/avatar\\\/bb65d0283347e303893ba14f0692005417c1e0e690a325a4c5d8bb2b3943ee14?s=96&d=mm&r=g\",\"contentUrl\":\"https:\\\/\\\/secure.gravatar.com\\\/avatar\\\/bb65d0283347e303893ba14f0692005417c1e0e690a325a4c5d8bb2b3943ee14?s=96&d=mm&r=g\",\"caption\":\"Cope Alcoy\"}}]}<\/script>\n<!-- \/ Yoast SEO plugin. -->","yoast_head_json":{"title":"La 2 retransmite este domingo en directo la misa desde Alcoy - COPE Alcoy","robots":{"index":"index","follow":"follow","max-snippet":"max-snippet:-1","max-image-preview":"max-image-preview:large","max-video-preview":"max-video-preview:-1"},"canonical":"https:\/\/www.copealcoy.es\/es\/la-2-retransmite-este-domingo-en-directo-la-misa-desde-alcoy\/","og_locale":"es_ES","og_type":"article","og_title":"La 2 retransmite este domingo en directo la misa desde Alcoy - COPE Alcoy","og_description":"Televisi\u00f3n Espa\u00f1ola retransmitir\u00e1 este domingo 22 de noviembre la misa desde la ciudad de Alcoy. Ser\u00e1 a partir de las...","og_url":"https:\/\/www.copealcoy.es\/es\/la-2-retransmite-este-domingo-en-directo-la-misa-desde-alcoy\/","og_site_name":"COPE Alcoy","article_published_time":"2020-11-18T12:26:27+00:00","article_modified_time":"2020-11-18T12:35:26+00:00","og_image":[{"width":960,"height":576,"url":"https:\/\/www.copealcoy.es\/wp-content\/uploads\/2015\/11\/12308550_1010288489028461_8394102362077911381_n.jpg","type":"image\/jpeg"}],"author":"Cope Alcoy","twitter_misc":{"Escrito por":"Cope Alcoy","Tiempo de lectura":"1 minuto"},"schema":{"@context":"https:\/\/schema.org","@graph":[{"@type":"Article","@id":"https:\/\/www.copealcoy.es\/es\/la-2-retransmite-este-domingo-en-directo-la-misa-desde-alcoy\/#article","isPartOf":{"@id":"https:\/\/www.copealcoy.es\/es\/la-2-retransmite-este-domingo-en-directo-la-misa-desde-alcoy\/"},"author":{"name":"Cope Alcoy","@id":"https:\/\/www.copealcoy.es\/es\/#\/schema\/person\/e777c87fa024e57d40170af9df39882c"},"headline":"La 2 retransmite este domingo en directo la misa desde Alcoy","datePublished":"2020-11-18T12:26:27+00:00","dateModified":"2020-11-18T12:35:26+00:00","mainEntityOfPage":{"@id":"https:\/\/www.copealcoy.es\/es\/la-2-retransmite-este-domingo-en-directo-la-misa-desde-alcoy\/"},"wordCount":229,"commentCount":0,"image":{"@id":"https:\/\/www.copealcoy.es\/es\/la-2-retransmite-este-domingo-en-directo-la-misa-desde-alcoy\/#primaryimage"},"thumbnailUrl":"https:\/\/www.copealcoy.es\/wp-content\/uploads\/2015\/11\/12308550_1010288489028461_8394102362077911381_n.jpg","keywords":["Alcoy","Asociaci\u00f3n de San Mauro M\u00e1rtir","Jos\u00e9 Domingo Sempere","La 2 TVE","Misa","patronazgo","retransmisi\u00f3n","San Mauro"],"articleSection":["Alcoy","Fiesta y Cultura","Noticias"],"inLanguage":"es"},{"@type":"WebPage","@id":"https:\/\/www.copealcoy.es\/es\/la-2-retransmite-este-domingo-en-directo-la-misa-desde-alcoy\/","url":"https:\/\/www.copealcoy.es\/es\/la-2-retransmite-este-domingo-en-directo-la-misa-desde-alcoy\/","name":"La 2 retransmite este domingo en directo la misa desde Alcoy - COPE Alcoy","isPartOf":{"@id":"https:\/\/www.copealcoy.es\/es\/#website"},"primaryImageOfPage":{"@id":"https:\/\/www.copealcoy.es\/es\/la-2-retransmite-este-domingo-en-directo-la-misa-desde-alcoy\/#primaryimage"},"image":{"@id":"https:\/\/www.copealcoy.es\/es\/la-2-retransmite-este-domingo-en-directo-la-misa-desde-alcoy\/#primaryimage"},"thumbnailUrl":"https:\/\/www.copealcoy.es\/wp-content\/uploads\/2015\/11\/12308550_1010288489028461_8394102362077911381_n.jpg","datePublished":"2020-11-18T12:26:27+00:00","dateModified":"2020-11-18T12:35:26+00:00","author":{"@id":"https:\/\/www.copealcoy.es\/es\/#\/schema\/person\/e777c87fa024e57d40170af9df39882c"},"breadcrumb":{"@id":"https:\/\/www.copealcoy.es\/es\/la-2-retransmite-este-domingo-en-directo-la-misa-desde-alcoy\/#breadcrumb"},"inLanguage":"es","potentialAction":[{"@type":"ReadAction","target":["https:\/\/www.copealcoy.es\/es\/la-2-retransmite-este-domingo-en-directo-la-misa-desde-alcoy\/"]}]},{"@type":"ImageObject","inLanguage":"es","@id":"https:\/\/www.copealcoy.es\/es\/la-2-retransmite-este-domingo-en-directo-la-misa-desde-alcoy\/#primaryimage","url":"https:\/\/www.copealcoy.es\/wp-content\/uploads\/2015\/11\/12308550_1010288489028461_8394102362077911381_n.jpg","contentUrl":"https:\/\/www.copealcoy.es\/wp-content\/uploads\/2015\/11\/12308550_1010288489028461_8394102362077911381_n.jpg","width":960,"height":576},{"@type":"BreadcrumbList","@id":"https:\/\/www.copealcoy.es\/es\/la-2-retransmite-este-domingo-en-directo-la-misa-desde-alcoy\/#breadcrumb","itemListElement":[{"@type":"ListItem","position":1,"name":"Portada","item":"https:\/\/www.copealcoy.es\/es\/"},{"@type":"ListItem","position":2,"name":"La 2 retransmite este domingo en directo la misa desde Alcoy"}]},{"@type":"WebSite","@id":"https:\/\/www.copealcoy.es\/es\/#website","url":"https:\/\/www.copealcoy.es\/es\/","name":"COPE Alcoy","description":"Emisora COPE de radio local con emisi\u00f3n online. Pont de Sant Jordi 8-10 03803 Alcoy","potentialAction":[{"@type":"SearchAction","target":{"@type":"EntryPoint","urlTemplate":"https:\/\/www.copealcoy.es\/es\/?s={search_term_string}"},"query-input":{"@type":"PropertyValueSpecification","valueRequired":true,"valueName":"search_term_string"}}],"inLanguage":"es"},{"@type":"Person","@id":"https:\/\/www.copealcoy.es\/es\/#\/schema\/person\/e777c87fa024e57d40170af9df39882c","name":"Cope Alcoy","image":{"@type":"ImageObject","inLanguage":"es","@id":"https:\/\/secure.gravatar.com\/avatar\/bb65d0283347e303893ba14f0692005417c1e0e690a325a4c5d8bb2b3943ee14?s=96&d=mm&r=g","url":"https:\/\/secure.gravatar.com\/avatar\/bb65d0283347e303893ba14f0692005417c1e0e690a325a4c5d8bb2b3943ee14?s=96&d=mm&r=g","contentUrl":"https:\/\/secure.gravatar.com\/avatar\/bb65d0283347e303893ba14f0692005417c1e0e690a325a4c5d8bb2b3943ee14?s=96&d=mm&r=g","caption":"Cope Alcoy"}}]}},"_links":{"self":[{"href":"https:\/\/www.copealcoy.es\/es\/wp-json\/wp\/v2\/posts\/67728","targetHints":{"allow":["GET"]}}],"collection":[{"href":"https:\/\/www.copealcoy.es\/es\/wp-json\/wp\/v2\/posts"}],"about":[{"href":"https:\/\/www.copealcoy.es\/es\/wp-json\/wp\/v2\/types\/post"}],"author":[{"embeddable":true,"href":"https:\/\/www.copealcoy.es\/es\/wp-json\/wp\/v2\/users\/1"}],"replies":[{"embeddable":true,"href":"https:\/\/www.copealcoy.es\/es\/wp-json\/wp\/v2\/comments?post=67728"}],"version-history":[{"count":0,"href":"https:\/\/www.copealcoy.es\/es\/wp-json\/wp\/v2\/posts\/67728\/revisions"}],"wp:featuredmedia":[{"embeddable":true,"href":"https:\/\/www.copealcoy.es\/es\/wp-json\/wp\/v2\/media\/17281"}],"wp:attachment":[{"href":"https:\/\/www.copealcoy.es\/es\/wp-json\/wp\/v2\/media?parent=67728"}],"wp:term":[{"taxonomy":"category","embeddable":true,"href":"https:\/\/www.copealcoy.es\/es\/wp-json\/wp\/v2\/categories?post=67728"},{"taxonomy":"post_tag","embeddable":true,"href":"https:\/\/www.copealcoy.es\/es\/wp-json\/wp\/v2\/tags?post=67728"}],"curies":[{"name":"wp","href":"https:\/\/api.w.org\/{rel}","templated":true}]}}