{"id":67521,"date":"2020-11-12T12:07:03","date_gmt":"2020-11-12T12:07:03","guid":{"rendered":"https:\/\/www.copealcoy.es\/?p=67521"},"modified":"2020-11-12T12:52:17","modified_gmt":"2020-11-12T12:52:17","slug":"denuncien-el-projecte-de-construccio-dun-poligon-industrial-de-75-700-m2-amb-alt-impacte-ambiental-i-social-a-alfafara","status":"publish","type":"post","link":"https:\/\/www.copealcoy.es\/es\/denuncien-el-projecte-de-construccio-dun-poligon-industrial-de-75-700-m2-amb-alt-impacte-ambiental-i-social-a-alfafara\/","title":{"rendered":"Denuncien el projecte de construcci\u00f3 d\u2019un pol\u00edgon industrial de 75.700 m2 amb alt impacte ambiental i social a Alfafara"},"content":{"rendered":"<p style=\"text-align: justify;\">La plataforma ve\u00efnal <strong>ATUREM L\u2019S3<\/strong> denuncia que <strong>l\u2019Ajuntament d\u2019Alfafara est\u00e0 tramitant el projecte de construcci\u00f3 d\u2019un pol\u00edgon industrial de 75.700 m\u00b2<\/strong> que podria tindre <strong>un alt impacte ambiental i social<\/strong>. Aix\u00ed mateix detallen que hui dia <strong>no es pot trobar la documentaci\u00f3 completa<\/strong> a la seu electr\u00f2nica municipal i remarquen que<strong> les al\u00b7legacions presentades<\/strong> per un membre de la plataforma a l\u2019inici del procediment tampoc han rebut resposta m\u00e9s de dos anys despr\u00e9s. En aquest sentit, i despr\u00e9s d&#8217;una queixa presentada, <strong>el S\u00edndic\u00a0 \u00a0de Greuges<\/strong> ha instat a l&#8217;Ajuntament a donar tota la informaci\u00f3 i el mateix consistori ha comen\u00e7at a publicar part de la documentaci\u00f3.<\/p>\n<p style=\"text-align: justify;\">El col\u00b7lectiu <strong>denuncia l\u2019opacitat i falta de transpar\u00e8ncia<\/strong> amb qu\u00e8 s\u2019est\u00e0 tramitant <strong>el denominat \u201cPla Parcial S-3\u201d<\/strong>, i, per una altra, considera que aquest projecte urban\u00edstic de creaci\u00f3 de s\u00f2l industrial <strong>\u00e9s desproporcionat<\/strong>. Creuen que el projecte <strong>podria tindre un gran impacte ambiental<\/strong> donada la proximitat del poble i del Parc Natural de la Serra de Mariola i, a m\u00e9s, podria portar amb ell <strong>un sobreendeutament del municipi<\/strong>. La plataforma creu que poden haver-hi <strong>alternatives m\u00e9s sostenibles per al desenvolupament del sector industrial<\/strong> en aquesta localitat del Comtat &#8220;<em>ara mateix no existeix una demanda creixent de s\u00f2l industrial, per tant, la construcci\u00f3 d\u2019un pol\u00edgon d\u2019aquestes dimensions a un poble com Alfafara, sense acc\u00e9s directe a l\u2019autovia i allunyat dels grans nuclis industrials, acabaria, molt probablement, en un nou cas de pol\u00edgon fantasma.\u00a0<span class=\"hiddenGrammarError\">.<\/span>\u00a0A tot aix\u00f2 s\u2019hauria de sumar, encara, el gran deute que contrauria el poble d\u2019Alfafara, ja que seria el mateix Ajuntament qui hauria d\u2019assumir tots els costos de construcci\u00f3 del pol\u00edgon davant l\u2019abs\u00e8ncia d\u2019empreses promotores interessades en el projecte<\/em>&#8220;, afirmen en un comunicat.<\/p>\n<p style=\"text-align: justify;\">La plataforma sol\u00b7licita a l\u2019Ajuntament d\u2019Alfafara que <strong>done a con\u00e9ixer a la ciutadania el projecte<\/strong> i \u00f2briga <strong>els processos de participaci\u00f3 ciutadana<\/strong> \u2013com marca la llei\u2013 perqu\u00e8 s\u2019hi puguen fer aportacions. Per vehicular totes aquestes demandes,<strong> la plataforma ve\u00efnal ha posat en marxa una p\u00e0gina web<span style=\"color: #0000ff;\"> (https:\/\/aturems3.org\/)<\/span><\/strong> a trav\u00e9s de la qual es pot ja accedir f\u00e0cilment a <strong>tota la documentaci\u00f3 disponible sobre el Pla Parcial S-3<\/strong> aix\u00ed com a les \u00faltimes not\u00edcies\u00a0en relaci\u00f3 amb el cas i al treball del col\u00b7lectiu.<\/p>\n","protected":false},"excerpt":{"rendered":"<p>La plataforma ve\u00efnal ATUREM L\u2019S3 denuncia que l\u2019Ajuntament d\u2019Alfafara est\u00e0 tramitant el projecte de construcci\u00f3 d\u2019un pol\u00edgon industrial de 75.700&#8230;<\/p>\n","protected":false},"author":1,"featured_media":67522,"comment_status":"open","ping_status":"open","sticky":false,"template":"","format":"standard","meta":{"footnotes":""},"categories":[98,75],"tags":[1660,1461,10272,10271,3848],"class_list":["post-67521","post","type-post","status-publish","format-standard","has-post-thumbnail","hentry","category-comarcas","category-noticias","tag-alfafara","tag-denuncia","tag-impacte-ambiental","tag-poligon-industrial","tag-sindic-de-greuges"],"yoast_head":"<!-- This site is optimized with the Yoast SEO plugin v27.3 - https:\/\/yoast.com\/product\/yoast-seo-wordpress\/ -->\n<title>Denuncien el projecte de construcci\u00f3 d\u2019un pol\u00edgon industrial de 75.700 m2 amb alt impacte ambiental i social a Alfafara - COPE Alcoy<\/title>\n<meta name=\"robots\" content=\"index, follow, max-snippet:-1, max-image-preview:large, max-video-preview:-1\" \/>\n<link rel=\"canonical\" href=\"https:\/\/www.copealcoy.es\/es\/denuncien-el-projecte-de-construccio-dun-poligon-industrial-de-75-700-m2-amb-alt-impacte-ambiental-i-social-a-alfafara\/\" \/>\n<meta property=\"og:locale\" content=\"es_ES\" \/>\n<meta property=\"og:type\" content=\"article\" \/>\n<meta property=\"og:title\" content=\"Denuncien el projecte de construcci\u00f3 d\u2019un pol\u00edgon industrial de 75.700 m2 amb alt impacte ambiental i social a Alfafara - COPE Alcoy\" \/>\n<meta property=\"og:description\" content=\"La plataforma ve\u00efnal ATUREM L\u2019S3 denuncia que l\u2019Ajuntament d\u2019Alfafara est\u00e0 tramitant el projecte de construcci\u00f3 d\u2019un pol\u00edgon industrial de 75.700...\" \/>\n<meta property=\"og:url\" content=\"https:\/\/www.copealcoy.es\/es\/denuncien-el-projecte-de-construccio-dun-poligon-industrial-de-75-700-m2-amb-alt-impacte-ambiental-i-social-a-alfafara\/\" \/>\n<meta property=\"og:site_name\" content=\"COPE Alcoy\" \/>\n<meta property=\"article:published_time\" content=\"2020-11-12T12:07:03+00:00\" \/>\n<meta property=\"article:modified_time\" content=\"2020-11-12T12:52:17+00:00\" \/>\n<meta property=\"og:image\" content=\"https:\/\/www.copealcoy.es\/wp-content\/uploads\/2020\/11\/IMATGE-Alfafara-Vista-a\u00e8ria-pol\u00edgon-scaled.jpg\" \/>\n\t<meta property=\"og:image:width\" content=\"2560\" \/>\n\t<meta property=\"og:image:height\" content=\"1700\" \/>\n\t<meta property=\"og:image:type\" content=\"image\/jpeg\" \/>\n<meta name=\"author\" content=\"Cope Alcoy\" \/>\n<meta name=\"twitter:label1\" content=\"Escrito por\" \/>\n\t<meta name=\"twitter:data1\" content=\"Cope Alcoy\" \/>\n\t<meta name=\"twitter:label2\" content=\"Tiempo de lectura\" \/>\n\t<meta name=\"twitter:data2\" content=\"2 minutos\" \/>\n<script type=\"application\/ld+json\" class=\"yoast-schema-graph\">{\"@context\":\"https:\\\/\\\/schema.org\",\"@graph\":[{\"@type\":\"Article\",\"@id\":\"https:\\\/\\\/www.copealcoy.es\\\/es\\\/denuncien-el-projecte-de-construccio-dun-poligon-industrial-de-75-700-m2-amb-alt-impacte-ambiental-i-social-a-alfafara\\\/#article\",\"isPartOf\":{\"@id\":\"https:\\\/\\\/www.copealcoy.es\\\/es\\\/denuncien-el-projecte-de-construccio-dun-poligon-industrial-de-75-700-m2-amb-alt-impacte-ambiental-i-social-a-alfafara\\\/\"},\"author\":{\"name\":\"Cope Alcoy\",\"@id\":\"https:\\\/\\\/www.copealcoy.es\\\/es\\\/#\\\/schema\\\/person\\\/e777c87fa024e57d40170af9df39882c\"},\"headline\":\"Denuncien el projecte de construcci\u00f3 d\u2019un pol\u00edgon industrial de 75.700 m2 amb alt impacte ambiental i social a Alfafara\",\"datePublished\":\"2020-11-12T12:07:03+00:00\",\"dateModified\":\"2020-11-12T12:52:17+00:00\",\"mainEntityOfPage\":{\"@id\":\"https:\\\/\\\/www.copealcoy.es\\\/es\\\/denuncien-el-projecte-de-construccio-dun-poligon-industrial-de-75-700-m2-amb-alt-impacte-ambiental-i-social-a-alfafara\\\/\"},\"wordCount\":434,\"commentCount\":0,\"image\":{\"@id\":\"https:\\\/\\\/www.copealcoy.es\\\/es\\\/denuncien-el-projecte-de-construccio-dun-poligon-industrial-de-75-700-m2-amb-alt-impacte-ambiental-i-social-a-alfafara\\\/#primaryimage\"},\"thumbnailUrl\":\"https:\\\/\\\/www.copealcoy.es\\\/wp-content\\\/uploads\\\/2020\\\/11\\\/IMATGE-Alfafara-Vista-a\u00e8ria-pol\u00edgon-scaled.jpg\",\"keywords\":[\"Alfafara\",\"Denuncia\",\"impacte ambiental\",\"Pol\u00edgon Industrial\",\"S\u00edndic de Greuges\"],\"articleSection\":[\"Comarcas\",\"Noticias\"],\"inLanguage\":\"es\"},{\"@type\":\"WebPage\",\"@id\":\"https:\\\/\\\/www.copealcoy.es\\\/es\\\/denuncien-el-projecte-de-construccio-dun-poligon-industrial-de-75-700-m2-amb-alt-impacte-ambiental-i-social-a-alfafara\\\/\",\"url\":\"https:\\\/\\\/www.copealcoy.es\\\/es\\\/denuncien-el-projecte-de-construccio-dun-poligon-industrial-de-75-700-m2-amb-alt-impacte-ambiental-i-social-a-alfafara\\\/\",\"name\":\"Denuncien el projecte de construcci\u00f3 d\u2019un pol\u00edgon industrial de 75.700 m2 amb alt impacte ambiental i social a Alfafara - COPE Alcoy\",\"isPartOf\":{\"@id\":\"https:\\\/\\\/www.copealcoy.es\\\/es\\\/#website\"},\"primaryImageOfPage\":{\"@id\":\"https:\\\/\\\/www.copealcoy.es\\\/es\\\/denuncien-el-projecte-de-construccio-dun-poligon-industrial-de-75-700-m2-amb-alt-impacte-ambiental-i-social-a-alfafara\\\/#primaryimage\"},\"image\":{\"@id\":\"https:\\\/\\\/www.copealcoy.es\\\/es\\\/denuncien-el-projecte-de-construccio-dun-poligon-industrial-de-75-700-m2-amb-alt-impacte-ambiental-i-social-a-alfafara\\\/#primaryimage\"},\"thumbnailUrl\":\"https:\\\/\\\/www.copealcoy.es\\\/wp-content\\\/uploads\\\/2020\\\/11\\\/IMATGE-Alfafara-Vista-a\u00e8ria-pol\u00edgon-scaled.jpg\",\"datePublished\":\"2020-11-12T12:07:03+00:00\",\"dateModified\":\"2020-11-12T12:52:17+00:00\",\"author\":{\"@id\":\"https:\\\/\\\/www.copealcoy.es\\\/es\\\/#\\\/schema\\\/person\\\/e777c87fa024e57d40170af9df39882c\"},\"breadcrumb\":{\"@id\":\"https:\\\/\\\/www.copealcoy.es\\\/es\\\/denuncien-el-projecte-de-construccio-dun-poligon-industrial-de-75-700-m2-amb-alt-impacte-ambiental-i-social-a-alfafara\\\/#breadcrumb\"},\"inLanguage\":\"es\",\"potentialAction\":[{\"@type\":\"ReadAction\",\"target\":[\"https:\\\/\\\/www.copealcoy.es\\\/es\\\/denuncien-el-projecte-de-construccio-dun-poligon-industrial-de-75-700-m2-amb-alt-impacte-ambiental-i-social-a-alfafara\\\/\"]}]},{\"@type\":\"ImageObject\",\"inLanguage\":\"es\",\"@id\":\"https:\\\/\\\/www.copealcoy.es\\\/es\\\/denuncien-el-projecte-de-construccio-dun-poligon-industrial-de-75-700-m2-amb-alt-impacte-ambiental-i-social-a-alfafara\\\/#primaryimage\",\"url\":\"https:\\\/\\\/www.copealcoy.es\\\/wp-content\\\/uploads\\\/2020\\\/11\\\/IMATGE-Alfafara-Vista-a\u00e8ria-pol\u00edgon-scaled.jpg\",\"contentUrl\":\"https:\\\/\\\/www.copealcoy.es\\\/wp-content\\\/uploads\\\/2020\\\/11\\\/IMATGE-Alfafara-Vista-a\u00e8ria-pol\u00edgon-scaled.jpg\",\"width\":2560,\"height\":1700},{\"@type\":\"BreadcrumbList\",\"@id\":\"https:\\\/\\\/www.copealcoy.es\\\/es\\\/denuncien-el-projecte-de-construccio-dun-poligon-industrial-de-75-700-m2-amb-alt-impacte-ambiental-i-social-a-alfafara\\\/#breadcrumb\",\"itemListElement\":[{\"@type\":\"ListItem\",\"position\":1,\"name\":\"Portada\",\"item\":\"https:\\\/\\\/www.copealcoy.es\\\/es\\\/\"},{\"@type\":\"ListItem\",\"position\":2,\"name\":\"Denuncien el projecte de construcci\u00f3 d\u2019un pol\u00edgon industrial de 75.700 m2 amb alt impacte ambiental i social a Alfafara\"}]},{\"@type\":\"WebSite\",\"@id\":\"https:\\\/\\\/www.copealcoy.es\\\/es\\\/#website\",\"url\":\"https:\\\/\\\/www.copealcoy.es\\\/es\\\/\",\"name\":\"COPE Alcoy\",\"description\":\"Emisora COPE de radio local con emisi\u00f3n online. Pont de Sant Jordi 8-10 03803 Alcoy\",\"potentialAction\":[{\"@type\":\"SearchAction\",\"target\":{\"@type\":\"EntryPoint\",\"urlTemplate\":\"https:\\\/\\\/www.copealcoy.es\\\/es\\\/?s={search_term_string}\"},\"query-input\":{\"@type\":\"PropertyValueSpecification\",\"valueRequired\":true,\"valueName\":\"search_term_string\"}}],\"inLanguage\":\"es\"},{\"@type\":\"Person\",\"@id\":\"https:\\\/\\\/www.copealcoy.es\\\/es\\\/#\\\/schema\\\/person\\\/e777c87fa024e57d40170af9df39882c\",\"name\":\"Cope Alcoy\",\"image\":{\"@type\":\"ImageObject\",\"inLanguage\":\"es\",\"@id\":\"https:\\\/\\\/secure.gravatar.com\\\/avatar\\\/bb65d0283347e303893ba14f0692005417c1e0e690a325a4c5d8bb2b3943ee14?s=96&d=mm&r=g\",\"url\":\"https:\\\/\\\/secure.gravatar.com\\\/avatar\\\/bb65d0283347e303893ba14f0692005417c1e0e690a325a4c5d8bb2b3943ee14?s=96&d=mm&r=g\",\"contentUrl\":\"https:\\\/\\\/secure.gravatar.com\\\/avatar\\\/bb65d0283347e303893ba14f0692005417c1e0e690a325a4c5d8bb2b3943ee14?s=96&d=mm&r=g\",\"caption\":\"Cope Alcoy\"}}]}<\/script>\n<!-- \/ Yoast SEO plugin. -->","yoast_head_json":{"title":"Denuncien el projecte de construcci\u00f3 d\u2019un pol\u00edgon industrial de 75.700 m2 amb alt impacte ambiental i social a Alfafara - COPE Alcoy","robots":{"index":"index","follow":"follow","max-snippet":"max-snippet:-1","max-image-preview":"max-image-preview:large","max-video-preview":"max-video-preview:-1"},"canonical":"https:\/\/www.copealcoy.es\/es\/denuncien-el-projecte-de-construccio-dun-poligon-industrial-de-75-700-m2-amb-alt-impacte-ambiental-i-social-a-alfafara\/","og_locale":"es_ES","og_type":"article","og_title":"Denuncien el projecte de construcci\u00f3 d\u2019un pol\u00edgon industrial de 75.700 m2 amb alt impacte ambiental i social a Alfafara - COPE Alcoy","og_description":"La plataforma ve\u00efnal ATUREM L\u2019S3 denuncia que l\u2019Ajuntament d\u2019Alfafara est\u00e0 tramitant el projecte de construcci\u00f3 d\u2019un pol\u00edgon industrial de 75.700...","og_url":"https:\/\/www.copealcoy.es\/es\/denuncien-el-projecte-de-construccio-dun-poligon-industrial-de-75-700-m2-amb-alt-impacte-ambiental-i-social-a-alfafara\/","og_site_name":"COPE Alcoy","article_published_time":"2020-11-12T12:07:03+00:00","article_modified_time":"2020-11-12T12:52:17+00:00","og_image":[{"width":2560,"height":1700,"url":"https:\/\/www.copealcoy.es\/wp-content\/uploads\/2020\/11\/IMATGE-Alfafara-Vista-a\u00e8ria-pol\u00edgon-scaled.jpg","type":"image\/jpeg"}],"author":"Cope Alcoy","twitter_misc":{"Escrito por":"Cope Alcoy","Tiempo de lectura":"2 minutos"},"schema":{"@context":"https:\/\/schema.org","@graph":[{"@type":"Article","@id":"https:\/\/www.copealcoy.es\/es\/denuncien-el-projecte-de-construccio-dun-poligon-industrial-de-75-700-m2-amb-alt-impacte-ambiental-i-social-a-alfafara\/#article","isPartOf":{"@id":"https:\/\/www.copealcoy.es\/es\/denuncien-el-projecte-de-construccio-dun-poligon-industrial-de-75-700-m2-amb-alt-impacte-ambiental-i-social-a-alfafara\/"},"author":{"name":"Cope Alcoy","@id":"https:\/\/www.copealcoy.es\/es\/#\/schema\/person\/e777c87fa024e57d40170af9df39882c"},"headline":"Denuncien el projecte de construcci\u00f3 d\u2019un pol\u00edgon industrial de 75.700 m2 amb alt impacte ambiental i social a Alfafara","datePublished":"2020-11-12T12:07:03+00:00","dateModified":"2020-11-12T12:52:17+00:00","mainEntityOfPage":{"@id":"https:\/\/www.copealcoy.es\/es\/denuncien-el-projecte-de-construccio-dun-poligon-industrial-de-75-700-m2-amb-alt-impacte-ambiental-i-social-a-alfafara\/"},"wordCount":434,"commentCount":0,"image":{"@id":"https:\/\/www.copealcoy.es\/es\/denuncien-el-projecte-de-construccio-dun-poligon-industrial-de-75-700-m2-amb-alt-impacte-ambiental-i-social-a-alfafara\/#primaryimage"},"thumbnailUrl":"https:\/\/www.copealcoy.es\/wp-content\/uploads\/2020\/11\/IMATGE-Alfafara-Vista-a\u00e8ria-pol\u00edgon-scaled.jpg","keywords":["Alfafara","Denuncia","impacte ambiental","Pol\u00edgon Industrial","S\u00edndic de Greuges"],"articleSection":["Comarcas","Noticias"],"inLanguage":"es"},{"@type":"WebPage","@id":"https:\/\/www.copealcoy.es\/es\/denuncien-el-projecte-de-construccio-dun-poligon-industrial-de-75-700-m2-amb-alt-impacte-ambiental-i-social-a-alfafara\/","url":"https:\/\/www.copealcoy.es\/es\/denuncien-el-projecte-de-construccio-dun-poligon-industrial-de-75-700-m2-amb-alt-impacte-ambiental-i-social-a-alfafara\/","name":"Denuncien el projecte de construcci\u00f3 d\u2019un pol\u00edgon industrial de 75.700 m2 amb alt impacte ambiental i social a Alfafara - COPE Alcoy","isPartOf":{"@id":"https:\/\/www.copealcoy.es\/es\/#website"},"primaryImageOfPage":{"@id":"https:\/\/www.copealcoy.es\/es\/denuncien-el-projecte-de-construccio-dun-poligon-industrial-de-75-700-m2-amb-alt-impacte-ambiental-i-social-a-alfafara\/#primaryimage"},"image":{"@id":"https:\/\/www.copealcoy.es\/es\/denuncien-el-projecte-de-construccio-dun-poligon-industrial-de-75-700-m2-amb-alt-impacte-ambiental-i-social-a-alfafara\/#primaryimage"},"thumbnailUrl":"https:\/\/www.copealcoy.es\/wp-content\/uploads\/2020\/11\/IMATGE-Alfafara-Vista-a\u00e8ria-pol\u00edgon-scaled.jpg","datePublished":"2020-11-12T12:07:03+00:00","dateModified":"2020-11-12T12:52:17+00:00","author":{"@id":"https:\/\/www.copealcoy.es\/es\/#\/schema\/person\/e777c87fa024e57d40170af9df39882c"},"breadcrumb":{"@id":"https:\/\/www.copealcoy.es\/es\/denuncien-el-projecte-de-construccio-dun-poligon-industrial-de-75-700-m2-amb-alt-impacte-ambiental-i-social-a-alfafara\/#breadcrumb"},"inLanguage":"es","potentialAction":[{"@type":"ReadAction","target":["https:\/\/www.copealcoy.es\/es\/denuncien-el-projecte-de-construccio-dun-poligon-industrial-de-75-700-m2-amb-alt-impacte-ambiental-i-social-a-alfafara\/"]}]},{"@type":"ImageObject","inLanguage":"es","@id":"https:\/\/www.copealcoy.es\/es\/denuncien-el-projecte-de-construccio-dun-poligon-industrial-de-75-700-m2-amb-alt-impacte-ambiental-i-social-a-alfafara\/#primaryimage","url":"https:\/\/www.copealcoy.es\/wp-content\/uploads\/2020\/11\/IMATGE-Alfafara-Vista-a\u00e8ria-pol\u00edgon-scaled.jpg","contentUrl":"https:\/\/www.copealcoy.es\/wp-content\/uploads\/2020\/11\/IMATGE-Alfafara-Vista-a\u00e8ria-pol\u00edgon-scaled.jpg","width":2560,"height":1700},{"@type":"BreadcrumbList","@id":"https:\/\/www.copealcoy.es\/es\/denuncien-el-projecte-de-construccio-dun-poligon-industrial-de-75-700-m2-amb-alt-impacte-ambiental-i-social-a-alfafara\/#breadcrumb","itemListElement":[{"@type":"ListItem","position":1,"name":"Portada","item":"https:\/\/www.copealcoy.es\/es\/"},{"@type":"ListItem","position":2,"name":"Denuncien el projecte de construcci\u00f3 d\u2019un pol\u00edgon industrial de 75.700 m2 amb alt impacte ambiental i social a Alfafara"}]},{"@type":"WebSite","@id":"https:\/\/www.copealcoy.es\/es\/#website","url":"https:\/\/www.copealcoy.es\/es\/","name":"COPE Alcoy","description":"Emisora COPE de radio local con emisi\u00f3n online. Pont de Sant Jordi 8-10 03803 Alcoy","potentialAction":[{"@type":"SearchAction","target":{"@type":"EntryPoint","urlTemplate":"https:\/\/www.copealcoy.es\/es\/?s={search_term_string}"},"query-input":{"@type":"PropertyValueSpecification","valueRequired":true,"valueName":"search_term_string"}}],"inLanguage":"es"},{"@type":"Person","@id":"https:\/\/www.copealcoy.es\/es\/#\/schema\/person\/e777c87fa024e57d40170af9df39882c","name":"Cope Alcoy","image":{"@type":"ImageObject","inLanguage":"es","@id":"https:\/\/secure.gravatar.com\/avatar\/bb65d0283347e303893ba14f0692005417c1e0e690a325a4c5d8bb2b3943ee14?s=96&d=mm&r=g","url":"https:\/\/secure.gravatar.com\/avatar\/bb65d0283347e303893ba14f0692005417c1e0e690a325a4c5d8bb2b3943ee14?s=96&d=mm&r=g","contentUrl":"https:\/\/secure.gravatar.com\/avatar\/bb65d0283347e303893ba14f0692005417c1e0e690a325a4c5d8bb2b3943ee14?s=96&d=mm&r=g","caption":"Cope Alcoy"}}]}},"_links":{"self":[{"href":"https:\/\/www.copealcoy.es\/es\/wp-json\/wp\/v2\/posts\/67521","targetHints":{"allow":["GET"]}}],"collection":[{"href":"https:\/\/www.copealcoy.es\/es\/wp-json\/wp\/v2\/posts"}],"about":[{"href":"https:\/\/www.copealcoy.es\/es\/wp-json\/wp\/v2\/types\/post"}],"author":[{"embeddable":true,"href":"https:\/\/www.copealcoy.es\/es\/wp-json\/wp\/v2\/users\/1"}],"replies":[{"embeddable":true,"href":"https:\/\/www.copealcoy.es\/es\/wp-json\/wp\/v2\/comments?post=67521"}],"version-history":[{"count":0,"href":"https:\/\/www.copealcoy.es\/es\/wp-json\/wp\/v2\/posts\/67521\/revisions"}],"wp:featuredmedia":[{"embeddable":true,"href":"https:\/\/www.copealcoy.es\/es\/wp-json\/wp\/v2\/media\/67522"}],"wp:attachment":[{"href":"https:\/\/www.copealcoy.es\/es\/wp-json\/wp\/v2\/media?parent=67521"}],"wp:term":[{"taxonomy":"category","embeddable":true,"href":"https:\/\/www.copealcoy.es\/es\/wp-json\/wp\/v2\/categories?post=67521"},{"taxonomy":"post_tag","embeddable":true,"href":"https:\/\/www.copealcoy.es\/es\/wp-json\/wp\/v2\/tags?post=67521"}],"curies":[{"name":"wp","href":"https:\/\/api.w.org\/{rel}","templated":true}]}}