{"id":67497,"date":"2020-11-11T06:14:00","date_gmt":"2020-11-11T06:14:00","guid":{"rendered":"https:\/\/www.copealcoy.es\/?p=67497"},"modified":"2020-11-11T18:27:30","modified_gmt":"2020-11-11T18:27:30","slug":"un-centenar-de-comercos-dalcoi-demanen-acollir-se-a-les-ajudes-reactiva-alcoi-comerc-ii","status":"publish","type":"post","link":"https:\/\/www.copealcoy.es\/es\/un-centenar-de-comercos-dalcoi-demanen-acollir-se-a-les-ajudes-reactiva-alcoi-comerc-ii\/","title":{"rendered":"Un centenar de comer\u00e7os d&#8217;Alcoi demanen acollir-se a les ajudes \u2018Reactiva Alcoi Comer\u00e7 II\u2019"},"content":{"rendered":"<p style=\"text-align: justify;\">Vora <strong>un centenar de comer\u00e7os d&#8217;Alcoi<\/strong> s&#8217;han adherit a <strong>les ajudes &#8216;Reactiva Alcoi Comer\u00e7 II&#8217;<\/strong> que atorga l&#8217;Ajuntament i que <strong>van dirigides a aquells negocis que han patit amb m\u00e9s duresa la crisi sanit\u00e0ria de la Covid-19<\/strong>. Aquesta subvenci\u00f3 t\u00e9 com a objectiu fonamental<strong> incentivar les compres i el consum<\/strong> a trav\u00e9s de descomptes en els tiquets de compra.<\/p>\n<p style=\"text-align: justify;\">Les subvencions, en r\u00e8gim de concurr\u00e8ncia competitiva, <strong>tenen la forma d&#8217;ajudes a fons perdut<\/strong> i es donaran una vegada s&#8217;adjudiquen. A m\u00e9s, <strong>s\u00f3n compatibles amb altres subvencions<\/strong>. L&#8217;ajuda per a cada negoci <strong>\u00e9s de 1000 euros<\/strong>, i el beneficiari es compromet a aplicar-la<strong> mitjan\u00e7ant descomptes en les compres dels seus clients<\/strong> <strong>de fins al 25%<\/strong>\u00a0i <strong>amb un m\u00e0xim 20 euros de descompte per compra per client i dia<\/strong>. El descompte vindr\u00e0 en el tiquet de compra i <strong>servir\u00e0 com a justificant de l&#8217;ajuda<\/strong>. La possible <strong>inversi\u00f3 de 600.000 euros<\/strong> en el comer\u00e7 local es calcula <strong>tenint en compte que 150.000 euros<\/strong> (1.000 per establiment sumant les dues edicions) \u00e9s <strong>el 25% de 600.000 euros<\/strong>. A tot aix\u00f2 <strong>cal sumar que els <span class=\"hiddenGrammarError\">comer\u00e7os anunciants<\/span> tindran un distintiu espec\u00edfic<\/strong> i es realitzar\u00e0 u<strong>na campanya informativa<\/strong> que coincideix amb la de Nadal &#8220;<em>aquestes ajudes arriben per refor\u00e7ar tant al comer\u00e7 com a la ciutadania en una campanya tan importat com \u00e9s la de Nadal. Els comer\u00e7os obtenen uns ingressos al mateix temps que la clientela t\u00e9 descomptes, el benefici es doble. El consum local \u00e9s la millor manera d&#8217;ajudar a aquests negocis que cada vegada que obrin la persiana, donen vida als nostres carrers, que s\u00f3n d&#8217;ac\u00ed, d&#8217;Alcoi, i que necessiten a tota la ciutadania per a continuar oberts<\/em>&#8220;, assenyala la regidora de Comer\u00e7; <strong>Vanessa Molt\u00f3<\/strong>.<\/p>\n<p style=\"text-align: justify;\">Les subvencions, en r\u00e8gim de concurr\u00e8ncia competitiva, <strong>tenen la forma d&#8217;ajudes a fons perdut<\/strong> i es donaran una vegada s&#8217;adjudiquen.<\/p>\n","protected":false},"excerpt":{"rendered":"<p>Vora un centenar de comer\u00e7os d&#8217;Alcoi s&#8217;han adherit a les ajudes &#8216;Reactiva Alcoi Comer\u00e7 II&#8217; que atorga l&#8217;Ajuntament i que&#8230;<\/p>\n","protected":false},"author":1,"featured_media":13024,"comment_status":"open","ping_status":"open","sticky":false,"template":"","format":"standard","meta":{"footnotes":""},"categories":[97,75,79],"tags":[7828,160,10265,10264,10266],"class_list":["post-67497","post","type-post","status-publish","format-standard","has-post-thumbnail","hentry","category-alcoy","category-noticias","category-politicayeconomia","tag-ajudes","tag-alcoi","tag-comercos","tag-un-centenar","tag-reactiva-alcoi-comerc-ii"],"yoast_head":"<!-- This site is optimized with the Yoast SEO plugin v27.3 - https:\/\/yoast.com\/product\/yoast-seo-wordpress\/ -->\n<title>Un centenar de comer\u00e7os d&#039;Alcoi demanen acollir-se a les ajudes \u2018Reactiva Alcoi Comer\u00e7 II\u2019 - COPE Alcoy<\/title>\n<meta name=\"robots\" content=\"index, follow, max-snippet:-1, max-image-preview:large, max-video-preview:-1\" \/>\n<link rel=\"canonical\" href=\"https:\/\/www.copealcoy.es\/es\/un-centenar-de-comercos-dalcoi-demanen-acollir-se-a-les-ajudes-reactiva-alcoi-comerc-ii\/\" \/>\n<meta property=\"og:locale\" content=\"es_ES\" \/>\n<meta property=\"og:type\" content=\"article\" \/>\n<meta property=\"og:title\" content=\"Un centenar de comer\u00e7os d&#039;Alcoi demanen acollir-se a les ajudes \u2018Reactiva Alcoi Comer\u00e7 II\u2019 - COPE Alcoy\" \/>\n<meta property=\"og:description\" content=\"Vora un centenar de comer\u00e7os d&#8217;Alcoi s&#8217;han adherit a les ajudes &#8216;Reactiva Alcoi Comer\u00e7 II&#8217; que atorga l&#8217;Ajuntament i que...\" \/>\n<meta property=\"og:url\" content=\"https:\/\/www.copealcoy.es\/es\/un-centenar-de-comercos-dalcoi-demanen-acollir-se-a-les-ajudes-reactiva-alcoi-comerc-ii\/\" \/>\n<meta property=\"og:site_name\" content=\"COPE Alcoy\" \/>\n<meta property=\"article:published_time\" content=\"2020-11-11T06:14:00+00:00\" \/>\n<meta property=\"article:modified_time\" content=\"2020-11-11T18:27:30+00:00\" \/>\n<meta property=\"og:image\" content=\"https:\/\/www.copealcoy.es\/wp-content\/uploads\/2015\/05\/13387-alcoy-001-1-jpg.jpeg\" \/>\n\t<meta property=\"og:image:width\" content=\"1400\" \/>\n\t<meta property=\"og:image:height\" content=\"1050\" \/>\n\t<meta property=\"og:image:type\" content=\"image\/jpeg\" \/>\n<meta name=\"author\" content=\"Cope Alcoy\" \/>\n<meta name=\"twitter:label1\" content=\"Escrito por\" \/>\n\t<meta name=\"twitter:data1\" content=\"Cope Alcoy\" \/>\n\t<meta name=\"twitter:label2\" content=\"Tiempo de lectura\" \/>\n\t<meta name=\"twitter:data2\" content=\"2 minutos\" \/>\n<script type=\"application\/ld+json\" class=\"yoast-schema-graph\">{\"@context\":\"https:\\\/\\\/schema.org\",\"@graph\":[{\"@type\":\"Article\",\"@id\":\"https:\\\/\\\/www.copealcoy.es\\\/es\\\/un-centenar-de-comercos-dalcoi-demanen-acollir-se-a-les-ajudes-reactiva-alcoi-comerc-ii\\\/#article\",\"isPartOf\":{\"@id\":\"https:\\\/\\\/www.copealcoy.es\\\/es\\\/un-centenar-de-comercos-dalcoi-demanen-acollir-se-a-les-ajudes-reactiva-alcoi-comerc-ii\\\/\"},\"author\":{\"name\":\"Cope Alcoy\",\"@id\":\"https:\\\/\\\/www.copealcoy.es\\\/es\\\/#\\\/schema\\\/person\\\/e777c87fa024e57d40170af9df39882c\"},\"headline\":\"Un centenar de comer\u00e7os d&#8217;Alcoi demanen acollir-se a les ajudes \u2018Reactiva Alcoi Comer\u00e7 II\u2019\",\"datePublished\":\"2020-11-11T06:14:00+00:00\",\"dateModified\":\"2020-11-11T18:27:30+00:00\",\"mainEntityOfPage\":{\"@id\":\"https:\\\/\\\/www.copealcoy.es\\\/es\\\/un-centenar-de-comercos-dalcoi-demanen-acollir-se-a-les-ajudes-reactiva-alcoi-comerc-ii\\\/\"},\"wordCount\":340,\"commentCount\":0,\"image\":{\"@id\":\"https:\\\/\\\/www.copealcoy.es\\\/es\\\/un-centenar-de-comercos-dalcoi-demanen-acollir-se-a-les-ajudes-reactiva-alcoi-comerc-ii\\\/#primaryimage\"},\"thumbnailUrl\":\"https:\\\/\\\/www.copealcoy.es\\\/wp-content\\\/uploads\\\/2015\\\/05\\\/13387-alcoy-001-1-jpg.jpeg\",\"keywords\":[\"ajudes\",\"Alcoi\",\"comer\u00e7os\",\"un centenar\",\"\u2018Reactiva Alcoi Comer\u00e7 II\u2019\"],\"articleSection\":[\"Alcoy\",\"Noticias\",\"Pol\u00edtica y Econom\u00eda\"],\"inLanguage\":\"es\"},{\"@type\":\"WebPage\",\"@id\":\"https:\\\/\\\/www.copealcoy.es\\\/es\\\/un-centenar-de-comercos-dalcoi-demanen-acollir-se-a-les-ajudes-reactiva-alcoi-comerc-ii\\\/\",\"url\":\"https:\\\/\\\/www.copealcoy.es\\\/es\\\/un-centenar-de-comercos-dalcoi-demanen-acollir-se-a-les-ajudes-reactiva-alcoi-comerc-ii\\\/\",\"name\":\"Un centenar de comer\u00e7os d'Alcoi demanen acollir-se a les ajudes \u2018Reactiva Alcoi Comer\u00e7 II\u2019 - COPE Alcoy\",\"isPartOf\":{\"@id\":\"https:\\\/\\\/www.copealcoy.es\\\/es\\\/#website\"},\"primaryImageOfPage\":{\"@id\":\"https:\\\/\\\/www.copealcoy.es\\\/es\\\/un-centenar-de-comercos-dalcoi-demanen-acollir-se-a-les-ajudes-reactiva-alcoi-comerc-ii\\\/#primaryimage\"},\"image\":{\"@id\":\"https:\\\/\\\/www.copealcoy.es\\\/es\\\/un-centenar-de-comercos-dalcoi-demanen-acollir-se-a-les-ajudes-reactiva-alcoi-comerc-ii\\\/#primaryimage\"},\"thumbnailUrl\":\"https:\\\/\\\/www.copealcoy.es\\\/wp-content\\\/uploads\\\/2015\\\/05\\\/13387-alcoy-001-1-jpg.jpeg\",\"datePublished\":\"2020-11-11T06:14:00+00:00\",\"dateModified\":\"2020-11-11T18:27:30+00:00\",\"author\":{\"@id\":\"https:\\\/\\\/www.copealcoy.es\\\/es\\\/#\\\/schema\\\/person\\\/e777c87fa024e57d40170af9df39882c\"},\"breadcrumb\":{\"@id\":\"https:\\\/\\\/www.copealcoy.es\\\/es\\\/un-centenar-de-comercos-dalcoi-demanen-acollir-se-a-les-ajudes-reactiva-alcoi-comerc-ii\\\/#breadcrumb\"},\"inLanguage\":\"es\",\"potentialAction\":[{\"@type\":\"ReadAction\",\"target\":[\"https:\\\/\\\/www.copealcoy.es\\\/es\\\/un-centenar-de-comercos-dalcoi-demanen-acollir-se-a-les-ajudes-reactiva-alcoi-comerc-ii\\\/\"]}]},{\"@type\":\"ImageObject\",\"inLanguage\":\"es\",\"@id\":\"https:\\\/\\\/www.copealcoy.es\\\/es\\\/un-centenar-de-comercos-dalcoi-demanen-acollir-se-a-les-ajudes-reactiva-alcoi-comerc-ii\\\/#primaryimage\",\"url\":\"https:\\\/\\\/www.copealcoy.es\\\/wp-content\\\/uploads\\\/2015\\\/05\\\/13387-alcoy-001-1-jpg.jpeg\",\"contentUrl\":\"https:\\\/\\\/www.copealcoy.es\\\/wp-content\\\/uploads\\\/2015\\\/05\\\/13387-alcoy-001-1-jpg.jpeg\",\"width\":1400,\"height\":1050,\"caption\":\"Ayuntamiento de Alcoy\"},{\"@type\":\"BreadcrumbList\",\"@id\":\"https:\\\/\\\/www.copealcoy.es\\\/es\\\/un-centenar-de-comercos-dalcoi-demanen-acollir-se-a-les-ajudes-reactiva-alcoi-comerc-ii\\\/#breadcrumb\",\"itemListElement\":[{\"@type\":\"ListItem\",\"position\":1,\"name\":\"Portada\",\"item\":\"https:\\\/\\\/www.copealcoy.es\\\/es\\\/\"},{\"@type\":\"ListItem\",\"position\":2,\"name\":\"Un centenar de comer\u00e7os d&#8217;Alcoi demanen acollir-se a les ajudes \u2018Reactiva Alcoi Comer\u00e7 II\u2019\"}]},{\"@type\":\"WebSite\",\"@id\":\"https:\\\/\\\/www.copealcoy.es\\\/es\\\/#website\",\"url\":\"https:\\\/\\\/www.copealcoy.es\\\/es\\\/\",\"name\":\"COPE Alcoy\",\"description\":\"Emisora COPE de radio local con emisi\u00f3n online. Pont de Sant Jordi 8-10 03803 Alcoy\",\"potentialAction\":[{\"@type\":\"SearchAction\",\"target\":{\"@type\":\"EntryPoint\",\"urlTemplate\":\"https:\\\/\\\/www.copealcoy.es\\\/es\\\/?s={search_term_string}\"},\"query-input\":{\"@type\":\"PropertyValueSpecification\",\"valueRequired\":true,\"valueName\":\"search_term_string\"}}],\"inLanguage\":\"es\"},{\"@type\":\"Person\",\"@id\":\"https:\\\/\\\/www.copealcoy.es\\\/es\\\/#\\\/schema\\\/person\\\/e777c87fa024e57d40170af9df39882c\",\"name\":\"Cope Alcoy\",\"image\":{\"@type\":\"ImageObject\",\"inLanguage\":\"es\",\"@id\":\"https:\\\/\\\/secure.gravatar.com\\\/avatar\\\/bb65d0283347e303893ba14f0692005417c1e0e690a325a4c5d8bb2b3943ee14?s=96&d=mm&r=g\",\"url\":\"https:\\\/\\\/secure.gravatar.com\\\/avatar\\\/bb65d0283347e303893ba14f0692005417c1e0e690a325a4c5d8bb2b3943ee14?s=96&d=mm&r=g\",\"contentUrl\":\"https:\\\/\\\/secure.gravatar.com\\\/avatar\\\/bb65d0283347e303893ba14f0692005417c1e0e690a325a4c5d8bb2b3943ee14?s=96&d=mm&r=g\",\"caption\":\"Cope Alcoy\"}}]}<\/script>\n<!-- \/ Yoast SEO plugin. -->","yoast_head_json":{"title":"Un centenar de comer\u00e7os d'Alcoi demanen acollir-se a les ajudes \u2018Reactiva Alcoi Comer\u00e7 II\u2019 - COPE Alcoy","robots":{"index":"index","follow":"follow","max-snippet":"max-snippet:-1","max-image-preview":"max-image-preview:large","max-video-preview":"max-video-preview:-1"},"canonical":"https:\/\/www.copealcoy.es\/es\/un-centenar-de-comercos-dalcoi-demanen-acollir-se-a-les-ajudes-reactiva-alcoi-comerc-ii\/","og_locale":"es_ES","og_type":"article","og_title":"Un centenar de comer\u00e7os d'Alcoi demanen acollir-se a les ajudes \u2018Reactiva Alcoi Comer\u00e7 II\u2019 - COPE Alcoy","og_description":"Vora un centenar de comer\u00e7os d&#8217;Alcoi s&#8217;han adherit a les ajudes &#8216;Reactiva Alcoi Comer\u00e7 II&#8217; que atorga l&#8217;Ajuntament i que...","og_url":"https:\/\/www.copealcoy.es\/es\/un-centenar-de-comercos-dalcoi-demanen-acollir-se-a-les-ajudes-reactiva-alcoi-comerc-ii\/","og_site_name":"COPE Alcoy","article_published_time":"2020-11-11T06:14:00+00:00","article_modified_time":"2020-11-11T18:27:30+00:00","og_image":[{"width":1400,"height":1050,"url":"https:\/\/www.copealcoy.es\/wp-content\/uploads\/2015\/05\/13387-alcoy-001-1-jpg.jpeg","type":"image\/jpeg"}],"author":"Cope Alcoy","twitter_misc":{"Escrito por":"Cope Alcoy","Tiempo de lectura":"2 minutos"},"schema":{"@context":"https:\/\/schema.org","@graph":[{"@type":"Article","@id":"https:\/\/www.copealcoy.es\/es\/un-centenar-de-comercos-dalcoi-demanen-acollir-se-a-les-ajudes-reactiva-alcoi-comerc-ii\/#article","isPartOf":{"@id":"https:\/\/www.copealcoy.es\/es\/un-centenar-de-comercos-dalcoi-demanen-acollir-se-a-les-ajudes-reactiva-alcoi-comerc-ii\/"},"author":{"name":"Cope Alcoy","@id":"https:\/\/www.copealcoy.es\/es\/#\/schema\/person\/e777c87fa024e57d40170af9df39882c"},"headline":"Un centenar de comer\u00e7os d&#8217;Alcoi demanen acollir-se a les ajudes \u2018Reactiva Alcoi Comer\u00e7 II\u2019","datePublished":"2020-11-11T06:14:00+00:00","dateModified":"2020-11-11T18:27:30+00:00","mainEntityOfPage":{"@id":"https:\/\/www.copealcoy.es\/es\/un-centenar-de-comercos-dalcoi-demanen-acollir-se-a-les-ajudes-reactiva-alcoi-comerc-ii\/"},"wordCount":340,"commentCount":0,"image":{"@id":"https:\/\/www.copealcoy.es\/es\/un-centenar-de-comercos-dalcoi-demanen-acollir-se-a-les-ajudes-reactiva-alcoi-comerc-ii\/#primaryimage"},"thumbnailUrl":"https:\/\/www.copealcoy.es\/wp-content\/uploads\/2015\/05\/13387-alcoy-001-1-jpg.jpeg","keywords":["ajudes","Alcoi","comer\u00e7os","un centenar","\u2018Reactiva Alcoi Comer\u00e7 II\u2019"],"articleSection":["Alcoy","Noticias","Pol\u00edtica y Econom\u00eda"],"inLanguage":"es"},{"@type":"WebPage","@id":"https:\/\/www.copealcoy.es\/es\/un-centenar-de-comercos-dalcoi-demanen-acollir-se-a-les-ajudes-reactiva-alcoi-comerc-ii\/","url":"https:\/\/www.copealcoy.es\/es\/un-centenar-de-comercos-dalcoi-demanen-acollir-se-a-les-ajudes-reactiva-alcoi-comerc-ii\/","name":"Un centenar de comer\u00e7os d'Alcoi demanen acollir-se a les ajudes \u2018Reactiva Alcoi Comer\u00e7 II\u2019 - COPE Alcoy","isPartOf":{"@id":"https:\/\/www.copealcoy.es\/es\/#website"},"primaryImageOfPage":{"@id":"https:\/\/www.copealcoy.es\/es\/un-centenar-de-comercos-dalcoi-demanen-acollir-se-a-les-ajudes-reactiva-alcoi-comerc-ii\/#primaryimage"},"image":{"@id":"https:\/\/www.copealcoy.es\/es\/un-centenar-de-comercos-dalcoi-demanen-acollir-se-a-les-ajudes-reactiva-alcoi-comerc-ii\/#primaryimage"},"thumbnailUrl":"https:\/\/www.copealcoy.es\/wp-content\/uploads\/2015\/05\/13387-alcoy-001-1-jpg.jpeg","datePublished":"2020-11-11T06:14:00+00:00","dateModified":"2020-11-11T18:27:30+00:00","author":{"@id":"https:\/\/www.copealcoy.es\/es\/#\/schema\/person\/e777c87fa024e57d40170af9df39882c"},"breadcrumb":{"@id":"https:\/\/www.copealcoy.es\/es\/un-centenar-de-comercos-dalcoi-demanen-acollir-se-a-les-ajudes-reactiva-alcoi-comerc-ii\/#breadcrumb"},"inLanguage":"es","potentialAction":[{"@type":"ReadAction","target":["https:\/\/www.copealcoy.es\/es\/un-centenar-de-comercos-dalcoi-demanen-acollir-se-a-les-ajudes-reactiva-alcoi-comerc-ii\/"]}]},{"@type":"ImageObject","inLanguage":"es","@id":"https:\/\/www.copealcoy.es\/es\/un-centenar-de-comercos-dalcoi-demanen-acollir-se-a-les-ajudes-reactiva-alcoi-comerc-ii\/#primaryimage","url":"https:\/\/www.copealcoy.es\/wp-content\/uploads\/2015\/05\/13387-alcoy-001-1-jpg.jpeg","contentUrl":"https:\/\/www.copealcoy.es\/wp-content\/uploads\/2015\/05\/13387-alcoy-001-1-jpg.jpeg","width":1400,"height":1050,"caption":"Ayuntamiento de Alcoy"},{"@type":"BreadcrumbList","@id":"https:\/\/www.copealcoy.es\/es\/un-centenar-de-comercos-dalcoi-demanen-acollir-se-a-les-ajudes-reactiva-alcoi-comerc-ii\/#breadcrumb","itemListElement":[{"@type":"ListItem","position":1,"name":"Portada","item":"https:\/\/www.copealcoy.es\/es\/"},{"@type":"ListItem","position":2,"name":"Un centenar de comer\u00e7os d&#8217;Alcoi demanen acollir-se a les ajudes \u2018Reactiva Alcoi Comer\u00e7 II\u2019"}]},{"@type":"WebSite","@id":"https:\/\/www.copealcoy.es\/es\/#website","url":"https:\/\/www.copealcoy.es\/es\/","name":"COPE Alcoy","description":"Emisora COPE de radio local con emisi\u00f3n online. Pont de Sant Jordi 8-10 03803 Alcoy","potentialAction":[{"@type":"SearchAction","target":{"@type":"EntryPoint","urlTemplate":"https:\/\/www.copealcoy.es\/es\/?s={search_term_string}"},"query-input":{"@type":"PropertyValueSpecification","valueRequired":true,"valueName":"search_term_string"}}],"inLanguage":"es"},{"@type":"Person","@id":"https:\/\/www.copealcoy.es\/es\/#\/schema\/person\/e777c87fa024e57d40170af9df39882c","name":"Cope Alcoy","image":{"@type":"ImageObject","inLanguage":"es","@id":"https:\/\/secure.gravatar.com\/avatar\/bb65d0283347e303893ba14f0692005417c1e0e690a325a4c5d8bb2b3943ee14?s=96&d=mm&r=g","url":"https:\/\/secure.gravatar.com\/avatar\/bb65d0283347e303893ba14f0692005417c1e0e690a325a4c5d8bb2b3943ee14?s=96&d=mm&r=g","contentUrl":"https:\/\/secure.gravatar.com\/avatar\/bb65d0283347e303893ba14f0692005417c1e0e690a325a4c5d8bb2b3943ee14?s=96&d=mm&r=g","caption":"Cope Alcoy"}}]}},"_links":{"self":[{"href":"https:\/\/www.copealcoy.es\/es\/wp-json\/wp\/v2\/posts\/67497","targetHints":{"allow":["GET"]}}],"collection":[{"href":"https:\/\/www.copealcoy.es\/es\/wp-json\/wp\/v2\/posts"}],"about":[{"href":"https:\/\/www.copealcoy.es\/es\/wp-json\/wp\/v2\/types\/post"}],"author":[{"embeddable":true,"href":"https:\/\/www.copealcoy.es\/es\/wp-json\/wp\/v2\/users\/1"}],"replies":[{"embeddable":true,"href":"https:\/\/www.copealcoy.es\/es\/wp-json\/wp\/v2\/comments?post=67497"}],"version-history":[{"count":0,"href":"https:\/\/www.copealcoy.es\/es\/wp-json\/wp\/v2\/posts\/67497\/revisions"}],"wp:featuredmedia":[{"embeddable":true,"href":"https:\/\/www.copealcoy.es\/es\/wp-json\/wp\/v2\/media\/13024"}],"wp:attachment":[{"href":"https:\/\/www.copealcoy.es\/es\/wp-json\/wp\/v2\/media?parent=67497"}],"wp:term":[{"taxonomy":"category","embeddable":true,"href":"https:\/\/www.copealcoy.es\/es\/wp-json\/wp\/v2\/categories?post=67497"},{"taxonomy":"post_tag","embeddable":true,"href":"https:\/\/www.copealcoy.es\/es\/wp-json\/wp\/v2\/tags?post=67497"}],"curies":[{"name":"wp","href":"https:\/\/api.w.org\/{rel}","templated":true}]}}