{"id":67435,"date":"2020-11-10T16:41:18","date_gmt":"2020-11-10T16:41:18","guid":{"rendered":"https:\/\/www.copealcoy.es\/?p=67435"},"modified":"2022-12-03T09:24:13","modified_gmt":"2022-12-03T08:24:13","slug":"alcoi-va-buscar-la-proteccio-de-sant-maure-i-la-mareta-en-els-greus-terratremols-de-1620","status":"publish","type":"post","link":"https:\/\/www.copealcoy.es\/es\/alcoi-va-buscar-la-proteccio-de-sant-maure-i-la-mareta-en-els-greus-terratremols-de-1620\/","title":{"rendered":"Alcoi va buscar la protecci\u00f3 de Sant Maure i la Mareta en els greus terratr\u00e9mols de 1620"},"content":{"rendered":"<p style=\"text-align: justify;\">Alcoi celebra el pr\u00f2xim mes de desembre e<strong>l IV Centenari de l&#8217;elecci\u00f3 de Sant Maure com a patr\u00f3,\u00a0<\/strong>un fet que es va produir l&#8217;any 1620 <strong>davant els greus terratr\u00e9mols<\/strong> que patia en aquell moment la ciutat del Serpis.<\/p>\n<p style=\"text-align: justify;\">La hist\u00f2ria de la capital de l&#8217;Alcoi\u00e0, tal com est\u00e0 recollit a l&#8217;Arxiu Hist\u00f2ric Municipal, ens revela que <strong>en la vesprada del 2 de desembre de fa quatre-cents anys es va produir un gran moviment s\u00edsmic a la nostra ciutat<\/strong> que va causar grans destrosses materials. Els alcoians i alcoianes de l&#8217;\u00e8poca, atemorits davant la for\u00e7a de la natura, <strong>van traure el Sant\u00edssim Sacrament de l\u2019interior del temple per a dipositar-lo sota un olivar<\/strong> davant el qual estarien pregant durant tota la nit. L&#8217;endem\u00e0, <strong>festivitat de Sant Maure<\/strong>, es va buscar <strong>la intercessi\u00f3 d&#8217;un patr\u00f3 perqu\u00e8 protegira a la poblaci\u00f3<\/strong> &#8220;<em>aquell terratr\u00e9mol fou un dels m\u00e9s importants del Regne de Val\u00e8ncia en aquell temps i va causar la caiguda de moltes cases o bona part de la muralla medieval aix\u00ed com la ru\u00efna de molts edificis religiosos com els Convents de Sant Francesc i Sant Agust\u00ed. L&#8217;elecci\u00f3 de Sant Maure com a patr\u00f3 fou directa, sense triar entre altres sants mitjan\u00e7ant el sistema d&#8217;insaculaci\u00f3, tal com havia succe\u00eft en la mateixa \u00e8poca a altres localitats valencianes<\/em>&#8220;, explicava en COPE ALCOI <strong>Josep Llu\u00eds Santonja<\/strong>; <span class=\"hiddenGrammarError\">Director<\/span> de la Xarxa de Biblioteques Municipals.<\/p>\n<p style=\"text-align: justify;\">A m\u00e9s Santonja recorda que <strong>triar Sant Maure com a patr\u00f3 no fou suficient<\/strong> i per tant <strong>els alcoians van baixar a Cocentaina a pregar davant de la Mare de D\u00e9u del Miracle<\/strong>. En aquest sentit ens conta que <strong>es va organitzar una peregrinaci\u00f3 penitencial fins a la Vila Comtal<\/strong> &#8220;<em>xiquets, dones i homes van baixar, la majoria descal\u00e7os; per tal de demanar la protecci\u00f3 de la Verge del Miracle. Cal tindre en compte que en aquell moment Cocentaina i Agres eren els santuaris marians m\u00e9s importants de la comarca i la Mare de D\u00e9u del Miracle, en estar m\u00e9s prop; despertava molta devoci\u00f3. Segons el Cronista d&#8217;Alcoi de l&#8217;\u00e8poca es va traure la icona de la Mare de D\u00e9u del Miracle baix pali per traslladar-la en rogativa a la Parr\u00f2quia de Santa Mar\u00eda \u00a0on es va fer una missa solemne. Despr\u00e9s es va tornar a la Mareta a la Capella de Sant Antoni del Palau Comtal, es va cantar una Salve i els alcoians tornaren a la ciutat. A partir d&#8217;aquell moment van cessar els terratr\u00e9mols que tant de mal havien causat en Alcoi<\/em>&#8220;, assenyala.<\/p>\n<p style=\"text-align: justify;\">Aquell emotiu fet que <strong>va agermanar als dos pobles<\/strong> es va produir<strong> <span class=\"hiddenGreenError\">100<\/span> anys despr\u00e9s del miracle<\/strong> de les 27 ll\u00e0grimes de sang de la patrona contestana ocorregut el 19 d&#8217;abril de 1520. Per tant, en aquest 2020, <strong>s&#8217;uneixen dues celebracions importants<\/strong> per a cada localitat: el<strong> V Centenari del miracle de la Mare de D\u00e9u de Cocentaina<\/strong> i el <strong>IV Centenari de l&#8217;elecci\u00f3 de Sant Maure<\/strong> com a patr\u00f3 d&#8217;Alcoi.<\/p>\n","protected":false},"excerpt":{"rendered":"<p>Alcoi celebra el pr\u00f2xim mes de desembre el IV Centenari de l&#8217;elecci\u00f3 de Sant Maure com a patr\u00f3,\u00a0un fet que&#8230;<\/p>\n","protected":false},"author":1,"featured_media":67436,"comment_status":"open","ping_status":"open","sticky":false,"template":"","format":"standard","meta":{"footnotes":""},"categories":[97,78,75],"tags":[10258,160,1984,10256,9657,10257],"class_list":["post-67435","post","type-post","status-publish","format-standard","has-post-thumbnail","hentry","category-alcoy","category-fiestaycultura","category-noticias","tag-10258","tag-alcoi","tag-mare-de-deu-del-miracle","tag-proteccio","tag-sant-maure","tag-terratremols"],"yoast_head":"<!-- This site is optimized with the Yoast SEO plugin v27.3 - https:\/\/yoast.com\/product\/yoast-seo-wordpress\/ -->\n<title>Alcoi va buscar la protecci\u00f3 de Sant Maure i la Mareta en els greus terratr\u00e9mols de 1620 - COPE Alcoy<\/title>\n<meta name=\"robots\" content=\"index, follow, max-snippet:-1, max-image-preview:large, max-video-preview:-1\" \/>\n<link rel=\"canonical\" href=\"https:\/\/www.copealcoy.es\/es\/alcoi-va-buscar-la-proteccio-de-sant-maure-i-la-mareta-en-els-greus-terratremols-de-1620\/\" \/>\n<meta property=\"og:locale\" content=\"es_ES\" \/>\n<meta property=\"og:type\" content=\"article\" \/>\n<meta property=\"og:title\" content=\"Alcoi va buscar la protecci\u00f3 de Sant Maure i la Mareta en els greus terratr\u00e9mols de 1620 - COPE Alcoy\" \/>\n<meta property=\"og:description\" content=\"Alcoi celebra el pr\u00f2xim mes de desembre el IV Centenari de l&#8217;elecci\u00f3 de Sant Maure com a patr\u00f3,\u00a0un fet que...\" \/>\n<meta property=\"og:url\" content=\"https:\/\/www.copealcoy.es\/es\/alcoi-va-buscar-la-proteccio-de-sant-maure-i-la-mareta-en-els-greus-terratremols-de-1620\/\" \/>\n<meta property=\"og:site_name\" content=\"COPE Alcoy\" \/>\n<meta property=\"article:published_time\" content=\"2020-11-10T16:41:18+00:00\" \/>\n<meta property=\"article:modified_time\" content=\"2022-12-03T08:24:13+00:00\" \/>\n<meta property=\"og:image\" content=\"https:\/\/www.copealcoy.es\/wp-content\/uploads\/2020\/11\/Mareta-e1670055591445.jpg\" \/>\n\t<meta property=\"og:image:width\" content=\"500\" \/>\n\t<meta property=\"og:image:height\" content=\"284\" \/>\n\t<meta property=\"og:image:type\" content=\"image\/jpeg\" \/>\n<meta name=\"author\" content=\"Cope Alcoy\" \/>\n<meta name=\"twitter:label1\" content=\"Escrito por\" \/>\n\t<meta name=\"twitter:data1\" content=\"Cope Alcoy\" \/>\n\t<meta name=\"twitter:label2\" content=\"Tiempo de lectura\" \/>\n\t<meta name=\"twitter:data2\" content=\"3 minutos\" \/>\n<script type=\"application\/ld+json\" class=\"yoast-schema-graph\">{\"@context\":\"https:\\\/\\\/schema.org\",\"@graph\":[{\"@type\":\"Article\",\"@id\":\"https:\\\/\\\/www.copealcoy.es\\\/es\\\/alcoi-va-buscar-la-proteccio-de-sant-maure-i-la-mareta-en-els-greus-terratremols-de-1620\\\/#article\",\"isPartOf\":{\"@id\":\"https:\\\/\\\/www.copealcoy.es\\\/es\\\/alcoi-va-buscar-la-proteccio-de-sant-maure-i-la-mareta-en-els-greus-terratremols-de-1620\\\/\"},\"author\":{\"name\":\"Cope Alcoy\",\"@id\":\"https:\\\/\\\/www.copealcoy.es\\\/es\\\/#\\\/schema\\\/person\\\/e777c87fa024e57d40170af9df39882c\"},\"headline\":\"Alcoi va buscar la protecci\u00f3 de Sant Maure i la Mareta en els greus terratr\u00e9mols de 1620\",\"datePublished\":\"2020-11-10T16:41:18+00:00\",\"dateModified\":\"2022-12-03T08:24:13+00:00\",\"mainEntityOfPage\":{\"@id\":\"https:\\\/\\\/www.copealcoy.es\\\/es\\\/alcoi-va-buscar-la-proteccio-de-sant-maure-i-la-mareta-en-els-greus-terratremols-de-1620\\\/\"},\"wordCount\":541,\"commentCount\":0,\"image\":{\"@id\":\"https:\\\/\\\/www.copealcoy.es\\\/es\\\/alcoi-va-buscar-la-proteccio-de-sant-maure-i-la-mareta-en-els-greus-terratremols-de-1620\\\/#primaryimage\"},\"thumbnailUrl\":\"https:\\\/\\\/www.copealcoy.es\\\/wp-content\\\/uploads\\\/2020\\\/11\\\/Mareta-e1670055591445.jpg\",\"keywords\":[\"1620\",\"Alcoi\",\"Mare de D\u00e9u del Miracle\",\"protecci\u00f3\",\"Sant Maure\",\"terratr\u00e9mols\"],\"articleSection\":[\"Alcoy\",\"Fiesta y Cultura\",\"Noticias\"],\"inLanguage\":\"es\"},{\"@type\":\"WebPage\",\"@id\":\"https:\\\/\\\/www.copealcoy.es\\\/es\\\/alcoi-va-buscar-la-proteccio-de-sant-maure-i-la-mareta-en-els-greus-terratremols-de-1620\\\/\",\"url\":\"https:\\\/\\\/www.copealcoy.es\\\/es\\\/alcoi-va-buscar-la-proteccio-de-sant-maure-i-la-mareta-en-els-greus-terratremols-de-1620\\\/\",\"name\":\"Alcoi va buscar la protecci\u00f3 de Sant Maure i la Mareta en els greus terratr\u00e9mols de 1620 - COPE Alcoy\",\"isPartOf\":{\"@id\":\"https:\\\/\\\/www.copealcoy.es\\\/es\\\/#website\"},\"primaryImageOfPage\":{\"@id\":\"https:\\\/\\\/www.copealcoy.es\\\/es\\\/alcoi-va-buscar-la-proteccio-de-sant-maure-i-la-mareta-en-els-greus-terratremols-de-1620\\\/#primaryimage\"},\"image\":{\"@id\":\"https:\\\/\\\/www.copealcoy.es\\\/es\\\/alcoi-va-buscar-la-proteccio-de-sant-maure-i-la-mareta-en-els-greus-terratremols-de-1620\\\/#primaryimage\"},\"thumbnailUrl\":\"https:\\\/\\\/www.copealcoy.es\\\/wp-content\\\/uploads\\\/2020\\\/11\\\/Mareta-e1670055591445.jpg\",\"datePublished\":\"2020-11-10T16:41:18+00:00\",\"dateModified\":\"2022-12-03T08:24:13+00:00\",\"author\":{\"@id\":\"https:\\\/\\\/www.copealcoy.es\\\/es\\\/#\\\/schema\\\/person\\\/e777c87fa024e57d40170af9df39882c\"},\"breadcrumb\":{\"@id\":\"https:\\\/\\\/www.copealcoy.es\\\/es\\\/alcoi-va-buscar-la-proteccio-de-sant-maure-i-la-mareta-en-els-greus-terratremols-de-1620\\\/#breadcrumb\"},\"inLanguage\":\"es\",\"potentialAction\":[{\"@type\":\"ReadAction\",\"target\":[\"https:\\\/\\\/www.copealcoy.es\\\/es\\\/alcoi-va-buscar-la-proteccio-de-sant-maure-i-la-mareta-en-els-greus-terratremols-de-1620\\\/\"]}]},{\"@type\":\"ImageObject\",\"inLanguage\":\"es\",\"@id\":\"https:\\\/\\\/www.copealcoy.es\\\/es\\\/alcoi-va-buscar-la-proteccio-de-sant-maure-i-la-mareta-en-els-greus-terratremols-de-1620\\\/#primaryimage\",\"url\":\"https:\\\/\\\/www.copealcoy.es\\\/wp-content\\\/uploads\\\/2020\\\/11\\\/Mareta-e1670055591445.jpg\",\"contentUrl\":\"https:\\\/\\\/www.copealcoy.es\\\/wp-content\\\/uploads\\\/2020\\\/11\\\/Mareta-e1670055591445.jpg\",\"width\":500,\"height\":284},{\"@type\":\"BreadcrumbList\",\"@id\":\"https:\\\/\\\/www.copealcoy.es\\\/es\\\/alcoi-va-buscar-la-proteccio-de-sant-maure-i-la-mareta-en-els-greus-terratremols-de-1620\\\/#breadcrumb\",\"itemListElement\":[{\"@type\":\"ListItem\",\"position\":1,\"name\":\"Portada\",\"item\":\"https:\\\/\\\/www.copealcoy.es\\\/es\\\/\"},{\"@type\":\"ListItem\",\"position\":2,\"name\":\"Alcoi va buscar la protecci\u00f3 de Sant Maure i la Mareta en els greus terratr\u00e9mols de 1620\"}]},{\"@type\":\"WebSite\",\"@id\":\"https:\\\/\\\/www.copealcoy.es\\\/es\\\/#website\",\"url\":\"https:\\\/\\\/www.copealcoy.es\\\/es\\\/\",\"name\":\"COPE Alcoy\",\"description\":\"Emisora COPE de radio local con emisi\u00f3n online. Pont de Sant Jordi 8-10 03803 Alcoy\",\"potentialAction\":[{\"@type\":\"SearchAction\",\"target\":{\"@type\":\"EntryPoint\",\"urlTemplate\":\"https:\\\/\\\/www.copealcoy.es\\\/es\\\/?s={search_term_string}\"},\"query-input\":{\"@type\":\"PropertyValueSpecification\",\"valueRequired\":true,\"valueName\":\"search_term_string\"}}],\"inLanguage\":\"es\"},{\"@type\":\"Person\",\"@id\":\"https:\\\/\\\/www.copealcoy.es\\\/es\\\/#\\\/schema\\\/person\\\/e777c87fa024e57d40170af9df39882c\",\"name\":\"Cope Alcoy\",\"image\":{\"@type\":\"ImageObject\",\"inLanguage\":\"es\",\"@id\":\"https:\\\/\\\/secure.gravatar.com\\\/avatar\\\/bb65d0283347e303893ba14f0692005417c1e0e690a325a4c5d8bb2b3943ee14?s=96&d=mm&r=g\",\"url\":\"https:\\\/\\\/secure.gravatar.com\\\/avatar\\\/bb65d0283347e303893ba14f0692005417c1e0e690a325a4c5d8bb2b3943ee14?s=96&d=mm&r=g\",\"contentUrl\":\"https:\\\/\\\/secure.gravatar.com\\\/avatar\\\/bb65d0283347e303893ba14f0692005417c1e0e690a325a4c5d8bb2b3943ee14?s=96&d=mm&r=g\",\"caption\":\"Cope Alcoy\"}}]}<\/script>\n<!-- \/ Yoast SEO plugin. -->","yoast_head_json":{"title":"Alcoi va buscar la protecci\u00f3 de Sant Maure i la Mareta en els greus terratr\u00e9mols de 1620 - COPE Alcoy","robots":{"index":"index","follow":"follow","max-snippet":"max-snippet:-1","max-image-preview":"max-image-preview:large","max-video-preview":"max-video-preview:-1"},"canonical":"https:\/\/www.copealcoy.es\/es\/alcoi-va-buscar-la-proteccio-de-sant-maure-i-la-mareta-en-els-greus-terratremols-de-1620\/","og_locale":"es_ES","og_type":"article","og_title":"Alcoi va buscar la protecci\u00f3 de Sant Maure i la Mareta en els greus terratr\u00e9mols de 1620 - COPE Alcoy","og_description":"Alcoi celebra el pr\u00f2xim mes de desembre el IV Centenari de l&#8217;elecci\u00f3 de Sant Maure com a patr\u00f3,\u00a0un fet que...","og_url":"https:\/\/www.copealcoy.es\/es\/alcoi-va-buscar-la-proteccio-de-sant-maure-i-la-mareta-en-els-greus-terratremols-de-1620\/","og_site_name":"COPE Alcoy","article_published_time":"2020-11-10T16:41:18+00:00","article_modified_time":"2022-12-03T08:24:13+00:00","og_image":[{"width":500,"height":284,"url":"https:\/\/www.copealcoy.es\/wp-content\/uploads\/2020\/11\/Mareta-e1670055591445.jpg","type":"image\/jpeg"}],"author":"Cope Alcoy","twitter_misc":{"Escrito por":"Cope Alcoy","Tiempo de lectura":"3 minutos"},"schema":{"@context":"https:\/\/schema.org","@graph":[{"@type":"Article","@id":"https:\/\/www.copealcoy.es\/es\/alcoi-va-buscar-la-proteccio-de-sant-maure-i-la-mareta-en-els-greus-terratremols-de-1620\/#article","isPartOf":{"@id":"https:\/\/www.copealcoy.es\/es\/alcoi-va-buscar-la-proteccio-de-sant-maure-i-la-mareta-en-els-greus-terratremols-de-1620\/"},"author":{"name":"Cope Alcoy","@id":"https:\/\/www.copealcoy.es\/es\/#\/schema\/person\/e777c87fa024e57d40170af9df39882c"},"headline":"Alcoi va buscar la protecci\u00f3 de Sant Maure i la Mareta en els greus terratr\u00e9mols de 1620","datePublished":"2020-11-10T16:41:18+00:00","dateModified":"2022-12-03T08:24:13+00:00","mainEntityOfPage":{"@id":"https:\/\/www.copealcoy.es\/es\/alcoi-va-buscar-la-proteccio-de-sant-maure-i-la-mareta-en-els-greus-terratremols-de-1620\/"},"wordCount":541,"commentCount":0,"image":{"@id":"https:\/\/www.copealcoy.es\/es\/alcoi-va-buscar-la-proteccio-de-sant-maure-i-la-mareta-en-els-greus-terratremols-de-1620\/#primaryimage"},"thumbnailUrl":"https:\/\/www.copealcoy.es\/wp-content\/uploads\/2020\/11\/Mareta-e1670055591445.jpg","keywords":["1620","Alcoi","Mare de D\u00e9u del Miracle","protecci\u00f3","Sant Maure","terratr\u00e9mols"],"articleSection":["Alcoy","Fiesta y Cultura","Noticias"],"inLanguage":"es"},{"@type":"WebPage","@id":"https:\/\/www.copealcoy.es\/es\/alcoi-va-buscar-la-proteccio-de-sant-maure-i-la-mareta-en-els-greus-terratremols-de-1620\/","url":"https:\/\/www.copealcoy.es\/es\/alcoi-va-buscar-la-proteccio-de-sant-maure-i-la-mareta-en-els-greus-terratremols-de-1620\/","name":"Alcoi va buscar la protecci\u00f3 de Sant Maure i la Mareta en els greus terratr\u00e9mols de 1620 - COPE Alcoy","isPartOf":{"@id":"https:\/\/www.copealcoy.es\/es\/#website"},"primaryImageOfPage":{"@id":"https:\/\/www.copealcoy.es\/es\/alcoi-va-buscar-la-proteccio-de-sant-maure-i-la-mareta-en-els-greus-terratremols-de-1620\/#primaryimage"},"image":{"@id":"https:\/\/www.copealcoy.es\/es\/alcoi-va-buscar-la-proteccio-de-sant-maure-i-la-mareta-en-els-greus-terratremols-de-1620\/#primaryimage"},"thumbnailUrl":"https:\/\/www.copealcoy.es\/wp-content\/uploads\/2020\/11\/Mareta-e1670055591445.jpg","datePublished":"2020-11-10T16:41:18+00:00","dateModified":"2022-12-03T08:24:13+00:00","author":{"@id":"https:\/\/www.copealcoy.es\/es\/#\/schema\/person\/e777c87fa024e57d40170af9df39882c"},"breadcrumb":{"@id":"https:\/\/www.copealcoy.es\/es\/alcoi-va-buscar-la-proteccio-de-sant-maure-i-la-mareta-en-els-greus-terratremols-de-1620\/#breadcrumb"},"inLanguage":"es","potentialAction":[{"@type":"ReadAction","target":["https:\/\/www.copealcoy.es\/es\/alcoi-va-buscar-la-proteccio-de-sant-maure-i-la-mareta-en-els-greus-terratremols-de-1620\/"]}]},{"@type":"ImageObject","inLanguage":"es","@id":"https:\/\/www.copealcoy.es\/es\/alcoi-va-buscar-la-proteccio-de-sant-maure-i-la-mareta-en-els-greus-terratremols-de-1620\/#primaryimage","url":"https:\/\/www.copealcoy.es\/wp-content\/uploads\/2020\/11\/Mareta-e1670055591445.jpg","contentUrl":"https:\/\/www.copealcoy.es\/wp-content\/uploads\/2020\/11\/Mareta-e1670055591445.jpg","width":500,"height":284},{"@type":"BreadcrumbList","@id":"https:\/\/www.copealcoy.es\/es\/alcoi-va-buscar-la-proteccio-de-sant-maure-i-la-mareta-en-els-greus-terratremols-de-1620\/#breadcrumb","itemListElement":[{"@type":"ListItem","position":1,"name":"Portada","item":"https:\/\/www.copealcoy.es\/es\/"},{"@type":"ListItem","position":2,"name":"Alcoi va buscar la protecci\u00f3 de Sant Maure i la Mareta en els greus terratr\u00e9mols de 1620"}]},{"@type":"WebSite","@id":"https:\/\/www.copealcoy.es\/es\/#website","url":"https:\/\/www.copealcoy.es\/es\/","name":"COPE Alcoy","description":"Emisora COPE de radio local con emisi\u00f3n online. Pont de Sant Jordi 8-10 03803 Alcoy","potentialAction":[{"@type":"SearchAction","target":{"@type":"EntryPoint","urlTemplate":"https:\/\/www.copealcoy.es\/es\/?s={search_term_string}"},"query-input":{"@type":"PropertyValueSpecification","valueRequired":true,"valueName":"search_term_string"}}],"inLanguage":"es"},{"@type":"Person","@id":"https:\/\/www.copealcoy.es\/es\/#\/schema\/person\/e777c87fa024e57d40170af9df39882c","name":"Cope Alcoy","image":{"@type":"ImageObject","inLanguage":"es","@id":"https:\/\/secure.gravatar.com\/avatar\/bb65d0283347e303893ba14f0692005417c1e0e690a325a4c5d8bb2b3943ee14?s=96&d=mm&r=g","url":"https:\/\/secure.gravatar.com\/avatar\/bb65d0283347e303893ba14f0692005417c1e0e690a325a4c5d8bb2b3943ee14?s=96&d=mm&r=g","contentUrl":"https:\/\/secure.gravatar.com\/avatar\/bb65d0283347e303893ba14f0692005417c1e0e690a325a4c5d8bb2b3943ee14?s=96&d=mm&r=g","caption":"Cope Alcoy"}}]}},"_links":{"self":[{"href":"https:\/\/www.copealcoy.es\/es\/wp-json\/wp\/v2\/posts\/67435","targetHints":{"allow":["GET"]}}],"collection":[{"href":"https:\/\/www.copealcoy.es\/es\/wp-json\/wp\/v2\/posts"}],"about":[{"href":"https:\/\/www.copealcoy.es\/es\/wp-json\/wp\/v2\/types\/post"}],"author":[{"embeddable":true,"href":"https:\/\/www.copealcoy.es\/es\/wp-json\/wp\/v2\/users\/1"}],"replies":[{"embeddable":true,"href":"https:\/\/www.copealcoy.es\/es\/wp-json\/wp\/v2\/comments?post=67435"}],"version-history":[{"count":0,"href":"https:\/\/www.copealcoy.es\/es\/wp-json\/wp\/v2\/posts\/67435\/revisions"}],"wp:featuredmedia":[{"embeddable":true,"href":"https:\/\/www.copealcoy.es\/es\/wp-json\/wp\/v2\/media\/67436"}],"wp:attachment":[{"href":"https:\/\/www.copealcoy.es\/es\/wp-json\/wp\/v2\/media?parent=67435"}],"wp:term":[{"taxonomy":"category","embeddable":true,"href":"https:\/\/www.copealcoy.es\/es\/wp-json\/wp\/v2\/categories?post=67435"},{"taxonomy":"post_tag","embeddable":true,"href":"https:\/\/www.copealcoy.es\/es\/wp-json\/wp\/v2\/tags?post=67435"}],"curies":[{"name":"wp","href":"https:\/\/api.w.org\/{rel}","templated":true}]}}