{"id":67352,"date":"2020-11-09T12:10:24","date_gmt":"2020-11-09T12:10:24","guid":{"rendered":"https:\/\/www.copealcoy.es\/?p=67352"},"modified":"2020-11-09T12:14:02","modified_gmt":"2020-11-09T12:14:02","slug":"alfafara-no-celebrara-les-festes-de-santa-cecilia","status":"publish","type":"post","link":"https:\/\/www.copealcoy.es\/es\/alfafara-no-celebrara-les-festes-de-santa-cecilia\/","title":{"rendered":"Alfafara no celebrar\u00e0 les Festes de Santa Cec\u00edlia"},"content":{"rendered":"<p style=\"text-align: justify;\">Alfafara <strong>ha decidit suspendre les festes patronals de Santa Cec\u00edlia<\/strong> que estaven previstes<strong> per al cap de setmana del 21 i 22 de novembre<\/strong>.<\/p>\n<p style=\"text-align: justify;\">L&#8217;alcalde del municipi, <strong>Toni Cloquell<\/strong>, ha explicat en\u00a0<span class=\"hiddenSpellError\">COPE<\/span>\u00a0<span class=\"hiddenSpellError\">ALCOY<\/span>\u00a0que aquesta decisi\u00f3 <strong>es va adoptar per unanimitat en la darrera sessi\u00f3 plen\u00e0ria de l&#8217;Ajuntament<\/strong> al mateix temps que explica que aquesta ve motivada per<strong> la crisi sanit\u00e0ria de la Covid-19<\/strong>. El primer edil remarca que la complicada situaci\u00f3 sanit\u00e0ria que estem patint <strong>impedeix poder celebrar actes festius al carrer amb total normalitat<\/strong> &#8220;<em>estava clar que no es podrien fer les processons o les cercaviles, per\u00f2 s\u00ed que es mantindran els actes religiosos en honor a Santa Cec\u00edlia dins de l&#8217;esgl\u00e9sia amb totes les mesures de seguretat enfront del Coronavirus. Tamb\u00e9, si l&#8217;evoluci\u00f3 de la pand\u00e8mia ho permet, es portaran endavant diferents activitats culturals<\/em>&#8220;, assenyala.<\/p>\n<p style=\"text-align: justify;\">Recordar que Alfafara,\u00a0igual que la totalitat de poblacions del Comtat i de l&#8217;Alcoi\u00e0, <strong>tampoc va celebrar en agost les festes patronals d&#8217;estiu<\/strong> a causa de la pand\u00e8mia.<\/p>\n<p>Ac\u00ed <strong>pots escoltar<\/strong> a l&#8217;alcalde d&#8217;Alfafara:<\/p>\n<p><iframe loading=\"lazy\" title=\"Poble A Poble 30 D&#039;Octubre 2020-(Alfafara)\" width=\"100%\" height=\"120\" src=\"https:\/\/www.mixcloud.com\/widget\/iframe\/?feed=https%3A%2F%2Fwww.mixcloud.com%2FCOPEAlcoy%2Fpoble-a-poble-30-doctubre-2020-alfafara%2F&amp;hide_cover=1\" frameborder=\"0\"><\/iframe><\/p>\n","protected":false},"excerpt":{"rendered":"<p>Alfafara ha decidit suspendre les festes patronals de Santa Cec\u00edlia que estaven previstes per al cap de setmana del 21&#8230;<\/p>\n","protected":false},"author":1,"featured_media":43058,"comment_status":"open","ping_status":"open","sticky":false,"template":"","format":"standard","meta":{"footnotes":""},"categories":[98,75],"tags":[1660,7850,10244,10245],"class_list":["post-67352","post","type-post","status-publish","format-standard","has-post-thumbnail","hentry","category-comarcas","category-noticias","tag-alfafara","tag-celebracio","tag-festes-santa-cecilia","tag-toni-cloquell"],"yoast_head":"<!-- This site is optimized with the Yoast SEO plugin v27.3 - https:\/\/yoast.com\/product\/yoast-seo-wordpress\/ -->\n<title>Alfafara no celebrar\u00e0 les Festes de Santa Cec\u00edlia - COPE Alcoy<\/title>\n<meta name=\"robots\" content=\"index, follow, max-snippet:-1, max-image-preview:large, max-video-preview:-1\" \/>\n<link rel=\"canonical\" href=\"https:\/\/www.copealcoy.es\/es\/alfafara-no-celebrara-les-festes-de-santa-cecilia\/\" \/>\n<meta property=\"og:locale\" content=\"es_ES\" \/>\n<meta property=\"og:type\" content=\"article\" \/>\n<meta property=\"og:title\" content=\"Alfafara no celebrar\u00e0 les Festes de Santa Cec\u00edlia - COPE Alcoy\" \/>\n<meta property=\"og:description\" content=\"Alfafara ha decidit suspendre les festes patronals de Santa Cec\u00edlia que estaven previstes per al cap de setmana del 21...\" \/>\n<meta property=\"og:url\" content=\"https:\/\/www.copealcoy.es\/es\/alfafara-no-celebrara-les-festes-de-santa-cecilia\/\" \/>\n<meta property=\"og:site_name\" content=\"COPE Alcoy\" \/>\n<meta property=\"article:published_time\" content=\"2020-11-09T12:10:24+00:00\" \/>\n<meta property=\"article:modified_time\" content=\"2020-11-09T12:14:02+00:00\" \/>\n<meta property=\"og:image\" content=\"https:\/\/www.copealcoy.es\/wp-content\/uploads\/2018\/06\/alfafara-644x362.jpg\" \/>\n\t<meta property=\"og:image:width\" content=\"644\" \/>\n\t<meta property=\"og:image:height\" content=\"362\" \/>\n\t<meta property=\"og:image:type\" content=\"image\/jpeg\" \/>\n<meta name=\"author\" content=\"Cope Alcoy\" \/>\n<meta name=\"twitter:label1\" content=\"Escrito por\" \/>\n\t<meta name=\"twitter:data1\" content=\"Cope Alcoy\" \/>\n\t<meta name=\"twitter:label2\" content=\"Tiempo de lectura\" \/>\n\t<meta name=\"twitter:data2\" content=\"1 minuto\" \/>\n<script type=\"application\/ld+json\" class=\"yoast-schema-graph\">{\"@context\":\"https:\\\/\\\/schema.org\",\"@graph\":[{\"@type\":\"Article\",\"@id\":\"https:\\\/\\\/www.copealcoy.es\\\/es\\\/alfafara-no-celebrara-les-festes-de-santa-cecilia\\\/#article\",\"isPartOf\":{\"@id\":\"https:\\\/\\\/www.copealcoy.es\\\/es\\\/alfafara-no-celebrara-les-festes-de-santa-cecilia\\\/\"},\"author\":{\"name\":\"Cope Alcoy\",\"@id\":\"https:\\\/\\\/www.copealcoy.es\\\/es\\\/#\\\/schema\\\/person\\\/e777c87fa024e57d40170af9df39882c\"},\"headline\":\"Alfafara no celebrar\u00e0 les Festes de Santa Cec\u00edlia\",\"datePublished\":\"2020-11-09T12:10:24+00:00\",\"dateModified\":\"2020-11-09T12:14:02+00:00\",\"mainEntityOfPage\":{\"@id\":\"https:\\\/\\\/www.copealcoy.es\\\/es\\\/alfafara-no-celebrara-les-festes-de-santa-cecilia\\\/\"},\"wordCount\":204,\"commentCount\":0,\"image\":{\"@id\":\"https:\\\/\\\/www.copealcoy.es\\\/es\\\/alfafara-no-celebrara-les-festes-de-santa-cecilia\\\/#primaryimage\"},\"thumbnailUrl\":\"https:\\\/\\\/www.copealcoy.es\\\/wp-content\\\/uploads\\\/2018\\\/06\\\/alfafara-644x362.jpg\",\"keywords\":[\"Alfafara\",\"celebraci\u00f3\",\"Festes Santa Cec\u00edlia\",\"Toni Cloquell\"],\"articleSection\":[\"Comarcas\",\"Noticias\"],\"inLanguage\":\"es\"},{\"@type\":\"WebPage\",\"@id\":\"https:\\\/\\\/www.copealcoy.es\\\/es\\\/alfafara-no-celebrara-les-festes-de-santa-cecilia\\\/\",\"url\":\"https:\\\/\\\/www.copealcoy.es\\\/es\\\/alfafara-no-celebrara-les-festes-de-santa-cecilia\\\/\",\"name\":\"Alfafara no celebrar\u00e0 les Festes de Santa Cec\u00edlia - COPE Alcoy\",\"isPartOf\":{\"@id\":\"https:\\\/\\\/www.copealcoy.es\\\/es\\\/#website\"},\"primaryImageOfPage\":{\"@id\":\"https:\\\/\\\/www.copealcoy.es\\\/es\\\/alfafara-no-celebrara-les-festes-de-santa-cecilia\\\/#primaryimage\"},\"image\":{\"@id\":\"https:\\\/\\\/www.copealcoy.es\\\/es\\\/alfafara-no-celebrara-les-festes-de-santa-cecilia\\\/#primaryimage\"},\"thumbnailUrl\":\"https:\\\/\\\/www.copealcoy.es\\\/wp-content\\\/uploads\\\/2018\\\/06\\\/alfafara-644x362.jpg\",\"datePublished\":\"2020-11-09T12:10:24+00:00\",\"dateModified\":\"2020-11-09T12:14:02+00:00\",\"author\":{\"@id\":\"https:\\\/\\\/www.copealcoy.es\\\/es\\\/#\\\/schema\\\/person\\\/e777c87fa024e57d40170af9df39882c\"},\"breadcrumb\":{\"@id\":\"https:\\\/\\\/www.copealcoy.es\\\/es\\\/alfafara-no-celebrara-les-festes-de-santa-cecilia\\\/#breadcrumb\"},\"inLanguage\":\"es\",\"potentialAction\":[{\"@type\":\"ReadAction\",\"target\":[\"https:\\\/\\\/www.copealcoy.es\\\/es\\\/alfafara-no-celebrara-les-festes-de-santa-cecilia\\\/\"]}]},{\"@type\":\"ImageObject\",\"inLanguage\":\"es\",\"@id\":\"https:\\\/\\\/www.copealcoy.es\\\/es\\\/alfafara-no-celebrara-les-festes-de-santa-cecilia\\\/#primaryimage\",\"url\":\"https:\\\/\\\/www.copealcoy.es\\\/wp-content\\\/uploads\\\/2018\\\/06\\\/alfafara-644x362.jpg\",\"contentUrl\":\"https:\\\/\\\/www.copealcoy.es\\\/wp-content\\\/uploads\\\/2018\\\/06\\\/alfafara-644x362.jpg\",\"width\":644,\"height\":362,\"caption\":\"Alfafara es una de las poblaciones integradas en la Mancomunitat\"},{\"@type\":\"BreadcrumbList\",\"@id\":\"https:\\\/\\\/www.copealcoy.es\\\/es\\\/alfafara-no-celebrara-les-festes-de-santa-cecilia\\\/#breadcrumb\",\"itemListElement\":[{\"@type\":\"ListItem\",\"position\":1,\"name\":\"Portada\",\"item\":\"https:\\\/\\\/www.copealcoy.es\\\/es\\\/\"},{\"@type\":\"ListItem\",\"position\":2,\"name\":\"Alfafara no celebrar\u00e0 les Festes de Santa Cec\u00edlia\"}]},{\"@type\":\"WebSite\",\"@id\":\"https:\\\/\\\/www.copealcoy.es\\\/es\\\/#website\",\"url\":\"https:\\\/\\\/www.copealcoy.es\\\/es\\\/\",\"name\":\"COPE Alcoy\",\"description\":\"Emisora COPE de radio local con emisi\u00f3n online. Pont de Sant Jordi 8-10 03803 Alcoy\",\"potentialAction\":[{\"@type\":\"SearchAction\",\"target\":{\"@type\":\"EntryPoint\",\"urlTemplate\":\"https:\\\/\\\/www.copealcoy.es\\\/es\\\/?s={search_term_string}\"},\"query-input\":{\"@type\":\"PropertyValueSpecification\",\"valueRequired\":true,\"valueName\":\"search_term_string\"}}],\"inLanguage\":\"es\"},{\"@type\":\"Person\",\"@id\":\"https:\\\/\\\/www.copealcoy.es\\\/es\\\/#\\\/schema\\\/person\\\/e777c87fa024e57d40170af9df39882c\",\"name\":\"Cope Alcoy\",\"image\":{\"@type\":\"ImageObject\",\"inLanguage\":\"es\",\"@id\":\"https:\\\/\\\/secure.gravatar.com\\\/avatar\\\/bb65d0283347e303893ba14f0692005417c1e0e690a325a4c5d8bb2b3943ee14?s=96&d=mm&r=g\",\"url\":\"https:\\\/\\\/secure.gravatar.com\\\/avatar\\\/bb65d0283347e303893ba14f0692005417c1e0e690a325a4c5d8bb2b3943ee14?s=96&d=mm&r=g\",\"contentUrl\":\"https:\\\/\\\/secure.gravatar.com\\\/avatar\\\/bb65d0283347e303893ba14f0692005417c1e0e690a325a4c5d8bb2b3943ee14?s=96&d=mm&r=g\",\"caption\":\"Cope Alcoy\"}}]}<\/script>\n<!-- \/ Yoast SEO plugin. -->","yoast_head_json":{"title":"Alfafara no celebrar\u00e0 les Festes de Santa Cec\u00edlia - COPE Alcoy","robots":{"index":"index","follow":"follow","max-snippet":"max-snippet:-1","max-image-preview":"max-image-preview:large","max-video-preview":"max-video-preview:-1"},"canonical":"https:\/\/www.copealcoy.es\/es\/alfafara-no-celebrara-les-festes-de-santa-cecilia\/","og_locale":"es_ES","og_type":"article","og_title":"Alfafara no celebrar\u00e0 les Festes de Santa Cec\u00edlia - COPE Alcoy","og_description":"Alfafara ha decidit suspendre les festes patronals de Santa Cec\u00edlia que estaven previstes per al cap de setmana del 21...","og_url":"https:\/\/www.copealcoy.es\/es\/alfafara-no-celebrara-les-festes-de-santa-cecilia\/","og_site_name":"COPE Alcoy","article_published_time":"2020-11-09T12:10:24+00:00","article_modified_time":"2020-11-09T12:14:02+00:00","og_image":[{"width":644,"height":362,"url":"https:\/\/www.copealcoy.es\/wp-content\/uploads\/2018\/06\/alfafara-644x362.jpg","type":"image\/jpeg"}],"author":"Cope Alcoy","twitter_misc":{"Escrito por":"Cope Alcoy","Tiempo de lectura":"1 minuto"},"schema":{"@context":"https:\/\/schema.org","@graph":[{"@type":"Article","@id":"https:\/\/www.copealcoy.es\/es\/alfafara-no-celebrara-les-festes-de-santa-cecilia\/#article","isPartOf":{"@id":"https:\/\/www.copealcoy.es\/es\/alfafara-no-celebrara-les-festes-de-santa-cecilia\/"},"author":{"name":"Cope Alcoy","@id":"https:\/\/www.copealcoy.es\/es\/#\/schema\/person\/e777c87fa024e57d40170af9df39882c"},"headline":"Alfafara no celebrar\u00e0 les Festes de Santa Cec\u00edlia","datePublished":"2020-11-09T12:10:24+00:00","dateModified":"2020-11-09T12:14:02+00:00","mainEntityOfPage":{"@id":"https:\/\/www.copealcoy.es\/es\/alfafara-no-celebrara-les-festes-de-santa-cecilia\/"},"wordCount":204,"commentCount":0,"image":{"@id":"https:\/\/www.copealcoy.es\/es\/alfafara-no-celebrara-les-festes-de-santa-cecilia\/#primaryimage"},"thumbnailUrl":"https:\/\/www.copealcoy.es\/wp-content\/uploads\/2018\/06\/alfafara-644x362.jpg","keywords":["Alfafara","celebraci\u00f3","Festes Santa Cec\u00edlia","Toni Cloquell"],"articleSection":["Comarcas","Noticias"],"inLanguage":"es"},{"@type":"WebPage","@id":"https:\/\/www.copealcoy.es\/es\/alfafara-no-celebrara-les-festes-de-santa-cecilia\/","url":"https:\/\/www.copealcoy.es\/es\/alfafara-no-celebrara-les-festes-de-santa-cecilia\/","name":"Alfafara no celebrar\u00e0 les Festes de Santa Cec\u00edlia - COPE Alcoy","isPartOf":{"@id":"https:\/\/www.copealcoy.es\/es\/#website"},"primaryImageOfPage":{"@id":"https:\/\/www.copealcoy.es\/es\/alfafara-no-celebrara-les-festes-de-santa-cecilia\/#primaryimage"},"image":{"@id":"https:\/\/www.copealcoy.es\/es\/alfafara-no-celebrara-les-festes-de-santa-cecilia\/#primaryimage"},"thumbnailUrl":"https:\/\/www.copealcoy.es\/wp-content\/uploads\/2018\/06\/alfafara-644x362.jpg","datePublished":"2020-11-09T12:10:24+00:00","dateModified":"2020-11-09T12:14:02+00:00","author":{"@id":"https:\/\/www.copealcoy.es\/es\/#\/schema\/person\/e777c87fa024e57d40170af9df39882c"},"breadcrumb":{"@id":"https:\/\/www.copealcoy.es\/es\/alfafara-no-celebrara-les-festes-de-santa-cecilia\/#breadcrumb"},"inLanguage":"es","potentialAction":[{"@type":"ReadAction","target":["https:\/\/www.copealcoy.es\/es\/alfafara-no-celebrara-les-festes-de-santa-cecilia\/"]}]},{"@type":"ImageObject","inLanguage":"es","@id":"https:\/\/www.copealcoy.es\/es\/alfafara-no-celebrara-les-festes-de-santa-cecilia\/#primaryimage","url":"https:\/\/www.copealcoy.es\/wp-content\/uploads\/2018\/06\/alfafara-644x362.jpg","contentUrl":"https:\/\/www.copealcoy.es\/wp-content\/uploads\/2018\/06\/alfafara-644x362.jpg","width":644,"height":362,"caption":"Alfafara es una de las poblaciones integradas en la Mancomunitat"},{"@type":"BreadcrumbList","@id":"https:\/\/www.copealcoy.es\/es\/alfafara-no-celebrara-les-festes-de-santa-cecilia\/#breadcrumb","itemListElement":[{"@type":"ListItem","position":1,"name":"Portada","item":"https:\/\/www.copealcoy.es\/es\/"},{"@type":"ListItem","position":2,"name":"Alfafara no celebrar\u00e0 les Festes de Santa Cec\u00edlia"}]},{"@type":"WebSite","@id":"https:\/\/www.copealcoy.es\/es\/#website","url":"https:\/\/www.copealcoy.es\/es\/","name":"COPE Alcoy","description":"Emisora COPE de radio local con emisi\u00f3n online. Pont de Sant Jordi 8-10 03803 Alcoy","potentialAction":[{"@type":"SearchAction","target":{"@type":"EntryPoint","urlTemplate":"https:\/\/www.copealcoy.es\/es\/?s={search_term_string}"},"query-input":{"@type":"PropertyValueSpecification","valueRequired":true,"valueName":"search_term_string"}}],"inLanguage":"es"},{"@type":"Person","@id":"https:\/\/www.copealcoy.es\/es\/#\/schema\/person\/e777c87fa024e57d40170af9df39882c","name":"Cope Alcoy","image":{"@type":"ImageObject","inLanguage":"es","@id":"https:\/\/secure.gravatar.com\/avatar\/bb65d0283347e303893ba14f0692005417c1e0e690a325a4c5d8bb2b3943ee14?s=96&d=mm&r=g","url":"https:\/\/secure.gravatar.com\/avatar\/bb65d0283347e303893ba14f0692005417c1e0e690a325a4c5d8bb2b3943ee14?s=96&d=mm&r=g","contentUrl":"https:\/\/secure.gravatar.com\/avatar\/bb65d0283347e303893ba14f0692005417c1e0e690a325a4c5d8bb2b3943ee14?s=96&d=mm&r=g","caption":"Cope Alcoy"}}]}},"_links":{"self":[{"href":"https:\/\/www.copealcoy.es\/es\/wp-json\/wp\/v2\/posts\/67352","targetHints":{"allow":["GET"]}}],"collection":[{"href":"https:\/\/www.copealcoy.es\/es\/wp-json\/wp\/v2\/posts"}],"about":[{"href":"https:\/\/www.copealcoy.es\/es\/wp-json\/wp\/v2\/types\/post"}],"author":[{"embeddable":true,"href":"https:\/\/www.copealcoy.es\/es\/wp-json\/wp\/v2\/users\/1"}],"replies":[{"embeddable":true,"href":"https:\/\/www.copealcoy.es\/es\/wp-json\/wp\/v2\/comments?post=67352"}],"version-history":[{"count":0,"href":"https:\/\/www.copealcoy.es\/es\/wp-json\/wp\/v2\/posts\/67352\/revisions"}],"wp:featuredmedia":[{"embeddable":true,"href":"https:\/\/www.copealcoy.es\/es\/wp-json\/wp\/v2\/media\/43058"}],"wp:attachment":[{"href":"https:\/\/www.copealcoy.es\/es\/wp-json\/wp\/v2\/media?parent=67352"}],"wp:term":[{"taxonomy":"category","embeddable":true,"href":"https:\/\/www.copealcoy.es\/es\/wp-json\/wp\/v2\/categories?post=67352"},{"taxonomy":"post_tag","embeddable":true,"href":"https:\/\/www.copealcoy.es\/es\/wp-json\/wp\/v2\/tags?post=67352"}],"curies":[{"name":"wp","href":"https:\/\/api.w.org\/{rel}","templated":true}]}}