{"id":67323,"date":"2020-10-15T18:29:27","date_gmt":"2020-10-15T18:29:27","guid":{"rendered":"https:\/\/www.copealcoy.es\/?p=67323"},"modified":"2020-11-08T19:07:02","modified_gmt":"2020-11-08T19:07:02","slug":"lasj-i-7-filaes-seguiran-jugant-a-cotos","status":"publish","type":"post","link":"https:\/\/www.copealcoy.es\/es\/lasj-i-7-filaes-seguiran-jugant-a-cotos\/","title":{"rendered":"L&#8217;ASJ i 7 filaes seguiran jugant a Cotos"},"content":{"rendered":"<p style=\"text-align: justify;\">Aquest dijous 15 d&#8217;octubre, <strong>es jugaran els quarts de final del Campionat de <span class=\"hiddenSpellError\">Cotos<\/span> del Mig Any Fester d&#8217;Alcoi<\/strong>. La <strong>Junta Directiva de l&#8217;Associaci\u00f3 de Sant Jordi (<span class=\"hiddenSpellError\">ASJ<\/span>)<\/strong> i <strong>7 <span class=\"hiddenSpellError\">filaes<\/span><\/strong> es disputaran els quarts. Es tracta de les formacions <strong><span class=\"hiddenSpellError\">Chano<\/span>, Magenta, Almog\u00e0vers, Llana, <span class=\"hiddenSpellError\">Ligeros<\/span>, Creuats i <span class=\"hiddenSpellError\">Marrakesch<\/span><\/strong>; les quals es jugaran el pas a les semifinals.<\/p>\n<p style=\"text-align: justify;\">Totes les partides <strong>es disputen al Museu Alcoi\u00e0 de la Festa (<span class=\"hiddenSpellError\">MAF<\/span>)<\/strong> i la competici\u00f3 finalitzar\u00e0 la setmana pr\u00f2xima.<\/p>\n","protected":false},"excerpt":{"rendered":"<p>Aquest dijous 15 d&#8217;octubre, es jugaran els quarts de final del Campionat de Cotos del Mig Any Fester d&#8217;Alcoi. La&#8230;<\/p>\n","protected":false},"author":1,"featured_media":67324,"comment_status":"open","ping_status":"open","sticky":false,"template":"","format":"standard","meta":{"footnotes":""},"categories":[97,78,75],"tags":[10241,160,9845,10234,1049],"class_list":["post-67323","post","type-post","status-publish","format-standard","has-post-thumbnail","hentry","category-alcoy","category-fiestaycultura","category-noticias","tag-7-filaes","tag-alcoi","tag-associacio-de-sant-jordi","tag-campionat-de-cotos","tag-maf"],"yoast_head":"<!-- This site is optimized with the Yoast SEO plugin v27.3 - https:\/\/yoast.com\/product\/yoast-seo-wordpress\/ -->\n<title>L&#039;ASJ i 7 filaes seguiran jugant a Cotos - COPE Alcoy<\/title>\n<meta name=\"robots\" content=\"index, follow, max-snippet:-1, max-image-preview:large, max-video-preview:-1\" \/>\n<link rel=\"canonical\" href=\"https:\/\/www.copealcoy.es\/es\/lasj-i-7-filaes-seguiran-jugant-a-cotos\/\" \/>\n<meta property=\"og:locale\" content=\"es_ES\" \/>\n<meta property=\"og:type\" content=\"article\" \/>\n<meta property=\"og:title\" content=\"L&#039;ASJ i 7 filaes seguiran jugant a Cotos - COPE Alcoy\" \/>\n<meta property=\"og:description\" content=\"Aquest dijous 15 d&#8217;octubre, es jugaran els quarts de final del Campionat de Cotos del Mig Any Fester d&#8217;Alcoi. La...\" \/>\n<meta property=\"og:url\" content=\"https:\/\/www.copealcoy.es\/es\/lasj-i-7-filaes-seguiran-jugant-a-cotos\/\" \/>\n<meta property=\"og:site_name\" content=\"COPE Alcoy\" \/>\n<meta property=\"article:published_time\" content=\"2020-10-15T18:29:27+00:00\" \/>\n<meta property=\"article:modified_time\" content=\"2020-11-08T19:07:02+00:00\" \/>\n<meta property=\"og:image\" content=\"https:\/\/www.copealcoy.es\/wp-content\/uploads\/2020\/11\/timThumb.php_-2.png\" \/>\n\t<meta property=\"og:image:width\" content=\"800\" \/>\n\t<meta property=\"og:image:height\" content=\"480\" \/>\n\t<meta property=\"og:image:type\" content=\"image\/png\" \/>\n<meta name=\"author\" content=\"Cope Alcoy\" \/>\n<meta name=\"twitter:label1\" content=\"Escrito por\" \/>\n\t<meta name=\"twitter:data1\" content=\"Cope Alcoy\" \/>\n<script type=\"application\/ld+json\" class=\"yoast-schema-graph\">{\"@context\":\"https:\\\/\\\/schema.org\",\"@graph\":[{\"@type\":\"Article\",\"@id\":\"https:\\\/\\\/www.copealcoy.es\\\/es\\\/lasj-i-7-filaes-seguiran-jugant-a-cotos\\\/#article\",\"isPartOf\":{\"@id\":\"https:\\\/\\\/www.copealcoy.es\\\/es\\\/lasj-i-7-filaes-seguiran-jugant-a-cotos\\\/\"},\"author\":{\"name\":\"Cope Alcoy\",\"@id\":\"https:\\\/\\\/www.copealcoy.es\\\/es\\\/#\\\/schema\\\/person\\\/e777c87fa024e57d40170af9df39882c\"},\"headline\":\"L&#8217;ASJ i 7 filaes seguiran jugant a Cotos\",\"datePublished\":\"2020-10-15T18:29:27+00:00\",\"dateModified\":\"2020-11-08T19:07:02+00:00\",\"mainEntityOfPage\":{\"@id\":\"https:\\\/\\\/www.copealcoy.es\\\/es\\\/lasj-i-7-filaes-seguiran-jugant-a-cotos\\\/\"},\"wordCount\":87,\"commentCount\":0,\"image\":{\"@id\":\"https:\\\/\\\/www.copealcoy.es\\\/es\\\/lasj-i-7-filaes-seguiran-jugant-a-cotos\\\/#primaryimage\"},\"thumbnailUrl\":\"https:\\\/\\\/www.copealcoy.es\\\/wp-content\\\/uploads\\\/2020\\\/11\\\/timThumb.php_-2.png\",\"keywords\":[\"7 filaes\",\"Alcoi\",\"Associaci\u00f3 de Sant Jordi\",\"Campionat de Cotos\",\"MAF\"],\"articleSection\":[\"Alcoy\",\"Fiesta y Cultura\",\"Noticias\"],\"inLanguage\":\"es\"},{\"@type\":\"WebPage\",\"@id\":\"https:\\\/\\\/www.copealcoy.es\\\/es\\\/lasj-i-7-filaes-seguiran-jugant-a-cotos\\\/\",\"url\":\"https:\\\/\\\/www.copealcoy.es\\\/es\\\/lasj-i-7-filaes-seguiran-jugant-a-cotos\\\/\",\"name\":\"L'ASJ i 7 filaes seguiran jugant a Cotos - COPE Alcoy\",\"isPartOf\":{\"@id\":\"https:\\\/\\\/www.copealcoy.es\\\/es\\\/#website\"},\"primaryImageOfPage\":{\"@id\":\"https:\\\/\\\/www.copealcoy.es\\\/es\\\/lasj-i-7-filaes-seguiran-jugant-a-cotos\\\/#primaryimage\"},\"image\":{\"@id\":\"https:\\\/\\\/www.copealcoy.es\\\/es\\\/lasj-i-7-filaes-seguiran-jugant-a-cotos\\\/#primaryimage\"},\"thumbnailUrl\":\"https:\\\/\\\/www.copealcoy.es\\\/wp-content\\\/uploads\\\/2020\\\/11\\\/timThumb.php_-2.png\",\"datePublished\":\"2020-10-15T18:29:27+00:00\",\"dateModified\":\"2020-11-08T19:07:02+00:00\",\"author\":{\"@id\":\"https:\\\/\\\/www.copealcoy.es\\\/es\\\/#\\\/schema\\\/person\\\/e777c87fa024e57d40170af9df39882c\"},\"breadcrumb\":{\"@id\":\"https:\\\/\\\/www.copealcoy.es\\\/es\\\/lasj-i-7-filaes-seguiran-jugant-a-cotos\\\/#breadcrumb\"},\"inLanguage\":\"es\",\"potentialAction\":[{\"@type\":\"ReadAction\",\"target\":[\"https:\\\/\\\/www.copealcoy.es\\\/es\\\/lasj-i-7-filaes-seguiran-jugant-a-cotos\\\/\"]}]},{\"@type\":\"ImageObject\",\"inLanguage\":\"es\",\"@id\":\"https:\\\/\\\/www.copealcoy.es\\\/es\\\/lasj-i-7-filaes-seguiran-jugant-a-cotos\\\/#primaryimage\",\"url\":\"https:\\\/\\\/www.copealcoy.es\\\/wp-content\\\/uploads\\\/2020\\\/11\\\/timThumb.php_-2.png\",\"contentUrl\":\"https:\\\/\\\/www.copealcoy.es\\\/wp-content\\\/uploads\\\/2020\\\/11\\\/timThumb.php_-2.png\",\"width\":800,\"height\":480},{\"@type\":\"BreadcrumbList\",\"@id\":\"https:\\\/\\\/www.copealcoy.es\\\/es\\\/lasj-i-7-filaes-seguiran-jugant-a-cotos\\\/#breadcrumb\",\"itemListElement\":[{\"@type\":\"ListItem\",\"position\":1,\"name\":\"Portada\",\"item\":\"https:\\\/\\\/www.copealcoy.es\\\/es\\\/\"},{\"@type\":\"ListItem\",\"position\":2,\"name\":\"L&#8217;ASJ i 7 filaes seguiran jugant a Cotos\"}]},{\"@type\":\"WebSite\",\"@id\":\"https:\\\/\\\/www.copealcoy.es\\\/es\\\/#website\",\"url\":\"https:\\\/\\\/www.copealcoy.es\\\/es\\\/\",\"name\":\"COPE Alcoy\",\"description\":\"Emisora COPE de radio local con emisi\u00f3n online. Pont de Sant Jordi 8-10 03803 Alcoy\",\"potentialAction\":[{\"@type\":\"SearchAction\",\"target\":{\"@type\":\"EntryPoint\",\"urlTemplate\":\"https:\\\/\\\/www.copealcoy.es\\\/es\\\/?s={search_term_string}\"},\"query-input\":{\"@type\":\"PropertyValueSpecification\",\"valueRequired\":true,\"valueName\":\"search_term_string\"}}],\"inLanguage\":\"es\"},{\"@type\":\"Person\",\"@id\":\"https:\\\/\\\/www.copealcoy.es\\\/es\\\/#\\\/schema\\\/person\\\/e777c87fa024e57d40170af9df39882c\",\"name\":\"Cope Alcoy\",\"image\":{\"@type\":\"ImageObject\",\"inLanguage\":\"es\",\"@id\":\"https:\\\/\\\/secure.gravatar.com\\\/avatar\\\/bb65d0283347e303893ba14f0692005417c1e0e690a325a4c5d8bb2b3943ee14?s=96&d=mm&r=g\",\"url\":\"https:\\\/\\\/secure.gravatar.com\\\/avatar\\\/bb65d0283347e303893ba14f0692005417c1e0e690a325a4c5d8bb2b3943ee14?s=96&d=mm&r=g\",\"contentUrl\":\"https:\\\/\\\/secure.gravatar.com\\\/avatar\\\/bb65d0283347e303893ba14f0692005417c1e0e690a325a4c5d8bb2b3943ee14?s=96&d=mm&r=g\",\"caption\":\"Cope Alcoy\"}}]}<\/script>\n<!-- \/ Yoast SEO plugin. -->","yoast_head_json":{"title":"L'ASJ i 7 filaes seguiran jugant a Cotos - COPE Alcoy","robots":{"index":"index","follow":"follow","max-snippet":"max-snippet:-1","max-image-preview":"max-image-preview:large","max-video-preview":"max-video-preview:-1"},"canonical":"https:\/\/www.copealcoy.es\/es\/lasj-i-7-filaes-seguiran-jugant-a-cotos\/","og_locale":"es_ES","og_type":"article","og_title":"L'ASJ i 7 filaes seguiran jugant a Cotos - COPE Alcoy","og_description":"Aquest dijous 15 d&#8217;octubre, es jugaran els quarts de final del Campionat de Cotos del Mig Any Fester d&#8217;Alcoi. La...","og_url":"https:\/\/www.copealcoy.es\/es\/lasj-i-7-filaes-seguiran-jugant-a-cotos\/","og_site_name":"COPE Alcoy","article_published_time":"2020-10-15T18:29:27+00:00","article_modified_time":"2020-11-08T19:07:02+00:00","og_image":[{"width":800,"height":480,"url":"https:\/\/www.copealcoy.es\/wp-content\/uploads\/2020\/11\/timThumb.php_-2.png","type":"image\/png"}],"author":"Cope Alcoy","twitter_misc":{"Escrito por":"Cope Alcoy"},"schema":{"@context":"https:\/\/schema.org","@graph":[{"@type":"Article","@id":"https:\/\/www.copealcoy.es\/es\/lasj-i-7-filaes-seguiran-jugant-a-cotos\/#article","isPartOf":{"@id":"https:\/\/www.copealcoy.es\/es\/lasj-i-7-filaes-seguiran-jugant-a-cotos\/"},"author":{"name":"Cope Alcoy","@id":"https:\/\/www.copealcoy.es\/es\/#\/schema\/person\/e777c87fa024e57d40170af9df39882c"},"headline":"L&#8217;ASJ i 7 filaes seguiran jugant a Cotos","datePublished":"2020-10-15T18:29:27+00:00","dateModified":"2020-11-08T19:07:02+00:00","mainEntityOfPage":{"@id":"https:\/\/www.copealcoy.es\/es\/lasj-i-7-filaes-seguiran-jugant-a-cotos\/"},"wordCount":87,"commentCount":0,"image":{"@id":"https:\/\/www.copealcoy.es\/es\/lasj-i-7-filaes-seguiran-jugant-a-cotos\/#primaryimage"},"thumbnailUrl":"https:\/\/www.copealcoy.es\/wp-content\/uploads\/2020\/11\/timThumb.php_-2.png","keywords":["7 filaes","Alcoi","Associaci\u00f3 de Sant Jordi","Campionat de Cotos","MAF"],"articleSection":["Alcoy","Fiesta y Cultura","Noticias"],"inLanguage":"es"},{"@type":"WebPage","@id":"https:\/\/www.copealcoy.es\/es\/lasj-i-7-filaes-seguiran-jugant-a-cotos\/","url":"https:\/\/www.copealcoy.es\/es\/lasj-i-7-filaes-seguiran-jugant-a-cotos\/","name":"L'ASJ i 7 filaes seguiran jugant a Cotos - COPE Alcoy","isPartOf":{"@id":"https:\/\/www.copealcoy.es\/es\/#website"},"primaryImageOfPage":{"@id":"https:\/\/www.copealcoy.es\/es\/lasj-i-7-filaes-seguiran-jugant-a-cotos\/#primaryimage"},"image":{"@id":"https:\/\/www.copealcoy.es\/es\/lasj-i-7-filaes-seguiran-jugant-a-cotos\/#primaryimage"},"thumbnailUrl":"https:\/\/www.copealcoy.es\/wp-content\/uploads\/2020\/11\/timThumb.php_-2.png","datePublished":"2020-10-15T18:29:27+00:00","dateModified":"2020-11-08T19:07:02+00:00","author":{"@id":"https:\/\/www.copealcoy.es\/es\/#\/schema\/person\/e777c87fa024e57d40170af9df39882c"},"breadcrumb":{"@id":"https:\/\/www.copealcoy.es\/es\/lasj-i-7-filaes-seguiran-jugant-a-cotos\/#breadcrumb"},"inLanguage":"es","potentialAction":[{"@type":"ReadAction","target":["https:\/\/www.copealcoy.es\/es\/lasj-i-7-filaes-seguiran-jugant-a-cotos\/"]}]},{"@type":"ImageObject","inLanguage":"es","@id":"https:\/\/www.copealcoy.es\/es\/lasj-i-7-filaes-seguiran-jugant-a-cotos\/#primaryimage","url":"https:\/\/www.copealcoy.es\/wp-content\/uploads\/2020\/11\/timThumb.php_-2.png","contentUrl":"https:\/\/www.copealcoy.es\/wp-content\/uploads\/2020\/11\/timThumb.php_-2.png","width":800,"height":480},{"@type":"BreadcrumbList","@id":"https:\/\/www.copealcoy.es\/es\/lasj-i-7-filaes-seguiran-jugant-a-cotos\/#breadcrumb","itemListElement":[{"@type":"ListItem","position":1,"name":"Portada","item":"https:\/\/www.copealcoy.es\/es\/"},{"@type":"ListItem","position":2,"name":"L&#8217;ASJ i 7 filaes seguiran jugant a Cotos"}]},{"@type":"WebSite","@id":"https:\/\/www.copealcoy.es\/es\/#website","url":"https:\/\/www.copealcoy.es\/es\/","name":"COPE Alcoy","description":"Emisora COPE de radio local con emisi\u00f3n online. Pont de Sant Jordi 8-10 03803 Alcoy","potentialAction":[{"@type":"SearchAction","target":{"@type":"EntryPoint","urlTemplate":"https:\/\/www.copealcoy.es\/es\/?s={search_term_string}"},"query-input":{"@type":"PropertyValueSpecification","valueRequired":true,"valueName":"search_term_string"}}],"inLanguage":"es"},{"@type":"Person","@id":"https:\/\/www.copealcoy.es\/es\/#\/schema\/person\/e777c87fa024e57d40170af9df39882c","name":"Cope Alcoy","image":{"@type":"ImageObject","inLanguage":"es","@id":"https:\/\/secure.gravatar.com\/avatar\/bb65d0283347e303893ba14f0692005417c1e0e690a325a4c5d8bb2b3943ee14?s=96&d=mm&r=g","url":"https:\/\/secure.gravatar.com\/avatar\/bb65d0283347e303893ba14f0692005417c1e0e690a325a4c5d8bb2b3943ee14?s=96&d=mm&r=g","contentUrl":"https:\/\/secure.gravatar.com\/avatar\/bb65d0283347e303893ba14f0692005417c1e0e690a325a4c5d8bb2b3943ee14?s=96&d=mm&r=g","caption":"Cope Alcoy"}}]}},"_links":{"self":[{"href":"https:\/\/www.copealcoy.es\/es\/wp-json\/wp\/v2\/posts\/67323","targetHints":{"allow":["GET"]}}],"collection":[{"href":"https:\/\/www.copealcoy.es\/es\/wp-json\/wp\/v2\/posts"}],"about":[{"href":"https:\/\/www.copealcoy.es\/es\/wp-json\/wp\/v2\/types\/post"}],"author":[{"embeddable":true,"href":"https:\/\/www.copealcoy.es\/es\/wp-json\/wp\/v2\/users\/1"}],"replies":[{"embeddable":true,"href":"https:\/\/www.copealcoy.es\/es\/wp-json\/wp\/v2\/comments?post=67323"}],"version-history":[{"count":0,"href":"https:\/\/www.copealcoy.es\/es\/wp-json\/wp\/v2\/posts\/67323\/revisions"}],"wp:featuredmedia":[{"embeddable":true,"href":"https:\/\/www.copealcoy.es\/es\/wp-json\/wp\/v2\/media\/67324"}],"wp:attachment":[{"href":"https:\/\/www.copealcoy.es\/es\/wp-json\/wp\/v2\/media?parent=67323"}],"wp:term":[{"taxonomy":"category","embeddable":true,"href":"https:\/\/www.copealcoy.es\/es\/wp-json\/wp\/v2\/categories?post=67323"},{"taxonomy":"post_tag","embeddable":true,"href":"https:\/\/www.copealcoy.es\/es\/wp-json\/wp\/v2\/tags?post=67323"}],"curies":[{"name":"wp","href":"https:\/\/api.w.org\/{rel}","templated":true}]}}