{"id":67193,"date":"2020-11-05T07:38:00","date_gmt":"2020-11-05T07:38:00","guid":{"rendered":"https:\/\/www.copealcoy.es\/?p=67193"},"modified":"2020-11-05T17:50:22","modified_gmt":"2020-11-05T17:50:22","slug":"un-cartell-simbolic-anuncia-la-inedita-fira-del-2020","status":"publish","type":"post","link":"https:\/\/www.copealcoy.es\/es\/un-cartell-simbolic-anuncia-la-inedita-fira-del-2020\/","title":{"rendered":"Un cartell simb\u00f2lic anuncia la in\u00e8dita Fira del 2020"},"content":{"rendered":"<p style=\"text-align: justify;\">La <strong>crisi sanit\u00e0ria del Coronavirus<\/strong> va obligar a <strong>suspendre el concurs<\/strong> que es convoca anualment a Cocentaina per a<strong> l&#8217;elecci\u00f3 del cartell que anuncia l&#8217;arribada de la Fira de Tots Sants<\/strong>. Malgrat aquesta situaci\u00f3 <strong>l&#8217;organitzaci\u00f3 ha encarregat la realitzaci\u00f3 d&#8217;una pe\u00e7a que deixe const\u00e0ncia d&#8217;aquesta hist\u00f2rica 674 edici\u00f3 del Certamen<\/strong> i per a aix\u00f2 s&#8217;ha comptat amb la implicaci\u00f3 de l&#8217;empresa <strong>Visual Crea Studio<\/strong>.<\/p>\n<p style=\"text-align: justify;\">En el citat cartell <strong>es ressalta el cavall que identifica el logotip de la Fira sobre l&#8217;any 2020<\/strong>, tot aix\u00f2 <strong>combinant els colors blanc i negre<\/strong> &#8220;<em>hem representat aix\u00ed l&#8217;apoderament d&#8217;una celebraci\u00f3 tan \u00fanica com \u00e9s la Fira que no s&#8217;aombra per un any complicat per a tots i totes. Hem volgut que quede reflectit que s\u00ed que hi ha Fira en 2020, que s\u00ed que hi ha un suport decidit a expositors i comer\u00e7 local, aix\u00ed com suporte a la cultura, als artistes i al p\u00fablic en general que podr\u00e0 tindre activitats i productes al seu abast<\/em>&#8220;, remarquen els seus creadors.<\/p>\n<p style=\"text-align: justify;\">Finalment els autors han destacat que<strong> la creaci\u00f3 vol transmetre tamb\u00e9 un missatge de positivisme en un any complicat<\/strong>, marcat per la pand\u00e8mia, en el qual <strong>s&#8217;ha fet un gran esfor\u00e7<\/strong> per a realitzar la Fira.<\/p>\n","protected":false},"excerpt":{"rendered":"<p>La crisi sanit\u00e0ria del Coronavirus va obligar a suspendre el concurs que es convoca anualment a Cocentaina per a l&#8217;elecci\u00f3&#8230;<\/p>\n","protected":false},"author":1,"featured_media":66006,"comment_status":"open","ping_status":"open","sticky":false,"template":"","format":"standard","meta":{"footnotes":""},"categories":[98,75],"tags":[9821,132,635,10209],"class_list":["post-67193","post","type-post","status-publish","format-standard","has-post-thumbnail","hentry","category-comarcas","category-noticias","tag-cartell","tag-cocentaina","tag-fira-de-tots-sants","tag-visual-crea-studio"],"yoast_head":"<!-- This site is optimized with the Yoast SEO plugin v27.3 - https:\/\/yoast.com\/product\/yoast-seo-wordpress\/ -->\n<title>Un cartell simb\u00f2lic anuncia la in\u00e8dita Fira del 2020 - COPE Alcoy<\/title>\n<meta name=\"robots\" content=\"index, follow, max-snippet:-1, max-image-preview:large, max-video-preview:-1\" \/>\n<link rel=\"canonical\" href=\"https:\/\/www.copealcoy.es\/es\/un-cartell-simbolic-anuncia-la-inedita-fira-del-2020\/\" \/>\n<meta property=\"og:locale\" content=\"es_ES\" \/>\n<meta property=\"og:type\" content=\"article\" \/>\n<meta property=\"og:title\" content=\"Un cartell simb\u00f2lic anuncia la in\u00e8dita Fira del 2020 - COPE Alcoy\" \/>\n<meta property=\"og:description\" content=\"La crisi sanit\u00e0ria del Coronavirus va obligar a suspendre el concurs que es convoca anualment a Cocentaina per a l&#8217;elecci\u00f3...\" \/>\n<meta property=\"og:url\" content=\"https:\/\/www.copealcoy.es\/es\/un-cartell-simbolic-anuncia-la-inedita-fira-del-2020\/\" \/>\n<meta property=\"og:site_name\" content=\"COPE Alcoy\" \/>\n<meta property=\"article:published_time\" content=\"2020-11-05T07:38:00+00:00\" \/>\n<meta property=\"article:modified_time\" content=\"2020-11-05T17:50:22+00:00\" \/>\n<meta property=\"og:image\" content=\"https:\/\/www.copealcoy.es\/wp-content\/uploads\/2020\/10\/4-La-alcaldesa-y-la-concejala-de-Fira-junto-al-cartel-de-la-Fira-2020-Foto-Gabriel-Pascual-scaled.jpg\" \/>\n\t<meta property=\"og:image:width\" content=\"2560\" \/>\n\t<meta property=\"og:image:height\" content=\"1920\" \/>\n\t<meta property=\"og:image:type\" content=\"image\/jpeg\" \/>\n<meta name=\"author\" content=\"Cope Alcoy\" \/>\n<meta name=\"twitter:label1\" content=\"Escrito por\" \/>\n\t<meta name=\"twitter:data1\" content=\"Cope Alcoy\" \/>\n\t<meta name=\"twitter:label2\" content=\"Tiempo de lectura\" \/>\n\t<meta name=\"twitter:data2\" content=\"1 minuto\" \/>\n<script type=\"application\/ld+json\" class=\"yoast-schema-graph\">{\"@context\":\"https:\\\/\\\/schema.org\",\"@graph\":[{\"@type\":\"Article\",\"@id\":\"https:\\\/\\\/www.copealcoy.es\\\/es\\\/un-cartell-simbolic-anuncia-la-inedita-fira-del-2020\\\/#article\",\"isPartOf\":{\"@id\":\"https:\\\/\\\/www.copealcoy.es\\\/es\\\/un-cartell-simbolic-anuncia-la-inedita-fira-del-2020\\\/\"},\"author\":{\"name\":\"Cope Alcoy\",\"@id\":\"https:\\\/\\\/www.copealcoy.es\\\/es\\\/#\\\/schema\\\/person\\\/e777c87fa024e57d40170af9df39882c\"},\"headline\":\"Un cartell simb\u00f2lic anuncia la in\u00e8dita Fira del 2020\",\"datePublished\":\"2020-11-05T07:38:00+00:00\",\"dateModified\":\"2020-11-05T17:50:22+00:00\",\"mainEntityOfPage\":{\"@id\":\"https:\\\/\\\/www.copealcoy.es\\\/es\\\/un-cartell-simbolic-anuncia-la-inedita-fira-del-2020\\\/\"},\"wordCount\":227,\"commentCount\":0,\"image\":{\"@id\":\"https:\\\/\\\/www.copealcoy.es\\\/es\\\/un-cartell-simbolic-anuncia-la-inedita-fira-del-2020\\\/#primaryimage\"},\"thumbnailUrl\":\"https:\\\/\\\/www.copealcoy.es\\\/wp-content\\\/uploads\\\/2020\\\/10\\\/4-La-alcaldesa-y-la-concejala-de-Fira-junto-al-cartel-de-la-Fira-2020-Foto-Gabriel-Pascual-scaled.jpg\",\"keywords\":[\"Cartell\",\"Cocentaina\",\"Fira de Tots Sants\",\"Visual Crea Studio\"],\"articleSection\":[\"Comarcas\",\"Noticias\"],\"inLanguage\":\"es\"},{\"@type\":\"WebPage\",\"@id\":\"https:\\\/\\\/www.copealcoy.es\\\/es\\\/un-cartell-simbolic-anuncia-la-inedita-fira-del-2020\\\/\",\"url\":\"https:\\\/\\\/www.copealcoy.es\\\/es\\\/un-cartell-simbolic-anuncia-la-inedita-fira-del-2020\\\/\",\"name\":\"Un cartell simb\u00f2lic anuncia la in\u00e8dita Fira del 2020 - COPE Alcoy\",\"isPartOf\":{\"@id\":\"https:\\\/\\\/www.copealcoy.es\\\/es\\\/#website\"},\"primaryImageOfPage\":{\"@id\":\"https:\\\/\\\/www.copealcoy.es\\\/es\\\/un-cartell-simbolic-anuncia-la-inedita-fira-del-2020\\\/#primaryimage\"},\"image\":{\"@id\":\"https:\\\/\\\/www.copealcoy.es\\\/es\\\/un-cartell-simbolic-anuncia-la-inedita-fira-del-2020\\\/#primaryimage\"},\"thumbnailUrl\":\"https:\\\/\\\/www.copealcoy.es\\\/wp-content\\\/uploads\\\/2020\\\/10\\\/4-La-alcaldesa-y-la-concejala-de-Fira-junto-al-cartel-de-la-Fira-2020-Foto-Gabriel-Pascual-scaled.jpg\",\"datePublished\":\"2020-11-05T07:38:00+00:00\",\"dateModified\":\"2020-11-05T17:50:22+00:00\",\"author\":{\"@id\":\"https:\\\/\\\/www.copealcoy.es\\\/es\\\/#\\\/schema\\\/person\\\/e777c87fa024e57d40170af9df39882c\"},\"breadcrumb\":{\"@id\":\"https:\\\/\\\/www.copealcoy.es\\\/es\\\/un-cartell-simbolic-anuncia-la-inedita-fira-del-2020\\\/#breadcrumb\"},\"inLanguage\":\"es\",\"potentialAction\":[{\"@type\":\"ReadAction\",\"target\":[\"https:\\\/\\\/www.copealcoy.es\\\/es\\\/un-cartell-simbolic-anuncia-la-inedita-fira-del-2020\\\/\"]}]},{\"@type\":\"ImageObject\",\"inLanguage\":\"es\",\"@id\":\"https:\\\/\\\/www.copealcoy.es\\\/es\\\/un-cartell-simbolic-anuncia-la-inedita-fira-del-2020\\\/#primaryimage\",\"url\":\"https:\\\/\\\/www.copealcoy.es\\\/wp-content\\\/uploads\\\/2020\\\/10\\\/4-La-alcaldesa-y-la-concejala-de-Fira-junto-al-cartel-de-la-Fira-2020-Foto-Gabriel-Pascual-scaled.jpg\",\"contentUrl\":\"https:\\\/\\\/www.copealcoy.es\\\/wp-content\\\/uploads\\\/2020\\\/10\\\/4-La-alcaldesa-y-la-concejala-de-Fira-junto-al-cartel-de-la-Fira-2020-Foto-Gabriel-Pascual-scaled.jpg\",\"width\":2560,\"height\":1920,\"caption\":\"L' alcaldessa i la regidora de Fira davant el cartell de la Fira 2020\"},{\"@type\":\"BreadcrumbList\",\"@id\":\"https:\\\/\\\/www.copealcoy.es\\\/es\\\/un-cartell-simbolic-anuncia-la-inedita-fira-del-2020\\\/#breadcrumb\",\"itemListElement\":[{\"@type\":\"ListItem\",\"position\":1,\"name\":\"Portada\",\"item\":\"https:\\\/\\\/www.copealcoy.es\\\/es\\\/\"},{\"@type\":\"ListItem\",\"position\":2,\"name\":\"Un cartell simb\u00f2lic anuncia la in\u00e8dita Fira del 2020\"}]},{\"@type\":\"WebSite\",\"@id\":\"https:\\\/\\\/www.copealcoy.es\\\/es\\\/#website\",\"url\":\"https:\\\/\\\/www.copealcoy.es\\\/es\\\/\",\"name\":\"COPE Alcoy\",\"description\":\"Emisora COPE de radio local con emisi\u00f3n online. Pont de Sant Jordi 8-10 03803 Alcoy\",\"potentialAction\":[{\"@type\":\"SearchAction\",\"target\":{\"@type\":\"EntryPoint\",\"urlTemplate\":\"https:\\\/\\\/www.copealcoy.es\\\/es\\\/?s={search_term_string}\"},\"query-input\":{\"@type\":\"PropertyValueSpecification\",\"valueRequired\":true,\"valueName\":\"search_term_string\"}}],\"inLanguage\":\"es\"},{\"@type\":\"Person\",\"@id\":\"https:\\\/\\\/www.copealcoy.es\\\/es\\\/#\\\/schema\\\/person\\\/e777c87fa024e57d40170af9df39882c\",\"name\":\"Cope Alcoy\",\"image\":{\"@type\":\"ImageObject\",\"inLanguage\":\"es\",\"@id\":\"https:\\\/\\\/secure.gravatar.com\\\/avatar\\\/bb65d0283347e303893ba14f0692005417c1e0e690a325a4c5d8bb2b3943ee14?s=96&d=mm&r=g\",\"url\":\"https:\\\/\\\/secure.gravatar.com\\\/avatar\\\/bb65d0283347e303893ba14f0692005417c1e0e690a325a4c5d8bb2b3943ee14?s=96&d=mm&r=g\",\"contentUrl\":\"https:\\\/\\\/secure.gravatar.com\\\/avatar\\\/bb65d0283347e303893ba14f0692005417c1e0e690a325a4c5d8bb2b3943ee14?s=96&d=mm&r=g\",\"caption\":\"Cope Alcoy\"}}]}<\/script>\n<!-- \/ Yoast SEO plugin. -->","yoast_head_json":{"title":"Un cartell simb\u00f2lic anuncia la in\u00e8dita Fira del 2020 - COPE Alcoy","robots":{"index":"index","follow":"follow","max-snippet":"max-snippet:-1","max-image-preview":"max-image-preview:large","max-video-preview":"max-video-preview:-1"},"canonical":"https:\/\/www.copealcoy.es\/es\/un-cartell-simbolic-anuncia-la-inedita-fira-del-2020\/","og_locale":"es_ES","og_type":"article","og_title":"Un cartell simb\u00f2lic anuncia la in\u00e8dita Fira del 2020 - COPE Alcoy","og_description":"La crisi sanit\u00e0ria del Coronavirus va obligar a suspendre el concurs que es convoca anualment a Cocentaina per a l&#8217;elecci\u00f3...","og_url":"https:\/\/www.copealcoy.es\/es\/un-cartell-simbolic-anuncia-la-inedita-fira-del-2020\/","og_site_name":"COPE Alcoy","article_published_time":"2020-11-05T07:38:00+00:00","article_modified_time":"2020-11-05T17:50:22+00:00","og_image":[{"width":2560,"height":1920,"url":"https:\/\/www.copealcoy.es\/wp-content\/uploads\/2020\/10\/4-La-alcaldesa-y-la-concejala-de-Fira-junto-al-cartel-de-la-Fira-2020-Foto-Gabriel-Pascual-scaled.jpg","type":"image\/jpeg"}],"author":"Cope Alcoy","twitter_misc":{"Escrito por":"Cope Alcoy","Tiempo de lectura":"1 minuto"},"schema":{"@context":"https:\/\/schema.org","@graph":[{"@type":"Article","@id":"https:\/\/www.copealcoy.es\/es\/un-cartell-simbolic-anuncia-la-inedita-fira-del-2020\/#article","isPartOf":{"@id":"https:\/\/www.copealcoy.es\/es\/un-cartell-simbolic-anuncia-la-inedita-fira-del-2020\/"},"author":{"name":"Cope Alcoy","@id":"https:\/\/www.copealcoy.es\/es\/#\/schema\/person\/e777c87fa024e57d40170af9df39882c"},"headline":"Un cartell simb\u00f2lic anuncia la in\u00e8dita Fira del 2020","datePublished":"2020-11-05T07:38:00+00:00","dateModified":"2020-11-05T17:50:22+00:00","mainEntityOfPage":{"@id":"https:\/\/www.copealcoy.es\/es\/un-cartell-simbolic-anuncia-la-inedita-fira-del-2020\/"},"wordCount":227,"commentCount":0,"image":{"@id":"https:\/\/www.copealcoy.es\/es\/un-cartell-simbolic-anuncia-la-inedita-fira-del-2020\/#primaryimage"},"thumbnailUrl":"https:\/\/www.copealcoy.es\/wp-content\/uploads\/2020\/10\/4-La-alcaldesa-y-la-concejala-de-Fira-junto-al-cartel-de-la-Fira-2020-Foto-Gabriel-Pascual-scaled.jpg","keywords":["Cartell","Cocentaina","Fira de Tots Sants","Visual Crea Studio"],"articleSection":["Comarcas","Noticias"],"inLanguage":"es"},{"@type":"WebPage","@id":"https:\/\/www.copealcoy.es\/es\/un-cartell-simbolic-anuncia-la-inedita-fira-del-2020\/","url":"https:\/\/www.copealcoy.es\/es\/un-cartell-simbolic-anuncia-la-inedita-fira-del-2020\/","name":"Un cartell simb\u00f2lic anuncia la in\u00e8dita Fira del 2020 - COPE Alcoy","isPartOf":{"@id":"https:\/\/www.copealcoy.es\/es\/#website"},"primaryImageOfPage":{"@id":"https:\/\/www.copealcoy.es\/es\/un-cartell-simbolic-anuncia-la-inedita-fira-del-2020\/#primaryimage"},"image":{"@id":"https:\/\/www.copealcoy.es\/es\/un-cartell-simbolic-anuncia-la-inedita-fira-del-2020\/#primaryimage"},"thumbnailUrl":"https:\/\/www.copealcoy.es\/wp-content\/uploads\/2020\/10\/4-La-alcaldesa-y-la-concejala-de-Fira-junto-al-cartel-de-la-Fira-2020-Foto-Gabriel-Pascual-scaled.jpg","datePublished":"2020-11-05T07:38:00+00:00","dateModified":"2020-11-05T17:50:22+00:00","author":{"@id":"https:\/\/www.copealcoy.es\/es\/#\/schema\/person\/e777c87fa024e57d40170af9df39882c"},"breadcrumb":{"@id":"https:\/\/www.copealcoy.es\/es\/un-cartell-simbolic-anuncia-la-inedita-fira-del-2020\/#breadcrumb"},"inLanguage":"es","potentialAction":[{"@type":"ReadAction","target":["https:\/\/www.copealcoy.es\/es\/un-cartell-simbolic-anuncia-la-inedita-fira-del-2020\/"]}]},{"@type":"ImageObject","inLanguage":"es","@id":"https:\/\/www.copealcoy.es\/es\/un-cartell-simbolic-anuncia-la-inedita-fira-del-2020\/#primaryimage","url":"https:\/\/www.copealcoy.es\/wp-content\/uploads\/2020\/10\/4-La-alcaldesa-y-la-concejala-de-Fira-junto-al-cartel-de-la-Fira-2020-Foto-Gabriel-Pascual-scaled.jpg","contentUrl":"https:\/\/www.copealcoy.es\/wp-content\/uploads\/2020\/10\/4-La-alcaldesa-y-la-concejala-de-Fira-junto-al-cartel-de-la-Fira-2020-Foto-Gabriel-Pascual-scaled.jpg","width":2560,"height":1920,"caption":"L' alcaldessa i la regidora de Fira davant el cartell de la Fira 2020"},{"@type":"BreadcrumbList","@id":"https:\/\/www.copealcoy.es\/es\/un-cartell-simbolic-anuncia-la-inedita-fira-del-2020\/#breadcrumb","itemListElement":[{"@type":"ListItem","position":1,"name":"Portada","item":"https:\/\/www.copealcoy.es\/es\/"},{"@type":"ListItem","position":2,"name":"Un cartell simb\u00f2lic anuncia la in\u00e8dita Fira del 2020"}]},{"@type":"WebSite","@id":"https:\/\/www.copealcoy.es\/es\/#website","url":"https:\/\/www.copealcoy.es\/es\/","name":"COPE Alcoy","description":"Emisora COPE de radio local con emisi\u00f3n online. Pont de Sant Jordi 8-10 03803 Alcoy","potentialAction":[{"@type":"SearchAction","target":{"@type":"EntryPoint","urlTemplate":"https:\/\/www.copealcoy.es\/es\/?s={search_term_string}"},"query-input":{"@type":"PropertyValueSpecification","valueRequired":true,"valueName":"search_term_string"}}],"inLanguage":"es"},{"@type":"Person","@id":"https:\/\/www.copealcoy.es\/es\/#\/schema\/person\/e777c87fa024e57d40170af9df39882c","name":"Cope Alcoy","image":{"@type":"ImageObject","inLanguage":"es","@id":"https:\/\/secure.gravatar.com\/avatar\/bb65d0283347e303893ba14f0692005417c1e0e690a325a4c5d8bb2b3943ee14?s=96&d=mm&r=g","url":"https:\/\/secure.gravatar.com\/avatar\/bb65d0283347e303893ba14f0692005417c1e0e690a325a4c5d8bb2b3943ee14?s=96&d=mm&r=g","contentUrl":"https:\/\/secure.gravatar.com\/avatar\/bb65d0283347e303893ba14f0692005417c1e0e690a325a4c5d8bb2b3943ee14?s=96&d=mm&r=g","caption":"Cope Alcoy"}}]}},"_links":{"self":[{"href":"https:\/\/www.copealcoy.es\/es\/wp-json\/wp\/v2\/posts\/67193","targetHints":{"allow":["GET"]}}],"collection":[{"href":"https:\/\/www.copealcoy.es\/es\/wp-json\/wp\/v2\/posts"}],"about":[{"href":"https:\/\/www.copealcoy.es\/es\/wp-json\/wp\/v2\/types\/post"}],"author":[{"embeddable":true,"href":"https:\/\/www.copealcoy.es\/es\/wp-json\/wp\/v2\/users\/1"}],"replies":[{"embeddable":true,"href":"https:\/\/www.copealcoy.es\/es\/wp-json\/wp\/v2\/comments?post=67193"}],"version-history":[{"count":0,"href":"https:\/\/www.copealcoy.es\/es\/wp-json\/wp\/v2\/posts\/67193\/revisions"}],"wp:featuredmedia":[{"embeddable":true,"href":"https:\/\/www.copealcoy.es\/es\/wp-json\/wp\/v2\/media\/66006"}],"wp:attachment":[{"href":"https:\/\/www.copealcoy.es\/es\/wp-json\/wp\/v2\/media?parent=67193"}],"wp:term":[{"taxonomy":"category","embeddable":true,"href":"https:\/\/www.copealcoy.es\/es\/wp-json\/wp\/v2\/categories?post=67193"},{"taxonomy":"post_tag","embeddable":true,"href":"https:\/\/www.copealcoy.es\/es\/wp-json\/wp\/v2\/tags?post=67193"}],"curies":[{"name":"wp","href":"https:\/\/api.w.org\/{rel}","templated":true}]}}