{"id":66895,"date":"2020-10-28T10:57:40","date_gmt":"2020-10-28T10:57:40","guid":{"rendered":"https:\/\/www.copealcoy.es\/?p=66895"},"modified":"2020-10-28T11:55:46","modified_gmt":"2020-10-28T11:55:46","slug":"guanyar-reclama-politiques-coherents-en-materia-de-mobilitat","status":"publish","type":"post","link":"https:\/\/www.copealcoy.es\/es\/guanyar-reclama-politiques-coherents-en-materia-de-mobilitat\/","title":{"rendered":"Guanyar reclama pol\u00edtiques coherents en mat\u00e8ria de mobilitat"},"content":{"rendered":"<p style=\"text-align: justify;\">Guanyar Alcoi <strong>q\u00fcestiona el projecte anunciat pel Govern Municipal del PSOE fa uns dies<\/strong> i en el qual es preveu <strong>la creaci\u00f3 de noves places d&#8217;aparcament<\/strong> en el Centre de la ciutat.<\/p>\n<p style=\"text-align: justify;\">La formaci\u00f3 pol\u00edtica diu que aquesta mesura <strong>contradiu la iniciativa de convertir en zona de vianants el Centre<\/strong> i assegura que <strong>els socialistes no tenen en compte les necessitats dels ve\u00efns de la barriada<\/strong> a l&#8217;hora de planificar nous aparcaments. Per a la plataforma municipalista <strong>cal<\/strong> <strong>fer pol\u00edtiques respectuoses amb el medi ambient<\/strong> i amb la salut present i futura de les alcoianes i alcoians. Per aquest motiu, afirmen,\u00a0 cal evitar que <strong>els ciutadans necessiten el cotxe per a moure&#8217;s per la ciutat<\/strong> <span class=\"hiddenGrammarError\">&#8220;<\/span><em>es tracta de construir aparcaments dissuasius de veritat, \u00e9s a dir, fora de la ciutat o de les zones c\u00e8ntriques, no de construir m\u00e9s aparcaments que atrauran m\u00e9s tr\u00e0nsit cap a ells i introduiran m\u00e9s cotxes en el circuit no restringit. Ampliar el servei de transport p\u00fablic i facilitar que la ciutadania es puga moure de veritat a tots els llocs que necessita en bus o mobilitats sostenibles. \u00c9s reconvertir els solars de cases que han caigut en llocs per a les persones, b\u00e9 en cases noves, b\u00e9 en espais de conviv\u00e8ncia i trobada, no en magatzems de cotxes. Assistim a les mesures del govern de Toni Franc\u00e9s amb desolaci\u00f3: no saben qu\u00e8 estan fent, no els interessa el que estan fent i acaben fent pol\u00edtiques que perfectament podrien defensar-se des de la dreta. I mentrestant Alcoi perd possibilitats de tornar a ser una ciutat que ofereix oportunitats als seus habitants<\/em>&#8221; afirma el regidor de Guanyar Alcoi; <strong>Pablo Gonz\u00e1lez<\/strong>.<\/p>\n<p style=\"text-align: justify;\">Per \u00faltim des de Guanyar Alcoi\u00a0<strong>qualifiquen\u00a0de &#8220;desprop\u00f2sit&#8221;<\/strong> el projecte que t\u00e9 el Partit Socialista de Toni Franc\u00e9s per a la nostra ciutat.<\/p>\n","protected":false},"excerpt":{"rendered":"<p>Guanyar Alcoi q\u00fcestiona el projecte anunciat pel Govern Municipal del PSOE fa uns dies i en el qual es preveu&#8230;<\/p>\n","protected":false},"author":1,"featured_media":58629,"comment_status":"open","ping_status":"open","sticky":false,"template":"","format":"standard","meta":{"footnotes":""},"categories":[97,75,79],"tags":[1325,9800,9192,10150],"class_list":["post-66895","post","type-post","status-publish","format-standard","has-post-thumbnail","hentry","category-alcoy","category-noticias","category-politicayeconomia","tag-guanyar-alcoi","tag-mobilitat","tag-pablo-gonzalez","tag-politiques-coherents"],"yoast_head":"<!-- This site is optimized with the Yoast SEO plugin v27.3 - https:\/\/yoast.com\/product\/yoast-seo-wordpress\/ -->\n<title>Guanyar reclama pol\u00edtiques coherents en mat\u00e8ria de mobilitat - COPE Alcoy<\/title>\n<meta name=\"robots\" content=\"index, follow, max-snippet:-1, max-image-preview:large, max-video-preview:-1\" \/>\n<link rel=\"canonical\" href=\"https:\/\/www.copealcoy.es\/es\/guanyar-reclama-politiques-coherents-en-materia-de-mobilitat\/\" \/>\n<meta property=\"og:locale\" content=\"es_ES\" \/>\n<meta property=\"og:type\" content=\"article\" \/>\n<meta property=\"og:title\" content=\"Guanyar reclama pol\u00edtiques coherents en mat\u00e8ria de mobilitat - COPE Alcoy\" \/>\n<meta property=\"og:description\" content=\"Guanyar Alcoi q\u00fcestiona el projecte anunciat pel Govern Municipal del PSOE fa uns dies i en el qual es preveu...\" \/>\n<meta property=\"og:url\" content=\"https:\/\/www.copealcoy.es\/es\/guanyar-reclama-politiques-coherents-en-materia-de-mobilitat\/\" \/>\n<meta property=\"og:site_name\" content=\"COPE Alcoy\" \/>\n<meta property=\"article:published_time\" content=\"2020-10-28T10:57:40+00:00\" \/>\n<meta property=\"article:modified_time\" content=\"2020-10-28T11:55:46+00:00\" \/>\n<meta property=\"og:image\" content=\"https:\/\/www.copealcoy.es\/wp-content\/uploads\/2020\/01\/MICROBUS2-e1578496572192-1-scaled.jpg\" \/>\n\t<meta property=\"og:image:width\" content=\"2560\" \/>\n\t<meta property=\"og:image:height\" content=\"1527\" \/>\n\t<meta property=\"og:image:type\" content=\"image\/jpeg\" \/>\n<meta name=\"author\" content=\"Cope Alcoy\" \/>\n<meta name=\"twitter:label1\" content=\"Escrito por\" \/>\n\t<meta name=\"twitter:data1\" content=\"Cope Alcoy\" \/>\n\t<meta name=\"twitter:label2\" content=\"Tiempo de lectura\" \/>\n\t<meta name=\"twitter:data2\" content=\"2 minutos\" \/>\n<script type=\"application\/ld+json\" class=\"yoast-schema-graph\">{\"@context\":\"https:\\\/\\\/schema.org\",\"@graph\":[{\"@type\":\"Article\",\"@id\":\"https:\\\/\\\/www.copealcoy.es\\\/es\\\/guanyar-reclama-politiques-coherents-en-materia-de-mobilitat\\\/#article\",\"isPartOf\":{\"@id\":\"https:\\\/\\\/www.copealcoy.es\\\/es\\\/guanyar-reclama-politiques-coherents-en-materia-de-mobilitat\\\/\"},\"author\":{\"name\":\"Cope Alcoy\",\"@id\":\"https:\\\/\\\/www.copealcoy.es\\\/es\\\/#\\\/schema\\\/person\\\/e777c87fa024e57d40170af9df39882c\"},\"headline\":\"Guanyar reclama pol\u00edtiques coherents en mat\u00e8ria de mobilitat\",\"datePublished\":\"2020-10-28T10:57:40+00:00\",\"dateModified\":\"2020-10-28T11:55:46+00:00\",\"mainEntityOfPage\":{\"@id\":\"https:\\\/\\\/www.copealcoy.es\\\/es\\\/guanyar-reclama-politiques-coherents-en-materia-de-mobilitat\\\/\"},\"wordCount\":327,\"commentCount\":0,\"image\":{\"@id\":\"https:\\\/\\\/www.copealcoy.es\\\/es\\\/guanyar-reclama-politiques-coherents-en-materia-de-mobilitat\\\/#primaryimage\"},\"thumbnailUrl\":\"https:\\\/\\\/www.copealcoy.es\\\/wp-content\\\/uploads\\\/2020\\\/01\\\/MICROBUS2-e1578496572192-1-scaled.jpg\",\"keywords\":[\"Guanyar Alcoi\",\"mobilitat\",\"Pablo Gonz\u00e1lez\",\"pol\u00edtiques coherents\"],\"articleSection\":[\"Alcoy\",\"Noticias\",\"Pol\u00edtica y Econom\u00eda\"],\"inLanguage\":\"es\"},{\"@type\":\"WebPage\",\"@id\":\"https:\\\/\\\/www.copealcoy.es\\\/es\\\/guanyar-reclama-politiques-coherents-en-materia-de-mobilitat\\\/\",\"url\":\"https:\\\/\\\/www.copealcoy.es\\\/es\\\/guanyar-reclama-politiques-coherents-en-materia-de-mobilitat\\\/\",\"name\":\"Guanyar reclama pol\u00edtiques coherents en mat\u00e8ria de mobilitat - COPE Alcoy\",\"isPartOf\":{\"@id\":\"https:\\\/\\\/www.copealcoy.es\\\/es\\\/#website\"},\"primaryImageOfPage\":{\"@id\":\"https:\\\/\\\/www.copealcoy.es\\\/es\\\/guanyar-reclama-politiques-coherents-en-materia-de-mobilitat\\\/#primaryimage\"},\"image\":{\"@id\":\"https:\\\/\\\/www.copealcoy.es\\\/es\\\/guanyar-reclama-politiques-coherents-en-materia-de-mobilitat\\\/#primaryimage\"},\"thumbnailUrl\":\"https:\\\/\\\/www.copealcoy.es\\\/wp-content\\\/uploads\\\/2020\\\/01\\\/MICROBUS2-e1578496572192-1-scaled.jpg\",\"datePublished\":\"2020-10-28T10:57:40+00:00\",\"dateModified\":\"2020-10-28T11:55:46+00:00\",\"author\":{\"@id\":\"https:\\\/\\\/www.copealcoy.es\\\/es\\\/#\\\/schema\\\/person\\\/e777c87fa024e57d40170af9df39882c\"},\"breadcrumb\":{\"@id\":\"https:\\\/\\\/www.copealcoy.es\\\/es\\\/guanyar-reclama-politiques-coherents-en-materia-de-mobilitat\\\/#breadcrumb\"},\"inLanguage\":\"es\",\"potentialAction\":[{\"@type\":\"ReadAction\",\"target\":[\"https:\\\/\\\/www.copealcoy.es\\\/es\\\/guanyar-reclama-politiques-coherents-en-materia-de-mobilitat\\\/\"]}]},{\"@type\":\"ImageObject\",\"inLanguage\":\"es\",\"@id\":\"https:\\\/\\\/www.copealcoy.es\\\/es\\\/guanyar-reclama-politiques-coherents-en-materia-de-mobilitat\\\/#primaryimage\",\"url\":\"https:\\\/\\\/www.copealcoy.es\\\/wp-content\\\/uploads\\\/2020\\\/01\\\/MICROBUS2-e1578496572192-1-scaled.jpg\",\"contentUrl\":\"https:\\\/\\\/www.copealcoy.es\\\/wp-content\\\/uploads\\\/2020\\\/01\\\/MICROBUS2-e1578496572192-1-scaled.jpg\",\"width\":2560,\"height\":1527,\"caption\":\"Uno de los autobuses urbanos que recorre las calles de Alcoy \\\/ Foto: Ajuntament d'Alcoi\"},{\"@type\":\"BreadcrumbList\",\"@id\":\"https:\\\/\\\/www.copealcoy.es\\\/es\\\/guanyar-reclama-politiques-coherents-en-materia-de-mobilitat\\\/#breadcrumb\",\"itemListElement\":[{\"@type\":\"ListItem\",\"position\":1,\"name\":\"Portada\",\"item\":\"https:\\\/\\\/www.copealcoy.es\\\/es\\\/\"},{\"@type\":\"ListItem\",\"position\":2,\"name\":\"Guanyar reclama pol\u00edtiques coherents en mat\u00e8ria de mobilitat\"}]},{\"@type\":\"WebSite\",\"@id\":\"https:\\\/\\\/www.copealcoy.es\\\/es\\\/#website\",\"url\":\"https:\\\/\\\/www.copealcoy.es\\\/es\\\/\",\"name\":\"COPE Alcoy\",\"description\":\"Emisora COPE de radio local con emisi\u00f3n online. Pont de Sant Jordi 8-10 03803 Alcoy\",\"potentialAction\":[{\"@type\":\"SearchAction\",\"target\":{\"@type\":\"EntryPoint\",\"urlTemplate\":\"https:\\\/\\\/www.copealcoy.es\\\/es\\\/?s={search_term_string}\"},\"query-input\":{\"@type\":\"PropertyValueSpecification\",\"valueRequired\":true,\"valueName\":\"search_term_string\"}}],\"inLanguage\":\"es\"},{\"@type\":\"Person\",\"@id\":\"https:\\\/\\\/www.copealcoy.es\\\/es\\\/#\\\/schema\\\/person\\\/e777c87fa024e57d40170af9df39882c\",\"name\":\"Cope Alcoy\",\"image\":{\"@type\":\"ImageObject\",\"inLanguage\":\"es\",\"@id\":\"https:\\\/\\\/secure.gravatar.com\\\/avatar\\\/bb65d0283347e303893ba14f0692005417c1e0e690a325a4c5d8bb2b3943ee14?s=96&d=mm&r=g\",\"url\":\"https:\\\/\\\/secure.gravatar.com\\\/avatar\\\/bb65d0283347e303893ba14f0692005417c1e0e690a325a4c5d8bb2b3943ee14?s=96&d=mm&r=g\",\"contentUrl\":\"https:\\\/\\\/secure.gravatar.com\\\/avatar\\\/bb65d0283347e303893ba14f0692005417c1e0e690a325a4c5d8bb2b3943ee14?s=96&d=mm&r=g\",\"caption\":\"Cope Alcoy\"}}]}<\/script>\n<!-- \/ Yoast SEO plugin. -->","yoast_head_json":{"title":"Guanyar reclama pol\u00edtiques coherents en mat\u00e8ria de mobilitat - COPE Alcoy","robots":{"index":"index","follow":"follow","max-snippet":"max-snippet:-1","max-image-preview":"max-image-preview:large","max-video-preview":"max-video-preview:-1"},"canonical":"https:\/\/www.copealcoy.es\/es\/guanyar-reclama-politiques-coherents-en-materia-de-mobilitat\/","og_locale":"es_ES","og_type":"article","og_title":"Guanyar reclama pol\u00edtiques coherents en mat\u00e8ria de mobilitat - COPE Alcoy","og_description":"Guanyar Alcoi q\u00fcestiona el projecte anunciat pel Govern Municipal del PSOE fa uns dies i en el qual es preveu...","og_url":"https:\/\/www.copealcoy.es\/es\/guanyar-reclama-politiques-coherents-en-materia-de-mobilitat\/","og_site_name":"COPE Alcoy","article_published_time":"2020-10-28T10:57:40+00:00","article_modified_time":"2020-10-28T11:55:46+00:00","og_image":[{"width":2560,"height":1527,"url":"https:\/\/www.copealcoy.es\/wp-content\/uploads\/2020\/01\/MICROBUS2-e1578496572192-1-scaled.jpg","type":"image\/jpeg"}],"author":"Cope Alcoy","twitter_misc":{"Escrito por":"Cope Alcoy","Tiempo de lectura":"2 minutos"},"schema":{"@context":"https:\/\/schema.org","@graph":[{"@type":"Article","@id":"https:\/\/www.copealcoy.es\/es\/guanyar-reclama-politiques-coherents-en-materia-de-mobilitat\/#article","isPartOf":{"@id":"https:\/\/www.copealcoy.es\/es\/guanyar-reclama-politiques-coherents-en-materia-de-mobilitat\/"},"author":{"name":"Cope Alcoy","@id":"https:\/\/www.copealcoy.es\/es\/#\/schema\/person\/e777c87fa024e57d40170af9df39882c"},"headline":"Guanyar reclama pol\u00edtiques coherents en mat\u00e8ria de mobilitat","datePublished":"2020-10-28T10:57:40+00:00","dateModified":"2020-10-28T11:55:46+00:00","mainEntityOfPage":{"@id":"https:\/\/www.copealcoy.es\/es\/guanyar-reclama-politiques-coherents-en-materia-de-mobilitat\/"},"wordCount":327,"commentCount":0,"image":{"@id":"https:\/\/www.copealcoy.es\/es\/guanyar-reclama-politiques-coherents-en-materia-de-mobilitat\/#primaryimage"},"thumbnailUrl":"https:\/\/www.copealcoy.es\/wp-content\/uploads\/2020\/01\/MICROBUS2-e1578496572192-1-scaled.jpg","keywords":["Guanyar Alcoi","mobilitat","Pablo Gonz\u00e1lez","pol\u00edtiques coherents"],"articleSection":["Alcoy","Noticias","Pol\u00edtica y Econom\u00eda"],"inLanguage":"es"},{"@type":"WebPage","@id":"https:\/\/www.copealcoy.es\/es\/guanyar-reclama-politiques-coherents-en-materia-de-mobilitat\/","url":"https:\/\/www.copealcoy.es\/es\/guanyar-reclama-politiques-coherents-en-materia-de-mobilitat\/","name":"Guanyar reclama pol\u00edtiques coherents en mat\u00e8ria de mobilitat - COPE Alcoy","isPartOf":{"@id":"https:\/\/www.copealcoy.es\/es\/#website"},"primaryImageOfPage":{"@id":"https:\/\/www.copealcoy.es\/es\/guanyar-reclama-politiques-coherents-en-materia-de-mobilitat\/#primaryimage"},"image":{"@id":"https:\/\/www.copealcoy.es\/es\/guanyar-reclama-politiques-coherents-en-materia-de-mobilitat\/#primaryimage"},"thumbnailUrl":"https:\/\/www.copealcoy.es\/wp-content\/uploads\/2020\/01\/MICROBUS2-e1578496572192-1-scaled.jpg","datePublished":"2020-10-28T10:57:40+00:00","dateModified":"2020-10-28T11:55:46+00:00","author":{"@id":"https:\/\/www.copealcoy.es\/es\/#\/schema\/person\/e777c87fa024e57d40170af9df39882c"},"breadcrumb":{"@id":"https:\/\/www.copealcoy.es\/es\/guanyar-reclama-politiques-coherents-en-materia-de-mobilitat\/#breadcrumb"},"inLanguage":"es","potentialAction":[{"@type":"ReadAction","target":["https:\/\/www.copealcoy.es\/es\/guanyar-reclama-politiques-coherents-en-materia-de-mobilitat\/"]}]},{"@type":"ImageObject","inLanguage":"es","@id":"https:\/\/www.copealcoy.es\/es\/guanyar-reclama-politiques-coherents-en-materia-de-mobilitat\/#primaryimage","url":"https:\/\/www.copealcoy.es\/wp-content\/uploads\/2020\/01\/MICROBUS2-e1578496572192-1-scaled.jpg","contentUrl":"https:\/\/www.copealcoy.es\/wp-content\/uploads\/2020\/01\/MICROBUS2-e1578496572192-1-scaled.jpg","width":2560,"height":1527,"caption":"Uno de los autobuses urbanos que recorre las calles de Alcoy \/ Foto: Ajuntament d'Alcoi"},{"@type":"BreadcrumbList","@id":"https:\/\/www.copealcoy.es\/es\/guanyar-reclama-politiques-coherents-en-materia-de-mobilitat\/#breadcrumb","itemListElement":[{"@type":"ListItem","position":1,"name":"Portada","item":"https:\/\/www.copealcoy.es\/es\/"},{"@type":"ListItem","position":2,"name":"Guanyar reclama pol\u00edtiques coherents en mat\u00e8ria de mobilitat"}]},{"@type":"WebSite","@id":"https:\/\/www.copealcoy.es\/es\/#website","url":"https:\/\/www.copealcoy.es\/es\/","name":"COPE Alcoy","description":"Emisora COPE de radio local con emisi\u00f3n online. Pont de Sant Jordi 8-10 03803 Alcoy","potentialAction":[{"@type":"SearchAction","target":{"@type":"EntryPoint","urlTemplate":"https:\/\/www.copealcoy.es\/es\/?s={search_term_string}"},"query-input":{"@type":"PropertyValueSpecification","valueRequired":true,"valueName":"search_term_string"}}],"inLanguage":"es"},{"@type":"Person","@id":"https:\/\/www.copealcoy.es\/es\/#\/schema\/person\/e777c87fa024e57d40170af9df39882c","name":"Cope Alcoy","image":{"@type":"ImageObject","inLanguage":"es","@id":"https:\/\/secure.gravatar.com\/avatar\/bb65d0283347e303893ba14f0692005417c1e0e690a325a4c5d8bb2b3943ee14?s=96&d=mm&r=g","url":"https:\/\/secure.gravatar.com\/avatar\/bb65d0283347e303893ba14f0692005417c1e0e690a325a4c5d8bb2b3943ee14?s=96&d=mm&r=g","contentUrl":"https:\/\/secure.gravatar.com\/avatar\/bb65d0283347e303893ba14f0692005417c1e0e690a325a4c5d8bb2b3943ee14?s=96&d=mm&r=g","caption":"Cope Alcoy"}}]}},"_links":{"self":[{"href":"https:\/\/www.copealcoy.es\/es\/wp-json\/wp\/v2\/posts\/66895","targetHints":{"allow":["GET"]}}],"collection":[{"href":"https:\/\/www.copealcoy.es\/es\/wp-json\/wp\/v2\/posts"}],"about":[{"href":"https:\/\/www.copealcoy.es\/es\/wp-json\/wp\/v2\/types\/post"}],"author":[{"embeddable":true,"href":"https:\/\/www.copealcoy.es\/es\/wp-json\/wp\/v2\/users\/1"}],"replies":[{"embeddable":true,"href":"https:\/\/www.copealcoy.es\/es\/wp-json\/wp\/v2\/comments?post=66895"}],"version-history":[{"count":0,"href":"https:\/\/www.copealcoy.es\/es\/wp-json\/wp\/v2\/posts\/66895\/revisions"}],"wp:featuredmedia":[{"embeddable":true,"href":"https:\/\/www.copealcoy.es\/es\/wp-json\/wp\/v2\/media\/58629"}],"wp:attachment":[{"href":"https:\/\/www.copealcoy.es\/es\/wp-json\/wp\/v2\/media?parent=66895"}],"wp:term":[{"taxonomy":"category","embeddable":true,"href":"https:\/\/www.copealcoy.es\/es\/wp-json\/wp\/v2\/categories?post=66895"},{"taxonomy":"post_tag","embeddable":true,"href":"https:\/\/www.copealcoy.es\/es\/wp-json\/wp\/v2\/tags?post=66895"}],"curies":[{"name":"wp","href":"https:\/\/api.w.org\/{rel}","templated":true}]}}