{"id":66782,"date":"2020-10-24T17:21:43","date_gmt":"2020-10-24T17:21:43","guid":{"rendered":"https:\/\/www.copealcoy.es\/?p=66782"},"modified":"2020-10-26T12:28:25","modified_gmt":"2020-10-26T12:28:25","slug":"alcoi-implanta-mesures-davant-del-nou-estat-dalarma","status":"publish","type":"post","link":"https:\/\/www.copealcoy.es\/es\/alcoi-implanta-mesures-davant-del-nou-estat-dalarma\/","title":{"rendered":"Alcoi implanta mesures davant del nou Estat d&#8217;Alarma"},"content":{"rendered":"<p style=\"text-align: justify;\">L&#8217;Ajuntament d&#8217;Alcoi <strong>continua fent una crida a la responsabilitat i insta a complir amb totes les recomanacions per a fer front a la Covid-19<\/strong> davant <strong>el considerable increment de casos positius<\/strong> que estan produint-se en aquestes jornades.<\/p>\n<p style=\"text-align: justify;\">Des del Consistori s&#8217;han establit <strong>una s\u00e8rie de mesures per a aquestes pr\u00f2ximes setmanes<\/strong> entre les quals destaca el <strong>tancament de parcs p\u00fablics a les 22 hores<\/strong> i <strong>la prohibici\u00f3 de venda d&#8217;alcohol a partir de les 22 hores<\/strong>, una limitaci\u00f3 hor\u00e0ria aquesta \u00faltima que no afecta la restauraci\u00f3 i hostaleria. A partir de dem\u00e0 diumenge <strong>les reunions socials i particulars es limiten a un m\u00e0xim de 6 persones<\/strong> i <strong>els establiments d&#8217;hostaleria no podran admetre a nous clients<\/strong> una hora abans de la fixada per al toc de queda. A m\u00e9s aquesta nit de dissabte, coincidint amb el no Mig Any, <strong>el confinament nocturn a partir de la 1 de la nit fins a les 6 del mat\u00ed<\/strong> mentre que a partir de dem\u00e0 <strong>el confinament nocturn ser\u00e0 de 12 de la nit a 6 del mat\u00ed<\/strong>.<\/p>\n<p style=\"text-align: justify;\">L&#8217;alcalde, <strong>Toni Franc\u00e9s<\/strong>, els regidors de Seguretat i Protecci\u00f3 Civil, <strong>Ra\u00fcl Llopis i Jordi Silvestre<\/strong>, han mantingut una reuni\u00f3 aquest migdia amb responsables de la Policia Local, Cos Nacional de Policia, Protecci\u00f3 Civil i serveis municipals, <strong>amb la finalitat d&#8217;abordar les noves mesures del Toc de Queda<\/strong> i la seua implantaci\u00f3 a la nostra ciutat.<\/p>\n<p style=\"text-align: justify;\">Recorda que totes aquestes mesures <strong>busquen reduir l&#8217;oci nocturn i les reunions socials<\/strong>, per\u00f2 <strong>mantenint l&#8217;activitat econ\u00f2mica i la resta de situacions de la vida di\u00e0ria i social<\/strong> compatibles amb le<strong>s mesures de seguretat que ja existeixen<\/strong>, com s\u00f3n portar m\u00e0scara, mantenir una bona higiene de mans i la dist\u00e0ncia social d&#8217;<span class=\"hiddenGrammarError\">1\u20195<\/span> metres.<\/p>\n\n\n<p><\/p>\n","protected":false},"excerpt":{"rendered":"<p>L&#8217;Ajuntament d&#8217;Alcoi continua fent una crida a la responsabilitat i insta a complir amb totes les recomanacions per a fer&#8230;<\/p>\n","protected":false},"author":1,"featured_media":66784,"comment_status":"open","ping_status":"open","sticky":false,"template":"","format":"standard","meta":{"footnotes":""},"categories":[6909,97,75,125],"tags":[160,7281,7748,10127,10128,10129],"class_list":["post-66782","post","type-post","status-publish","format-standard","has-post-thumbnail","hentry","category-actualidad","category-alcoy","category-noticias","category-portada","tag-alcoi","tag-coronavirus","tag-estat-dalarma","tag-implantacio","tag-mesures","tag-toc-de-queda"],"yoast_head":"<!-- This site is optimized with the Yoast SEO plugin v27.3 - https:\/\/yoast.com\/product\/yoast-seo-wordpress\/ -->\n<title>Alcoi implanta mesures davant del nou Estat d&#039;Alarma - COPE Alcoy<\/title>\n<meta name=\"robots\" content=\"index, follow, max-snippet:-1, max-image-preview:large, max-video-preview:-1\" \/>\n<link rel=\"canonical\" href=\"https:\/\/www.copealcoy.es\/es\/alcoi-implanta-mesures-davant-del-nou-estat-dalarma\/\" \/>\n<meta property=\"og:locale\" content=\"es_ES\" \/>\n<meta property=\"og:type\" content=\"article\" \/>\n<meta property=\"og:title\" content=\"Alcoi implanta mesures davant del nou Estat d&#039;Alarma - COPE Alcoy\" \/>\n<meta property=\"og:description\" content=\"L&#8217;Ajuntament d&#8217;Alcoi continua fent una crida a la responsabilitat i insta a complir amb totes les recomanacions per a fer...\" \/>\n<meta property=\"og:url\" content=\"https:\/\/www.copealcoy.es\/es\/alcoi-implanta-mesures-davant-del-nou-estat-dalarma\/\" \/>\n<meta property=\"og:site_name\" content=\"COPE Alcoy\" \/>\n<meta property=\"article:published_time\" content=\"2020-10-24T17:21:43+00:00\" \/>\n<meta property=\"article:modified_time\" content=\"2020-10-26T12:28:25+00:00\" \/>\n<meta property=\"og:image\" content=\"https:\/\/www.copealcoy.es\/wp-content\/uploads\/2020\/10\/PHOTO-2020-10-24-15-38-11.jpg\" \/>\n\t<meta property=\"og:image:width\" content=\"1600\" \/>\n\t<meta property=\"og:image:height\" content=\"1059\" \/>\n\t<meta property=\"og:image:type\" content=\"image\/jpeg\" \/>\n<meta name=\"author\" content=\"Cope Alcoy\" \/>\n<meta name=\"twitter:label1\" content=\"Escrito por\" \/>\n\t<meta name=\"twitter:data1\" content=\"Cope Alcoy\" \/>\n\t<meta name=\"twitter:label2\" content=\"Tiempo de lectura\" \/>\n\t<meta name=\"twitter:data2\" content=\"1 minuto\" \/>\n<script type=\"application\/ld+json\" class=\"yoast-schema-graph\">{\"@context\":\"https:\\\/\\\/schema.org\",\"@graph\":[{\"@type\":\"Article\",\"@id\":\"https:\\\/\\\/www.copealcoy.es\\\/es\\\/alcoi-implanta-mesures-davant-del-nou-estat-dalarma\\\/#article\",\"isPartOf\":{\"@id\":\"https:\\\/\\\/www.copealcoy.es\\\/es\\\/alcoi-implanta-mesures-davant-del-nou-estat-dalarma\\\/\"},\"author\":{\"name\":\"Cope Alcoy\",\"@id\":\"https:\\\/\\\/www.copealcoy.es\\\/es\\\/#\\\/schema\\\/person\\\/e777c87fa024e57d40170af9df39882c\"},\"headline\":\"Alcoi implanta mesures davant del nou Estat d&#8217;Alarma\",\"datePublished\":\"2020-10-24T17:21:43+00:00\",\"dateModified\":\"2020-10-26T12:28:25+00:00\",\"mainEntityOfPage\":{\"@id\":\"https:\\\/\\\/www.copealcoy.es\\\/es\\\/alcoi-implanta-mesures-davant-del-nou-estat-dalarma\\\/\"},\"wordCount\":307,\"commentCount\":0,\"image\":{\"@id\":\"https:\\\/\\\/www.copealcoy.es\\\/es\\\/alcoi-implanta-mesures-davant-del-nou-estat-dalarma\\\/#primaryimage\"},\"thumbnailUrl\":\"https:\\\/\\\/www.copealcoy.es\\\/wp-content\\\/uploads\\\/2020\\\/10\\\/PHOTO-2020-10-24-15-38-11.jpg\",\"keywords\":[\"Alcoi\",\"Coronavirus\",\"Estat d'Alarma\",\"implantaci\u00f3\",\"mesures\",\"Toc de Queda\"],\"articleSection\":[\"Actualidad\",\"Alcoy\",\"Noticias\",\"Portada\"],\"inLanguage\":\"es\"},{\"@type\":\"WebPage\",\"@id\":\"https:\\\/\\\/www.copealcoy.es\\\/es\\\/alcoi-implanta-mesures-davant-del-nou-estat-dalarma\\\/\",\"url\":\"https:\\\/\\\/www.copealcoy.es\\\/es\\\/alcoi-implanta-mesures-davant-del-nou-estat-dalarma\\\/\",\"name\":\"Alcoi implanta mesures davant del nou Estat d'Alarma - COPE Alcoy\",\"isPartOf\":{\"@id\":\"https:\\\/\\\/www.copealcoy.es\\\/es\\\/#website\"},\"primaryImageOfPage\":{\"@id\":\"https:\\\/\\\/www.copealcoy.es\\\/es\\\/alcoi-implanta-mesures-davant-del-nou-estat-dalarma\\\/#primaryimage\"},\"image\":{\"@id\":\"https:\\\/\\\/www.copealcoy.es\\\/es\\\/alcoi-implanta-mesures-davant-del-nou-estat-dalarma\\\/#primaryimage\"},\"thumbnailUrl\":\"https:\\\/\\\/www.copealcoy.es\\\/wp-content\\\/uploads\\\/2020\\\/10\\\/PHOTO-2020-10-24-15-38-11.jpg\",\"datePublished\":\"2020-10-24T17:21:43+00:00\",\"dateModified\":\"2020-10-26T12:28:25+00:00\",\"author\":{\"@id\":\"https:\\\/\\\/www.copealcoy.es\\\/es\\\/#\\\/schema\\\/person\\\/e777c87fa024e57d40170af9df39882c\"},\"breadcrumb\":{\"@id\":\"https:\\\/\\\/www.copealcoy.es\\\/es\\\/alcoi-implanta-mesures-davant-del-nou-estat-dalarma\\\/#breadcrumb\"},\"inLanguage\":\"es\",\"potentialAction\":[{\"@type\":\"ReadAction\",\"target\":[\"https:\\\/\\\/www.copealcoy.es\\\/es\\\/alcoi-implanta-mesures-davant-del-nou-estat-dalarma\\\/\"]}]},{\"@type\":\"ImageObject\",\"inLanguage\":\"es\",\"@id\":\"https:\\\/\\\/www.copealcoy.es\\\/es\\\/alcoi-implanta-mesures-davant-del-nou-estat-dalarma\\\/#primaryimage\",\"url\":\"https:\\\/\\\/www.copealcoy.es\\\/wp-content\\\/uploads\\\/2020\\\/10\\\/PHOTO-2020-10-24-15-38-11.jpg\",\"contentUrl\":\"https:\\\/\\\/www.copealcoy.es\\\/wp-content\\\/uploads\\\/2020\\\/10\\\/PHOTO-2020-10-24-15-38-11.jpg\",\"width\":1600,\"height\":1059},{\"@type\":\"BreadcrumbList\",\"@id\":\"https:\\\/\\\/www.copealcoy.es\\\/es\\\/alcoi-implanta-mesures-davant-del-nou-estat-dalarma\\\/#breadcrumb\",\"itemListElement\":[{\"@type\":\"ListItem\",\"position\":1,\"name\":\"Portada\",\"item\":\"https:\\\/\\\/www.copealcoy.es\\\/es\\\/\"},{\"@type\":\"ListItem\",\"position\":2,\"name\":\"Alcoi implanta mesures davant del nou Estat d&#8217;Alarma\"}]},{\"@type\":\"WebSite\",\"@id\":\"https:\\\/\\\/www.copealcoy.es\\\/es\\\/#website\",\"url\":\"https:\\\/\\\/www.copealcoy.es\\\/es\\\/\",\"name\":\"COPE Alcoy\",\"description\":\"Emisora COPE de radio local con emisi\u00f3n online. Pont de Sant Jordi 8-10 03803 Alcoy\",\"potentialAction\":[{\"@type\":\"SearchAction\",\"target\":{\"@type\":\"EntryPoint\",\"urlTemplate\":\"https:\\\/\\\/www.copealcoy.es\\\/es\\\/?s={search_term_string}\"},\"query-input\":{\"@type\":\"PropertyValueSpecification\",\"valueRequired\":true,\"valueName\":\"search_term_string\"}}],\"inLanguage\":\"es\"},{\"@type\":\"Person\",\"@id\":\"https:\\\/\\\/www.copealcoy.es\\\/es\\\/#\\\/schema\\\/person\\\/e777c87fa024e57d40170af9df39882c\",\"name\":\"Cope Alcoy\",\"image\":{\"@type\":\"ImageObject\",\"inLanguage\":\"es\",\"@id\":\"https:\\\/\\\/secure.gravatar.com\\\/avatar\\\/bb65d0283347e303893ba14f0692005417c1e0e690a325a4c5d8bb2b3943ee14?s=96&d=mm&r=g\",\"url\":\"https:\\\/\\\/secure.gravatar.com\\\/avatar\\\/bb65d0283347e303893ba14f0692005417c1e0e690a325a4c5d8bb2b3943ee14?s=96&d=mm&r=g\",\"contentUrl\":\"https:\\\/\\\/secure.gravatar.com\\\/avatar\\\/bb65d0283347e303893ba14f0692005417c1e0e690a325a4c5d8bb2b3943ee14?s=96&d=mm&r=g\",\"caption\":\"Cope Alcoy\"}}]}<\/script>\n<!-- \/ Yoast SEO plugin. -->","yoast_head_json":{"title":"Alcoi implanta mesures davant del nou Estat d'Alarma - COPE Alcoy","robots":{"index":"index","follow":"follow","max-snippet":"max-snippet:-1","max-image-preview":"max-image-preview:large","max-video-preview":"max-video-preview:-1"},"canonical":"https:\/\/www.copealcoy.es\/es\/alcoi-implanta-mesures-davant-del-nou-estat-dalarma\/","og_locale":"es_ES","og_type":"article","og_title":"Alcoi implanta mesures davant del nou Estat d'Alarma - COPE Alcoy","og_description":"L&#8217;Ajuntament d&#8217;Alcoi continua fent una crida a la responsabilitat i insta a complir amb totes les recomanacions per a fer...","og_url":"https:\/\/www.copealcoy.es\/es\/alcoi-implanta-mesures-davant-del-nou-estat-dalarma\/","og_site_name":"COPE Alcoy","article_published_time":"2020-10-24T17:21:43+00:00","article_modified_time":"2020-10-26T12:28:25+00:00","og_image":[{"width":1600,"height":1059,"url":"https:\/\/www.copealcoy.es\/wp-content\/uploads\/2020\/10\/PHOTO-2020-10-24-15-38-11.jpg","type":"image\/jpeg"}],"author":"Cope Alcoy","twitter_misc":{"Escrito por":"Cope Alcoy","Tiempo de lectura":"1 minuto"},"schema":{"@context":"https:\/\/schema.org","@graph":[{"@type":"Article","@id":"https:\/\/www.copealcoy.es\/es\/alcoi-implanta-mesures-davant-del-nou-estat-dalarma\/#article","isPartOf":{"@id":"https:\/\/www.copealcoy.es\/es\/alcoi-implanta-mesures-davant-del-nou-estat-dalarma\/"},"author":{"name":"Cope Alcoy","@id":"https:\/\/www.copealcoy.es\/es\/#\/schema\/person\/e777c87fa024e57d40170af9df39882c"},"headline":"Alcoi implanta mesures davant del nou Estat d&#8217;Alarma","datePublished":"2020-10-24T17:21:43+00:00","dateModified":"2020-10-26T12:28:25+00:00","mainEntityOfPage":{"@id":"https:\/\/www.copealcoy.es\/es\/alcoi-implanta-mesures-davant-del-nou-estat-dalarma\/"},"wordCount":307,"commentCount":0,"image":{"@id":"https:\/\/www.copealcoy.es\/es\/alcoi-implanta-mesures-davant-del-nou-estat-dalarma\/#primaryimage"},"thumbnailUrl":"https:\/\/www.copealcoy.es\/wp-content\/uploads\/2020\/10\/PHOTO-2020-10-24-15-38-11.jpg","keywords":["Alcoi","Coronavirus","Estat d'Alarma","implantaci\u00f3","mesures","Toc de Queda"],"articleSection":["Actualidad","Alcoy","Noticias","Portada"],"inLanguage":"es"},{"@type":"WebPage","@id":"https:\/\/www.copealcoy.es\/es\/alcoi-implanta-mesures-davant-del-nou-estat-dalarma\/","url":"https:\/\/www.copealcoy.es\/es\/alcoi-implanta-mesures-davant-del-nou-estat-dalarma\/","name":"Alcoi implanta mesures davant del nou Estat d'Alarma - COPE Alcoy","isPartOf":{"@id":"https:\/\/www.copealcoy.es\/es\/#website"},"primaryImageOfPage":{"@id":"https:\/\/www.copealcoy.es\/es\/alcoi-implanta-mesures-davant-del-nou-estat-dalarma\/#primaryimage"},"image":{"@id":"https:\/\/www.copealcoy.es\/es\/alcoi-implanta-mesures-davant-del-nou-estat-dalarma\/#primaryimage"},"thumbnailUrl":"https:\/\/www.copealcoy.es\/wp-content\/uploads\/2020\/10\/PHOTO-2020-10-24-15-38-11.jpg","datePublished":"2020-10-24T17:21:43+00:00","dateModified":"2020-10-26T12:28:25+00:00","author":{"@id":"https:\/\/www.copealcoy.es\/es\/#\/schema\/person\/e777c87fa024e57d40170af9df39882c"},"breadcrumb":{"@id":"https:\/\/www.copealcoy.es\/es\/alcoi-implanta-mesures-davant-del-nou-estat-dalarma\/#breadcrumb"},"inLanguage":"es","potentialAction":[{"@type":"ReadAction","target":["https:\/\/www.copealcoy.es\/es\/alcoi-implanta-mesures-davant-del-nou-estat-dalarma\/"]}]},{"@type":"ImageObject","inLanguage":"es","@id":"https:\/\/www.copealcoy.es\/es\/alcoi-implanta-mesures-davant-del-nou-estat-dalarma\/#primaryimage","url":"https:\/\/www.copealcoy.es\/wp-content\/uploads\/2020\/10\/PHOTO-2020-10-24-15-38-11.jpg","contentUrl":"https:\/\/www.copealcoy.es\/wp-content\/uploads\/2020\/10\/PHOTO-2020-10-24-15-38-11.jpg","width":1600,"height":1059},{"@type":"BreadcrumbList","@id":"https:\/\/www.copealcoy.es\/es\/alcoi-implanta-mesures-davant-del-nou-estat-dalarma\/#breadcrumb","itemListElement":[{"@type":"ListItem","position":1,"name":"Portada","item":"https:\/\/www.copealcoy.es\/es\/"},{"@type":"ListItem","position":2,"name":"Alcoi implanta mesures davant del nou Estat d&#8217;Alarma"}]},{"@type":"WebSite","@id":"https:\/\/www.copealcoy.es\/es\/#website","url":"https:\/\/www.copealcoy.es\/es\/","name":"COPE Alcoy","description":"Emisora COPE de radio local con emisi\u00f3n online. Pont de Sant Jordi 8-10 03803 Alcoy","potentialAction":[{"@type":"SearchAction","target":{"@type":"EntryPoint","urlTemplate":"https:\/\/www.copealcoy.es\/es\/?s={search_term_string}"},"query-input":{"@type":"PropertyValueSpecification","valueRequired":true,"valueName":"search_term_string"}}],"inLanguage":"es"},{"@type":"Person","@id":"https:\/\/www.copealcoy.es\/es\/#\/schema\/person\/e777c87fa024e57d40170af9df39882c","name":"Cope Alcoy","image":{"@type":"ImageObject","inLanguage":"es","@id":"https:\/\/secure.gravatar.com\/avatar\/bb65d0283347e303893ba14f0692005417c1e0e690a325a4c5d8bb2b3943ee14?s=96&d=mm&r=g","url":"https:\/\/secure.gravatar.com\/avatar\/bb65d0283347e303893ba14f0692005417c1e0e690a325a4c5d8bb2b3943ee14?s=96&d=mm&r=g","contentUrl":"https:\/\/secure.gravatar.com\/avatar\/bb65d0283347e303893ba14f0692005417c1e0e690a325a4c5d8bb2b3943ee14?s=96&d=mm&r=g","caption":"Cope Alcoy"}}]}},"_links":{"self":[{"href":"https:\/\/www.copealcoy.es\/es\/wp-json\/wp\/v2\/posts\/66782","targetHints":{"allow":["GET"]}}],"collection":[{"href":"https:\/\/www.copealcoy.es\/es\/wp-json\/wp\/v2\/posts"}],"about":[{"href":"https:\/\/www.copealcoy.es\/es\/wp-json\/wp\/v2\/types\/post"}],"author":[{"embeddable":true,"href":"https:\/\/www.copealcoy.es\/es\/wp-json\/wp\/v2\/users\/1"}],"replies":[{"embeddable":true,"href":"https:\/\/www.copealcoy.es\/es\/wp-json\/wp\/v2\/comments?post=66782"}],"version-history":[{"count":0,"href":"https:\/\/www.copealcoy.es\/es\/wp-json\/wp\/v2\/posts\/66782\/revisions"}],"wp:featuredmedia":[{"embeddable":true,"href":"https:\/\/www.copealcoy.es\/es\/wp-json\/wp\/v2\/media\/66784"}],"wp:attachment":[{"href":"https:\/\/www.copealcoy.es\/es\/wp-json\/wp\/v2\/media?parent=66782"}],"wp:term":[{"taxonomy":"category","embeddable":true,"href":"https:\/\/www.copealcoy.es\/es\/wp-json\/wp\/v2\/categories?post=66782"},{"taxonomy":"post_tag","embeddable":true,"href":"https:\/\/www.copealcoy.es\/es\/wp-json\/wp\/v2\/tags?post=66782"}],"curies":[{"name":"wp","href":"https:\/\/api.w.org\/{rel}","templated":true}]}}