{"id":66705,"date":"2020-10-22T03:02:00","date_gmt":"2020-10-22T03:02:00","guid":{"rendered":"https:\/\/www.copealcoy.es\/?p=66705"},"modified":"2020-10-23T20:15:24","modified_gmt":"2020-10-23T20:15:24","slug":"emotiva-cloenda-de-lany-sant-de-la-mare-de-deu-del-miracle","status":"publish","type":"post","link":"https:\/\/www.copealcoy.es\/es\/emotiva-cloenda-de-lany-sant-de-la-mare-de-deu-del-miracle\/","title":{"rendered":"Emotiva cloenda de l&#8217;Any Sant de la Mare de D\u00e9u del Miracle"},"content":{"rendered":"<p><span style=\"color: #000080;\"><em>Text: Gabriel Pascual \/ Imatge: Pepa Va\u00f1\u00f3<\/em><\/span><\/p>\n<p style=\"text-align: justify;\">El pati d&#8217;armes del Palau Comtal de Cocentaina va acollir el passat dissabte 17 d&#8217;octubre <strong>la cloenda de l&#8217;Any Sant Jubilar de la Mare de D\u00e9u del Miracle<\/strong>, una emotiva cerim\u00f2nia que <strong>va estar emmarcada dins de la Setmana d&#8217;Exaltaci\u00f3 dedicada a la patrona contestana<\/strong> que sempre t\u00e9 lloc cada any per aquestes dates.<\/p>\n<p style=\"text-align: justify;\">Passades les 7 de la vesprada <strong>va comen\u00e7ar a sonar amb for\u00e7a la campana del Monestir de les Clarisses<\/strong> per a anunciar <strong>l&#8217;eixida de la Mare de D\u00e9u de la seua esgl\u00e9sia<\/strong> acompanyada pel clergat local i els Presidents de la Pia Uni\u00f3; <strong>Jos\u00e9 Luis Molina i Ana <span class=\"hiddenSpellError\">Masanet<\/span><\/strong>. La imatge que presentava El Pla en aquesta jornada <strong>era molt diferent de la del mat\u00ed d&#8217;un 19 d&#8217;abril<\/strong>, ja que a causa de la crisi sanit\u00e0ria del Coronavirus <strong>quasi no hi havia gent a la pla\u00e7a per a rebre la icona de la patrona<\/strong>. Seguidament, i mentre es disparaven <strong>27 salves d&#8217;honor<\/strong>, es va realitzar <strong>un breu trasllat fins al Palau Comtal<\/strong> on forts aplaudiments <strong>van donar la benvinguda a la Mareta<\/strong> abans de ser dipositada <strong>a la porta de la Capella de Sant Antoni Abat<\/strong>. En aquest lloc, tal com est\u00e0 reflectit en Acta Notarial, <strong>es va produir el prodigi miracul\u00f3s de les 27 ll\u00e0grimes de sang un <span class=\"hiddenGrammarError\">dijous 19 d&#8217;abril<\/span> de <span class=\"hiddenGrammarError\">1.520<\/span> <\/strong>mentre el sacerdot <strong>Moss\u00e9n Onofre Satorre<\/strong> oficiava l&#8217;eucaristia; uns fets que van marcar<strong> l&#8217;origen de la devoci\u00f3<\/strong> que la Vila Comtal li professa a la seua patrona.<\/p>\n<p style=\"text-align: justify;\">L&#8217;eucaristia de clausura de l&#8217;Any Sant Jubilar va estar cantada <strong>pel Cor de Cambra <span class=\"hiddenSpellError\">Discantus<\/span> <\/strong>i oficiada pel rector de la Parr\u00f2quia del Salvador; <strong><span class=\"hiddenGreenError\">Don<\/span> <span class=\"hiddenSpellError\">Javier<\/span> <span class=\"hiddenSpellError\">Sanchiz<\/span> <span class=\"hiddenSpellError\">Julibert<\/span><\/strong>. Aquest <strong>va excusar la pres\u00e8ncia del Bisbe <span class=\"hiddenGreenError\">Don<\/span> Jos\u00e9 Vilaplana<\/strong>, natural de Benimarfull, ja que finalment <strong>no va poder acudir a l&#8217;acte per haver estat en contacte amb uns positius per Covid-19<\/strong>. Durant la missa <strong>es va impartir la benedicci\u00f3 per tal d&#8217;obtenir la Indulg\u00e8ncia Plen\u00e0ria<\/strong> i l&#8217;ofici religi\u00f3s va finalitzar amb <strong>el retorn de la Mare de D\u00e9u del Miracle al seu monestir<\/strong> mentre es tornaven a disparar 27 salves en el seu honor.<\/p>\n<p style=\"text-align: justify;\">D&#8217;aquesta forma <strong>va finalitzar l&#8217;Any Sant concedit a Cocentaina per la Santa Seu<\/strong> per tal de celebrar el V Centenari del miracle de la patrona i que <strong>fou inaugurat el 5 de maig del 2019<\/strong>. La pand\u00e8mia va impedir en abril <strong>celebrar les festes patronals<\/strong> en aquesta anualitat tan especial per\u00f2 durant els mesos previs s\u00ed que <strong>es van fer nombrosos actes culturals, peregrinacions i celebracions religioses.<\/strong> Tot a\u00e7\u00f2 es va completar amb la visita que la Mare de D\u00e9u del Miracle va realitzar a cada carrer del poble, les pedanies i el Cementeri Municipal <strong>durant les romeries extraordin\u00e0ries<\/strong> que van tenir lloc durant la passada tardor.<\/p>\n","protected":false},"excerpt":{"rendered":"<p>Text: Gabriel Pascual \/ Imatge: Pepa Va\u00f1\u00f3 El pati d&#8217;armes del Palau Comtal de Cocentaina va acollir el passat dissabte&#8230;<\/p>\n","protected":false},"author":1,"featured_media":66711,"comment_status":"open","ping_status":"open","sticky":false,"template":"","format":"standard","meta":{"footnotes":""},"categories":[98,75],"tags":[10046,10118,132,1984,9430],"class_list":["post-66705","post","type-post","status-publish","format-standard","has-post-thumbnail","hentry","category-comarcas","category-noticias","tag-any-sant","tag-cloenda","tag-cocentaina","tag-mare-de-deu-del-miracle","tag-v-centenari"],"yoast_head":"<!-- This site is optimized with the Yoast SEO plugin v27.3 - https:\/\/yoast.com\/product\/yoast-seo-wordpress\/ -->\n<title>Emotiva cloenda de l&#039;Any Sant de la Mare de D\u00e9u del Miracle - COPE Alcoy<\/title>\n<meta name=\"robots\" content=\"index, follow, max-snippet:-1, max-image-preview:large, max-video-preview:-1\" \/>\n<link rel=\"canonical\" href=\"https:\/\/www.copealcoy.es\/es\/emotiva-cloenda-de-lany-sant-de-la-mare-de-deu-del-miracle\/\" \/>\n<meta property=\"og:locale\" content=\"es_ES\" \/>\n<meta property=\"og:type\" content=\"article\" \/>\n<meta property=\"og:title\" content=\"Emotiva cloenda de l&#039;Any Sant de la Mare de D\u00e9u del Miracle - COPE Alcoy\" \/>\n<meta property=\"og:description\" content=\"Text: Gabriel Pascual \/ Imatge: Pepa Va\u00f1\u00f3 El pati d&#8217;armes del Palau Comtal de Cocentaina va acollir el passat dissabte...\" \/>\n<meta property=\"og:url\" content=\"https:\/\/www.copealcoy.es\/es\/emotiva-cloenda-de-lany-sant-de-la-mare-de-deu-del-miracle\/\" \/>\n<meta property=\"og:site_name\" content=\"COPE Alcoy\" \/>\n<meta property=\"article:published_time\" content=\"2020-10-22T03:02:00+00:00\" \/>\n<meta property=\"article:modified_time\" content=\"2020-10-23T20:15:24+00:00\" \/>\n<meta property=\"og:image\" content=\"https:\/\/www.copealcoy.es\/wp-content\/uploads\/2020\/10\/13-tif-scaled.jpg\" \/>\n\t<meta property=\"og:image:width\" content=\"2560\" \/>\n\t<meta property=\"og:image:height\" content=\"2184\" \/>\n\t<meta property=\"og:image:type\" content=\"image\/jpeg\" \/>\n<meta name=\"author\" content=\"Cope Alcoy\" \/>\n<meta name=\"twitter:label1\" content=\"Escrito por\" \/>\n\t<meta name=\"twitter:data1\" content=\"Cope Alcoy\" \/>\n\t<meta name=\"twitter:label2\" content=\"Tiempo de lectura\" \/>\n\t<meta name=\"twitter:data2\" content=\"2 minutos\" \/>\n<script type=\"application\/ld+json\" class=\"yoast-schema-graph\">{\"@context\":\"https:\\\/\\\/schema.org\",\"@graph\":[{\"@type\":\"Article\",\"@id\":\"https:\\\/\\\/www.copealcoy.es\\\/es\\\/emotiva-cloenda-de-lany-sant-de-la-mare-de-deu-del-miracle\\\/#article\",\"isPartOf\":{\"@id\":\"https:\\\/\\\/www.copealcoy.es\\\/es\\\/emotiva-cloenda-de-lany-sant-de-la-mare-de-deu-del-miracle\\\/\"},\"author\":{\"name\":\"Cope Alcoy\",\"@id\":\"https:\\\/\\\/www.copealcoy.es\\\/es\\\/#\\\/schema\\\/person\\\/e777c87fa024e57d40170af9df39882c\"},\"headline\":\"Emotiva cloenda de l&#8217;Any Sant de la Mare de D\u00e9u del Miracle\",\"datePublished\":\"2020-10-22T03:02:00+00:00\",\"dateModified\":\"2020-10-23T20:15:24+00:00\",\"mainEntityOfPage\":{\"@id\":\"https:\\\/\\\/www.copealcoy.es\\\/es\\\/emotiva-cloenda-de-lany-sant-de-la-mare-de-deu-del-miracle\\\/\"},\"wordCount\":503,\"commentCount\":0,\"image\":{\"@id\":\"https:\\\/\\\/www.copealcoy.es\\\/es\\\/emotiva-cloenda-de-lany-sant-de-la-mare-de-deu-del-miracle\\\/#primaryimage\"},\"thumbnailUrl\":\"https:\\\/\\\/www.copealcoy.es\\\/wp-content\\\/uploads\\\/2020\\\/10\\\/13-tif-scaled.jpg\",\"keywords\":[\"Any Sant\",\"Cloenda\",\"Cocentaina\",\"Mare de D\u00e9u del Miracle\",\"V Centenari\"],\"articleSection\":[\"Comarcas\",\"Noticias\"],\"inLanguage\":\"es\"},{\"@type\":\"WebPage\",\"@id\":\"https:\\\/\\\/www.copealcoy.es\\\/es\\\/emotiva-cloenda-de-lany-sant-de-la-mare-de-deu-del-miracle\\\/\",\"url\":\"https:\\\/\\\/www.copealcoy.es\\\/es\\\/emotiva-cloenda-de-lany-sant-de-la-mare-de-deu-del-miracle\\\/\",\"name\":\"Emotiva cloenda de l'Any Sant de la Mare de D\u00e9u del Miracle - COPE Alcoy\",\"isPartOf\":{\"@id\":\"https:\\\/\\\/www.copealcoy.es\\\/es\\\/#website\"},\"primaryImageOfPage\":{\"@id\":\"https:\\\/\\\/www.copealcoy.es\\\/es\\\/emotiva-cloenda-de-lany-sant-de-la-mare-de-deu-del-miracle\\\/#primaryimage\"},\"image\":{\"@id\":\"https:\\\/\\\/www.copealcoy.es\\\/es\\\/emotiva-cloenda-de-lany-sant-de-la-mare-de-deu-del-miracle\\\/#primaryimage\"},\"thumbnailUrl\":\"https:\\\/\\\/www.copealcoy.es\\\/wp-content\\\/uploads\\\/2020\\\/10\\\/13-tif-scaled.jpg\",\"datePublished\":\"2020-10-22T03:02:00+00:00\",\"dateModified\":\"2020-10-23T20:15:24+00:00\",\"author\":{\"@id\":\"https:\\\/\\\/www.copealcoy.es\\\/es\\\/#\\\/schema\\\/person\\\/e777c87fa024e57d40170af9df39882c\"},\"breadcrumb\":{\"@id\":\"https:\\\/\\\/www.copealcoy.es\\\/es\\\/emotiva-cloenda-de-lany-sant-de-la-mare-de-deu-del-miracle\\\/#breadcrumb\"},\"inLanguage\":\"es\",\"potentialAction\":[{\"@type\":\"ReadAction\",\"target\":[\"https:\\\/\\\/www.copealcoy.es\\\/es\\\/emotiva-cloenda-de-lany-sant-de-la-mare-de-deu-del-miracle\\\/\"]}]},{\"@type\":\"ImageObject\",\"inLanguage\":\"es\",\"@id\":\"https:\\\/\\\/www.copealcoy.es\\\/es\\\/emotiva-cloenda-de-lany-sant-de-la-mare-de-deu-del-miracle\\\/#primaryimage\",\"url\":\"https:\\\/\\\/www.copealcoy.es\\\/wp-content\\\/uploads\\\/2020\\\/10\\\/13-tif-scaled.jpg\",\"contentUrl\":\"https:\\\/\\\/www.copealcoy.es\\\/wp-content\\\/uploads\\\/2020\\\/10\\\/13-tif-scaled.jpg\",\"width\":2560,\"height\":2184,\"caption\":\"Miracle va presidir la Missa de cloenda \\\/ Foto: Pepa Va\u00f1\u00f3\"},{\"@type\":\"BreadcrumbList\",\"@id\":\"https:\\\/\\\/www.copealcoy.es\\\/es\\\/emotiva-cloenda-de-lany-sant-de-la-mare-de-deu-del-miracle\\\/#breadcrumb\",\"itemListElement\":[{\"@type\":\"ListItem\",\"position\":1,\"name\":\"Portada\",\"item\":\"https:\\\/\\\/www.copealcoy.es\\\/es\\\/\"},{\"@type\":\"ListItem\",\"position\":2,\"name\":\"Emotiva cloenda de l&#8217;Any Sant de la Mare de D\u00e9u del Miracle\"}]},{\"@type\":\"WebSite\",\"@id\":\"https:\\\/\\\/www.copealcoy.es\\\/es\\\/#website\",\"url\":\"https:\\\/\\\/www.copealcoy.es\\\/es\\\/\",\"name\":\"COPE Alcoy\",\"description\":\"Emisora COPE de radio local con emisi\u00f3n online. Pont de Sant Jordi 8-10 03803 Alcoy\",\"potentialAction\":[{\"@type\":\"SearchAction\",\"target\":{\"@type\":\"EntryPoint\",\"urlTemplate\":\"https:\\\/\\\/www.copealcoy.es\\\/es\\\/?s={search_term_string}\"},\"query-input\":{\"@type\":\"PropertyValueSpecification\",\"valueRequired\":true,\"valueName\":\"search_term_string\"}}],\"inLanguage\":\"es\"},{\"@type\":\"Person\",\"@id\":\"https:\\\/\\\/www.copealcoy.es\\\/es\\\/#\\\/schema\\\/person\\\/e777c87fa024e57d40170af9df39882c\",\"name\":\"Cope Alcoy\",\"image\":{\"@type\":\"ImageObject\",\"inLanguage\":\"es\",\"@id\":\"https:\\\/\\\/secure.gravatar.com\\\/avatar\\\/bb65d0283347e303893ba14f0692005417c1e0e690a325a4c5d8bb2b3943ee14?s=96&d=mm&r=g\",\"url\":\"https:\\\/\\\/secure.gravatar.com\\\/avatar\\\/bb65d0283347e303893ba14f0692005417c1e0e690a325a4c5d8bb2b3943ee14?s=96&d=mm&r=g\",\"contentUrl\":\"https:\\\/\\\/secure.gravatar.com\\\/avatar\\\/bb65d0283347e303893ba14f0692005417c1e0e690a325a4c5d8bb2b3943ee14?s=96&d=mm&r=g\",\"caption\":\"Cope Alcoy\"}}]}<\/script>\n<!-- \/ Yoast SEO plugin. -->","yoast_head_json":{"title":"Emotiva cloenda de l'Any Sant de la Mare de D\u00e9u del Miracle - COPE Alcoy","robots":{"index":"index","follow":"follow","max-snippet":"max-snippet:-1","max-image-preview":"max-image-preview:large","max-video-preview":"max-video-preview:-1"},"canonical":"https:\/\/www.copealcoy.es\/es\/emotiva-cloenda-de-lany-sant-de-la-mare-de-deu-del-miracle\/","og_locale":"es_ES","og_type":"article","og_title":"Emotiva cloenda de l'Any Sant de la Mare de D\u00e9u del Miracle - COPE Alcoy","og_description":"Text: Gabriel Pascual \/ Imatge: Pepa Va\u00f1\u00f3 El pati d&#8217;armes del Palau Comtal de Cocentaina va acollir el passat dissabte...","og_url":"https:\/\/www.copealcoy.es\/es\/emotiva-cloenda-de-lany-sant-de-la-mare-de-deu-del-miracle\/","og_site_name":"COPE Alcoy","article_published_time":"2020-10-22T03:02:00+00:00","article_modified_time":"2020-10-23T20:15:24+00:00","og_image":[{"width":2560,"height":2184,"url":"https:\/\/www.copealcoy.es\/wp-content\/uploads\/2020\/10\/13-tif-scaled.jpg","type":"image\/jpeg"}],"author":"Cope Alcoy","twitter_misc":{"Escrito por":"Cope Alcoy","Tiempo de lectura":"2 minutos"},"schema":{"@context":"https:\/\/schema.org","@graph":[{"@type":"Article","@id":"https:\/\/www.copealcoy.es\/es\/emotiva-cloenda-de-lany-sant-de-la-mare-de-deu-del-miracle\/#article","isPartOf":{"@id":"https:\/\/www.copealcoy.es\/es\/emotiva-cloenda-de-lany-sant-de-la-mare-de-deu-del-miracle\/"},"author":{"name":"Cope Alcoy","@id":"https:\/\/www.copealcoy.es\/es\/#\/schema\/person\/e777c87fa024e57d40170af9df39882c"},"headline":"Emotiva cloenda de l&#8217;Any Sant de la Mare de D\u00e9u del Miracle","datePublished":"2020-10-22T03:02:00+00:00","dateModified":"2020-10-23T20:15:24+00:00","mainEntityOfPage":{"@id":"https:\/\/www.copealcoy.es\/es\/emotiva-cloenda-de-lany-sant-de-la-mare-de-deu-del-miracle\/"},"wordCount":503,"commentCount":0,"image":{"@id":"https:\/\/www.copealcoy.es\/es\/emotiva-cloenda-de-lany-sant-de-la-mare-de-deu-del-miracle\/#primaryimage"},"thumbnailUrl":"https:\/\/www.copealcoy.es\/wp-content\/uploads\/2020\/10\/13-tif-scaled.jpg","keywords":["Any Sant","Cloenda","Cocentaina","Mare de D\u00e9u del Miracle","V Centenari"],"articleSection":["Comarcas","Noticias"],"inLanguage":"es"},{"@type":"WebPage","@id":"https:\/\/www.copealcoy.es\/es\/emotiva-cloenda-de-lany-sant-de-la-mare-de-deu-del-miracle\/","url":"https:\/\/www.copealcoy.es\/es\/emotiva-cloenda-de-lany-sant-de-la-mare-de-deu-del-miracle\/","name":"Emotiva cloenda de l'Any Sant de la Mare de D\u00e9u del Miracle - COPE Alcoy","isPartOf":{"@id":"https:\/\/www.copealcoy.es\/es\/#website"},"primaryImageOfPage":{"@id":"https:\/\/www.copealcoy.es\/es\/emotiva-cloenda-de-lany-sant-de-la-mare-de-deu-del-miracle\/#primaryimage"},"image":{"@id":"https:\/\/www.copealcoy.es\/es\/emotiva-cloenda-de-lany-sant-de-la-mare-de-deu-del-miracle\/#primaryimage"},"thumbnailUrl":"https:\/\/www.copealcoy.es\/wp-content\/uploads\/2020\/10\/13-tif-scaled.jpg","datePublished":"2020-10-22T03:02:00+00:00","dateModified":"2020-10-23T20:15:24+00:00","author":{"@id":"https:\/\/www.copealcoy.es\/es\/#\/schema\/person\/e777c87fa024e57d40170af9df39882c"},"breadcrumb":{"@id":"https:\/\/www.copealcoy.es\/es\/emotiva-cloenda-de-lany-sant-de-la-mare-de-deu-del-miracle\/#breadcrumb"},"inLanguage":"es","potentialAction":[{"@type":"ReadAction","target":["https:\/\/www.copealcoy.es\/es\/emotiva-cloenda-de-lany-sant-de-la-mare-de-deu-del-miracle\/"]}]},{"@type":"ImageObject","inLanguage":"es","@id":"https:\/\/www.copealcoy.es\/es\/emotiva-cloenda-de-lany-sant-de-la-mare-de-deu-del-miracle\/#primaryimage","url":"https:\/\/www.copealcoy.es\/wp-content\/uploads\/2020\/10\/13-tif-scaled.jpg","contentUrl":"https:\/\/www.copealcoy.es\/wp-content\/uploads\/2020\/10\/13-tif-scaled.jpg","width":2560,"height":2184,"caption":"Miracle va presidir la Missa de cloenda \/ Foto: Pepa Va\u00f1\u00f3"},{"@type":"BreadcrumbList","@id":"https:\/\/www.copealcoy.es\/es\/emotiva-cloenda-de-lany-sant-de-la-mare-de-deu-del-miracle\/#breadcrumb","itemListElement":[{"@type":"ListItem","position":1,"name":"Portada","item":"https:\/\/www.copealcoy.es\/es\/"},{"@type":"ListItem","position":2,"name":"Emotiva cloenda de l&#8217;Any Sant de la Mare de D\u00e9u del Miracle"}]},{"@type":"WebSite","@id":"https:\/\/www.copealcoy.es\/es\/#website","url":"https:\/\/www.copealcoy.es\/es\/","name":"COPE Alcoy","description":"Emisora COPE de radio local con emisi\u00f3n online. Pont de Sant Jordi 8-10 03803 Alcoy","potentialAction":[{"@type":"SearchAction","target":{"@type":"EntryPoint","urlTemplate":"https:\/\/www.copealcoy.es\/es\/?s={search_term_string}"},"query-input":{"@type":"PropertyValueSpecification","valueRequired":true,"valueName":"search_term_string"}}],"inLanguage":"es"},{"@type":"Person","@id":"https:\/\/www.copealcoy.es\/es\/#\/schema\/person\/e777c87fa024e57d40170af9df39882c","name":"Cope Alcoy","image":{"@type":"ImageObject","inLanguage":"es","@id":"https:\/\/secure.gravatar.com\/avatar\/bb65d0283347e303893ba14f0692005417c1e0e690a325a4c5d8bb2b3943ee14?s=96&d=mm&r=g","url":"https:\/\/secure.gravatar.com\/avatar\/bb65d0283347e303893ba14f0692005417c1e0e690a325a4c5d8bb2b3943ee14?s=96&d=mm&r=g","contentUrl":"https:\/\/secure.gravatar.com\/avatar\/bb65d0283347e303893ba14f0692005417c1e0e690a325a4c5d8bb2b3943ee14?s=96&d=mm&r=g","caption":"Cope Alcoy"}}]}},"_links":{"self":[{"href":"https:\/\/www.copealcoy.es\/es\/wp-json\/wp\/v2\/posts\/66705","targetHints":{"allow":["GET"]}}],"collection":[{"href":"https:\/\/www.copealcoy.es\/es\/wp-json\/wp\/v2\/posts"}],"about":[{"href":"https:\/\/www.copealcoy.es\/es\/wp-json\/wp\/v2\/types\/post"}],"author":[{"embeddable":true,"href":"https:\/\/www.copealcoy.es\/es\/wp-json\/wp\/v2\/users\/1"}],"replies":[{"embeddable":true,"href":"https:\/\/www.copealcoy.es\/es\/wp-json\/wp\/v2\/comments?post=66705"}],"version-history":[{"count":0,"href":"https:\/\/www.copealcoy.es\/es\/wp-json\/wp\/v2\/posts\/66705\/revisions"}],"wp:featuredmedia":[{"embeddable":true,"href":"https:\/\/www.copealcoy.es\/es\/wp-json\/wp\/v2\/media\/66711"}],"wp:attachment":[{"href":"https:\/\/www.copealcoy.es\/es\/wp-json\/wp\/v2\/media?parent=66705"}],"wp:term":[{"taxonomy":"category","embeddable":true,"href":"https:\/\/www.copealcoy.es\/es\/wp-json\/wp\/v2\/categories?post=66705"},{"taxonomy":"post_tag","embeddable":true,"href":"https:\/\/www.copealcoy.es\/es\/wp-json\/wp\/v2\/tags?post=66705"}],"curies":[{"name":"wp","href":"https:\/\/api.w.org\/{rel}","templated":true}]}}