{"id":66610,"date":"2020-10-20T15:33:54","date_gmt":"2020-10-20T15:33:54","guid":{"rendered":"https:\/\/www.copealcoy.es\/?p=66610"},"modified":"2020-10-20T15:56:32","modified_gmt":"2020-10-20T15:56:32","slug":"el-campus-de-alcoy-impartira-el-grado-en-ingenieria-informatica-industrial-y-robotica","status":"publish","type":"post","link":"https:\/\/www.copealcoy.es\/es\/el-campus-de-alcoy-impartira-el-grado-en-ingenieria-informatica-industrial-y-robotica\/","title":{"rendered":"El Campus de Alcoy impartir\u00e1 el Grado en Ingenier\u00eda Inform\u00e1tica Industrial y Rob\u00f3tica"},"content":{"rendered":"<p style=\"text-align: justify;\">El <strong>Campus de Alcoy de la Universidad Polit\u00e9cnica de Valencia<\/strong> impartir\u00e1 de cara al pr\u00f3ximo curso acad\u00e9mico <strong>el Grado en Ingenier\u00eda Inform\u00e1tica Industrial y Rob\u00f3tica<\/strong>.<\/p>\n<p style=\"text-align: justify;\"><span lang=\"ES\">Este nuevo t\u00edtulo, seg\u00fan informa la instituci\u00f3n universitaria, t<strong>iene como objetivo la formaci\u00f3n de profesionales competentes<\/strong> con profundos conocimientos de Ingenier\u00eda Inform\u00e1tica y Rob\u00f3tica. Todo ello para conseguir que <strong>sean capaces de abordar el despliegue de la Industria Inteligente o Industria 4.0<\/strong>, un paradigma de fabricaci\u00f3n industrial en la que todos los sistemas productivos est\u00e1n fuertemente informatizados e interconectados.\u00a0<\/span><\/p>\n<p style=\"text-align: justify;\"><span lang=\"ES\">El Consejo de Gobierno de la <b>Universitat Polit\u00e8cnica de Val\u00e8ncia (UPV)\u00a0<\/b>ha aprobado <strong>los informes de validaci\u00f3n y las memorias de verificaci\u00f3n<\/strong> que permitir\u00e1n que nuestra ciudad se imparta el citado m\u00e1ster. Esta oferta educativa <strong>contar\u00e1 con cerca de 50 plazas<\/strong> en el curso 2020\/2021.\u00a0<\/span><\/p>\n","protected":false},"excerpt":{"rendered":"<p>El Campus de Alcoy de la Universidad Polit\u00e9cnica de Valencia impartir\u00e1 de cara al pr\u00f3ximo curso acad\u00e9mico el Grado en&#8230;<\/p>\n","protected":false},"author":1,"featured_media":13772,"comment_status":"open","ping_status":"open","sticky":false,"template":"","format":"standard","meta":{"footnotes":""},"categories":[97,5374,900,75],"tags":[1862,10091,938,4381],"class_list":["post-66610","post","type-post","status-publish","format-standard","has-post-thumbnail","hentry","category-alcoy","category-campus-de-alcoy","category-educacion","category-noticias","tag-campus-de-alcoy","tag-grado-ingenieria-informatica-industrial","tag-robotica","tag-universidad-politecnica-de-valencia"],"yoast_head":"<!-- This site is optimized with the Yoast SEO plugin v27.3 - https:\/\/yoast.com\/product\/yoast-seo-wordpress\/ -->\n<title>El Campus de Alcoy impartir\u00e1 el Grado en Ingenier\u00eda Inform\u00e1tica Industrial y Rob\u00f3tica - COPE Alcoy<\/title>\n<meta name=\"robots\" content=\"index, follow, max-snippet:-1, max-image-preview:large, max-video-preview:-1\" \/>\n<link rel=\"canonical\" href=\"https:\/\/www.copealcoy.es\/es\/el-campus-de-alcoy-impartira-el-grado-en-ingenieria-informatica-industrial-y-robotica\/\" \/>\n<meta property=\"og:locale\" content=\"es_ES\" \/>\n<meta property=\"og:type\" content=\"article\" \/>\n<meta property=\"og:title\" content=\"El Campus de Alcoy impartir\u00e1 el Grado en Ingenier\u00eda Inform\u00e1tica Industrial y Rob\u00f3tica - COPE Alcoy\" \/>\n<meta property=\"og:description\" content=\"El Campus de Alcoy de la Universidad Polit\u00e9cnica de Valencia impartir\u00e1 de cara al pr\u00f3ximo curso acad\u00e9mico el Grado en...\" \/>\n<meta property=\"og:url\" content=\"https:\/\/www.copealcoy.es\/es\/el-campus-de-alcoy-impartira-el-grado-en-ingenieria-informatica-industrial-y-robotica\/\" \/>\n<meta property=\"og:site_name\" content=\"COPE Alcoy\" \/>\n<meta property=\"article:published_time\" content=\"2020-10-20T15:33:54+00:00\" \/>\n<meta property=\"article:modified_time\" content=\"2020-10-20T15:56:32+00:00\" \/>\n<meta property=\"og:image\" content=\"https:\/\/www.copealcoy.es\/wp-content\/uploads\/2015\/06\/417484_10150580001116820_218732162_n.jpg\" \/>\n\t<meta property=\"og:image:width\" content=\"720\" \/>\n\t<meta property=\"og:image:height\" content=\"478\" \/>\n\t<meta property=\"og:image:type\" content=\"image\/jpeg\" \/>\n<meta name=\"author\" content=\"Cope Alcoy\" \/>\n<meta name=\"twitter:label1\" content=\"Escrito por\" \/>\n\t<meta name=\"twitter:data1\" content=\"Cope Alcoy\" \/>\n\t<meta name=\"twitter:label2\" content=\"Tiempo de lectura\" \/>\n\t<meta name=\"twitter:data2\" content=\"1 minuto\" \/>\n<script type=\"application\/ld+json\" class=\"yoast-schema-graph\">{\"@context\":\"https:\\\/\\\/schema.org\",\"@graph\":[{\"@type\":\"Article\",\"@id\":\"https:\\\/\\\/www.copealcoy.es\\\/es\\\/el-campus-de-alcoy-impartira-el-grado-en-ingenieria-informatica-industrial-y-robotica\\\/#article\",\"isPartOf\":{\"@id\":\"https:\\\/\\\/www.copealcoy.es\\\/es\\\/el-campus-de-alcoy-impartira-el-grado-en-ingenieria-informatica-industrial-y-robotica\\\/\"},\"author\":{\"name\":\"Cope Alcoy\",\"@id\":\"https:\\\/\\\/www.copealcoy.es\\\/es\\\/#\\\/schema\\\/person\\\/e777c87fa024e57d40170af9df39882c\"},\"headline\":\"El Campus de Alcoy impartir\u00e1 el Grado en Ingenier\u00eda Inform\u00e1tica Industrial y Rob\u00f3tica\",\"datePublished\":\"2020-10-20T15:33:54+00:00\",\"dateModified\":\"2020-10-20T15:56:32+00:00\",\"mainEntityOfPage\":{\"@id\":\"https:\\\/\\\/www.copealcoy.es\\\/es\\\/el-campus-de-alcoy-impartira-el-grado-en-ingenieria-informatica-industrial-y-robotica\\\/\"},\"wordCount\":163,\"commentCount\":0,\"image\":{\"@id\":\"https:\\\/\\\/www.copealcoy.es\\\/es\\\/el-campus-de-alcoy-impartira-el-grado-en-ingenieria-informatica-industrial-y-robotica\\\/#primaryimage\"},\"thumbnailUrl\":\"https:\\\/\\\/www.copealcoy.es\\\/wp-content\\\/uploads\\\/2015\\\/06\\\/417484_10150580001116820_218732162_n.jpg\",\"keywords\":[\"Campus de Alcoy\",\"Grado Ingenier\u00eda Inform\u00e1tica Industrial\",\"Rob\u00f3tica\",\"Universidad Polit\u00e9cnica de Valencia\"],\"articleSection\":[\"Alcoy\",\"Campus de Alcoy\",\"Educaci\u00f3n\",\"Noticias\"],\"inLanguage\":\"es\"},{\"@type\":\"WebPage\",\"@id\":\"https:\\\/\\\/www.copealcoy.es\\\/es\\\/el-campus-de-alcoy-impartira-el-grado-en-ingenieria-informatica-industrial-y-robotica\\\/\",\"url\":\"https:\\\/\\\/www.copealcoy.es\\\/es\\\/el-campus-de-alcoy-impartira-el-grado-en-ingenieria-informatica-industrial-y-robotica\\\/\",\"name\":\"El Campus de Alcoy impartir\u00e1 el Grado en Ingenier\u00eda Inform\u00e1tica Industrial y Rob\u00f3tica - COPE Alcoy\",\"isPartOf\":{\"@id\":\"https:\\\/\\\/www.copealcoy.es\\\/es\\\/#website\"},\"primaryImageOfPage\":{\"@id\":\"https:\\\/\\\/www.copealcoy.es\\\/es\\\/el-campus-de-alcoy-impartira-el-grado-en-ingenieria-informatica-industrial-y-robotica\\\/#primaryimage\"},\"image\":{\"@id\":\"https:\\\/\\\/www.copealcoy.es\\\/es\\\/el-campus-de-alcoy-impartira-el-grado-en-ingenieria-informatica-industrial-y-robotica\\\/#primaryimage\"},\"thumbnailUrl\":\"https:\\\/\\\/www.copealcoy.es\\\/wp-content\\\/uploads\\\/2015\\\/06\\\/417484_10150580001116820_218732162_n.jpg\",\"datePublished\":\"2020-10-20T15:33:54+00:00\",\"dateModified\":\"2020-10-20T15:56:32+00:00\",\"author\":{\"@id\":\"https:\\\/\\\/www.copealcoy.es\\\/es\\\/#\\\/schema\\\/person\\\/e777c87fa024e57d40170af9df39882c\"},\"breadcrumb\":{\"@id\":\"https:\\\/\\\/www.copealcoy.es\\\/es\\\/el-campus-de-alcoy-impartira-el-grado-en-ingenieria-informatica-industrial-y-robotica\\\/#breadcrumb\"},\"inLanguage\":\"es\",\"potentialAction\":[{\"@type\":\"ReadAction\",\"target\":[\"https:\\\/\\\/www.copealcoy.es\\\/es\\\/el-campus-de-alcoy-impartira-el-grado-en-ingenieria-informatica-industrial-y-robotica\\\/\"]}]},{\"@type\":\"ImageObject\",\"inLanguage\":\"es\",\"@id\":\"https:\\\/\\\/www.copealcoy.es\\\/es\\\/el-campus-de-alcoy-impartira-el-grado-en-ingenieria-informatica-industrial-y-robotica\\\/#primaryimage\",\"url\":\"https:\\\/\\\/www.copealcoy.es\\\/wp-content\\\/uploads\\\/2015\\\/06\\\/417484_10150580001116820_218732162_n.jpg\",\"contentUrl\":\"https:\\\/\\\/www.copealcoy.es\\\/wp-content\\\/uploads\\\/2015\\\/06\\\/417484_10150580001116820_218732162_n.jpg\",\"width\":720,\"height\":478,\"caption\":\"Campus de Alcoy de la Universidad Polit\u00e9cnica de Valencia\"},{\"@type\":\"BreadcrumbList\",\"@id\":\"https:\\\/\\\/www.copealcoy.es\\\/es\\\/el-campus-de-alcoy-impartira-el-grado-en-ingenieria-informatica-industrial-y-robotica\\\/#breadcrumb\",\"itemListElement\":[{\"@type\":\"ListItem\",\"position\":1,\"name\":\"Portada\",\"item\":\"https:\\\/\\\/www.copealcoy.es\\\/es\\\/\"},{\"@type\":\"ListItem\",\"position\":2,\"name\":\"El Campus de Alcoy impartir\u00e1 el Grado en Ingenier\u00eda Inform\u00e1tica Industrial y Rob\u00f3tica\"}]},{\"@type\":\"WebSite\",\"@id\":\"https:\\\/\\\/www.copealcoy.es\\\/es\\\/#website\",\"url\":\"https:\\\/\\\/www.copealcoy.es\\\/es\\\/\",\"name\":\"COPE Alcoy\",\"description\":\"Emisora COPE de radio local con emisi\u00f3n online. Pont de Sant Jordi 8-10 03803 Alcoy\",\"potentialAction\":[{\"@type\":\"SearchAction\",\"target\":{\"@type\":\"EntryPoint\",\"urlTemplate\":\"https:\\\/\\\/www.copealcoy.es\\\/es\\\/?s={search_term_string}\"},\"query-input\":{\"@type\":\"PropertyValueSpecification\",\"valueRequired\":true,\"valueName\":\"search_term_string\"}}],\"inLanguage\":\"es\"},{\"@type\":\"Person\",\"@id\":\"https:\\\/\\\/www.copealcoy.es\\\/es\\\/#\\\/schema\\\/person\\\/e777c87fa024e57d40170af9df39882c\",\"name\":\"Cope Alcoy\",\"image\":{\"@type\":\"ImageObject\",\"inLanguage\":\"es\",\"@id\":\"https:\\\/\\\/secure.gravatar.com\\\/avatar\\\/bb65d0283347e303893ba14f0692005417c1e0e690a325a4c5d8bb2b3943ee14?s=96&d=mm&r=g\",\"url\":\"https:\\\/\\\/secure.gravatar.com\\\/avatar\\\/bb65d0283347e303893ba14f0692005417c1e0e690a325a4c5d8bb2b3943ee14?s=96&d=mm&r=g\",\"contentUrl\":\"https:\\\/\\\/secure.gravatar.com\\\/avatar\\\/bb65d0283347e303893ba14f0692005417c1e0e690a325a4c5d8bb2b3943ee14?s=96&d=mm&r=g\",\"caption\":\"Cope Alcoy\"}}]}<\/script>\n<!-- \/ Yoast SEO plugin. -->","yoast_head_json":{"title":"El Campus de Alcoy impartir\u00e1 el Grado en Ingenier\u00eda Inform\u00e1tica Industrial y Rob\u00f3tica - COPE Alcoy","robots":{"index":"index","follow":"follow","max-snippet":"max-snippet:-1","max-image-preview":"max-image-preview:large","max-video-preview":"max-video-preview:-1"},"canonical":"https:\/\/www.copealcoy.es\/es\/el-campus-de-alcoy-impartira-el-grado-en-ingenieria-informatica-industrial-y-robotica\/","og_locale":"es_ES","og_type":"article","og_title":"El Campus de Alcoy impartir\u00e1 el Grado en Ingenier\u00eda Inform\u00e1tica Industrial y Rob\u00f3tica - COPE Alcoy","og_description":"El Campus de Alcoy de la Universidad Polit\u00e9cnica de Valencia impartir\u00e1 de cara al pr\u00f3ximo curso acad\u00e9mico el Grado en...","og_url":"https:\/\/www.copealcoy.es\/es\/el-campus-de-alcoy-impartira-el-grado-en-ingenieria-informatica-industrial-y-robotica\/","og_site_name":"COPE Alcoy","article_published_time":"2020-10-20T15:33:54+00:00","article_modified_time":"2020-10-20T15:56:32+00:00","og_image":[{"width":720,"height":478,"url":"https:\/\/www.copealcoy.es\/wp-content\/uploads\/2015\/06\/417484_10150580001116820_218732162_n.jpg","type":"image\/jpeg"}],"author":"Cope Alcoy","twitter_misc":{"Escrito por":"Cope Alcoy","Tiempo de lectura":"1 minuto"},"schema":{"@context":"https:\/\/schema.org","@graph":[{"@type":"Article","@id":"https:\/\/www.copealcoy.es\/es\/el-campus-de-alcoy-impartira-el-grado-en-ingenieria-informatica-industrial-y-robotica\/#article","isPartOf":{"@id":"https:\/\/www.copealcoy.es\/es\/el-campus-de-alcoy-impartira-el-grado-en-ingenieria-informatica-industrial-y-robotica\/"},"author":{"name":"Cope Alcoy","@id":"https:\/\/www.copealcoy.es\/es\/#\/schema\/person\/e777c87fa024e57d40170af9df39882c"},"headline":"El Campus de Alcoy impartir\u00e1 el Grado en Ingenier\u00eda Inform\u00e1tica Industrial y Rob\u00f3tica","datePublished":"2020-10-20T15:33:54+00:00","dateModified":"2020-10-20T15:56:32+00:00","mainEntityOfPage":{"@id":"https:\/\/www.copealcoy.es\/es\/el-campus-de-alcoy-impartira-el-grado-en-ingenieria-informatica-industrial-y-robotica\/"},"wordCount":163,"commentCount":0,"image":{"@id":"https:\/\/www.copealcoy.es\/es\/el-campus-de-alcoy-impartira-el-grado-en-ingenieria-informatica-industrial-y-robotica\/#primaryimage"},"thumbnailUrl":"https:\/\/www.copealcoy.es\/wp-content\/uploads\/2015\/06\/417484_10150580001116820_218732162_n.jpg","keywords":["Campus de Alcoy","Grado Ingenier\u00eda Inform\u00e1tica Industrial","Rob\u00f3tica","Universidad Polit\u00e9cnica de Valencia"],"articleSection":["Alcoy","Campus de Alcoy","Educaci\u00f3n","Noticias"],"inLanguage":"es"},{"@type":"WebPage","@id":"https:\/\/www.copealcoy.es\/es\/el-campus-de-alcoy-impartira-el-grado-en-ingenieria-informatica-industrial-y-robotica\/","url":"https:\/\/www.copealcoy.es\/es\/el-campus-de-alcoy-impartira-el-grado-en-ingenieria-informatica-industrial-y-robotica\/","name":"El Campus de Alcoy impartir\u00e1 el Grado en Ingenier\u00eda Inform\u00e1tica Industrial y Rob\u00f3tica - COPE Alcoy","isPartOf":{"@id":"https:\/\/www.copealcoy.es\/es\/#website"},"primaryImageOfPage":{"@id":"https:\/\/www.copealcoy.es\/es\/el-campus-de-alcoy-impartira-el-grado-en-ingenieria-informatica-industrial-y-robotica\/#primaryimage"},"image":{"@id":"https:\/\/www.copealcoy.es\/es\/el-campus-de-alcoy-impartira-el-grado-en-ingenieria-informatica-industrial-y-robotica\/#primaryimage"},"thumbnailUrl":"https:\/\/www.copealcoy.es\/wp-content\/uploads\/2015\/06\/417484_10150580001116820_218732162_n.jpg","datePublished":"2020-10-20T15:33:54+00:00","dateModified":"2020-10-20T15:56:32+00:00","author":{"@id":"https:\/\/www.copealcoy.es\/es\/#\/schema\/person\/e777c87fa024e57d40170af9df39882c"},"breadcrumb":{"@id":"https:\/\/www.copealcoy.es\/es\/el-campus-de-alcoy-impartira-el-grado-en-ingenieria-informatica-industrial-y-robotica\/#breadcrumb"},"inLanguage":"es","potentialAction":[{"@type":"ReadAction","target":["https:\/\/www.copealcoy.es\/es\/el-campus-de-alcoy-impartira-el-grado-en-ingenieria-informatica-industrial-y-robotica\/"]}]},{"@type":"ImageObject","inLanguage":"es","@id":"https:\/\/www.copealcoy.es\/es\/el-campus-de-alcoy-impartira-el-grado-en-ingenieria-informatica-industrial-y-robotica\/#primaryimage","url":"https:\/\/www.copealcoy.es\/wp-content\/uploads\/2015\/06\/417484_10150580001116820_218732162_n.jpg","contentUrl":"https:\/\/www.copealcoy.es\/wp-content\/uploads\/2015\/06\/417484_10150580001116820_218732162_n.jpg","width":720,"height":478,"caption":"Campus de Alcoy de la Universidad Polit\u00e9cnica de Valencia"},{"@type":"BreadcrumbList","@id":"https:\/\/www.copealcoy.es\/es\/el-campus-de-alcoy-impartira-el-grado-en-ingenieria-informatica-industrial-y-robotica\/#breadcrumb","itemListElement":[{"@type":"ListItem","position":1,"name":"Portada","item":"https:\/\/www.copealcoy.es\/es\/"},{"@type":"ListItem","position":2,"name":"El Campus de Alcoy impartir\u00e1 el Grado en Ingenier\u00eda Inform\u00e1tica Industrial y Rob\u00f3tica"}]},{"@type":"WebSite","@id":"https:\/\/www.copealcoy.es\/es\/#website","url":"https:\/\/www.copealcoy.es\/es\/","name":"COPE Alcoy","description":"Emisora COPE de radio local con emisi\u00f3n online. Pont de Sant Jordi 8-10 03803 Alcoy","potentialAction":[{"@type":"SearchAction","target":{"@type":"EntryPoint","urlTemplate":"https:\/\/www.copealcoy.es\/es\/?s={search_term_string}"},"query-input":{"@type":"PropertyValueSpecification","valueRequired":true,"valueName":"search_term_string"}}],"inLanguage":"es"},{"@type":"Person","@id":"https:\/\/www.copealcoy.es\/es\/#\/schema\/person\/e777c87fa024e57d40170af9df39882c","name":"Cope Alcoy","image":{"@type":"ImageObject","inLanguage":"es","@id":"https:\/\/secure.gravatar.com\/avatar\/bb65d0283347e303893ba14f0692005417c1e0e690a325a4c5d8bb2b3943ee14?s=96&d=mm&r=g","url":"https:\/\/secure.gravatar.com\/avatar\/bb65d0283347e303893ba14f0692005417c1e0e690a325a4c5d8bb2b3943ee14?s=96&d=mm&r=g","contentUrl":"https:\/\/secure.gravatar.com\/avatar\/bb65d0283347e303893ba14f0692005417c1e0e690a325a4c5d8bb2b3943ee14?s=96&d=mm&r=g","caption":"Cope Alcoy"}}]}},"_links":{"self":[{"href":"https:\/\/www.copealcoy.es\/es\/wp-json\/wp\/v2\/posts\/66610","targetHints":{"allow":["GET"]}}],"collection":[{"href":"https:\/\/www.copealcoy.es\/es\/wp-json\/wp\/v2\/posts"}],"about":[{"href":"https:\/\/www.copealcoy.es\/es\/wp-json\/wp\/v2\/types\/post"}],"author":[{"embeddable":true,"href":"https:\/\/www.copealcoy.es\/es\/wp-json\/wp\/v2\/users\/1"}],"replies":[{"embeddable":true,"href":"https:\/\/www.copealcoy.es\/es\/wp-json\/wp\/v2\/comments?post=66610"}],"version-history":[{"count":0,"href":"https:\/\/www.copealcoy.es\/es\/wp-json\/wp\/v2\/posts\/66610\/revisions"}],"wp:featuredmedia":[{"embeddable":true,"href":"https:\/\/www.copealcoy.es\/es\/wp-json\/wp\/v2\/media\/13772"}],"wp:attachment":[{"href":"https:\/\/www.copealcoy.es\/es\/wp-json\/wp\/v2\/media?parent=66610"}],"wp:term":[{"taxonomy":"category","embeddable":true,"href":"https:\/\/www.copealcoy.es\/es\/wp-json\/wp\/v2\/categories?post=66610"},{"taxonomy":"post_tag","embeddable":true,"href":"https:\/\/www.copealcoy.es\/es\/wp-json\/wp\/v2\/tags?post=66610"}],"curies":[{"name":"wp","href":"https:\/\/api.w.org\/{rel}","templated":true}]}}