{"id":66603,"date":"2020-10-20T07:00:00","date_gmt":"2020-10-20T07:00:00","guid":{"rendered":"https:\/\/www.copealcoy.es\/?p=66603"},"modified":"2020-10-20T15:31:43","modified_gmt":"2020-10-20T15:31:43","slug":"el-pp-denuncia-una-tala-masiva-de-arboles-para-construir-el-nuevo-campo-de-futbol-de-alcoy","status":"publish","type":"post","link":"https:\/\/www.copealcoy.es\/es\/el-pp-denuncia-una-tala-masiva-de-arboles-para-construir-el-nuevo-campo-de-futbol-de-alcoy\/","title":{"rendered":"El PP denuncia una tala masiva de \u00e1rboles para construir el nuevo campo de f\u00fatbol de Alcoy"},"content":{"rendered":"<p style=\"text-align: justify;\">El Partido Popular de Alcoy denuncia que<strong> el Ayuntamiento incumpli\u00f3 el contrato de arrendamiento de los terrenos de la ampliaci\u00f3n del polideportivo Francisco Laporta <\/strong>al ejecutar <strong>una tala masiva de \u00e1rboles<\/strong>, una actuaci\u00f3n que se realiz\u00f3 para construir un nuevo campo de f\u00fatbol.<\/p>\n<p style=\"text-align: justify;\">Los populares detallan que el Gobierno Municipal Socialista ejecut\u00f3 esta tala a espaldas de la Font Roja pese a que el contrato firmado en 1981 reflejaba que e<strong>l aprovechamiento maderero de la finca se lo reserva la arrendadora <\/strong>no pudi\u00e9ndose as\u00ed cortar \u00e1rboles sin su autorizaci\u00f3n. En este sentido el portavoz del PP,<strong> Quique Ruiz, <\/strong>ha se\u00f1alado que el Ejecutivo de Franc\u00e9s ha vuelto a actuar de forma temeraria &#8220;<em>no es admisible que el Gobierno diga ahora que nadie reclam\u00f3 los terrenos y que no tiene inconveniente en negociar con los propietarios. Reconocen que sab\u00edan que los terrenos eran privados y, en lugar de negociar antes de invertir 800.000 euros en obras, lo quieren hacer despu\u00e9s, cuando el gasto est\u00e1 ya realizado. No solo empezaron la obra a sabiendas de que el terreno era particular, sino que, adem\u00e1s, se saltaron el contrato al ejecutar una tala sin permiso alguno. Cuanto m\u00e1s vamos sabiendo de c\u00f3mo ha gestionado Antonio Franc\u00e9s este proyecto m\u00e1s grave nos parece su irresponsabilidad, temeridad y negligencia<\/em>&#8220;,\u00a0lamenta el edil.<\/p>\n<p style=\"text-align: justify;\">Por \u00faltimo el PP recuerda que <strong>el proyecto ejecutado cuesta 690.000 euros, <\/strong>a los que hay que a\u00f1adir<strong> los vestuarios prefabricados <\/strong>que saldr\u00e1n a concurso por 166.000 euros.\u00a0<\/p>\n\n\n<p><\/p>\n","protected":false},"excerpt":{"rendered":"<p>El Partido Popular de Alcoy denuncia que el Ayuntamiento incumpli\u00f3 el contrato de arrendamiento de los terrenos de la ampliaci\u00f3n&#8230;<\/p>\n","protected":false},"author":1,"featured_media":66605,"comment_status":"open","ping_status":"open","sticky":false,"template":"","format":"standard","meta":{"footnotes":""},"categories":[97,75,79],"tags":[1494,366,1461,10090,448,10089],"class_list":["post-66603","post","type-post","status-publish","format-standard","has-post-thumbnail","hentry","category-alcoy","category-noticias","category-politicayeconomia","tag-alcoy","tag-arboles","tag-denuncia","tag-nuevo-campo-de-futbol","tag-partido-popular","tag-tala-masiva"],"yoast_head":"<!-- This site is optimized with the Yoast SEO plugin v27.3 - https:\/\/yoast.com\/product\/yoast-seo-wordpress\/ -->\n<title>El PP denuncia una tala masiva de \u00e1rboles para construir el nuevo campo de f\u00fatbol de Alcoy - COPE Alcoy<\/title>\n<meta name=\"robots\" content=\"index, follow, max-snippet:-1, max-image-preview:large, max-video-preview:-1\" \/>\n<link rel=\"canonical\" href=\"https:\/\/www.copealcoy.es\/es\/el-pp-denuncia-una-tala-masiva-de-arboles-para-construir-el-nuevo-campo-de-futbol-de-alcoy\/\" \/>\n<meta property=\"og:locale\" content=\"es_ES\" \/>\n<meta property=\"og:type\" content=\"article\" \/>\n<meta property=\"og:title\" content=\"El PP denuncia una tala masiva de \u00e1rboles para construir el nuevo campo de f\u00fatbol de Alcoy - COPE Alcoy\" \/>\n<meta property=\"og:description\" content=\"El Partido Popular de Alcoy denuncia que el Ayuntamiento incumpli\u00f3 el contrato de arrendamiento de los terrenos de la ampliaci\u00f3n...\" \/>\n<meta property=\"og:url\" content=\"https:\/\/www.copealcoy.es\/es\/el-pp-denuncia-una-tala-masiva-de-arboles-para-construir-el-nuevo-campo-de-futbol-de-alcoy\/\" \/>\n<meta property=\"og:site_name\" content=\"COPE Alcoy\" \/>\n<meta property=\"article:published_time\" content=\"2020-10-20T07:00:00+00:00\" \/>\n<meta property=\"article:modified_time\" content=\"2020-10-20T15:31:43+00:00\" \/>\n<meta property=\"og:image\" content=\"https:\/\/www.copealcoy.es\/wp-content\/uploads\/2020\/10\/20201019_tala_arboles_polideportivo-1024x576-1.jpg\" \/>\n\t<meta property=\"og:image:width\" content=\"1024\" \/>\n\t<meta property=\"og:image:height\" content=\"576\" \/>\n\t<meta property=\"og:image:type\" content=\"image\/jpeg\" \/>\n<meta name=\"author\" content=\"Cope Alcoy\" \/>\n<meta name=\"twitter:label1\" content=\"Escrito por\" \/>\n\t<meta name=\"twitter:data1\" content=\"Cope Alcoy\" \/>\n\t<meta name=\"twitter:label2\" content=\"Tiempo de lectura\" \/>\n\t<meta name=\"twitter:data2\" content=\"1 minuto\" \/>\n<script type=\"application\/ld+json\" class=\"yoast-schema-graph\">{\"@context\":\"https:\\\/\\\/schema.org\",\"@graph\":[{\"@type\":\"Article\",\"@id\":\"https:\\\/\\\/www.copealcoy.es\\\/es\\\/el-pp-denuncia-una-tala-masiva-de-arboles-para-construir-el-nuevo-campo-de-futbol-de-alcoy\\\/#article\",\"isPartOf\":{\"@id\":\"https:\\\/\\\/www.copealcoy.es\\\/es\\\/el-pp-denuncia-una-tala-masiva-de-arboles-para-construir-el-nuevo-campo-de-futbol-de-alcoy\\\/\"},\"author\":{\"name\":\"Cope Alcoy\",\"@id\":\"https:\\\/\\\/www.copealcoy.es\\\/es\\\/#\\\/schema\\\/person\\\/e777c87fa024e57d40170af9df39882c\"},\"headline\":\"El PP denuncia una tala masiva de \u00e1rboles para construir el nuevo campo de f\u00fatbol de Alcoy\",\"datePublished\":\"2020-10-20T07:00:00+00:00\",\"dateModified\":\"2020-10-20T15:31:43+00:00\",\"mainEntityOfPage\":{\"@id\":\"https:\\\/\\\/www.copealcoy.es\\\/es\\\/el-pp-denuncia-una-tala-masiva-de-arboles-para-construir-el-nuevo-campo-de-futbol-de-alcoy\\\/\"},\"wordCount\":274,\"commentCount\":0,\"image\":{\"@id\":\"https:\\\/\\\/www.copealcoy.es\\\/es\\\/el-pp-denuncia-una-tala-masiva-de-arboles-para-construir-el-nuevo-campo-de-futbol-de-alcoy\\\/#primaryimage\"},\"thumbnailUrl\":\"https:\\\/\\\/www.copealcoy.es\\\/wp-content\\\/uploads\\\/2020\\\/10\\\/20201019_tala_arboles_polideportivo-1024x576-1.jpg\",\"keywords\":[\"Alcoy\",\"\u00c1rboles\",\"Denuncia\",\"nuevo campo de f\u00fatbol\",\"Partido Popular\",\"tala masiva\"],\"articleSection\":[\"Alcoy\",\"Noticias\",\"Pol\u00edtica y Econom\u00eda\"],\"inLanguage\":\"es\"},{\"@type\":\"WebPage\",\"@id\":\"https:\\\/\\\/www.copealcoy.es\\\/es\\\/el-pp-denuncia-una-tala-masiva-de-arboles-para-construir-el-nuevo-campo-de-futbol-de-alcoy\\\/\",\"url\":\"https:\\\/\\\/www.copealcoy.es\\\/es\\\/el-pp-denuncia-una-tala-masiva-de-arboles-para-construir-el-nuevo-campo-de-futbol-de-alcoy\\\/\",\"name\":\"El PP denuncia una tala masiva de \u00e1rboles para construir el nuevo campo de f\u00fatbol de Alcoy - COPE Alcoy\",\"isPartOf\":{\"@id\":\"https:\\\/\\\/www.copealcoy.es\\\/es\\\/#website\"},\"primaryImageOfPage\":{\"@id\":\"https:\\\/\\\/www.copealcoy.es\\\/es\\\/el-pp-denuncia-una-tala-masiva-de-arboles-para-construir-el-nuevo-campo-de-futbol-de-alcoy\\\/#primaryimage\"},\"image\":{\"@id\":\"https:\\\/\\\/www.copealcoy.es\\\/es\\\/el-pp-denuncia-una-tala-masiva-de-arboles-para-construir-el-nuevo-campo-de-futbol-de-alcoy\\\/#primaryimage\"},\"thumbnailUrl\":\"https:\\\/\\\/www.copealcoy.es\\\/wp-content\\\/uploads\\\/2020\\\/10\\\/20201019_tala_arboles_polideportivo-1024x576-1.jpg\",\"datePublished\":\"2020-10-20T07:00:00+00:00\",\"dateModified\":\"2020-10-20T15:31:43+00:00\",\"author\":{\"@id\":\"https:\\\/\\\/www.copealcoy.es\\\/es\\\/#\\\/schema\\\/person\\\/e777c87fa024e57d40170af9df39882c\"},\"breadcrumb\":{\"@id\":\"https:\\\/\\\/www.copealcoy.es\\\/es\\\/el-pp-denuncia-una-tala-masiva-de-arboles-para-construir-el-nuevo-campo-de-futbol-de-alcoy\\\/#breadcrumb\"},\"inLanguage\":\"es\",\"potentialAction\":[{\"@type\":\"ReadAction\",\"target\":[\"https:\\\/\\\/www.copealcoy.es\\\/es\\\/el-pp-denuncia-una-tala-masiva-de-arboles-para-construir-el-nuevo-campo-de-futbol-de-alcoy\\\/\"]}]},{\"@type\":\"ImageObject\",\"inLanguage\":\"es\",\"@id\":\"https:\\\/\\\/www.copealcoy.es\\\/es\\\/el-pp-denuncia-una-tala-masiva-de-arboles-para-construir-el-nuevo-campo-de-futbol-de-alcoy\\\/#primaryimage\",\"url\":\"https:\\\/\\\/www.copealcoy.es\\\/wp-content\\\/uploads\\\/2020\\\/10\\\/20201019_tala_arboles_polideportivo-1024x576-1.jpg\",\"contentUrl\":\"https:\\\/\\\/www.copealcoy.es\\\/wp-content\\\/uploads\\\/2020\\\/10\\\/20201019_tala_arboles_polideportivo-1024x576-1.jpg\",\"width\":1024,\"height\":576},{\"@type\":\"BreadcrumbList\",\"@id\":\"https:\\\/\\\/www.copealcoy.es\\\/es\\\/el-pp-denuncia-una-tala-masiva-de-arboles-para-construir-el-nuevo-campo-de-futbol-de-alcoy\\\/#breadcrumb\",\"itemListElement\":[{\"@type\":\"ListItem\",\"position\":1,\"name\":\"Portada\",\"item\":\"https:\\\/\\\/www.copealcoy.es\\\/es\\\/\"},{\"@type\":\"ListItem\",\"position\":2,\"name\":\"El PP denuncia una tala masiva de \u00e1rboles para construir el nuevo campo de f\u00fatbol de Alcoy\"}]},{\"@type\":\"WebSite\",\"@id\":\"https:\\\/\\\/www.copealcoy.es\\\/es\\\/#website\",\"url\":\"https:\\\/\\\/www.copealcoy.es\\\/es\\\/\",\"name\":\"COPE Alcoy\",\"description\":\"Emisora COPE de radio local con emisi\u00f3n online. Pont de Sant Jordi 8-10 03803 Alcoy\",\"potentialAction\":[{\"@type\":\"SearchAction\",\"target\":{\"@type\":\"EntryPoint\",\"urlTemplate\":\"https:\\\/\\\/www.copealcoy.es\\\/es\\\/?s={search_term_string}\"},\"query-input\":{\"@type\":\"PropertyValueSpecification\",\"valueRequired\":true,\"valueName\":\"search_term_string\"}}],\"inLanguage\":\"es\"},{\"@type\":\"Person\",\"@id\":\"https:\\\/\\\/www.copealcoy.es\\\/es\\\/#\\\/schema\\\/person\\\/e777c87fa024e57d40170af9df39882c\",\"name\":\"Cope Alcoy\",\"image\":{\"@type\":\"ImageObject\",\"inLanguage\":\"es\",\"@id\":\"https:\\\/\\\/secure.gravatar.com\\\/avatar\\\/bb65d0283347e303893ba14f0692005417c1e0e690a325a4c5d8bb2b3943ee14?s=96&d=mm&r=g\",\"url\":\"https:\\\/\\\/secure.gravatar.com\\\/avatar\\\/bb65d0283347e303893ba14f0692005417c1e0e690a325a4c5d8bb2b3943ee14?s=96&d=mm&r=g\",\"contentUrl\":\"https:\\\/\\\/secure.gravatar.com\\\/avatar\\\/bb65d0283347e303893ba14f0692005417c1e0e690a325a4c5d8bb2b3943ee14?s=96&d=mm&r=g\",\"caption\":\"Cope Alcoy\"}}]}<\/script>\n<!-- \/ Yoast SEO plugin. -->","yoast_head_json":{"title":"El PP denuncia una tala masiva de \u00e1rboles para construir el nuevo campo de f\u00fatbol de Alcoy - COPE Alcoy","robots":{"index":"index","follow":"follow","max-snippet":"max-snippet:-1","max-image-preview":"max-image-preview:large","max-video-preview":"max-video-preview:-1"},"canonical":"https:\/\/www.copealcoy.es\/es\/el-pp-denuncia-una-tala-masiva-de-arboles-para-construir-el-nuevo-campo-de-futbol-de-alcoy\/","og_locale":"es_ES","og_type":"article","og_title":"El PP denuncia una tala masiva de \u00e1rboles para construir el nuevo campo de f\u00fatbol de Alcoy - COPE Alcoy","og_description":"El Partido Popular de Alcoy denuncia que el Ayuntamiento incumpli\u00f3 el contrato de arrendamiento de los terrenos de la ampliaci\u00f3n...","og_url":"https:\/\/www.copealcoy.es\/es\/el-pp-denuncia-una-tala-masiva-de-arboles-para-construir-el-nuevo-campo-de-futbol-de-alcoy\/","og_site_name":"COPE Alcoy","article_published_time":"2020-10-20T07:00:00+00:00","article_modified_time":"2020-10-20T15:31:43+00:00","og_image":[{"width":1024,"height":576,"url":"https:\/\/www.copealcoy.es\/wp-content\/uploads\/2020\/10\/20201019_tala_arboles_polideportivo-1024x576-1.jpg","type":"image\/jpeg"}],"author":"Cope Alcoy","twitter_misc":{"Escrito por":"Cope Alcoy","Tiempo de lectura":"1 minuto"},"schema":{"@context":"https:\/\/schema.org","@graph":[{"@type":"Article","@id":"https:\/\/www.copealcoy.es\/es\/el-pp-denuncia-una-tala-masiva-de-arboles-para-construir-el-nuevo-campo-de-futbol-de-alcoy\/#article","isPartOf":{"@id":"https:\/\/www.copealcoy.es\/es\/el-pp-denuncia-una-tala-masiva-de-arboles-para-construir-el-nuevo-campo-de-futbol-de-alcoy\/"},"author":{"name":"Cope Alcoy","@id":"https:\/\/www.copealcoy.es\/es\/#\/schema\/person\/e777c87fa024e57d40170af9df39882c"},"headline":"El PP denuncia una tala masiva de \u00e1rboles para construir el nuevo campo de f\u00fatbol de Alcoy","datePublished":"2020-10-20T07:00:00+00:00","dateModified":"2020-10-20T15:31:43+00:00","mainEntityOfPage":{"@id":"https:\/\/www.copealcoy.es\/es\/el-pp-denuncia-una-tala-masiva-de-arboles-para-construir-el-nuevo-campo-de-futbol-de-alcoy\/"},"wordCount":274,"commentCount":0,"image":{"@id":"https:\/\/www.copealcoy.es\/es\/el-pp-denuncia-una-tala-masiva-de-arboles-para-construir-el-nuevo-campo-de-futbol-de-alcoy\/#primaryimage"},"thumbnailUrl":"https:\/\/www.copealcoy.es\/wp-content\/uploads\/2020\/10\/20201019_tala_arboles_polideportivo-1024x576-1.jpg","keywords":["Alcoy","\u00c1rboles","Denuncia","nuevo campo de f\u00fatbol","Partido Popular","tala masiva"],"articleSection":["Alcoy","Noticias","Pol\u00edtica y Econom\u00eda"],"inLanguage":"es"},{"@type":"WebPage","@id":"https:\/\/www.copealcoy.es\/es\/el-pp-denuncia-una-tala-masiva-de-arboles-para-construir-el-nuevo-campo-de-futbol-de-alcoy\/","url":"https:\/\/www.copealcoy.es\/es\/el-pp-denuncia-una-tala-masiva-de-arboles-para-construir-el-nuevo-campo-de-futbol-de-alcoy\/","name":"El PP denuncia una tala masiva de \u00e1rboles para construir el nuevo campo de f\u00fatbol de Alcoy - COPE Alcoy","isPartOf":{"@id":"https:\/\/www.copealcoy.es\/es\/#website"},"primaryImageOfPage":{"@id":"https:\/\/www.copealcoy.es\/es\/el-pp-denuncia-una-tala-masiva-de-arboles-para-construir-el-nuevo-campo-de-futbol-de-alcoy\/#primaryimage"},"image":{"@id":"https:\/\/www.copealcoy.es\/es\/el-pp-denuncia-una-tala-masiva-de-arboles-para-construir-el-nuevo-campo-de-futbol-de-alcoy\/#primaryimage"},"thumbnailUrl":"https:\/\/www.copealcoy.es\/wp-content\/uploads\/2020\/10\/20201019_tala_arboles_polideportivo-1024x576-1.jpg","datePublished":"2020-10-20T07:00:00+00:00","dateModified":"2020-10-20T15:31:43+00:00","author":{"@id":"https:\/\/www.copealcoy.es\/es\/#\/schema\/person\/e777c87fa024e57d40170af9df39882c"},"breadcrumb":{"@id":"https:\/\/www.copealcoy.es\/es\/el-pp-denuncia-una-tala-masiva-de-arboles-para-construir-el-nuevo-campo-de-futbol-de-alcoy\/#breadcrumb"},"inLanguage":"es","potentialAction":[{"@type":"ReadAction","target":["https:\/\/www.copealcoy.es\/es\/el-pp-denuncia-una-tala-masiva-de-arboles-para-construir-el-nuevo-campo-de-futbol-de-alcoy\/"]}]},{"@type":"ImageObject","inLanguage":"es","@id":"https:\/\/www.copealcoy.es\/es\/el-pp-denuncia-una-tala-masiva-de-arboles-para-construir-el-nuevo-campo-de-futbol-de-alcoy\/#primaryimage","url":"https:\/\/www.copealcoy.es\/wp-content\/uploads\/2020\/10\/20201019_tala_arboles_polideportivo-1024x576-1.jpg","contentUrl":"https:\/\/www.copealcoy.es\/wp-content\/uploads\/2020\/10\/20201019_tala_arboles_polideportivo-1024x576-1.jpg","width":1024,"height":576},{"@type":"BreadcrumbList","@id":"https:\/\/www.copealcoy.es\/es\/el-pp-denuncia-una-tala-masiva-de-arboles-para-construir-el-nuevo-campo-de-futbol-de-alcoy\/#breadcrumb","itemListElement":[{"@type":"ListItem","position":1,"name":"Portada","item":"https:\/\/www.copealcoy.es\/es\/"},{"@type":"ListItem","position":2,"name":"El PP denuncia una tala masiva de \u00e1rboles para construir el nuevo campo de f\u00fatbol de Alcoy"}]},{"@type":"WebSite","@id":"https:\/\/www.copealcoy.es\/es\/#website","url":"https:\/\/www.copealcoy.es\/es\/","name":"COPE Alcoy","description":"Emisora COPE de radio local con emisi\u00f3n online. Pont de Sant Jordi 8-10 03803 Alcoy","potentialAction":[{"@type":"SearchAction","target":{"@type":"EntryPoint","urlTemplate":"https:\/\/www.copealcoy.es\/es\/?s={search_term_string}"},"query-input":{"@type":"PropertyValueSpecification","valueRequired":true,"valueName":"search_term_string"}}],"inLanguage":"es"},{"@type":"Person","@id":"https:\/\/www.copealcoy.es\/es\/#\/schema\/person\/e777c87fa024e57d40170af9df39882c","name":"Cope Alcoy","image":{"@type":"ImageObject","inLanguage":"es","@id":"https:\/\/secure.gravatar.com\/avatar\/bb65d0283347e303893ba14f0692005417c1e0e690a325a4c5d8bb2b3943ee14?s=96&d=mm&r=g","url":"https:\/\/secure.gravatar.com\/avatar\/bb65d0283347e303893ba14f0692005417c1e0e690a325a4c5d8bb2b3943ee14?s=96&d=mm&r=g","contentUrl":"https:\/\/secure.gravatar.com\/avatar\/bb65d0283347e303893ba14f0692005417c1e0e690a325a4c5d8bb2b3943ee14?s=96&d=mm&r=g","caption":"Cope Alcoy"}}]}},"_links":{"self":[{"href":"https:\/\/www.copealcoy.es\/es\/wp-json\/wp\/v2\/posts\/66603","targetHints":{"allow":["GET"]}}],"collection":[{"href":"https:\/\/www.copealcoy.es\/es\/wp-json\/wp\/v2\/posts"}],"about":[{"href":"https:\/\/www.copealcoy.es\/es\/wp-json\/wp\/v2\/types\/post"}],"author":[{"embeddable":true,"href":"https:\/\/www.copealcoy.es\/es\/wp-json\/wp\/v2\/users\/1"}],"replies":[{"embeddable":true,"href":"https:\/\/www.copealcoy.es\/es\/wp-json\/wp\/v2\/comments?post=66603"}],"version-history":[{"count":0,"href":"https:\/\/www.copealcoy.es\/es\/wp-json\/wp\/v2\/posts\/66603\/revisions"}],"wp:featuredmedia":[{"embeddable":true,"href":"https:\/\/www.copealcoy.es\/es\/wp-json\/wp\/v2\/media\/66605"}],"wp:attachment":[{"href":"https:\/\/www.copealcoy.es\/es\/wp-json\/wp\/v2\/media?parent=66603"}],"wp:term":[{"taxonomy":"category","embeddable":true,"href":"https:\/\/www.copealcoy.es\/es\/wp-json\/wp\/v2\/categories?post=66603"},{"taxonomy":"post_tag","embeddable":true,"href":"https:\/\/www.copealcoy.es\/es\/wp-json\/wp\/v2\/tags?post=66603"}],"curies":[{"name":"wp","href":"https:\/\/api.w.org\/{rel}","templated":true}]}}