{"id":66491,"date":"2020-10-16T05:28:00","date_gmt":"2020-10-16T05:28:00","guid":{"rendered":"https:\/\/www.copealcoy.es\/?p=66491"},"modified":"2020-10-19T14:19:23","modified_gmt":"2020-10-19T14:19:23","slug":"los-vecinos-de-montesol-trasladan-al-gobierno-municipal-la-problematica-de-los-robos-que-sufre-la-urbanizacion","status":"publish","type":"post","link":"https:\/\/www.copealcoy.es\/es\/los-vecinos-de-montesol-trasladan-al-gobierno-municipal-la-problematica-de-los-robos-que-sufre-la-urbanizacion\/","title":{"rendered":"Los vecinos de Montesol trasladan al Gobierno Municipal la problem\u00e1tica de los robos que sufre la urbanizaci\u00f3n"},"content":{"rendered":"<p style=\"text-align: justify;\">Los vecinos de <strong>la urbanizaci\u00f3n alcoyana de Montesol<\/strong> han mostrado <strong>su preocupaci\u00f3n por la oleada de robos<\/strong> que sufren desde hace un tiempo y que se ha visto agravada en los \u00faltimos d\u00edas. Desde la Asociaci\u00f3n Vecinal <strong>han mantenido una reuni\u00f3n este viernes con representantes del Gobierno Municipal del PSOE<\/strong> para informarles de la situaci\u00f3n y <strong>pedir un refuerzo en la vigilancia de la zona<\/strong> &#8220;<em>durante el puente festivo sufrimos varios robos e incluso un vecino lleg\u00f3 a ver a los asaltantes saliendo de una vivienda. La gente tiene miedo e incluso los que tienen segunda residencia se ven obligados a dejarla pronto porque est\u00e1n inseguros dentro de sus propias casas<\/em>&#8220;, aseguraba en COPE ALCOY <strong>Javier Mayor<\/strong>; portavoz del colectivo.&nbsp;<\/p>\n<p style=\"text-align: justify;\">La Asociaci\u00f3n de Vecinos indican que desde hace a\u00f1os <strong>cuentan con seguridad privada en la urbanizaci\u00f3n y piden una colaboraci\u00f3n m\u00e1s activa de la Polic\u00eda Local<\/strong>. En este sentido destacan que <strong>los robos suelen producirse durante el fin de semana<\/strong> &#8220;<em>aprovechan que las familias salen de sus casas para hacer la compra o disfrutar de actividades de ocio para entrar en las casas. Nos sentimos muy abandonados porque el problema va a m\u00e1s cada vez<\/em>&#8220;, detalla Mayor.&nbsp;<\/p>\n<p style=\"text-align: justify;\">Los vecinos de Montesol <strong>se han planteado tambi\u00e9n organizar patrullas ciudadanas<\/strong> para vigilar la urbanizaci\u00f3n y proteger las vivienda.&nbsp;<\/p>\n\n\n<p> <\/p>\n","protected":false},"excerpt":{"rendered":"<p>Los vecinos de la urbanizaci\u00f3n alcoyana de Montesol han mostrado su preocupaci\u00f3n por la oleada de robos que sufren desde&#8230;<\/p>\n","protected":false},"author":1,"featured_media":66525,"comment_status":"open","ping_status":"open","sticky":false,"template":"","format":"standard","meta":{"footnotes":""},"categories":[97,75,79],"tags":[1461,1866,367,10075,4437],"class_list":["post-66491","post","type-post","status-publish","format-standard","has-post-thumbnail","hentry","category-alcoy","category-noticias","category-politicayeconomia","tag-denuncia","tag-robos","tag-seguridad","tag-vecinos-montesol","tag-vigilancia"],"yoast_head":"<!-- This site is optimized with the Yoast SEO plugin v27.3 - https:\/\/yoast.com\/product\/yoast-seo-wordpress\/ -->\n<title>Los vecinos de Montesol trasladan al Gobierno Municipal la problem\u00e1tica de los robos que sufre la urbanizaci\u00f3n - COPE Alcoy<\/title>\n<meta name=\"robots\" content=\"index, follow, max-snippet:-1, max-image-preview:large, max-video-preview:-1\" \/>\n<link rel=\"canonical\" href=\"https:\/\/www.copealcoy.es\/es\/los-vecinos-de-montesol-trasladan-al-gobierno-municipal-la-problematica-de-los-robos-que-sufre-la-urbanizacion\/\" \/>\n<meta property=\"og:locale\" content=\"es_ES\" \/>\n<meta property=\"og:type\" content=\"article\" \/>\n<meta property=\"og:title\" content=\"Los vecinos de Montesol trasladan al Gobierno Municipal la problem\u00e1tica de los robos que sufre la urbanizaci\u00f3n - COPE Alcoy\" \/>\n<meta property=\"og:description\" content=\"Los vecinos de la urbanizaci\u00f3n alcoyana de Montesol han mostrado su preocupaci\u00f3n por la oleada de robos que sufren desde...\" \/>\n<meta property=\"og:url\" content=\"https:\/\/www.copealcoy.es\/es\/los-vecinos-de-montesol-trasladan-al-gobierno-municipal-la-problematica-de-los-robos-que-sufre-la-urbanizacion\/\" \/>\n<meta property=\"og:site_name\" content=\"COPE Alcoy\" \/>\n<meta property=\"article:published_time\" content=\"2020-10-16T05:28:00+00:00\" \/>\n<meta property=\"article:modified_time\" content=\"2020-10-19T14:19:23+00:00\" \/>\n<meta property=\"og:image\" content=\"https:\/\/www.copealcoy.es\/wp-content\/uploads\/2020\/10\/IMG-2687-scaled-e1603117143405.jpg\" \/>\n\t<meta property=\"og:image:width\" content=\"2560\" \/>\n\t<meta property=\"og:image:height\" content=\"1612\" \/>\n\t<meta property=\"og:image:type\" content=\"image\/jpeg\" \/>\n<meta name=\"author\" content=\"Cope Alcoy\" \/>\n<meta name=\"twitter:label1\" content=\"Escrito por\" \/>\n\t<meta name=\"twitter:data1\" content=\"Cope Alcoy\" \/>\n\t<meta name=\"twitter:label2\" content=\"Tiempo de lectura\" \/>\n\t<meta name=\"twitter:data2\" content=\"1 minuto\" \/>\n<script type=\"application\/ld+json\" class=\"yoast-schema-graph\">{\"@context\":\"https:\\\/\\\/schema.org\",\"@graph\":[{\"@type\":\"Article\",\"@id\":\"https:\\\/\\\/www.copealcoy.es\\\/es\\\/los-vecinos-de-montesol-trasladan-al-gobierno-municipal-la-problematica-de-los-robos-que-sufre-la-urbanizacion\\\/#article\",\"isPartOf\":{\"@id\":\"https:\\\/\\\/www.copealcoy.es\\\/es\\\/los-vecinos-de-montesol-trasladan-al-gobierno-municipal-la-problematica-de-los-robos-que-sufre-la-urbanizacion\\\/\"},\"author\":{\"name\":\"Cope Alcoy\",\"@id\":\"https:\\\/\\\/www.copealcoy.es\\\/es\\\/#\\\/schema\\\/person\\\/e777c87fa024e57d40170af9df39882c\"},\"headline\":\"Los vecinos de Montesol trasladan al Gobierno Municipal la problem\u00e1tica de los robos que sufre la urbanizaci\u00f3n\",\"datePublished\":\"2020-10-16T05:28:00+00:00\",\"dateModified\":\"2020-10-19T14:19:23+00:00\",\"mainEntityOfPage\":{\"@id\":\"https:\\\/\\\/www.copealcoy.es\\\/es\\\/los-vecinos-de-montesol-trasladan-al-gobierno-municipal-la-problematica-de-los-robos-que-sufre-la-urbanizacion\\\/\"},\"wordCount\":254,\"commentCount\":0,\"image\":{\"@id\":\"https:\\\/\\\/www.copealcoy.es\\\/es\\\/los-vecinos-de-montesol-trasladan-al-gobierno-municipal-la-problematica-de-los-robos-que-sufre-la-urbanizacion\\\/#primaryimage\"},\"thumbnailUrl\":\"https:\\\/\\\/www.copealcoy.es\\\/wp-content\\\/uploads\\\/2020\\\/10\\\/IMG-2687-scaled-e1603117143405.jpg\",\"keywords\":[\"Denuncia\",\"Robos\",\"Seguridad\",\"Vecinos Montesol\",\"vigilancia\"],\"articleSection\":[\"Alcoy\",\"Noticias\",\"Pol\u00edtica y Econom\u00eda\"],\"inLanguage\":\"es\"},{\"@type\":\"WebPage\",\"@id\":\"https:\\\/\\\/www.copealcoy.es\\\/es\\\/los-vecinos-de-montesol-trasladan-al-gobierno-municipal-la-problematica-de-los-robos-que-sufre-la-urbanizacion\\\/\",\"url\":\"https:\\\/\\\/www.copealcoy.es\\\/es\\\/los-vecinos-de-montesol-trasladan-al-gobierno-municipal-la-problematica-de-los-robos-que-sufre-la-urbanizacion\\\/\",\"name\":\"Los vecinos de Montesol trasladan al Gobierno Municipal la problem\u00e1tica de los robos que sufre la urbanizaci\u00f3n - COPE Alcoy\",\"isPartOf\":{\"@id\":\"https:\\\/\\\/www.copealcoy.es\\\/es\\\/#website\"},\"primaryImageOfPage\":{\"@id\":\"https:\\\/\\\/www.copealcoy.es\\\/es\\\/los-vecinos-de-montesol-trasladan-al-gobierno-municipal-la-problematica-de-los-robos-que-sufre-la-urbanizacion\\\/#primaryimage\"},\"image\":{\"@id\":\"https:\\\/\\\/www.copealcoy.es\\\/es\\\/los-vecinos-de-montesol-trasladan-al-gobierno-municipal-la-problematica-de-los-robos-que-sufre-la-urbanizacion\\\/#primaryimage\"},\"thumbnailUrl\":\"https:\\\/\\\/www.copealcoy.es\\\/wp-content\\\/uploads\\\/2020\\\/10\\\/IMG-2687-scaled-e1603117143405.jpg\",\"datePublished\":\"2020-10-16T05:28:00+00:00\",\"dateModified\":\"2020-10-19T14:19:23+00:00\",\"author\":{\"@id\":\"https:\\\/\\\/www.copealcoy.es\\\/es\\\/#\\\/schema\\\/person\\\/e777c87fa024e57d40170af9df39882c\"},\"breadcrumb\":{\"@id\":\"https:\\\/\\\/www.copealcoy.es\\\/es\\\/los-vecinos-de-montesol-trasladan-al-gobierno-municipal-la-problematica-de-los-robos-que-sufre-la-urbanizacion\\\/#breadcrumb\"},\"inLanguage\":\"es\",\"potentialAction\":[{\"@type\":\"ReadAction\",\"target\":[\"https:\\\/\\\/www.copealcoy.es\\\/es\\\/los-vecinos-de-montesol-trasladan-al-gobierno-municipal-la-problematica-de-los-robos-que-sufre-la-urbanizacion\\\/\"]}]},{\"@type\":\"ImageObject\",\"inLanguage\":\"es\",\"@id\":\"https:\\\/\\\/www.copealcoy.es\\\/es\\\/los-vecinos-de-montesol-trasladan-al-gobierno-municipal-la-problematica-de-los-robos-que-sufre-la-urbanizacion\\\/#primaryimage\",\"url\":\"https:\\\/\\\/www.copealcoy.es\\\/wp-content\\\/uploads\\\/2020\\\/10\\\/IMG-2687-scaled-e1603117143405.jpg\",\"contentUrl\":\"https:\\\/\\\/www.copealcoy.es\\\/wp-content\\\/uploads\\\/2020\\\/10\\\/IMG-2687-scaled-e1603117143405.jpg\",\"width\":2560,\"height\":1612},{\"@type\":\"BreadcrumbList\",\"@id\":\"https:\\\/\\\/www.copealcoy.es\\\/es\\\/los-vecinos-de-montesol-trasladan-al-gobierno-municipal-la-problematica-de-los-robos-que-sufre-la-urbanizacion\\\/#breadcrumb\",\"itemListElement\":[{\"@type\":\"ListItem\",\"position\":1,\"name\":\"Portada\",\"item\":\"https:\\\/\\\/www.copealcoy.es\\\/es\\\/\"},{\"@type\":\"ListItem\",\"position\":2,\"name\":\"Los vecinos de Montesol trasladan al Gobierno Municipal la problem\u00e1tica de los robos que sufre la urbanizaci\u00f3n\"}]},{\"@type\":\"WebSite\",\"@id\":\"https:\\\/\\\/www.copealcoy.es\\\/es\\\/#website\",\"url\":\"https:\\\/\\\/www.copealcoy.es\\\/es\\\/\",\"name\":\"COPE Alcoy\",\"description\":\"Emisora COPE de radio local con emisi\u00f3n online. Pont de Sant Jordi 8-10 03803 Alcoy\",\"potentialAction\":[{\"@type\":\"SearchAction\",\"target\":{\"@type\":\"EntryPoint\",\"urlTemplate\":\"https:\\\/\\\/www.copealcoy.es\\\/es\\\/?s={search_term_string}\"},\"query-input\":{\"@type\":\"PropertyValueSpecification\",\"valueRequired\":true,\"valueName\":\"search_term_string\"}}],\"inLanguage\":\"es\"},{\"@type\":\"Person\",\"@id\":\"https:\\\/\\\/www.copealcoy.es\\\/es\\\/#\\\/schema\\\/person\\\/e777c87fa024e57d40170af9df39882c\",\"name\":\"Cope Alcoy\",\"image\":{\"@type\":\"ImageObject\",\"inLanguage\":\"es\",\"@id\":\"https:\\\/\\\/secure.gravatar.com\\\/avatar\\\/bb65d0283347e303893ba14f0692005417c1e0e690a325a4c5d8bb2b3943ee14?s=96&d=mm&r=g\",\"url\":\"https:\\\/\\\/secure.gravatar.com\\\/avatar\\\/bb65d0283347e303893ba14f0692005417c1e0e690a325a4c5d8bb2b3943ee14?s=96&d=mm&r=g\",\"contentUrl\":\"https:\\\/\\\/secure.gravatar.com\\\/avatar\\\/bb65d0283347e303893ba14f0692005417c1e0e690a325a4c5d8bb2b3943ee14?s=96&d=mm&r=g\",\"caption\":\"Cope Alcoy\"}}]}<\/script>\n<!-- \/ Yoast SEO plugin. -->","yoast_head_json":{"title":"Los vecinos de Montesol trasladan al Gobierno Municipal la problem\u00e1tica de los robos que sufre la urbanizaci\u00f3n - COPE Alcoy","robots":{"index":"index","follow":"follow","max-snippet":"max-snippet:-1","max-image-preview":"max-image-preview:large","max-video-preview":"max-video-preview:-1"},"canonical":"https:\/\/www.copealcoy.es\/es\/los-vecinos-de-montesol-trasladan-al-gobierno-municipal-la-problematica-de-los-robos-que-sufre-la-urbanizacion\/","og_locale":"es_ES","og_type":"article","og_title":"Los vecinos de Montesol trasladan al Gobierno Municipal la problem\u00e1tica de los robos que sufre la urbanizaci\u00f3n - COPE Alcoy","og_description":"Los vecinos de la urbanizaci\u00f3n alcoyana de Montesol han mostrado su preocupaci\u00f3n por la oleada de robos que sufren desde...","og_url":"https:\/\/www.copealcoy.es\/es\/los-vecinos-de-montesol-trasladan-al-gobierno-municipal-la-problematica-de-los-robos-que-sufre-la-urbanizacion\/","og_site_name":"COPE Alcoy","article_published_time":"2020-10-16T05:28:00+00:00","article_modified_time":"2020-10-19T14:19:23+00:00","og_image":[{"width":2560,"height":1612,"url":"https:\/\/www.copealcoy.es\/wp-content\/uploads\/2020\/10\/IMG-2687-scaled-e1603117143405.jpg","type":"image\/jpeg"}],"author":"Cope Alcoy","twitter_misc":{"Escrito por":"Cope Alcoy","Tiempo de lectura":"1 minuto"},"schema":{"@context":"https:\/\/schema.org","@graph":[{"@type":"Article","@id":"https:\/\/www.copealcoy.es\/es\/los-vecinos-de-montesol-trasladan-al-gobierno-municipal-la-problematica-de-los-robos-que-sufre-la-urbanizacion\/#article","isPartOf":{"@id":"https:\/\/www.copealcoy.es\/es\/los-vecinos-de-montesol-trasladan-al-gobierno-municipal-la-problematica-de-los-robos-que-sufre-la-urbanizacion\/"},"author":{"name":"Cope Alcoy","@id":"https:\/\/www.copealcoy.es\/es\/#\/schema\/person\/e777c87fa024e57d40170af9df39882c"},"headline":"Los vecinos de Montesol trasladan al Gobierno Municipal la problem\u00e1tica de los robos que sufre la urbanizaci\u00f3n","datePublished":"2020-10-16T05:28:00+00:00","dateModified":"2020-10-19T14:19:23+00:00","mainEntityOfPage":{"@id":"https:\/\/www.copealcoy.es\/es\/los-vecinos-de-montesol-trasladan-al-gobierno-municipal-la-problematica-de-los-robos-que-sufre-la-urbanizacion\/"},"wordCount":254,"commentCount":0,"image":{"@id":"https:\/\/www.copealcoy.es\/es\/los-vecinos-de-montesol-trasladan-al-gobierno-municipal-la-problematica-de-los-robos-que-sufre-la-urbanizacion\/#primaryimage"},"thumbnailUrl":"https:\/\/www.copealcoy.es\/wp-content\/uploads\/2020\/10\/IMG-2687-scaled-e1603117143405.jpg","keywords":["Denuncia","Robos","Seguridad","Vecinos Montesol","vigilancia"],"articleSection":["Alcoy","Noticias","Pol\u00edtica y Econom\u00eda"],"inLanguage":"es"},{"@type":"WebPage","@id":"https:\/\/www.copealcoy.es\/es\/los-vecinos-de-montesol-trasladan-al-gobierno-municipal-la-problematica-de-los-robos-que-sufre-la-urbanizacion\/","url":"https:\/\/www.copealcoy.es\/es\/los-vecinos-de-montesol-trasladan-al-gobierno-municipal-la-problematica-de-los-robos-que-sufre-la-urbanizacion\/","name":"Los vecinos de Montesol trasladan al Gobierno Municipal la problem\u00e1tica de los robos que sufre la urbanizaci\u00f3n - COPE Alcoy","isPartOf":{"@id":"https:\/\/www.copealcoy.es\/es\/#website"},"primaryImageOfPage":{"@id":"https:\/\/www.copealcoy.es\/es\/los-vecinos-de-montesol-trasladan-al-gobierno-municipal-la-problematica-de-los-robos-que-sufre-la-urbanizacion\/#primaryimage"},"image":{"@id":"https:\/\/www.copealcoy.es\/es\/los-vecinos-de-montesol-trasladan-al-gobierno-municipal-la-problematica-de-los-robos-que-sufre-la-urbanizacion\/#primaryimage"},"thumbnailUrl":"https:\/\/www.copealcoy.es\/wp-content\/uploads\/2020\/10\/IMG-2687-scaled-e1603117143405.jpg","datePublished":"2020-10-16T05:28:00+00:00","dateModified":"2020-10-19T14:19:23+00:00","author":{"@id":"https:\/\/www.copealcoy.es\/es\/#\/schema\/person\/e777c87fa024e57d40170af9df39882c"},"breadcrumb":{"@id":"https:\/\/www.copealcoy.es\/es\/los-vecinos-de-montesol-trasladan-al-gobierno-municipal-la-problematica-de-los-robos-que-sufre-la-urbanizacion\/#breadcrumb"},"inLanguage":"es","potentialAction":[{"@type":"ReadAction","target":["https:\/\/www.copealcoy.es\/es\/los-vecinos-de-montesol-trasladan-al-gobierno-municipal-la-problematica-de-los-robos-que-sufre-la-urbanizacion\/"]}]},{"@type":"ImageObject","inLanguage":"es","@id":"https:\/\/www.copealcoy.es\/es\/los-vecinos-de-montesol-trasladan-al-gobierno-municipal-la-problematica-de-los-robos-que-sufre-la-urbanizacion\/#primaryimage","url":"https:\/\/www.copealcoy.es\/wp-content\/uploads\/2020\/10\/IMG-2687-scaled-e1603117143405.jpg","contentUrl":"https:\/\/www.copealcoy.es\/wp-content\/uploads\/2020\/10\/IMG-2687-scaled-e1603117143405.jpg","width":2560,"height":1612},{"@type":"BreadcrumbList","@id":"https:\/\/www.copealcoy.es\/es\/los-vecinos-de-montesol-trasladan-al-gobierno-municipal-la-problematica-de-los-robos-que-sufre-la-urbanizacion\/#breadcrumb","itemListElement":[{"@type":"ListItem","position":1,"name":"Portada","item":"https:\/\/www.copealcoy.es\/es\/"},{"@type":"ListItem","position":2,"name":"Los vecinos de Montesol trasladan al Gobierno Municipal la problem\u00e1tica de los robos que sufre la urbanizaci\u00f3n"}]},{"@type":"WebSite","@id":"https:\/\/www.copealcoy.es\/es\/#website","url":"https:\/\/www.copealcoy.es\/es\/","name":"COPE Alcoy","description":"Emisora COPE de radio local con emisi\u00f3n online. Pont de Sant Jordi 8-10 03803 Alcoy","potentialAction":[{"@type":"SearchAction","target":{"@type":"EntryPoint","urlTemplate":"https:\/\/www.copealcoy.es\/es\/?s={search_term_string}"},"query-input":{"@type":"PropertyValueSpecification","valueRequired":true,"valueName":"search_term_string"}}],"inLanguage":"es"},{"@type":"Person","@id":"https:\/\/www.copealcoy.es\/es\/#\/schema\/person\/e777c87fa024e57d40170af9df39882c","name":"Cope Alcoy","image":{"@type":"ImageObject","inLanguage":"es","@id":"https:\/\/secure.gravatar.com\/avatar\/bb65d0283347e303893ba14f0692005417c1e0e690a325a4c5d8bb2b3943ee14?s=96&d=mm&r=g","url":"https:\/\/secure.gravatar.com\/avatar\/bb65d0283347e303893ba14f0692005417c1e0e690a325a4c5d8bb2b3943ee14?s=96&d=mm&r=g","contentUrl":"https:\/\/secure.gravatar.com\/avatar\/bb65d0283347e303893ba14f0692005417c1e0e690a325a4c5d8bb2b3943ee14?s=96&d=mm&r=g","caption":"Cope Alcoy"}}]}},"_links":{"self":[{"href":"https:\/\/www.copealcoy.es\/es\/wp-json\/wp\/v2\/posts\/66491","targetHints":{"allow":["GET"]}}],"collection":[{"href":"https:\/\/www.copealcoy.es\/es\/wp-json\/wp\/v2\/posts"}],"about":[{"href":"https:\/\/www.copealcoy.es\/es\/wp-json\/wp\/v2\/types\/post"}],"author":[{"embeddable":true,"href":"https:\/\/www.copealcoy.es\/es\/wp-json\/wp\/v2\/users\/1"}],"replies":[{"embeddable":true,"href":"https:\/\/www.copealcoy.es\/es\/wp-json\/wp\/v2\/comments?post=66491"}],"version-history":[{"count":0,"href":"https:\/\/www.copealcoy.es\/es\/wp-json\/wp\/v2\/posts\/66491\/revisions"}],"wp:featuredmedia":[{"embeddable":true,"href":"https:\/\/www.copealcoy.es\/es\/wp-json\/wp\/v2\/media\/66525"}],"wp:attachment":[{"href":"https:\/\/www.copealcoy.es\/es\/wp-json\/wp\/v2\/media?parent=66491"}],"wp:term":[{"taxonomy":"category","embeddable":true,"href":"https:\/\/www.copealcoy.es\/es\/wp-json\/wp\/v2\/categories?post=66491"},{"taxonomy":"post_tag","embeddable":true,"href":"https:\/\/www.copealcoy.es\/es\/wp-json\/wp\/v2\/tags?post=66491"}],"curies":[{"name":"wp","href":"https:\/\/api.w.org\/{rel}","templated":true}]}}